{"id":1019,"date":"2025-04-29T15:52:00","date_gmt":"2025-04-29T13:52:00","guid":{"rendered":"https:\/\/www.egyptforever.hu\/ildiko\/?p=1019"},"modified":"2025-06-18T11:15:37","modified_gmt":"2025-06-18T09:15:37","slug":"az-egyiptomi-magia","status":"publish","type":"post","link":"https:\/\/www.egyptforever.hu\/ildiko\/?p=1019","title":{"rendered":"Az egyiptomi m\u00e1gia mitol\u00f3giai h\u00e1ttere"},"content":{"rendered":"\n<div class=\"wp-block-columns is-layout-flex wp-container-core-columns-is-layout-9d6595d7 wp-block-columns-is-layout-flex\">\n<div class=\"wp-block-column is-layout-flow wp-block-column-is-layout-flow\" style=\"flex-basis:66.66%\">\n<p style=\"font-size:18px\">Egyiptomot teljes joggal tartj\u00e1k a titkok \u00e9s a m\u00e1gia orsz\u00e1g\u00e1nak. Ha az egyiptomi m\u00e1gi\u00e1r\u00f3l akarunk besz\u00e9lni, csak nyitott elm\u00e9vel \u00e9s sz\u00edvvel tehetj\u00fck, mert ez nem csak t\u00f6rt\u00e9nelmi, vagy kult\u00fart\u00f6rt\u00e9neti, vall\u00e1st\u00f6rt\u00e9neti k\u00e9rd\u00e9s, hanem igen er\u0151sen spiritu\u00e1lis t\u00e9ma is. A ma oly n\u00e9pszer\u0171 ezoterikus t\u00e9m\u00e1k gy\u00f6kereit mind a f\u00e1ra\u00f3k orsz\u00e1g\u00e1ban kell keresn\u00fcnk. (Mint p\u00e9ld\u00e1ul a tarot, a sz\u00e1mmisztika, asztrol\u00f3gia, gondolattal teremt\u00e9s, aural\u00e1t\u00e1s, az auragy\u00f3gy\u00edt\u00e1s, homeop\u00e1tia, vizualiz\u00e1ci\u00f3, asztr\u00e1l-utaz\u00e1s, krist\u00e1lygy\u00f3gy\u00e1szat\u2026stb.) Egyiptom m\u00e1gikus tud\u00e1s\u00e1t sokan f\u00e9lre\u00e9rtett\u00e9k az id\u0151k folyam\u00e1n. M\u00e1r az \u00f3korban is k\u00f6ztudott volt, hogy a m\u00e1gia bizonyos kulcsai Egyiptomban v\u00e1rj\u00e1k az arra \u00e9rdemeseket. Tiszt\u00e1ban voltak ezzel a k\u00e9s\u0151bbi vall\u00e1sok alkot\u00f3i is. S mivel f\u00e9ltek att\u00f3l, hogy Egyiptom \u0151si tud\u00e1s\u00e1nak vonzereje sok emberre lehet hat\u00e1ssal, \u00edgy ahol csak lehetett, igyekeztek bes\u00e1rozni az \u0151si ismereteket \u00e9s az egyiptomi papi rendek tud\u00e1s\u00e1t. A kereszt\u00e9nys\u00e9g t\u00e9rh\u00f3d\u00edt\u00e1s\u00e1val a m\u00e1gikus ismeretek negat\u00edv \u00e9rtelmez\u00e9st nyertek. Egyiptomban a vall\u00e1s, mint teol\u00f3gia nem l\u00e9tezett\u2026 \u0151k a m\u00e1gi\u00e1t tartott\u00e1k vall\u00e1suknak. Az egyiptomi vall\u00e1s a m\u00e1gi\u00e1ra \u00e9p\u00fclt, de ez nem hiedelmeket \u00e9s \u00fcres formalit\u00e1sokat \u00f6sszess\u00e9g\u00e9t jelentette, hanem egy m\u0171k\u00f6d\u0151 elm\u00e9leti \u00e9s gyakorlat tud\u00e1st, ami nem m\u00e1s, mint az \u00c9LET T\u00d6K\u00c9LETES ISMERETE.<\/p>\n<\/div>\n\n\n\n<div class=\"wp-block-column is-layout-flow wp-block-column-is-layout-flow\" style=\"flex-basis:33.33%\">\n<figure class=\"wp-block-gallery has-nested-images columns-default is-cropped wp-block-gallery-1 is-layout-flex wp-block-gallery-is-layout-flex\">\n<figure class=\"wp-block-image size-large\"><img loading=\"lazy\" decoding=\"async\" width=\"475\" height=\"307\" data-id=\"1020\" src=\"https:\/\/www.egyptforever.hu\/ildiko\/wp-content\/uploads\/2023\/02\/521.jpg\" alt=\"\" class=\"wp-image-1020\" srcset=\"https:\/\/www.egyptforever.hu\/ildiko\/wp-content\/uploads\/2023\/02\/521.jpg 475w, https:\/\/www.egyptforever.hu\/ildiko\/wp-content\/uploads\/2023\/02\/521-300x194.jpg 300w, https:\/\/www.egyptforever.hu\/ildiko\/wp-content\/uploads\/2023\/02\/521-200x129.jpg 200w\" sizes=\"auto, (max-width: 475px) 100vw, 475px\" \/><\/figure>\n<\/figure>\n<\/div>\n<\/div>\n\n\n\n<div class=\"wp-block-columns is-layout-flex wp-container-core-columns-is-layout-9d6595d7 wp-block-columns-is-layout-flex\">\n<div class=\"wp-block-column is-layout-flow wp-block-column-is-layout-flow\" style=\"flex-basis:33.33%\">\n<figure class=\"wp-block-gallery has-nested-images columns-default is-cropped wp-block-gallery-2 is-layout-flex wp-block-gallery-is-layout-flex\">\n<figure class=\"wp-block-image size-full\"><img loading=\"lazy\" decoding=\"async\" width=\"539\" height=\"408\" data-id=\"1025\" src=\"https:\/\/www.egyptforever.hu\/ildiko\/wp-content\/uploads\/2023\/02\/img_0425.jpg\" alt=\"\" class=\"wp-image-1025\" srcset=\"https:\/\/www.egyptforever.hu\/ildiko\/wp-content\/uploads\/2023\/02\/img_0425.jpg 539w, https:\/\/www.egyptforever.hu\/ildiko\/wp-content\/uploads\/2023\/02\/img_0425-300x227.jpg 300w, https:\/\/www.egyptforever.hu\/ildiko\/wp-content\/uploads\/2023\/02\/img_0425-200x151.jpg 200w\" sizes=\"auto, (max-width: 539px) 100vw, 539px\" \/><\/figure>\n<\/figure>\n<\/div>\n\n\n\n<div class=\"wp-block-column is-layout-flow wp-block-column-is-layout-flow\" style=\"flex-basis:66.66%\">\n<p style=\"font-size:18px\">Az egyiptomi emberek tiszt\u00e1ban voltak saj\u00e1t esend\u0151s\u00e9g\u00fckkel \u00e9s kiszolg\u00e1ltatotts\u00e1gukkal, mind emberi term\u00e9szet\u00fckb\u0151l fakad\u00f3an, mind az \u0151ket k\u00f6r\u00fclvev\u0151 term\u00e9szet ereje \u00e1ltal. Teh\u00e1t az egyiptomiak felm\u00e9rt\u00e9k \u00e9s meg\u00e9rtett\u00e9k, hogy a f\u00e9ny \u00e9s a s\u00f6t\u00e9ts\u00e9g, a j\u00f3 \u00e9s a gonosz egyszerre van jelen vil\u00e1gukban. Minden dolognak, cselekedetnek, \u00e9rz\u00e9snek \u201ek\u00e9t oldala van\u201d. A gonosznak \u00e9ppen akkor hatalma van, mint a j\u00f3nak. A f\u00e9ny \u00e9s a s\u00f6t\u00e9ts\u00e9g minden pillanatban k\u00f6rbeveszi az embert, \u00e9s megpr\u00f3b\u00e1l hatni r\u00e1. Felismert\u00e9k, hogy cselekedeteink mekkora befoly\u00e1ssal vannak a dolgok j\u00f3 \u00e9s rossz ir\u00e1ny\u00fa hatalm\u00e1ban. Hiszen a legjobb dolgot is lehet rosszra haszn\u00e1lni. Csak a haszn\u00e1l\u00f3 sz\u00e1nd\u00e9k\u00e1n m\u00falik, hogy adott dolog, tett, gondolat, \u00e9rzelem a j\u00f3t vagy a rosszat szolg\u00e1lja. <\/p>\n\n\n\n<p style=\"font-size:18px\">Mi ez, ha nem csodaer\u0151, avagy var\u00e1zser\u0151, avagy m\u00e1gia? A m\u00e1gia voltak\u00e9ppen mindent \u00e1that \u00e9s \u00e1gazatait\u00f3l f\u00fcggetlen\u00fcl var\u00e1zslat a neve. Az eg\u00e9sz teremt\u00e9s m\u00e1gia, a vil\u00e1g m\u00e1gia, az ember \u00e9s a t\u00f6bbi teremtm\u00e9ny is a m\u00e1gia sz\u00fcl\u00f6tte, a term\u00e9szeti er\u0151k is a m\u00e1gia alkot\u00e1sai. Teh\u00e1t az egyiptomiakat \u0151szinte b\u00fcszkes\u00e9ggel t\u00f6lt\u00f6tte el, hogy \u0151k \u00e9rtett\u00e9k a m\u00e1gia nyelv\u00e9t. \u0150k ezt nevezt\u00e9k a vall\u00e1suknak.<\/p>\n<\/div>\n<\/div>\n\n\n\n<figure class=\"wp-block-gallery has-nested-images columns-default is-cropped wp-block-gallery-3 is-layout-flex wp-block-gallery-is-layout-flex\">\n<figure class=\"wp-block-image size-large\"><img loading=\"lazy\" decoding=\"async\" width=\"1024\" height=\"661\" data-id=\"1022\" src=\"https:\/\/www.egyptforever.hu\/ildiko\/wp-content\/uploads\/2023\/02\/Magic-of-Heka-1024x661.jpg\" alt=\"\" class=\"wp-image-1022\" srcset=\"https:\/\/www.egyptforever.hu\/ildiko\/wp-content\/uploads\/2023\/02\/Magic-of-Heka-1024x661.jpg 1024w, https:\/\/www.egyptforever.hu\/ildiko\/wp-content\/uploads\/2023\/02\/Magic-of-Heka-300x194.jpg 300w, https:\/\/www.egyptforever.hu\/ildiko\/wp-content\/uploads\/2023\/02\/Magic-of-Heka-768x496.jpg 768w, https:\/\/www.egyptforever.hu\/ildiko\/wp-content\/uploads\/2023\/02\/Magic-of-Heka-200x129.jpg 200w, https:\/\/www.egyptforever.hu\/ildiko\/wp-content\/uploads\/2023\/02\/Magic-of-Heka.jpg 1084w\" sizes=\"auto, (max-width: 1024px) 100vw, 1024px\" \/><\/figure>\n<\/figure>\n\n\n\n<div class=\"wp-block-columns is-layout-flex wp-container-core-columns-is-layout-9d6595d7 wp-block-columns-is-layout-flex\">\n<div class=\"wp-block-column is-layout-flow wp-block-column-is-layout-flow\">\n<p style=\"font-size:18px\"><strong>Az egyiptomiak szerint a m\u00e1gia volt maga a teremt\u00e9s. <\/strong>De tudt\u00e1k az is, hogy a teremt\u00e9s nem \u00e9rt v\u00e9get, hanem folyamatosan zajlik jelenleg is. \u00c9pp ez\u00e9rt minden m\u00e1gikus cselekedet, a teremt\u00e9s folyamat\u00e1nak folytat\u00e1sa is egyben&#8230; Gondolataink, d\u00f6nt\u00e9seink, cselekedeteink hat\u00e1ssal vannak vil\u00e1gunk jelenleg is tart\u00f3 folyamataira, vagyis a Vil\u00e1gmindens\u00e9g jelenleg is folyamatosan zajl\u00f3 teremt\u00e9s\u00e9nek (teremt\u0151d\u00e9s\u00e9nek) a folyamat\u00e1ra. Hiszen mindennapjaink sz\u00f6vik a teremt\u00e9s sz\u00f6vet\u00e9t\u2026. \u00edgy minden ember cselekedete befoly\u00e1ssal van a Vil\u00e1gunk v\u00e9gkifejlet\u00e9re is.<\/p>\n<\/div>\n<\/div>\n\n\n\n<div class=\"wp-block-columns is-layout-flex wp-container-core-columns-is-layout-9d6595d7 wp-block-columns-is-layout-flex\">\n<div class=\"wp-block-column is-layout-flow wp-block-column-is-layout-flow\" style=\"flex-basis:66.66%\">\n<p style=\"font-size:20px\"><strong>A M\u00c1GIA ISTENEI &#8211; Heka<\/strong>&nbsp;<strong>\u00e9s Weret-hekau<\/strong><\/p>\n\n\n\n<p style=\"font-size:18px\">A m\u00e1gia isten\u00e9t&nbsp;<strong>Hek\u00e1<\/strong>-nak h\u00edvt\u00e1k. Heka isten neve azt jelenti, hogy m\u00e1gikus er\u0151, var\u00e1zser\u0151. \u00c1ltal\u00e1ban emberk\u00e9nt \u00e1br\u00e1zolt\u00e1k.<\/p>\n\n\n\n<p style=\"font-size:18px\">N\u0151i p\u00e1rja,&nbsp;<strong>Weret-hekau<\/strong>, a Teremt\u0151ben rejl\u0151 n\u0151i energi\u00e1kat szimboliz\u00e1lja.&nbsp; A sz\u00f3 jelent\u00e9se Nagy Var\u00e1zserej\u0171. <\/p>\n\n\n\n<p style=\"font-size:18px\">Heka isten volt az \u00f3kori egyiptomi mitol\u00f3gi\u00e1ban, a var\u00e1zsl\u00e1s istene. A nagy istenekkel egyenrang\u00fa hatalmat k\u00e9pvisel. Tisztelete els\u0151sorban az egyiptomi t\u00f6rt\u00e9nelem korai id\u0151szak\u00e1ban vir\u00e1gzott. Templomai ismertek k\u00fcl\u00f6nb\u00f6z\u0151 korokb\u00f3l, de a k\u00e9s\u0151i kor teol\u00f3gi\u00e1j\u00e1ban az isten m\u00e1r nem t\u00f6lt be olyan rangos helyet, mint azel\u0151tt. Ugyanakkor az esznai templomban az istenek kir\u00e1ly\u00e1nak is nevezik. A k\u00e9s\u0151i korban az ifj\u00fa H\u00f3ruszhoz \u00e9s Nofertumhoz hasonl\u00f3 gyermekisten v\u00e1lt bel\u0151le. Memphiszben Ptah \u00e9s Szakhmet fiak\u00e9nt eml\u00edtik \u00e9s meg is jelen\u00edtett\u00e9k, mint ifj\u00fa Napisten a l\u00f3tusz-vir\u00e1gon. Eszn\u00e1ban pedig Khnum \u00e9s Menehit gyermeke.<\/p>\n<\/div>\n\n\n\n<div class=\"wp-block-column is-layout-flow wp-block-column-is-layout-flow\" style=\"flex-basis:33.33%\">\n<figure class=\"wp-block-gallery has-nested-images columns-default is-cropped wp-block-gallery-4 is-layout-flex wp-block-gallery-is-layout-flex\">\n<figure class=\"wp-block-image size-large\"><img loading=\"lazy\" decoding=\"async\" width=\"720\" height=\"518\" data-id=\"1023\" src=\"https:\/\/www.egyptforever.hu\/ildiko\/wp-content\/uploads\/2023\/02\/5c05234574a7d68ebc06d386_143969.jpeg\" alt=\"\" class=\"wp-image-1023\" srcset=\"https:\/\/www.egyptforever.hu\/ildiko\/wp-content\/uploads\/2023\/02\/5c05234574a7d68ebc06d386_143969.jpeg 720w, https:\/\/www.egyptforever.hu\/ildiko\/wp-content\/uploads\/2023\/02\/5c05234574a7d68ebc06d386_143969-300x216.jpeg 300w, https:\/\/www.egyptforever.hu\/ildiko\/wp-content\/uploads\/2023\/02\/5c05234574a7d68ebc06d386_143969-200x144.jpeg 200w\" sizes=\"auto, (max-width: 720px) 100vw, 720px\" \/><\/figure>\n<\/figure>\n<\/div>\n<\/div>\n\n\n\n<div class=\"wp-block-columns is-layout-flex wp-container-core-columns-is-layout-9d6595d7 wp-block-columns-is-layout-flex\">\n<div class=\"wp-block-column is-layout-flow wp-block-column-is-layout-flow\">\n<p style=\"font-size:18px\">Az egyiptomi istenvil\u00e1gban Heka bet\u00f6lt\u00f6tt helye el\u00e9g ellentmond\u00e1sos. Nem alakult ki ugyanis egys\u00e9ges v\u00e9lem\u00e9ny a paps\u00e1g k\u00f6r\u00e9ben arr\u00f3l, hogy Heka isten \u201ecsak\u201d az istenek k\u00f6z\u00fcl val\u00f3 egyik isten, aki m\u00e1gikus cselekedetekre k\u00e9pes, vagy \u0150 maga az istenek felett \u00e1ll, hiszen a m\u00e1gia, mint a mindens\u00e9get ir\u00e1ny\u00edt\u00f3 er\u0151, ir\u00e1ny\u00edtja az isteneket is. Hek\u00e1t \u00fagy eml\u00edtik a Piramissz\u00f6vegekben, mint \u201eaz \u0151ser\u0151, ami l\u0151tt ny\u00f6g az \u00e9g \u00e9s megremeg a f\u00f6ld\u201d. A Kopors\u00f3sz\u00f6vegekben teremt\u0151- \u00e9s oltalmaz\u00f3 er\u0151, mely az Axw var\u00e1zser\u0151vel azonos. A Heka istent r\u00f3mai korban az esznai papok \u00fagy \u00e9rtelmezt\u00e9k, mint \u201eels\u0151 alkot\u00e1s\u201d (Khnum isten\u00e9). Az eddig ismert legkor\u00e1bbi \u00e1br\u00e1zol\u00e1sa Szahur\u00e9 halotti templom\u00e1ban tal\u00e1lhat\u00f3, ahol Thot, a b\u00f6lcsess\u00e9g istene mellet \u00e1ll, emberalakban. Pont ezt az \u201eidentit\u00e1sprobl\u00e9m\u00e1t\u201d eml\u00edtik meg egy Kopors\u00f3sz\u00f6vegben: Su a leveg\u0151 istene \u2013 akivel a sz\u00f6vegben a halott azonos\u00edtja mag\u00e1t &nbsp;\u2013 tiltakozik az ellen, hogy a Var\u00e1zslatn\u00e1l alacsonyabb rang\u00fanak tarts\u00e1k. \u201e<em>Nem hallgatok Hek\u00e1ra! \u00c9n el\u0151bb keletkeztem. Ruh\u00e1m az \u00e9let lehelete. \u0150 \u00e9nut\u00e1nam j\u00f6tt ki Atum sz\u00e1j\u00e1b\u00f3l<\/em>.\u201d Egy m\u00e1sik sz\u00f6veg szerint azonban a Var\u00e1zslat k\u00f6zvetlen\u00fcl az \u0151sisten ut\u00e1n j\u00f6tt l\u00e9tre, \u00e9s \u0151 a m\u00e1gia erej\u00e9vel v\u00e9gzi el a teremt\u00e9s m\u0171v\u00e9t. Ebben a sz\u00f6vegben Heka ezt mondja: \u201e<em>\u00c9n vagyok az, aki \u00e9lteti az isteni kilencs\u00e9get, \u00e9n vagyok az, aki (ha) akar, cselekszik, az istenek atyja\u2026 Az eny\u00e9m volt minden, miel\u0151tt keletkeztetek, ti istenek, ti, kik engem k\u00f6vetve sz\u00e1lltatok al\u00e1. Mert \u00c9n vagyok a Var\u00e1zslat.<\/em>\u201d Egy m\u00e1sik feliratban \u201e<em>az \u0151skezdet szent helye legid\u0151sebbj\u00e9nek<\/em>\u201d nevezik. Ezen elk\u00e9pzel\u00e9s szerint az isteni kilencs\u00e9g \u00e9ltet\u0151jek\u00e9nt Heka hatalm\u00e1t\u00f3l f\u00fcgg m\u00e9g Atum l\u00e9te is.<\/p>\n\n\n\n<p style=\"font-size:18px\">Heka teremt\u0151 princ\u00edpium, aki nem csak a teremt\u00e9st tette lehet\u0151v\u00e9, hanem a legk\u00fcl\u00f6nb\u00f6z\u0151bb istenek seg\u00edts\u00e9g\u00e9vel, annak meg\u0151rz\u00e9s\u00e9re is szolg\u00e1lt. Heka egyike azoknak a k\u00fcl\u00f6nleges er\u0151knek Szia \u00e9s Hu istenekkel egy\u00fctt, mely a teremt\u0151isten rendelkez\u00e9s\u00e9re \u00e1ll, mikor l\u00e9trehozza a teremt\u00e9st, vagyis m\u0171ve megtervez\u00e9s\u00e9t \u00e9s megalkot\u00e1s\u00e1t. Mindh\u00e1rman emberalakban megjelen\u0151 isteni l\u00e9nyek. \u0150k a Napisten k\u00eds\u00e9r\u0151i az \u00e9gen \u00e9s az alvil\u00e1gon \u00e1t vezet\u0151 \u00fatj\u00e1n. Hu \u00e9s Heka m\u00e1r a Kopors\u00f3sz\u00f6vegekben akt\u00edv szerepet j\u00e1tszanak, amikor a Napisten k\u00edgy\u00f3 alak\u00fa ellens\u00e9g\u00e9vel Apofisszal v\u00e9geznek, hogy az isten (vagyis a Nap) \u00edgy \u00fajra megjelenhessen reggel a keleti horizonton. A leg\u0151sibb var\u00e1zslat az \u00e9jszaka legs\u00f6t\u00e9tebb \u00f3r\u00e1j\u00e1n vill\u00e1mk\u00e9nt seg\u00edti a Napistent Apofisz k\u00edgy\u00f3 elleni harc\u00e1ban.<\/p>\n\n\n\n<p style=\"font-size:18px\">Heka az \u00e9let vil\u00e1g\u00e1ban \u00e9s a hal\u00e1l ut\u00e1n egyar\u00e1nt jelen van. A t\u00falvil\u00e1gon is sz\u00fcks\u00e9g van var\u00e1zser\u0151re \u00e9s a Kopors\u00f3sz\u00f6vegek t\u00f6bb mond\u00e1sa szerin az elhunyt tartott att\u00f3l, hogy azt elrabolj\u00e1k t\u0151le, pedig az ugyanolyan fontos r\u00e9sz\u00e9t k\u00e9pezte az elhunyt szem\u00e9lyis\u00e9g\u00e9nek, mint a neve. A v\u00e9gleges hal\u00e1l elker\u00fcl\u00e9s\u00e9nek egyik felt\u00e9tele a var\u00e1zser\u0151 megtart\u00e1sa. <\/p>\n\n\n\n<p style=\"font-size:18px\">Az \u00f3kori Egyiptomban \u00fagy gondolt\u00e1k, hogy a var\u00e1zser\u0151 \u00e1ltal\u00e1ban l\u00e1thatatlan, t\u00f6bbnyire j\u00f3indulat\u00fa, de olykor, vesz\u00e9lyes is lehet, \u00e9s akkor v\u00e9dekezni sz\u00fcks\u00e9ges ellene. Am\u00edg a j\u00f3indulat\u00fa var\u00e1zsl\u00e1t a gy\u00f3gy\u00edt\u00e1st seg\u00edti, addig az \u00e1rt\u00f3 er\u0151 ak\u00e1r betegs\u00e9geket is el\u0151id\u00e9zhetett, \u00e9s t\u00f6bb orvoss\u00e1g is volt a testb\u0151l val\u00f3 ki\u0171z\u00e9s\u00e9re. N\u00e9h\u00e1ny orvos, gy\u00f3gy\u00edt\u00f3 Heka papj\u00e1nak nevezte mag\u00e1t.<\/p>\n\n\n\n<p style=\"font-size:18px\">Heka vall\u00e1si szerepe alapj\u00e1n visszak\u00f6vetkeztethet\u00fcnk az istenvil\u00e1g kialakul\u00e1s\u00e1nak folyamat\u00e1ra is. A vall\u00e1st\u00f6rt\u00e9neti-n\u00e9prajzi kutat\u00e1s k\u00f6zismert meg\u00e1llap\u00edt\u00e1sa szerint a vall\u00e1sok korai szakasz\u00e1ra nem a mitol\u00f3gia, nem a szem\u00e9lyes istenekben, hanem a titokzatos er\u0151kben val\u00f3 hit a jellemz\u0151, melyek \u00e1thatj\u00e1k a term\u00e9szetet. Ezek egyes von\u00e1sai, megnyilatkoz\u00e1sai konkretiz\u00e1l\u00f3dnak k\u00e9s\u0151bb istenek lakj\u00e1ban. Ugyanez a folyamat j\u00e1tsz\u00f3dott le Egyiptomban Heka eset\u00e9ben a t\u00f6rt\u00e9neti id\u0151kben.\u201d \u2013 \u00edrja K\u00e1kosy L\u00e1szl\u00f3. Heka azonban az istenvil\u00e1gba val\u00f3 be\u00e9p\u00edt\u00e9se ellen\u00e9re is meg\u0151rizte absztrakt von\u00e1sait.<\/p>\n<\/div>\n<\/div>\n\n\n\n<div class=\"wp-block-columns is-layout-flex wp-container-core-columns-is-layout-9d6595d7 wp-block-columns-is-layout-flex\">\n<div class=\"wp-block-column is-layout-flow wp-block-column-is-layout-flow\" style=\"flex-basis:33.33%\">\n<figure class=\"wp-block-gallery has-nested-images columns-default is-cropped wp-block-gallery-5 is-layout-flex wp-block-gallery-is-layout-flex\">\n<figure class=\"wp-block-image size-large\"><img loading=\"lazy\" decoding=\"async\" width=\"463\" height=\"318\" data-id=\"1027\" src=\"https:\/\/www.egyptforever.hu\/ildiko\/wp-content\/uploads\/2023\/02\/523.png\" alt=\"\" class=\"wp-image-1027\" srcset=\"https:\/\/www.egyptforever.hu\/ildiko\/wp-content\/uploads\/2023\/02\/523.png 463w, https:\/\/www.egyptforever.hu\/ildiko\/wp-content\/uploads\/2023\/02\/523-300x206.png 300w, https:\/\/www.egyptforever.hu\/ildiko\/wp-content\/uploads\/2023\/02\/523-200x137.png 200w\" sizes=\"auto, (max-width: 463px) 100vw, 463px\" \/><\/figure>\n<\/figure>\n<\/div>\n\n\n\n<div class=\"wp-block-column is-layout-flow wp-block-column-is-layout-flow\" style=\"flex-basis:66.66%\">\n<p style=\"font-size:18px\">Weret-hekau, a Teremt\u0151ben rejl\u0151 n\u0151i energi\u00e1kat szimboliz\u00e1lja.&nbsp; A sz\u00f3 jelent\u00e9se Nagy Var\u00e1zserej\u0171. Az elnevez\u00e9st haszn\u00e1lt\u00e1k a V\u00f6r\u00f6s, a Feh\u00e9r \u00e9s a Kett\u0151s korona, valamint kobra \u00e9s kesely\u0171 amulettek megnevez\u00e9s\u00e9re, emellett t\u00f6bb egyiptomi istenn\u0151 mell\u00e9kneve is volt, ugyanakkor egy \u00f6n\u00e1ll\u00f3 istenn\u0151t is jel\u00f6lt. Weret-hekau gyakran jelenik meg kobra form\u00e1j\u00e1ban is. Egyike volt azon istenn\u0151knek, akik az \u0151si Egyiptom f\u00e1ra\u00f3it v\u00e9delmezt\u00e9k. Mint m\u00e1gikus energia, a f\u00e1ra\u00f3 koron\u00e1j\u00e1ban &#8221;lakott,&#8221; de \u0151 volt a homlok k\u00f6zep\u00e9n tal\u00e1lhat\u00f3 harmadik szemb\u0151l kib\u00faj\u00f3 k\u00edgy\u00f3 is. A m\u00e1gi\u00e1ban haszn\u00e1latos k\u00edgy\u00f3 alak\u00fa var\u00e1zsp\u00e1lc\u00e1k tulajdonk\u00e9ppen az \u0151 szimb\u00f3lumai.<\/p>\n\n\n\n<p style=\"font-size:18px\">A Nagy Var\u00e1zserej\u0171 jelz\u0151 azokhoz az istenn\u0151kh\u00f6z t\u00e1rs\u00edthat\u00f3, akiknek valamelyik aspektus\u00e1ban a var\u00e1zserej\u00fck fontos szerepet j\u00e1tszik. A Piramissz\u00f6vegek idej\u00e9t\u0151l kezdve els\u0151sorban a Napszemet megtestes\u00edt\u0151 istenn\u0151k mell\u00e9kneve, mint p\u00e9ld\u00e1ul Szakhmet, Tefnut, Basztet, Hathor, Uadzset, Pakhet, Neith, stb. Az \u00dajbirodalomban \u00e9s a K\u00e9s\u0151korban azonban a leggyakrabban \u00cdzisz\u00e9. Ezen istenn\u0151k a kir\u00e1ly isteni anyj\u00e1nak szerep\u00e9t is bet\u00f6ltik, gyakran jelennek meg, amint a kir\u00e1lyi gyermeket szoptatj\u00e1k. Nagyon gyakran azonos\u00edtott\u00e1k is \u0151ket egym\u00e1ssal.<\/p>\n<\/div>\n<\/div>\n\n\n\n<div class=\"wp-block-columns is-layout-flex wp-container-core-columns-is-layout-9d6595d7 wp-block-columns-is-layout-flex\">\n<div class=\"wp-block-column is-layout-flow wp-block-column-is-layout-flow\">\n<p style=\"font-size:18px\">\u00d6n\u00e1ll\u00f3 istenn\u0151k\u00e9nt Weret-hekau az \u00dajbirodalomban jelenik meg, mint a napszem \u00e9s a kir\u00e1lyi koron\u00e1kban rejl\u0151 er\u0151 megtestes\u00edt\u0151je, a Napisten v\u00e9delmez\u0151je, illetve a kir\u00e1ly isteni anyja \u00e9s v\u00e9delmez\u0151je. Szorosan kapcsol\u00f3dik a kir\u00e1ly koron\u00e1z\u00e1s\u00e1hoz, ez\u00e9rt megtal\u00e1lhat\u00f3 az ezt meg\u00f6r\u00f6k\u00edt\u0151 \u00e1br\u00e1zol\u00e1sokon. Ebben az \u00f6sszef\u00fcgg\u00e9sben l\u00e1thatjuk, amint Amon el\u00e9 vezeti a kir\u00e1lyt, vagy ankh-jelet tart az orra el\u00e9, esetleg \u00e1ldozatokat fogad t\u0151le. Az egyiptol\u00f3gusok koron\u00e1z\u00e1sk\u00e9nt \u00e9rtelmezik azt a jelenetet, amikor az uralkod\u00f3 R\u00e9-Harakhty el\u0151tt t\u00e9rdel, az istenn\u0151 pedig a kir\u00e1ly h\u00e1ta m\u00f6g\u00f6tt \u00e1ll \u00e9s kez\u00e9t a feje f\u00f6l\u00e9 teszi. Ezt a n\u0151i teremt\u0151 er\u0151t, \u00e9s az istenn\u0151t mag\u00e1t, igen v\u00e1ltozatos form\u00e1ban \u00e1br\u00e1zolt\u00e1k.<\/p>\n<\/div>\n<\/div>\n\n\n\n<div class=\"wp-block-columns is-layout-flex wp-container-core-columns-is-layout-9d6595d7 wp-block-columns-is-layout-flex\">\n<div class=\"wp-block-column is-layout-flow wp-block-column-is-layout-flow\" style=\"flex-basis:33.33%\">\n<figure class=\"wp-block-gallery has-nested-images columns-default is-cropped wp-block-gallery-6 is-layout-flex wp-block-gallery-is-layout-flex\">\n<figure class=\"wp-block-image size-large\"><img loading=\"lazy\" decoding=\"async\" width=\"400\" height=\"360\" data-id=\"1029\" src=\"https:\/\/www.egyptforever.hu\/ildiko\/wp-content\/uploads\/2023\/02\/weret-hekau.jpg\" alt=\"\" class=\"wp-image-1029\" srcset=\"https:\/\/www.egyptforever.hu\/ildiko\/wp-content\/uploads\/2023\/02\/weret-hekau.jpg 400w, https:\/\/www.egyptforever.hu\/ildiko\/wp-content\/uploads\/2023\/02\/weret-hekau-300x270.jpg 300w, https:\/\/www.egyptforever.hu\/ildiko\/wp-content\/uploads\/2023\/02\/weret-hekau-200x180.jpg 200w\" sizes=\"auto, (max-width: 400px) 100vw, 400px\" \/><\/figure>\n<\/figure>\n<\/div>\n\n\n\n<div class=\"wp-block-column is-layout-flow wp-block-column-is-layout-flow\" style=\"flex-basis:66.66%\">\n<p style=\"font-size:18px\">Felvehette mindazon istenn\u0151k alakj\u00e1t,&nbsp;amelyekkel azonos\u00edtott\u00e1k. Megjelenhet oroszl\u00e1nfej\u0171 n\u0151k\u00e9nt, k\u00edgy\u00f3fej\u0171 n\u0151k\u00e9nt, illetve k\u00edgy\u00f3 form\u00e1j\u00e1ban, emberfej\u0171 k\u00edgy\u00f3k\u00e9nt \u00e9s n\u0151alakk\u00e9nt is, mint p\u00e9ld\u00e1ul egy III. Szesz\u00f3sztrisz (12. dinasztia) piramis-templom\u00e1b\u00f3l sz\u00e1rmaz\u00f3 relieft\u00f6red\u00e9ken. Tutankhamon t\u00f6bb s\u00edrmell\u00e9klet\u00e9n eml\u00edtik \u00e9s a &#8220;Palota \u00farn\u0151j\u00e9nek&#8221; nevezik, mely a leggyakoribb jelz\u0151je. Egy a s\u00edrban tal\u00e1lt kis aranyszent\u00e9lyben nyak\u00e9ken f\u00fcgg\u0151, az istenn\u0151t \u00e1br\u00e1zol\u00f3 amulettet tal\u00e1ltak. Weret-hekau emberfej\u0171 k\u00edgy\u00f3k\u00e9nt jelenik meg, amint a f\u00e1ra\u00f3t szoptatja. Ismert egy f\u00e1b\u00f3l k\u00e9sz\u00fclt szobor, melynek mozgathat\u00f3k a karjai. Ez a szobrocska val\u00f3sz\u00edn\u0171leg egy var\u00e1zsl\u00f3\u00e9 lehetett, \u00e9s elk\u00e9pzelhet\u0151, hogy arra szolg\u00e1lt, hogy a karok mozgat\u00e1s\u00e1val or\u00e1kulumot adjon. Szint\u00e9n az istenn\u0151t \u00e1br\u00e1zolja egy kis felaj\u00e1nl\u00e1si szobor is, melyet az istenn\u0151t \u00f6r\u00f6k\u00edtik meg azok a k\u00edgy\u00f3 alak\u00fa botok, amelyeket a var\u00e1zsl\u00f3k haszn\u00e1ltak.<\/p>\n\n\n\n<p style=\"font-size:18px\">Az istenn\u0151 kir\u00e1lys\u00e1ggal val\u00f3 szoros kapcsolat\u00e1t t\u00fckr\u00f6zi Horemheb f\u00e1ra\u00f3 \u00e9s feles\u00e9ge, Mutnedzsmet szoboregy\u00fcttese is, mely jelenleg a Torin\u00f3i M\u00fazeumban l\u00e1that\u00f3. A szobor felirata arr\u00f3l sz\u00e1mol be, hogy Horemheb koron\u00e1z\u00e1s\u00e1n a karnaki templomban Weret-hekau \u00e1t\u00f6lelte az uralkod\u00f3t, majd ureuszk\u00e9nt jelent meg a homlok\u00e1n. Egy m\u00e1sik sz\u00f6veg szint\u00e9n a homlokk\u00edgy\u00f3val val\u00f3 azonoss\u00e1g\u00e1t t\u00fckr\u00f6zi, ebben az istenn\u0151 \u00edgy sz\u00f3l: \u201e<em>Odatekerg\u0151z\u00f6m fel a szem\u00f6ld\u00f6keid k\u00f6z\u00e9. Leheletem t\u0171z az ellens\u00e9geid ellen<\/em>.\u201d<\/p>\n<\/div>\n<\/div>\n\n\n\n<div class=\"wp-block-columns is-layout-flex wp-container-core-columns-is-layout-9d6595d7 wp-block-columns-is-layout-flex\">\n<div class=\"wp-block-column is-layout-flow wp-block-column-is-layout-flow\">\n<div class=\"wp-block-columns is-layout-flex wp-container-core-columns-is-layout-9d6595d7 wp-block-columns-is-layout-flex\">\n<div class=\"wp-block-column is-layout-flow wp-block-column-is-layout-flow\" style=\"flex-basis:66.66%\">\n<p style=\"font-size:18px\">A halottak mell\u00e9 helyeztek el a s\u00edrokban olyan m\u00e1gikus haj\u00edt\u00f3bot-modelleket, melyeket k\u00edgy\u00f3k \u00e9s udzsat-szemek d\u00edsz\u00edtenek, alkalmank\u00e9nt Weret-hekau neve is megtal\u00e1lhat\u00f3 rajtuk. A Kopors\u00f3sz\u00f6vegek szerint ezek a haj\u00edt\u00f3botok az elhunytat a d\u00e9monok \u00e9s gonosz lelkek elleni v\u00e9dt\u00e9k. Neve olykor megjelenik az \u00e1ltal\u00e1ban v\u00edzil\u00f3agyarb\u00f3l k\u00e9sz\u00edtett var\u00e1zsbotokon is, melyeket \u00e1llapotos asszonyok \u00e9s szoptat\u00f3s any\u00e1k, illetve gyermekes any\u00e1k v\u00e9delm\u00e9re haszn\u00e1ltak.<\/p>\n\n\n\n<p style=\"font-size:18px\">Ismertek olyan H\u00f3rusz-szt\u00e9l\u00e9k, amelyen az egy vagy k\u00e9t krokodilon tapos\u00f3 gyermek H\u00f3rusz k\u00f6r\u00e9 k\u00fcl\u00f6nb\u00f6z\u0151 istenek \u00e9s istenn\u0151k alakj\u00e1t v\u00e9st\u00e9k fel, melyek a gy\u00f3gy\u00edt\u00e1ssal \u00e9s a var\u00e1zsl\u00e1ssal \u00e1llnak kapcsolatban, hogy er\u0151s\u00edts\u00e9k ennek a m\u00e1gikus t\u00e1rgynak az erej\u00e9t. Az istenn\u0151k k\u00f6z\u00f6tt olykor Weret-hekau is szerepel. A H\u00f3rusz-szt\u00e9l\u00e9ket f\u0151k\u00e9nt k\u00edgy\u00f3mar\u00e1s \u00e9s skorpi\u00f3cs\u00edp\u00e9s gy\u00f3gy\u00edt\u00e1s\u00e1ra haszn\u00e1lt\u00e1k. A g\u00f6r\u00f6g-r\u00f3mai korban Weret-hekau r\u00e9szt vesz a gy\u00e1szritu\u00e1l\u00e9ban, ennek k\u00e9pi \u00e1br\u00e1zol\u00e1sa a philaei templom Ozirisz-k\u00e1poln\u00e1j\u00e1ban l\u00e1that\u00f3.<\/p>\n\n\n\n<p style=\"font-size:18px\">Az egyiptomi mitol\u00f3gia tan\u00fas\u00e1ga szerint minden isten ismerte \u00e9s haszn\u00e1lta a m\u00e1gi\u00e1t. A leger\u0151sebb var\u00e1zslatokkal azonban k\u00e9ts\u00e9gtelen\u00fcl&nbsp;<strong>Heka<\/strong>&nbsp;\u00e9s n\u0151i p\u00e1rja,&nbsp;<strong>Weret-hekau<\/strong>&nbsp;rendelkezett. (Pl: &#8211; a t\u00e9r \u00e9s az id\u0151 tetsz\u0151leges manipul\u00e1l\u00e1sa, halottak felt\u00e1maszt\u00e1sa, megjelen\u00e9s egyszerre egyidej\u0171leg t\u00f6bb helyen, gondolatolvas\u00e1s, rep\u00fcl\u00e9s \u00e9gi szek\u00e9ren \u00e9s an\u00e9lk\u00fcl, t\u00e1rgyak l\u00e1tsz\u00f3lag a semmib\u0151l val\u00f3 materializ\u00e1l\u00e1sa stb.)<\/p>\n<\/div>\n\n\n\n<div class=\"wp-block-column is-layout-flow wp-block-column-is-layout-flow\" style=\"flex-basis:33.33%\">\n<figure class=\"wp-block-gallery has-nested-images columns-default is-cropped wp-block-gallery-7 is-layout-flex wp-block-gallery-is-layout-flex\">\n<figure class=\"wp-block-image size-large\"><img loading=\"lazy\" decoding=\"async\" width=\"400\" height=\"407\" data-id=\"1030\" src=\"https:\/\/www.egyptforever.hu\/ildiko\/wp-content\/uploads\/2023\/02\/weret-hekau2.jpg\" alt=\"\" class=\"wp-image-1030\" srcset=\"https:\/\/www.egyptforever.hu\/ildiko\/wp-content\/uploads\/2023\/02\/weret-hekau2.jpg 400w, https:\/\/www.egyptforever.hu\/ildiko\/wp-content\/uploads\/2023\/02\/weret-hekau2-295x300.jpg 295w, https:\/\/www.egyptforever.hu\/ildiko\/wp-content\/uploads\/2023\/02\/weret-hekau2-200x204.jpg 200w\" sizes=\"auto, (max-width: 400px) 100vw, 400px\" \/><\/figure>\n<\/figure>\n<\/div>\n<\/div>\n<\/div>\n<\/div>\n\n\n\n<figure class=\"wp-block-gallery has-nested-images columns-default is-cropped wp-block-gallery-8 is-layout-flex wp-block-gallery-is-layout-flex\">\n<figure class=\"wp-block-image size-large\"><img loading=\"lazy\" decoding=\"async\" width=\"1024\" height=\"429\" data-id=\"1032\" src=\"https:\/\/www.egyptforever.hu\/ildiko\/wp-content\/uploads\/2023\/02\/blog-heka-name-1024x429.jpg\" alt=\"\" class=\"wp-image-1032\" srcset=\"https:\/\/www.egyptforever.hu\/ildiko\/wp-content\/uploads\/2023\/02\/blog-heka-name-1024x429.jpg 1024w, https:\/\/www.egyptforever.hu\/ildiko\/wp-content\/uploads\/2023\/02\/blog-heka-name-300x126.jpg 300w, https:\/\/www.egyptforever.hu\/ildiko\/wp-content\/uploads\/2023\/02\/blog-heka-name-768x322.jpg 768w, https:\/\/www.egyptforever.hu\/ildiko\/wp-content\/uploads\/2023\/02\/blog-heka-name-200x84.jpg 200w, https:\/\/www.egyptforever.hu\/ildiko\/wp-content\/uploads\/2023\/02\/blog-heka-name.jpg 1524w\" sizes=\"auto, (max-width: 1024px) 100vw, 1024px\" \/><\/figure>\n<\/figure>\n\n\n\n<div class=\"wp-block-columns is-layout-flex wp-container-core-columns-is-layout-9d6595d7 wp-block-columns-is-layout-flex\">\n<div class=\"wp-block-column is-layout-flow wp-block-column-is-layout-flow\">\n<p style=\"font-size:18px\">A k\u00e9t isten kapcsolata nem teljesen tiszt\u00e1zott. Annyi bizonyos, hogy nem voltak testv\u00e9rek \u00e9s h\u00e1zast\u00e1rsak sem. A legmer\u00e9szebb felt\u00e9telez\u00e9s szerint, nem is k\u00e9t k\u00fcl\u00f6n istenr\u0151l van sz\u00f3, hanem Weret-hekau volt Hek\u00e1nak a n\u0151i megjelen\u00e9se. Ezt az elm\u00e9letet azonban a m\u00edtoszok nem t\u00e1masztj\u00e1k al\u00e1. A m\u00edtoszok ugyanis hat\u00e1rozottan k\u00fcl\u00f6n\u00e1ll\u00f3 szem\u00e9lyis\u00e9gk\u00e9nt emlegetik \u0151ket, akik egy els\u00fcllyedt nyugati szigetr\u0151l, Atlantiszr\u00f3l, egyiptomi nev\u00e9n Amentetr\u0151l \u00e9rkeztek a f\u00e1ra\u00f3k orsz\u00e1g\u00e1ba.<\/p>\n<\/div>\n<\/div>\n\n\n\n<div class=\"wp-block-columns is-layout-flex wp-container-core-columns-is-layout-9d6595d7 wp-block-columns-is-layout-flex\">\n<div class=\"wp-block-column is-layout-flow wp-block-column-is-layout-flow\" style=\"flex-basis:33.33%\">\n<figure class=\"wp-block-gallery has-nested-images columns-default is-cropped wp-block-gallery-9 is-layout-flex wp-block-gallery-is-layout-flex\">\n<figure class=\"wp-block-image size-large\"><img loading=\"lazy\" decoding=\"async\" width=\"266\" height=\"500\" data-id=\"1033\" src=\"https:\/\/www.egyptforever.hu\/ildiko\/wp-content\/uploads\/2023\/02\/hekate.jpg\" alt=\"\" class=\"wp-image-1033\" srcset=\"https:\/\/www.egyptforever.hu\/ildiko\/wp-content\/uploads\/2023\/02\/hekate.jpg 266w, https:\/\/www.egyptforever.hu\/ildiko\/wp-content\/uploads\/2023\/02\/hekate-160x300.jpg 160w, https:\/\/www.egyptforever.hu\/ildiko\/wp-content\/uploads\/2023\/02\/hekate-200x376.jpg 200w\" sizes=\"auto, (max-width: 266px) 100vw, 266px\" \/><\/figure>\n<\/figure>\n<\/div>\n\n\n\n<div class=\"wp-block-column is-layout-flow wp-block-column-is-layout-flow\" style=\"flex-basis:66.66%\">\n<p style=\"font-size:18px\">Az egyiptomi m\u00e1giaistenn\u0151&nbsp;<strong>Weret-hekau<\/strong>&nbsp;alakja, a g\u00f6r\u00f6g&nbsp;<strong>Hekat\u00e9<\/strong>ban \u00e9lt tov\u00e1bb, akinek kultusza az \u00f3korban m\u00e9g Kis\u00e1zsi\u00e1ban is jelent\u0151s volt. A m\u00e1gia k\u00f6vet\u0151i m\u00e1ig tisztelettel ad\u00f3znak el\u0151tte. <strong>Hekat\u00e9<\/strong>&nbsp;nev\u00e9nek jelent\u00e9se: Messze uralkod\u00f3, de az \u00c9j Kir\u00e1lyn\u0151j\u00e9nek is nevezt\u00e9k. (Ennek ellen\u00e9re nem t\u00e9vesztend\u0151 \u00f6ssze N\u00fcx-szel, az \u00e9jszaka istenn\u0151j\u00e9vel.) <\/p>\n\n\n\n<p style=\"font-size:18px\">Hekat\u00e9 a s\u00edrok k\u00f6z\u00f6tt \u00e1rny\u00e9kk\u00e9nt bolyong, \u00f6rvendezik a kuty\u00e1k ugat\u00e1s\u00e1t hallv\u00e1n, ekszt\u00e1zisba esik a kiontott v\u00e9r l\u00e1tv\u00e1ny\u00e1t\u00f3l. \u0150 egyben az \u00fatkeresztez\u0151d\u00e9sek istenn\u0151je is, \u00e9s az alvil\u00e1g forr\u00e1sait is neki szentelt\u00e9k. Gyakran \u00e1br\u00e1zolj\u00e1k h\u00e1rom fej\u0171k\u00e9nt, ami a Hold h\u00e1rom f\u00e1zis\u00e1nak (n\u00f6v\u0151, telt, fogy\u00f3), felel meg. A k\u00f6z\u00e9ps\u0151 arc emberi, a jobb oldali egy l\u00f3-, a bal oldali pedig egy kutyafej. Hekat\u00e9 alvil\u00e1gi istenn\u0151, a s\u00f6t\u00e9ts\u00e9g rettenetes hatalm\u00fa uralkod\u00f3n\u0151je, j\u00f3l ismerte a term\u00e9szet titkos er\u0151it \u00e9s azok hat\u00e1sait.<\/p>\n\n\n\n<p style=\"font-size:18px\">Az \u00edr\u00f3k gyakran ijeszt\u0151 l\u00e9nyk\u00e9nt \u00e1br\u00e1zolt\u00e1k, a megismer\u00e9s k\u00fcsz\u00f6b\u00e9nek \u0151rz\u0151jek\u00e9nt is azonos\u00edtott\u00e1k, aki a beavatatlanoknak nem engedte, hogy t\u00fall\u00e9pjenek a h\u00e9tk\u00f6znapi vil\u00e1g hat\u00e1rain, h\u00edveit azonban elk\u00e9peszt\u0151 tud\u00e1s birtok\u00e1ba juttatta. A f\u00e1klya, a k\u00edgy\u00f3, a t\u0151r \u00e9s a kulcs szimb\u00f3lumait mag\u00e1n visel\u0151 Hekat\u00e9 k\u00fcldte fel \u00e9jjel az alvil\u00e1gb\u00f3l a sz\u00f6rnyeket. \u00c9rkez\u00e9s\u00e9t mindig kutyaugat\u00e1s \u00e9s ny\u00fcsz\u00edt\u00e9s k\u00eds\u00e9rte. M\u00e9g ha a haland\u00f3 emberek sz\u00e1m\u00e1ra tov\u00e1bbra is az egyik legvesz\u00e9lyesebb istenn\u0151 maradt is, akkor sem tekintettek r\u00e1 egy\u00e9rtelm\u0171en gonoszk\u00e9nt. A g\u00f6r\u00f6g \u00e9s az egyiptomi vall\u00e1sban sem &#8220;feh\u00e9rek&#8221; vagy &#8220;feket\u00e9k&#8221; az istenek, ink\u00e1bb mindkett\u0151 kever\u00e9kei.<\/p>\n\n\n\n<p style=\"font-size:18px\"><\/p>\n\n\n\n<p><strong><em>(K\u00f3sa Ildik\u00f3 &#8211; Egypt Forever)<\/em><\/strong><\/p>\n<\/div>\n<\/div>\n<div style='text-align:right' class='yasr-auto-insert-overall'><\/div><div style='text-align:right' class='yasr-auto-insert-visitor'><\/div>","protected":false},"excerpt":{"rendered":"<p>Ha az egyiptomi m\u00e1gi\u00e1r\u00f3l akarunk besz\u00e9lni, csak nyitott elm\u00e9vel \u00e9s sz\u00edvvel tehetj\u00fck, mert ez nem csak t\u00f6rt\u00e9nelmi, vagy kult\u00fart\u00f6rt\u00e9neti, vall\u00e1st\u00f6rt\u00e9neti k\u00e9rd\u00e9s, hanem igen er\u0151sen spiritu\u00e1lis t\u00e9ma is. A ma oly n\u00e9pszer\u0171 ezoterikus t\u00e9m\u00e1k gy\u00f6kereit mind a f\u00e1ra\u00f3k orsz\u00e1g\u00e1ban kell keresn\u00fcnk. (Mint p\u00e9ld\u00e1ul a tarot, a sz\u00e1mmisztika, asztrol\u00f3gia, gondolattal teremt\u00e9s, aural\u00e1t\u00e1s, az auragy\u00f3gy\u00edt\u00e1s, homeop\u00e1tia, vizualiz\u00e1ci\u00f3, asztr\u00e1l-utaz\u00e1s, krist\u00e1lygy\u00f3gy\u00e1szat\u2026stb.) &#8230;<\/p>\n","protected":false},"author":1,"featured_media":1022,"comment_status":"closed","ping_status":"open","sticky":false,"template":"","format":"standard","meta":{"om_disable_all_campaigns":false,"_monsterinsights_skip_tracking":false,"_monsterinsights_sitenote_active":false,"_monsterinsights_sitenote_note":"","_monsterinsights_sitenote_category":0,"yasr_overall_rating":0,"yasr_post_is_review":"","yasr_auto_insert_disabled":"","yasr_review_type":"","footnotes":""},"categories":[39,366,489],"tags":[492,187,188,414,186,169,48,189],"class_list":["post-1019","post","type-post","status-publish","format-standard","has-post-thumbnail","hentry","category-az-egyiptomi-kultura","category-egyiptom-mitologiaja","category-spiritualis-egyiptom","tag-az-okori-egyiptom-szellemisege","tag-egyiptomi-magia","tag-heka","tag-hitvilag","tag-magia","tag-mitologia","tag-okori-egyiptom","tag-waret-hekau"],"aioseo_notices":[],"yasr_visitor_votes":{"stars_attributes":{"read_only":false,"span_bottom":false},"number_of_votes":1,"sum_votes":5},"_links":{"self":[{"href":"https:\/\/www.egyptforever.hu\/ildiko\/index.php?rest_route=\/wp\/v2\/posts\/1019","targetHints":{"allow":["GET"]}}],"collection":[{"href":"https:\/\/www.egyptforever.hu\/ildiko\/index.php?rest_route=\/wp\/v2\/posts"}],"about":[{"href":"https:\/\/www.egyptforever.hu\/ildiko\/index.php?rest_route=\/wp\/v2\/types\/post"}],"author":[{"embeddable":true,"href":"https:\/\/www.egyptforever.hu\/ildiko\/index.php?rest_route=\/wp\/v2\/users\/1"}],"replies":[{"embeddable":true,"href":"https:\/\/www.egyptforever.hu\/ildiko\/index.php?rest_route=%2Fwp%2Fv2%2Fcomments&post=1019"}],"version-history":[{"count":5,"href":"https:\/\/www.egyptforever.hu\/ildiko\/index.php?rest_route=\/wp\/v2\/posts\/1019\/revisions"}],"predecessor-version":[{"id":14826,"href":"https:\/\/www.egyptforever.hu\/ildiko\/index.php?rest_route=\/wp\/v2\/posts\/1019\/revisions\/14826"}],"wp:featuredmedia":[{"embeddable":true,"href":"https:\/\/www.egyptforever.hu\/ildiko\/index.php?rest_route=\/wp\/v2\/media\/1022"}],"wp:attachment":[{"href":"https:\/\/www.egyptforever.hu\/ildiko\/index.php?rest_route=%2Fwp%2Fv2%2Fmedia&parent=1019"}],"wp:term":[{"taxonomy":"category","embeddable":true,"href":"https:\/\/www.egyptforever.hu\/ildiko\/index.php?rest_route=%2Fwp%2Fv2%2Fcategories&post=1019"},{"taxonomy":"post_tag","embeddable":true,"href":"https:\/\/www.egyptforever.hu\/ildiko\/index.php?rest_route=%2Fwp%2Fv2%2Ftags&post=1019"}],"curies":[{"name":"wp","href":"https:\/\/api.w.org\/{rel}","templated":true}]}}