{"id":1035,"date":"2023-02-23T16:31:53","date_gmt":"2023-02-23T15:31:53","guid":{"rendered":"https:\/\/www.egyptforever.hu\/ildiko\/?p=1035"},"modified":"2025-07-30T10:18:57","modified_gmt":"2025-07-30T08:18:57","slug":"hogyan-oltozkodjunk-ha-egyiptomba-utazunk","status":"publish","type":"post","link":"https:\/\/www.egyptforever.hu\/ildiko\/?p=1035","title":{"rendered":"Hogyan \u00f6lt\u00f6zk\u00f6dj\u00fcnk, ha Egyiptomba utazunk?"},"content":{"rendered":"\n<h2 class=\"wp-block-heading\">Dress Code \u00fatmutat\u00f3 turist\u00e1knak<\/h2>\n\n\n\n<div class=\"wp-block-columns is-layout-flex wp-container-core-columns-is-layout-9d6595d7 wp-block-columns-is-layout-flex\">\n<div class=\"wp-block-column is-layout-flow wp-block-column-is-layout-flow\">\n<p style=\"font-size:20px\">Bizony\u00e1ra el\u0151sz\u00f6r j\u00f3p\u00e1ran megh\u00f6kkennek, hogy mi\u00e9rt sz\u00fcks\u00e9ges ez a t\u00e9ma&#8230; azt gondolom, hogy ha besz\u00e9lget\u00fcnk Egyiptomr\u00f3l \u00e9s az egyiptomi utaz\u00e1sr\u00f3l, \u00e9rinteni illik ezt a t\u00e9m\u00e1t is&#8230;. hogy mit is viselj\u00fcnk, ha Egyiptomba megy\u00fcnk nyaralni. <\/p>\n\n\n\n<p style=\"font-size:20px\">Nyaralni utazunk Egyiptomba&#8230; ez m\u00e1r alapvet\u0151en azt jelenti, hogy elt\u00e9r\u00fcnk a mindennapi rutint\u00f3l, a megszokott munkahelyi \u00e9s utcai viselett\u0151l. A helysz\u00edn is m\u00e1s, hiszen Egyiptomban az \u00e9v nagy r\u00e9sz\u00e9ben val\u00f3ban meleg van, \u00e9s egy\u00e9bk\u00e9nt is a medence vagy a tengerpart lesz a legfontosabb helysz\u00edn a nyaral\u00e1s alatt. \u00c9pp ez\u00e9rt fontos, hogy p\u00e1r dolgot szem el\u0151tt tartsunk mik\u00f6zben a b\u0151r\u00f6nd\u00fcnket csomagoljuk.<\/p>\n\n\n\n<p style=\"font-size:20px\">Egyiptom egy muszlim orsz\u00e1g, \u00e9s ez azt jelenti, hogy sokkal konzervat\u00edvabbak az \u00f6lt\u00f6zk\u00f6d\u00e9si szok\u00e1sok, mint n\u00e1lunk. Term\u00e9szetesen nem v\u00e1rj\u00e1k el t\u0151l\u00fcnk, hogy \u00fagy \u00f6lt\u00f6zk\u00f6dj\u00fcnk, mint a helyiek, de szeretik, ha figyelmesek vagyunk a helyi szok\u00e1sokra e t\u00e9ren is. Az is fontos, hogy az id\u0151j\u00e1r\u00e1snak \u00e9s az utaz\u00e1sa sor\u00e1n elv\u00e9gzend\u0151 tev\u00e9kenys\u00e9geknek megfelel\u0151en \u00f6lt\u00f6zz\u00f6n fel, egy elb\u0171v\u00f6l\u0151 ruha megfelel\u0151 lehet egy n\u00edlusi k\u00f6rutaz\u00e1son egy kokt\u00e9lpartihoz, de ha Egyiptom sz\u00e1mos r\u00e9g\u00e9szeti lel\u0151hely\u00e9t megl\u00e1togatja, k\u00e9nyelmesebb \u00e9s funkcion\u00e1lisabb ruh\u00e1zatra lesz sz\u00fcks\u00e9g.<\/p>\n\n\n\n<p style=\"font-size:20px\">Figyelj\u00fcnk arra, hogy a rep\u00fcl\u0151g\u00e9pen szinte mindig h\u0171v\u00f6s van, teh\u00e1t legyen n\u00e1lunk egy kardig\u00e1n, pul\u00f3ver, hogy ne f\u00e1zzunk. Hasonl\u00f3k\u00e9ppen k\u00e9sz\u00fclj\u00fcnk fel zoknival, kardig\u00e1nnal, ha gyerekekkel utazunk. \u0150k sokkal \u00e9rz\u00e9kenyebbek, \u00edgy senkinek nem j\u00f3, ha a kiutaz\u00e1sn\u00e1l megf\u00e1zik a gyerek \u00e9s a nyaral\u00e1s alatt n\u00e1th\u00e1s, k\u00f6h\u00f6g, avagy rosszabb esetben l\u00e1zas beteg lesz. Utaz\u00e1sunkkor c\u00e9lszer\u0171 k\u00e9nyelmes ruh\u00e1t v\u00e1lasztanunk, hiszen nem tudhatjuk mennyi id\u0151t kell majd v\u00e1rakoz\u00e1ssal t\u00f6lteni a rept\u00e9ren, vagy a traszferek alatt. <\/p>\n\n\n\n<p><\/p>\n\n\n\n<p style=\"font-size:20px\"><strong>Ami a legfontosabb:<\/strong>&nbsp;&nbsp;<\/p>\n\n\n\n<p style=\"font-size:20px\">&#8211; Magunk \u00e9s m\u00e1sok tisztelet\u00e9ben is figyelj\u00fcnk arra, hogy <strong>tiszta, \u00e9s megfelel\u0151 ruh\u00e1t v\u00e1lasszunk<\/strong>&#8230;<\/p>\n\n\n\n<p style=\"font-size:20px\">Hogy sz\u00e9ls\u0151s\u00e9ges, &#8211; de sajnos val\u00f3ban megt\u00f6rt\u00e9nt &#8211; p\u00e9ld\u00e1kat mondjak erre:<\/p>\n\n\n\n<p style=\"font-size:20px\">&#8211; Lehet\u0151leg ne az otthoni kifakult\/kiny\u00falt, avagy t\u00fal sz\u0171k, avagy agyonhaszn\u00e1lt, esetleg szakadt ruh\u00e1ban,&nbsp;kilyukadt tornacip\u0151ben, elszakadt papuccsal&nbsp;induljuk \u00fatnak, mert ez nagyon primit\u00edv \u00e9s modortalan viselked\u00e9s a t\u00f6bbi vel\u00fcnk utaz\u00f3val szemben.&nbsp;&nbsp;<\/p>\n\n\n\n<p style=\"font-size:20px\">&#8230;Most bizony\u00e1ra mosolyogtok&#8230;\u00a0pedig sajnos l\u00e9tez\u0151 probl\u00e9ma, hogy\u00a0<strong>n\u00e9melyek tisztas\u00e1gi \u00e9s higi\u00e9niai szintje m\u00e9lyen az elv\u00e1rhat\u00f3 szint alatt van<\/strong> (m\u00e9g egy dr\u00e1ga k\u00fclf\u00f6ldi utaz\u00e1son is).\u00a0\u00c9s v\u00e9lem\u00e9nyem szerint igen\u00a0\u00f3cska\u00a0kifog\u00e1s, mikor megjelen\u00fcnk a rept\u00e9ren a\u00a0csupasz\u0151r, kiny\u00falt kardig\u00e1nban, s\u00e1ros kutyal\u00e1bnyomokt\u00f3l foltos, agyonhaszn\u00e1lt farmerben,\u00a0hogy &#8220;<strong><em>Jaj, \u00e9szre se vettem, hogy a kutyas\u00e9t\u00e1ltat\u00f3 ruh\u00e1m rajtam maradt<\/em>&#8220;.<\/strong>\u00a0Val\u00f3j\u00e1ban m\u00e9g viccnek is rossz dolog ez, de nem vicc volt ez a p\u00e9lda, mert \u00a0sajnos\u00a0val\u00f3ban el\u0151fordult ez az eset. Szomor\u00fa, hogy minden sz\u00e9gyen\u00e9rzet n\u00e9lk\u00fcl megjelent a h\u00f6lgy s\u00e1ros \u00e9s kutyasz\u0151r\u00f6s ruh\u00e1ban, \u00e9s sz\u00e1m\u00e1ra ez nem okozott k\u00fcl\u00f6n\u00f6sebb gondot. Ezzel is mutatva az illet\u0151 m\u00e9lyr\u00f6pt\u0171 higi\u00e9niai (\u00e9s viselked\u00e9sbeli) sz\u00ednvonal\u00e1t.\u00a0<\/p>\n\n\n\n<p style=\"font-size:20px\">&#8211; K\u00fcl\u00f6n\u00f6sk\u00e9ppen figyelj\u00fcnk arra&nbsp;egy csoportos utaz\u00e1s sor\u00e1n, hogy a vel\u00fcnk egy\u00fctt utaz\u00f3 csoport tagjai az adott t\u00f6bbnapos \/ t\u00f6bbhetes utaz\u00e1s sor\u00e1n, akaratlanul is bepillant\u00e1st nyerhetnek alapvet\u0151 szok\u00e1sainkba.<\/p>\n\n\n\n<p style=\"font-size:20px\">&#8230;Szint\u00e9n szomor\u00faan mondom, hogy bizony erre is volt p\u00e9lda nem egyszer, hogy embereket\u00a0<strong>eml\u00e9keztetni kellett\u00a0<\/strong>egy k\u00f6rutaz\u00e1s alatt, hogy\u00a0<strong>a zuhany nem &#8220;terept\u00e1rgy&#8221;<\/strong>, hanem haszn\u00e1lati eszk\u00f6z,\u00a0<strong>a\u00a0n\u0151i feh\u00e9rnem\u0171 ne \u201cizabella-sz\u00ednben\u201d pomp\u00e1zzon<\/strong>\u00a0a\u00a0szinte \u00e1ttetsz\u0151 p\u00f3l\u00f3 alatt, vagy hogy\u00a0<strong>a lecsorg\u00f3 fogkr\u00e9m<\/strong>\u00a0vagy<strong>\u00a0az izzads\u00e1gfoltok\u00a0nem dekor\u00e1ci\u00f3s eszk\u00f6z\u00f6k\u00a0<\/strong>a p\u00f3l\u00f3kon&#8230;stb.<\/p>\n<\/div>\n<\/div>\n\n\n\n<div class=\"wp-block-group\"><div class=\"wp-block-group__inner-container is-layout-constrained wp-block-group-is-layout-constrained\">\n<div class=\"wp-block-columns is-layout-flex wp-container-core-columns-is-layout-9d6595d7 wp-block-columns-is-layout-flex\">\n<div class=\"wp-block-column is-layout-flow wp-block-column-is-layout-flow\" style=\"flex-basis:33.33%\">\n<figure class=\"wp-block-gallery has-nested-images columns-default is-cropped wp-block-gallery-1 is-layout-flex wp-block-gallery-is-layout-flex\">\n<figure class=\"wp-block-image size-large\"><img loading=\"lazy\" decoding=\"async\" width=\"700\" height=\"700\" data-id=\"1038\" src=\"https:\/\/www.egyptforever.hu\/ildiko\/wp-content\/uploads\/2023\/02\/What-do-tourist-wear-in-Egypt.jpg\" alt=\"\" class=\"wp-image-1038\" srcset=\"https:\/\/www.egyptforever.hu\/ildiko\/wp-content\/uploads\/2023\/02\/What-do-tourist-wear-in-Egypt.jpg 700w, https:\/\/www.egyptforever.hu\/ildiko\/wp-content\/uploads\/2023\/02\/What-do-tourist-wear-in-Egypt-300x300.jpg 300w, https:\/\/www.egyptforever.hu\/ildiko\/wp-content\/uploads\/2023\/02\/What-do-tourist-wear-in-Egypt-150x150.jpg 150w, https:\/\/www.egyptforever.hu\/ildiko\/wp-content\/uploads\/2023\/02\/What-do-tourist-wear-in-Egypt-200x200.jpg 200w\" sizes=\"auto, (max-width: 700px) 100vw, 700px\" \/><figcaption class=\"wp-element-caption\">?<\/figcaption><\/figure>\n<\/figure>\n<\/div>\n\n\n\n<div class=\"wp-block-column is-layout-flow wp-block-column-is-layout-flow\" style=\"flex-basis:66.66%\">\n<p style=\"font-size:20px\">Egyiptom forr\u00f3 \u00e9s poros orsz\u00e1g. \u00c1ltal\u00e1ban j\u00f3 \u00f6tlet term\u00e9szetes anyagokb\u00f3l, p\u00e9ld\u00e1ul pamutb\u00f3l vagy lenb\u0151l k\u00e9sz\u00fclt, b\u0151 szab\u00e1s\u00fa ruh\u00e1zatot viselni, hogy h\u0171v\u00f6s legyen. \u00dcgyeljen arra, hogy fedje le a v\u00e1ll\u00e1t \u00e9s a dekolt\u00e1zs\u00e1t, \u00e9s ne tegye ki a h\u00e1t\u00e1t. A Capri nadr\u00e1g vagy v\u00e1szonnadr\u00e1g feletti hossz\u00fa b\u0151 bl\u00fazok vagy kaft\u00e1nok ide\u00e1lis v\u00e1laszt\u00e1sok, csak\u00fagy, mint a hosszabb ruh\u00e1k r\u00f6vidnadr\u00e1ggal vagy leggingssel. A maxiruh\u00e1k nagyon eleg\u00e1nsnak t\u0171nhetnek egy esti s\u00e9t\u00e1hoz, de nem t\u00fal praktikusak a r\u00e9g\u00e9szeti lel\u0151helyeken, amelyek nagyon porosak \u00e9s egyenetlenek. Figyelj\u00fcnk oda arra is, hi\u00e1ba  a feh\u00e9r ruh\u00e1k visszaverik a nap meleg\u00e9t, de gyorsan szennyez\u0151dhetnek, \u00e9s \u00e1tl\u00e1tsz\u00f3nak t\u0171nhetnek az er\u0151s napf\u00e9nyben.&nbsp;<\/p>\n<\/div>\n<\/div>\n<\/div><\/div>\n\n\n\n<div class=\"wp-block-columns is-layout-flex wp-container-core-columns-is-layout-9d6595d7 wp-block-columns-is-layout-flex\">\n<div class=\"wp-block-column is-layout-flow wp-block-column-is-layout-flow\">\n<p style=\"font-size:20px\">Egyiptomba l\u00e1togat\u00f3 n\u0151knek nem kell eltakarniuk a fej\u00fcket, hacsak nem egy vall\u00e1si \u00e9p\u00fcletbe l\u00e1togatnak. \u00c9pp ez\u00e9rt mindig j\u00f3 \u00f6tlet, ha k\u00e9zn\u00e9l van egy s\u00e1l. A s\u00e1lak sz\u00e9pek, mindenf\u00e9le anyagb\u00f3l \u00e9s sz\u00ednben, mint\u00e1kkal lehet kapni l\u00e9pten-nyomon Egyiptomban. \u00c9s nagyon hasznos ruhanem\u00fck, hiszen haszn\u00e1lhat\u00f3k a fej \u00e9s az arc v\u00e9delm\u00e9re a napt\u00f3l, vagy ha \u00fagy \u00e9rzi, hogy az \u00f6lt\u00f6z\u00e9ke miatt nemk\u00edv\u00e1natos figyelmet kap, vagy ha f\u00e1zni kezdene a l\u00e9gkondicion\u00e1l\u00f3 h\u0171v\u00f6s\u00e9t\u0151l.<\/p>\n\n\n\n<p style=\"font-size:20px\">&#8211;&nbsp;<strong>Nem illik a meleg id\u0151j\u00e1r\u00e1s ellen\u00e9re sem, t\u00fal r\u00f6vid szokny\u00e1ban\/r\u00f6vidnadr\u00e1gban avagy teljes h\u00e1tat szabadon hagy\u00f3 topokban, t\u00fal m\u00e9ly dekolt\u00e1zs\u00fa fels\u0151kben \u00fatnak indulni&#8230;&nbsp;<\/strong>m\u00e9g akkor sem, ha fiatalok \u00e9s csinosak vagyunk, mert illetlen a fogad\u00f3 orsz\u00e1g \u00f6lt\u00f6zk\u00f6d\u00e9si elv\u00e1r\u00e1saival szemben. Sajnos erre is tudok negat\u00edv p\u00e9ld\u00e1val szolg\u00e1lni, mikor a h\u00f6lgy olyan ruh\u00e1ban v\u00e1rosn\u00e9zett a csoporttal, ami a legkisebb fuvallatra a nyak\u00e1ban k\u00f6t\u00f6tt ki \u00e9s kellemetlen helyzetet teremtett az alexandriai szer\u00e1peum  megn\u00e9z\u00e9skor, hiszen a ny\u00edlt terepen mindig f\u00faj a sz\u00e9l. Nem k\u00e9nyelmes az ilyen akart\/akaratlan \u00f6lt\u00f6zk\u00f6d\u00e9si baki a csoport t\u00f6bbi tagj\u00e1nak sem, hiszen lesz olyan, aki azonnal kapva kap az alkalmon, hogy tudatosan kihaszn\u00e1lja a helyzetet, \u00e9s ezzel k\u00e9nyelmetlens\u00e9get okozzon a csoport t\u00f6bbi tagj\u00e1nak, akik akaratlanul n\u00e9z\u0151i a t\u00falzott kih\u00edv\u00f3 viselked\u00e9snek.<\/p>\n\n\n\n<p style=\"font-size:20px\">&#8211;&nbsp;<strong>az extr\u00e9m magas sark\u00fa cip\u0151k sem t\u00fal kedvez\u0151ek utaz\u00e1shoz \u00e9s kir\u00e1ndul\u00e1shoz sem<\/strong>, hiszen balesetvesz\u00e9lyesek lehetnek.&nbsp;<\/p>\n<\/div>\n<\/div>\n\n\n\n<div class=\"wp-block-group\"><div class=\"wp-block-group__inner-container is-layout-constrained wp-block-group-is-layout-constrained\">\n<div class=\"wp-block-columns is-layout-flex wp-container-core-columns-is-layout-9d6595d7 wp-block-columns-is-layout-flex\">\n<div class=\"wp-block-column is-layout-flow wp-block-column-is-layout-flow\" style=\"flex-basis:66.66%\">\n<p style=\"font-size:20px\">&#8211; az Egyiptomba utaz\u00f3k jelent\u0151s r\u00e9sze a tengerparti sz\u00e1llod\u00e1kban \u00e9s az \u00fcd\u00fcl\u0151v\u00e1rosokban t\u00f6lti az idej\u00e9t.&nbsp;<strong>A tengerparton vagy a medence parton<\/strong>&nbsp;<strong>a&nbsp;megszokott&nbsp;viselet a f\u00fcrd\u0151ruha.&nbsp;<\/strong><\/p>\n\n\n\n<p style=\"font-size:20px\"><strong>DE a nagy meleg ellen\u00e9re sem illik a sz\u00e1llodai \u00e9ttermekben, k\u00e1v\u00e9z\u00f3kban f\u00fcrd\u0151ruh\u00e1ba bemenni. Ahogy a recepci\u00f3n\u00e1l sem illik f\u00fcrd\u0151ruh\u00e1ban \u00fcld\u00f6g\u00e9lni.<\/strong><\/p>\n\n\n\n<p style=\"font-size:20px\">Teljesen mindegy h\u00e1ny csillagos hotelben lakunk,&nbsp;<strong>a vacsor\u00e1hoz illik csinosan fel\u00f6lt\u00f6zve megjelenni.<\/strong>&nbsp;Figyelj\u00fcnk oda, hogy a f\u00e9rfiaknak nem illik atl\u00e9tatrik\u00f3ban \u00e9s t\u00fal r\u00f6vid nadr\u00e1gban vacsor\u00e1zni menni, ahogy a h\u00f6lgyekt\u0151l is elv\u00e1rj\u00e1k, hogy ne strandkend\u0151ben, vagy falatnyi forr\u00f3nadr\u00e1gban jelenjenek meg. (Nem v\u00e9letlen, hogy sok hotelben erre k\u00fcl\u00f6n t\u00e1bl\u00e1n is igyekeznek udvariasan figyelmeztetni a helytelen \u00f6lt\u00f6zet\u0171 vend\u00e9geket.)<\/p>\n\n\n\n<p style=\"font-size:20px\">A nagy meleg miatt a term\u00e9szetes anyag\u00fa ruh\u00e1kat (pamut, v\u00e1szon) r\u00e9szes\u00edts\u00fck el\u0151nyben, \u00e9s ha m\u00f3dunkban \u00e1ll, ink\u00e1bb ker\u00fclj\u00fck a szintetikus anyag\u00fa \u00f6lt\u00f6zeteket&#8230; k\u00e9nyelmi szempontok miatt is, de az\u00e9rt is, mivel a szintetikus anyagokb\u00f3l k\u00e9sz\u00fclt ruh\u00e1kban nagyon fogunk izzadni.<\/p>\n<\/div>\n\n\n\n<div class=\"wp-block-column is-layout-flow wp-block-column-is-layout-flow\" style=\"flex-basis:33.33%\">\n<figure class=\"wp-block-gallery has-nested-images columns-default is-cropped wp-block-gallery-2 is-layout-flex wp-block-gallery-is-layout-flex\">\n<figure class=\"wp-block-image size-large\"><img loading=\"lazy\" decoding=\"async\" width=\"323\" height=\"500\" data-id=\"1040\" src=\"https:\/\/www.egyptforever.hu\/ildiko\/wp-content\/uploads\/2023\/02\/dresscode.jpg\" alt=\"\" class=\"wp-image-1040\" srcset=\"https:\/\/www.egyptforever.hu\/ildiko\/wp-content\/uploads\/2023\/02\/dresscode.jpg 323w, https:\/\/www.egyptforever.hu\/ildiko\/wp-content\/uploads\/2023\/02\/dresscode-194x300.jpg 194w, https:\/\/www.egyptforever.hu\/ildiko\/wp-content\/uploads\/2023\/02\/dresscode-200x310.jpg 200w\" sizes=\"auto, (max-width: 323px) 100vw, 323px\" \/><\/figure>\n<\/figure>\n<\/div>\n<\/div>\n<\/div><\/div>\n\n\n\n<div class=\"wp-block-columns is-layout-flex wp-container-core-columns-is-layout-9d6595d7 wp-block-columns-is-layout-flex\">\n<div class=\"wp-block-column is-layout-flow wp-block-column-is-layout-flow\">\n<p style=\"font-size:20px\">\u00c9s ennek megfelel\u0151en <strong>a v\u00e1rosba nem illik f\u00fcrd\u0151ruh\u00e1ban az utc\u00e1n tart\u00f3zkodni.<\/strong>&nbsp;(Furcsa, hogy ez sokaknak nem term\u00e9szetes, mik\u00f6zben Eur\u00f3p\u00e1ban&nbsp;sem ildomos sehol f\u00fcrd\u0151ruh\u00e1ban m\u00e1szk\u00e1lni az utc\u00e1n.)&nbsp;Hi\u00e1ba van nagy meleg, \u00e9s hi\u00e1ba barnultunk le csodasz\u00e9pen, nagyon fontos, hogy a helyi szok\u00e1sokra figyelve v\u00e1lasszunk utcai \u00f6lt\u00f6zetet.&nbsp; \u00c9pp ez\u00e9rt javaslom, hogy a&nbsp;h\u00f6lgyek ker\u00fclj\u00e9k a teljes h\u00e1tat szabadon hagy\u00f3, vagy a t\u00fal m\u00e9ly dekolt\u00e1zs\u00fa toppokat, trik\u00f3kat,&nbsp;ruh\u00e1kat, a t\u00fal r\u00f6vid miniszokny\u00e1kat, shortokat. A f\u00e9rfiak hasonl\u00f3k\u00e9ppen ker\u00fclj\u00e9k a t\u00fal r\u00f6vid r\u00f6vidnadr\u00e1gok&nbsp;\u00e9s a t\u00fal m\u00e9ly karkiv\u00e1g\u00e1s\u00fa trik\u00f3k viselet\u00e9t&#8230; <\/p>\n\n\n\n<p style=\"font-size:20px\">\u00c9s igen, \u00fajfent hangs\u00falyozn\u00e1m a ruh\u00e1zat tisztas\u00e1g\u00e1t&#8230;&nbsp;<strong>Melegben nagyon fontos, hogy a vel\u00fcnk utaz\u00f3k a t\u00f6rt\u00e9nelmi nevezetess\u00e9gek l\u00e1tv\u00e1ny\u00e1t\u00f3l \u201csz\u00e9d\u00fcljenek meg\u201d, ne a mi t\u00f6bbnapos izzads\u00e1gszagunkt\u00f3l. :))<\/strong><\/p>\n\n\n\n<p style=\"font-size:20px\">&#8211;&nbsp;<strong>Az utcai k\u00e9nyelmes viselet aj\u00e1nlatos a kir\u00e1ndul\u00e1sokon.&nbsp;<\/strong>B\u00e1r n\u00e9mi k\u00f6nny\u00edt\u00e9sk\u00e9pp lehet laz\u00e1bb az \u00f6lt\u00f6zet\u00fcnk, ak\u00e1r a trik\u00f3 \u00e9s a r\u00f6vidnadr\u00e1g is megengedett. Persze az\u00e9rt figyelj\u00fcnk a j\u00f3\u00edzl\u00e9sre&#8230; (ne soroljanak benn\u00fcnket is a rosszul \u00f6lt\u00f6z\u0151, rossz \u00edzl\u00e9s\u0171 turist\u00e1k k\u00f6z\u00e9).<\/p>\n<\/div>\n<\/div>\n\n\n\n<div class=\"wp-block-columns is-layout-flex wp-container-core-columns-is-layout-9d6595d7 wp-block-columns-is-layout-flex\">\n<div class=\"wp-block-column is-layout-flow wp-block-column-is-layout-flow\">\n<p style=\"font-size:20px\">&#8211; A&nbsp;<strong>r\u00e9g\u00e9szeti ter\u00fcleteken<\/strong>&nbsp;fontos, hogy&nbsp;<strong>k\u00e9nyelmes \u00e9s a l\u00e1bat j\u00f3l tart\u00f3<\/strong>&nbsp;<strong>szand\u00e1lban vagy cip\u0151ben menj\u00fcnk<\/strong>&nbsp;papucs helyett. Az egyenletlen fel\u00fcleteken, a l\u00e9pcs\u0151k\u00f6n, l\u00e9tr\u00e1n, r\u00e1mp\u00e1n j\u00f6v\u00e9s-men\u00e9s k\u00f6zben a papucsban, vagy t\u00fal magas sark\u00fa szand\u00e1lban nagyon k\u00f6nnyen bokaficamot szerezhet\u00fcnk. \u00c9s bicegve m\u00e1r nem is olyan \u00e9lvezetes a kir\u00e1ndul\u00e1s.&nbsp;Ha r\u00e9g\u00e9szeti l\u00e1tv\u00e1nyoss\u00e1gokat l\u00e1togatunk, fontos, hogy&nbsp;vigy\u00fcnk magunkkal valamilyen<strong>&nbsp;sapk\u00e1t, kalapot vagy s\u00e1lat, amivel v\u00e9deni tudjuk a fej\u00fcnket a napsz\u00far\u00e1st\u00f3l<\/strong>.&nbsp;<strong>Erre k\u00fcl\u00f6n\u00f6sen figyelj\u00fcnk, a gyerekekn\u00e9l.&nbsp;<\/strong><\/p>\n\n\n\n<p style=\"font-size:20px\">&#8211; Nagyon fontos, hogy<strong>a tengerparton, haj\u00f3kir\u00e1ndul\u00e1son&nbsp;nagyon figyelj\u00fcnk gyermekeink \u00f6lt\u00f6zk\u00f6d\u00e9s\u00e9re is<\/strong>. Hi\u00e1ba van meleg, hi\u00e1ba \u00e9lvezz\u00fck a naps\u00fct\u00e9st \u00e9s a tengert, ne felejtkezz\u00fcnk meg arr\u00f3l, hogy nekik nagyobb v\u00e9delemre van sz\u00fcks\u00e9g\u00fck, mint nek\u00fcnk.&nbsp;<strong>A gyerekek fej\u00e9t \u00e9s b\u0151r\u00e9t minden esetben v\u00e9dj\u00fck a t\u0171z\u0151 nappal szemben.<\/strong>&nbsp;&nbsp;Egy k\u00f6nnyed kend\u0151, hossz\u00fa ujj\u00fa laza ing, p\u00f3l\u00f3, mindig legyen vel\u00fcnk, hogy id\u0151ben megv\u00e9dj\u00fck \u0151ket a le\u00e9g\u00e9st\u0151l.&nbsp;<\/p>\n\n\n\n<p style=\"font-size:20px\"><strong>A haj\u00f3kir\u00e1ndul\u00e1son a l\u00e9ghuzatra is figyelni kell, ez\u00e9rt v\u00e9deni kell a gyerekek f\u00fcleit&nbsp;is, \u00e9pp ez\u00e9rt kend\u0151\/sapka legyen n\u00e1lunk.&nbsp;(<\/strong>Emellett a megfelel\u0151 mennyis\u00e9g\u0171 iv\u00f3v\u00edzr\u0151l se felejtkezz\u00fcnk meg, \u00e9s eml\u00e9keztess\u00fck gyermek\u00fcnket, hogy napk\u00f6zben is rendszeresen igyon.)<\/p>\n\n\n\n<p style=\"font-size:20px\">&#8211;&nbsp;<strong>Fontos, hogy a megfelel\u0151 legyen az \u00f6lt\u00f6zet\u00fcnk, ha mecseteket, templomokat is l\u00e1togatunk<\/strong><strong>.&nbsp;<\/strong>&nbsp;Adjuk meg a helynek, az alkalomnak a kell\u0151 tiszteletet illend\u0151 viselked\u00e9s\u00fcnkkel \u00e9s a helyhez ill\u0151 \u00f6lt\u00f6zet\u00fcnkkel. (Hiszen itthon sem megy\u00fcnk be f\u00fcrd\u0151ruh\u00e1ban a templomba\u2026 mert illetlens\u00e9g.&nbsp;Akkor mi\u00e9rt akarn\u00e1nk ezt tenni egy muszlim orsz\u00e1gban?) A h\u00f6lgyekn\u00e9l \u00e9s az urakn\u00e1l is a v\u00e1llakat \u00e9s a t\u00e9rdet takar\u00f3 ruh\u00e1zat visel\u00e9se ildomos. A spagettip\u00e1ntos trik\u00f3, a forr\u00f3nadr\u00e1g, a strandruha nem megfelel\u0151 viselet. Term\u00e9szetesen nincs sz\u00fcks\u00e9g a t\u00falz\u00e1sokba es\u00e9sre sem. Nem kell nyakig begombolva, kend\u0151vel a fej\u00fcnk\u00f6n szenteskedve megj\u00e1tszani magunkat, mert nem v\u00e1rj\u00e1k el ez t\u0151l\u00fcnk.<\/p>\n\n\n\n<p style=\"font-size:20px\"><strong>Higgy\u00e9k el, hogy sokszor apr\u00f3 odafigyel\u00e9ssel <\/strong>(mint a szoknya, vagy nadr\u00e1g hossza, vagy a dekolt\u00e1zs m\u00e9lys\u00e9ge, megfelel\u0151 tiszt\u00e1lkod\u00e1s, ruh\u00e1ink tisztas\u00e1ga)<strong> megk\u00edm\u00e9lhetj\u00fck magunkat kellemetlen helyzetekt\u0151l. \ud83d\ude42<\/strong><\/p>\n<\/div>\n<\/div>\n\n\n\n<p><em><strong>K\u00f3sa Ildik\u00f3 idegenvezet\u0151 &#8211; Egypt Forever<\/strong><\/em><\/p>\n<div style='text-align:right' class='yasr-auto-insert-overall'><\/div><div style='text-align:right' class='yasr-auto-insert-visitor'><\/div>","protected":false},"excerpt":{"rendered":"<p>Dress Code \u00fatmutat\u00f3 turist\u00e1knak Bizony\u00e1ra el\u0151sz\u00f6r j\u00f3p\u00e1ran megh\u00f6kkennek, hogy mi\u00e9rt sz\u00fcks\u00e9ges ez a t\u00e9ma&#8230; azt gondolom, hogy ha besz\u00e9lget\u00fcnk Egyiptomr\u00f3l \u00e9s az egyiptomi utaz\u00e1sr\u00f3l, \u00e9rinteni illik ezt a t\u00e9m\u00e1t is&#8230;. hogy mit<a class=\"moretag\" href=\"https:\/\/www.egyptforever.hu\/ildiko\/?p=1035\">Tov\u00e1bbi inform\u00e1ci\u00f3\u2026<\/a><\/p>\n","protected":false},"author":1,"featured_media":1041,"comment_status":"closed","ping_status":"open","sticky":false,"template":"","format":"standard","meta":{"om_disable_all_campaigns":false,"_monsterinsights_skip_tracking":false,"_monsterinsights_sitenote_active":false,"_monsterinsights_sitenote_note":"","_monsterinsights_sitenote_category":0,"yasr_overall_rating":0,"yasr_post_is_review":"","yasr_auto_insert_disabled":"","yasr_review_type":"","footnotes":""},"categories":[149,508],"tags":[179,190,178,191],"class_list":["post-1035","post","type-post","status-publish","format-standard","has-post-thumbnail","hentry","category-tanacsok-es-javaslatok","category-utazas-elott-2","tag-altalanos-informaciok","tag-dresscode","tag-egyiptom","tag-utazas-elott"],"aioseo_notices":[],"yasr_visitor_votes":{"stars_attributes":{"read_only":false,"span_bottom":false},"number_of_votes":5,"sum_votes":21},"_links":{"self":[{"href":"https:\/\/www.egyptforever.hu\/ildiko\/index.php?rest_route=\/wp\/v2\/posts\/1035","targetHints":{"allow":["GET"]}}],"collection":[{"href":"https:\/\/www.egyptforever.hu\/ildiko\/index.php?rest_route=\/wp\/v2\/posts"}],"about":[{"href":"https:\/\/www.egyptforever.hu\/ildiko\/index.php?rest_route=\/wp\/v2\/types\/post"}],"author":[{"embeddable":true,"href":"https:\/\/www.egyptforever.hu\/ildiko\/index.php?rest_route=\/wp\/v2\/users\/1"}],"replies":[{"embeddable":true,"href":"https:\/\/www.egyptforever.hu\/ildiko\/index.php?rest_route=%2Fwp%2Fv2%2Fcomments&post=1035"}],"version-history":[{"count":5,"href":"https:\/\/www.egyptforever.hu\/ildiko\/index.php?rest_route=\/wp\/v2\/posts\/1035\/revisions"}],"predecessor-version":[{"id":15257,"href":"https:\/\/www.egyptforever.hu\/ildiko\/index.php?rest_route=\/wp\/v2\/posts\/1035\/revisions\/15257"}],"wp:featuredmedia":[{"embeddable":true,"href":"https:\/\/www.egyptforever.hu\/ildiko\/index.php?rest_route=\/wp\/v2\/media\/1041"}],"wp:attachment":[{"href":"https:\/\/www.egyptforever.hu\/ildiko\/index.php?rest_route=%2Fwp%2Fv2%2Fmedia&parent=1035"}],"wp:term":[{"taxonomy":"category","embeddable":true,"href":"https:\/\/www.egyptforever.hu\/ildiko\/index.php?rest_route=%2Fwp%2Fv2%2Fcategories&post=1035"},{"taxonomy":"post_tag","embeddable":true,"href":"https:\/\/www.egyptforever.hu\/ildiko\/index.php?rest_route=%2Fwp%2Fv2%2Ftags&post=1035"}],"curies":[{"name":"wp","href":"https:\/\/api.w.org\/{rel}","templated":true}]}}