{"id":11246,"date":"2024-06-19T10:55:06","date_gmt":"2024-06-19T08:55:06","guid":{"rendered":"https:\/\/www.egyptforever.hu\/ildiko\/?p=11246"},"modified":"2026-04-09T20:52:38","modified_gmt":"2026-04-09T18:52:38","slug":"a-kettos-igazsag-csarnoka-a-tulvilagi-itelkezes","status":"publish","type":"post","link":"https:\/\/www.egyptforever.hu\/ildiko\/?p=11246","title":{"rendered":"A Kett\u0151s Igazs\u00e1g Csarnoka &#8211; A t\u00falvil\u00e1gi \u00edt\u00e9lkez\u00e9s"},"content":{"rendered":"\n<div class=\"wp-block-columns is-layout-flex wp-container-core-columns-is-layout-9d6595d7 wp-block-columns-is-layout-flex\">\n<div class=\"wp-block-column is-layout-flow wp-block-column-is-layout-flow\">\n<p style=\"font-size:21px\">A t\u00falvil\u00e1g nem m\u00e1s, mint a s\u00edron t\u00fali vil\u00e1g, ahol a holtak vagy a lelkek tart\u00f3zkodnak testi l\u00e9t\u00fcket k\u00f6vet\u0151en. Szinte minden vall\u00e1s \u00e9s mitol\u00f3gia k\u00f6z\u00f6s a tekintetben, hogy a t\u00falvil\u00e1gba t\u00f6rt\u00e9n\u0151 \u00e1tl\u00e9p\u00e9s nem vesz\u00e9lytelen esem\u00e9ny.<\/p>\n\n\n\n<p style=\"font-size:21px\">Egyiptomban fontos szerepet j\u00e1tszottak a t\u00falvil\u00e1gr\u00f3l alkotott k\u00e9pzetek. Az elhunyt felett Ozirisz tartott t\u00falvil\u00e1gi \u00edt\u00e9letet m\u00e1s istenekkel egy\u00fctt.<\/p>\n\n\n\n<p style=\"font-size:21px\">A <strong>Kett\u0151s Igazs\u00e1g Csarnoka<\/strong> az a hely, ahol a halott sz\u00edv\u00e9nek a m\u00e9rlegel\u00e9se t\u00f6rt\u00e9nt. Ozirisz tr\u00f3nusa el\u0151tt \u00e1ll\u00edtott\u00e1k fel az igazs\u00e1got m\u00e9r\u0151 m\u00e9rleget. Ennek egyik serpeny\u0151j\u00e9be a halott sz\u00edve, vagy az azt helyettes\u00edt\u0151 nagym\u00e9ret\u0171 skarabeusz, a \u201esz\u00edvskarabeusz\u201d ker\u00fclt, a m\u00e1sikba pedig Ma&#8217;at istenn\u0151 alakja, vagy az \u0151t helyettes\u00edt\u0151 strucctoll.<\/p>\n<\/div>\n<\/div>\n\n\n\n<div class=\"wp-block-columns is-layout-flex wp-container-core-columns-is-layout-9d6595d7 wp-block-columns-is-layout-flex\">\n<div class=\"wp-block-column is-layout-flow wp-block-column-is-layout-flow\"><div class=\"wp-block-image\">\n<figure class=\"aligncenter size-full is-resized\"><img loading=\"lazy\" decoding=\"async\" width=\"500\" height=\"313\" src=\"https:\/\/www.egyptforever.hu\/ildiko\/wp-content\/uploads\/2024\/06\/kettos-igazsag-csarnoka1.jpg\" alt=\"\" class=\"wp-image-11247\" style=\"width:695px;height:auto\" srcset=\"https:\/\/www.egyptforever.hu\/ildiko\/wp-content\/uploads\/2024\/06\/kettos-igazsag-csarnoka1.jpg 500w, https:\/\/www.egyptforever.hu\/ildiko\/wp-content\/uploads\/2024\/06\/kettos-igazsag-csarnoka1-300x188.jpg 300w\" sizes=\"auto, (max-width: 500px) 100vw, 500px\" \/><\/figure>\n<\/div><\/div>\n<\/div>\n\n\n\n<div class=\"wp-block-columns is-layout-flex wp-container-core-columns-is-layout-9d6595d7 wp-block-columns-is-layout-flex\">\n<div class=\"wp-block-column is-layout-flow wp-block-column-is-layout-flow\">\n<p style=\"font-size:21px\"><strong>A Halottak K\u00f6nyv\u00e9nek 125. fejezete \u00edrja le a lehet\u0151 legr\u00e9szletesebben a t\u00falvil\u00e1gi \u00edt\u00e9letet, mely alapvet\u0151en n\u00e9gy r\u00e9szre oszlik:<\/strong><\/p>\n\n\n\n<p style=\"font-size:21px\">1.) a halott besz\u00e9de Oziriszhez, amint az igazs\u00e1g csarnok\u00e1ba l\u00e9p,<\/p>\n\n\n\n<p style=\"font-size:21px\">2.) a halott vallom\u00e1sa az \u00edt\u00e9l\u0151sz\u00e9k el\u0151tt,<\/p>\n\n\n\n<p style=\"font-size:21px\">3.) a halott sz\u00edv\u00e9nek megm\u00e9r\u00e9se,<\/p>\n\n\n\n<p style=\"font-size:21px\">4.) t\u00e1rgyal\u00e1sok a kapu \u0151reivel, amint a halott a csarnokot elhagyja.<\/p>\n\n\n\n<p style=\"font-size:21px\">Az \u201eigaz hang\u00fa\u201d, vagyis a halott lelke bel\u00e9p a Kett\u0151s Igazs\u00e1g Csarnok\u00e1ba, ahol sz\u00edve megm\u00e9rettetik. A m\u00e9rleg egyik serpeny\u0151j\u00e9be a halott sz\u00edve, a m\u00e1sikban Ma&#8217;at Istenn\u0151 tolla, vagy hieroglif\u00e1ja, vagy az \u00fcl\u0151 istenn\u0151 szobra ker\u00fcl. Anubisz kezeli a m\u00e9rleget, Thot pedig feljegyzi az eredm\u00e9nyt, s jelenti a m\u0171veletet Ozirisznek \u00e9s a 42 b\u00edr\u00e1nak. Megt\u00f6rt\u00e9nik a negat\u00edv gy\u00f3n\u00e1s (tagad\u00f3 vallom\u00e1s).<\/p>\n\n\n\n<p style=\"font-size:21px\">Anubisz Ozirisz \u00e9s Nepht\u00fcsz t\u00f6rv\u00e9nytelen fiak\u00e9nt sz\u00fcletett. Sak\u00e1lfej\u0171 isten, aki a mumifik\u00e1l\u00e1s \u00e9s a balzsamoz\u00e1s felett \u0151rk\u00f6d\u00f6tt. Anubisz ereje \u0151rzi a t\u00falvil\u00e1g kapuj\u00e1t, fogadja az elhunytakat, s lelk\u00fcket elk\u00eds\u00e9ri a f\u00f6ldalatti vil\u00e1gban. Anubisz az \u00f6r\u00f6k utak megnyit\u00f3ja. Feladatk\u00f6r\u00e9be tartozott annak eld\u00f6nt\u00e9se, hogy az el\u00e9 j\u00e1rul\u00f3 halott (l\u00e9lek) el\u00e9g tiszta-e ahhoz, hogy bejusson a t\u00falvil\u00e1gra.<\/p>\n\n\n\n<p style=\"font-size:21px\">Thot a b\u00f6lcsess\u00e9g, a titkok \u00e9s az \u00edrnokok istene t\u00f6bbek k\u00f6z\u00f6tt, akinek jelen helyzetben jogk\u00f6re volt, hogy vesszej\u00e9vel egy palat\u00e1bl\u00e1ra (a sors k\u00f6nyv\u00e9be) felv\u00e9sse a m\u00e9rlegel\u00e9s eredm\u00e9nyeit.<\/p>\n\n\n\n<p style=\"font-size:21px\">A 42 istenr\u0151l, akik sz\u00edv megm\u00e9rettet\u00e9s\u00e9n jelen voltak, azt \u00e9rdemes tudni, hogy mindegyik a 42 lehets\u00e9ges b\u0171n egyik\u00e9t k\u00e9pviselte. A halott feladata volt bebizony\u00edtani, hogy egyiket sem k\u00f6vette el. Ha ez siker\u00fclt, abban az esetben a 42 d\u00e9mon k\u00f6z\u00fcl egy sem t\u00e1madta meg.<\/p>\n<\/div>\n<\/div>\n\n\n\n<div class=\"wp-block-columns is-layout-flex wp-container-core-columns-is-layout-9d6595d7 wp-block-columns-is-layout-flex\">\n<div class=\"wp-block-column is-layout-flow wp-block-column-is-layout-flow\"><div class=\"wp-block-image\">\n<figure class=\"aligncenter size-large is-resized\"><img loading=\"lazy\" decoding=\"async\" width=\"1024\" height=\"707\" src=\"https:\/\/www.egyptforever.hu\/ildiko\/wp-content\/uploads\/2024\/06\/36303869_2774347_9c858278f2cf1e733b26e26f18cdb0f1_wm-1024x707.jpg\" alt=\"\" class=\"wp-image-11248\" style=\"width:1146px;height:auto\" srcset=\"https:\/\/www.egyptforever.hu\/ildiko\/wp-content\/uploads\/2024\/06\/36303869_2774347_9c858278f2cf1e733b26e26f18cdb0f1_wm-1024x707.jpg 1024w, https:\/\/www.egyptforever.hu\/ildiko\/wp-content\/uploads\/2024\/06\/36303869_2774347_9c858278f2cf1e733b26e26f18cdb0f1_wm-300x207.jpg 300w, https:\/\/www.egyptforever.hu\/ildiko\/wp-content\/uploads\/2024\/06\/36303869_2774347_9c858278f2cf1e733b26e26f18cdb0f1_wm-768x530.jpg 768w, https:\/\/www.egyptforever.hu\/ildiko\/wp-content\/uploads\/2024\/06\/36303869_2774347_9c858278f2cf1e733b26e26f18cdb0f1_wm.jpg 1308w\" sizes=\"auto, (max-width: 1024px) 100vw, 1024px\" \/><\/figure>\n<\/div><\/div>\n<\/div>\n\n\n\n<div class=\"wp-block-columns is-layout-flex wp-container-core-columns-is-layout-9d6595d7 wp-block-columns-is-layout-flex\">\n<div class=\"wp-block-column is-layout-flow wp-block-column-is-layout-flow\">\n<p style=\"font-size:21px\">A halottnak vallom\u00e1st kellett tennie Oz\u00edrisz \u00e9s Ma\u2019at el\u0151tt. Ezzel a vallom\u00e1ssal l\u00e9nyeg\u00e9ben sz\u00e1mot vet \u00e9let\u00e9r\u0151l, viselked\u00e9s\u00e9r\u0151l \u00e9s cselekedeteinek min\u0151s\u00e9g\u00e9r\u0151l. Ezzel a vallom\u00e1ssal nyilatkozatot tesz az isteneknek, hogy val\u00f3ban az isteni rend szab\u00e1lyait tartotta-e szem el\u0151tt \u00e9let\u00e9ben, igaz ember m\u00f3dj\u00e1ra \u00e9lt, m\u00e1soknak k\u00e1rt, szomor\u00fas\u00e1got, bajt, kellemetlens\u00e9get nem okozott, nem volt kapzsi, er\u0151szakos, hazug vagy \u00f6nz\u0151&#8230;<\/p>\n\n\n\n<p><\/p>\n\n\n\n<p style=\"font-size:20px\">&#8220;<em>\u00dcdv n\u00e9ked hatalmas, isten, T\u00f6rv\u00e9ny \u00e9s Igazs\u00e1g Ura!<\/em><\/p>\n\n\n\n<p style=\"font-size:20px\"><em>\u00cdme, most sz\u00edned el\u00e9 j\u00e1rulok!<\/em><\/p>\n\n\n\n<p style=\"font-size:20px\"><em>Engedd, hogy megcsod\u00e1ljam sug\u00e1rz\u00f3 sz\u00e9ps\u00e9gedet!<\/em><\/p>\n\n\n\n<p style=\"font-size:20px\"><em>Mert m\u00e1gikus neved \u00e9pp\u00fagy ismerem,<\/em><\/p>\n\n\n\n<p style=\"font-size:20px\"><em>Mint a negyvenk\u00e9t isten\u00e9t, kik k\u00f6r\u00fclvesznek t\u00e9ged<\/em><\/p>\n\n\n\n<p style=\"font-size:20px\"><em>A t\u00f6rv\u00e9ny \u00e9s igazs\u00e1g f\u00e9nyl\u0151 csarnok\u00e1ban,<\/em><\/p>\n\n\n\n<p style=\"font-size:20px\"><em>Azon a napon, mikor el\u0151sz\u00e1ml\u00e1ltatnak a b\u0171n\u00f6k<\/em><\/p>\n\n\n\n<p style=\"font-size:20px\"><em>Osiris sz\u00edne el\u0151tt.<\/em><\/p>\n\n\n\n<p style=\"font-size:20px\"><em>Amiatt istenek t\u00e1pl\u00e1l\u00e9ka a k\u00e1rhozottak v\u00e9re\u2026<\/em><\/p>\n\n\n\n<p style=\"font-size:20px\"><em>A te neved:<\/em><\/p>\n\n\n\n<p style=\"font-size:20px\"><em>\u201cA Vil\u00e1g Ura, kinek szemei a k\u00e9t isteni n\u0151v\u00e9r.\u201d<\/em><\/p>\n\n\n\n<p style=\"font-size:20px\"><em>L\u00e1sd, a T\u00f6rv\u00e9nyt \u00e9s Igazs\u00e1got<\/em><\/p>\n\n\n\n<p style=\"font-size:20px\"><em>\u00c9n a sz\u00edvemben hordozom,<\/em><\/p>\n\n\n\n<p style=\"font-size:20px\"><em>Mert a rosszat kit\u00e9ptem bel\u0151le gy\u00f6kerest\u0151l.<\/em><\/p>\n\n\n\n<p style=\"font-size:20px\"><em>Nem okoztam szenved\u00e9st embereknek,<\/em><\/p>\n\n\n\n<p style=\"font-size:20px\"><em>Csal\u00e1dom tagjaival sem voltam er\u0151szakos.<\/em><\/p>\n\n\n\n<p style=\"font-size:20px\"><em>Igazs\u00e1got hamiss\u00e1gra f\u00f6l nem cser\u00e9ltem.<\/em><\/p>\n\n\n\n<p style=\"font-size:20px\"><em>Sil\u00e1ny emberekkel nem k\u00f6z\u00f6sk\u00f6dtem soha.<\/em><\/p>\n\n\n\n<p style=\"font-size:20px\"><em>Nem tettem t\u00f6rv\u00e9nytelent,<\/em><\/p>\n\n\n\n<p style=\"font-size:20px\"><em>\u00c9s nem dolgoztattam m\u00e9rt\u00e9ken fel\u00fcl m\u00e1sokat.<\/em><\/p>\n\n\n\n<p style=\"font-size:20px\"><em>Hogy g\u0151g\u00f6met t\u00e1pl\u00e1ljam,<\/em><\/p>\n\n\n\n<p style=\"font-size:20px\"><em>Rangot nem szereztem soha.<\/em><\/p>\n\n\n\n<p style=\"font-size:20px\"><em>Szolg\u00e1imat nem gy\u00f6t\u00f6rtem.<\/em><\/p>\n\n\n\n<p style=\"font-size:20px\"><em>Nem k\u00e1romoltam az isteneket.<\/em><\/p>\n\n\n\n<p style=\"font-size:20px\"><em>Sz\u0171k\u00f6lk\u00f6d\u0151k sz\u00e1j\u00e1t\u00f3l nem vontam meg a falatot.<\/em><\/p>\n\n\n\n<p style=\"font-size:20px\"><em>Idegen el\u0151ttem minden, mi az isteneknek ut\u00e1latos.<\/em><\/p>\n\n\n\n<p style=\"font-size:20px\"><em>Sohasem hagytam, hogy \u00far a szolg\u00e1j\u00e1t megk\u00ednozza.<\/em><\/p>\n\n\n\n<p style=\"font-size:20px\"><em>Oka nem voltam szenved\u00e9snek,<\/em><\/p>\n\n\n\n<p style=\"font-size:20px\"><em>\u00c9h\u00edns\u00e9get sem okoztam soha.<\/em><\/p>\n\n\n\n<p style=\"font-size:20px\"><em>Ember miattam sohasem k\u00f6nnyezett.<\/em><\/p>\n\n\n\n<p style=\"font-size:20px\"><em>Nem \u00f6ltem, \u00e9s nem bujtattam senkit gyilkol\u00e1sra.<\/em><\/p>\n\n\n\n<p style=\"font-size:20px\"><em>Nem terjesztettem rag\u00e1lyt az emberek k\u00f6z\u00f6tt.<\/em><\/p>\n\n\n\n<p style=\"font-size:20px\"><em>Olt\u00e1rr\u00f3l adom\u00e1nyt nem oroztam,<\/em><\/p>\n\n\n\n<p style=\"font-size:20px\"><em>Nem loptam el az istenek szent kenyer\u00e9t.<\/em><\/p>\n\n\n\n<p style=\"font-size:20px\"><em>Adom\u00e1nyaikt\u00f3l nem fosztottam meg<\/em><\/p>\n\n\n\n<p style=\"font-size:20px\"><em>A szent szellemeket.<\/em><\/p>\n\n\n\n<p style=\"font-size:20px\"><em>A templomban gyal\u00e1zatoss\u00e1got nem cselekedtem.<\/em><\/p>\n\n\n\n<p style=\"font-size:20px\"><em>\u00c1ldozati adom\u00e1nyaimat nem cs\u00f6kkentettem.<\/em><\/p>\n\n\n\n<p style=\"font-size:20px\"><em>Nem pr\u00f3b\u00e1ltam csal\u00e1rds\u00e1ggal n\u00f6velni vagyonomat,<\/em><\/p>\n\n\n\n<p style=\"font-size:20px\"><em>M\u00e1s f\u00f6ldj\u00e9t jogtalanul a magam\u00e9hoz nem csatoltam.<\/em><\/p>\n\n\n\n<p style=\"font-size:20px\"><em>Hamis s\u00falyokat nem haszn\u00e1ltam,<\/em><\/p>\n\n\n\n<p style=\"font-size:20px\"><em>A m\u00e9r\u00e9sn\u00e9l nem csaltam soha.<\/em><\/p>\n\n\n\n<p style=\"font-size:20px\"><em>Gyermekek sz\u00e1j\u00e1t\u00f3l nem vontam meg a tejet.<\/em><\/p>\n\n\n\n<p style=\"font-size:20px\"><em>M\u00e1s marh\u00e1j\u00e1t el nem hajtottam.<\/em><\/p>\n\n\n\n<p style=\"font-size:20px\"><em>Csapd\u00e1kat nem \u00e1ll\u00edtottam, s nem ejtettem t\u0151rbe<\/em><\/p>\n\n\n\n<p style=\"font-size:20px\"><em>Az istenek liget\u00e9ben a sz\u00e1rnyasokat.<\/em><\/p>\n\n\n\n<p style=\"font-size:20px\"><em>Szent vizeikb\u0151l nem fogtam halat.<\/em><\/p>\n\n\n\n<p style=\"font-size:20px\"><em>Nem tart\u00f3ztattam fel a vizet \u00e1rad\u00e1s idej\u00e9n,<\/em><\/p>\n\n\n\n<p style=\"font-size:20px\"><em>S nem rong\u00e1ltam meg a g\u00e1takat.<\/em><\/p>\n\n\n\n<p style=\"font-size:20px\"><em>Nem oldottam el a templomok \u00e1ldozati barmait.<\/em><\/p>\n\n\n\n<p style=\"font-size:20px\"><em>Nem sz\u00e1lltam szembe az istenek akarat\u00e1val.<\/em><\/p>\n\n\n\n<p style=\"font-size:20px\"><em>Tiszta vagyok! Tiszta vagyok!<\/em><\/p>\n\n\n\n<p style=\"font-size:20px\"><em>Tiszta vagyok! Tiszta vagyok!<\/em><\/p>\n\n\n\n<p style=\"font-size:20px\"><em>Mint Herakleopolis hatalmas f\u0151nixe, oly tiszta vagyok!<\/em><\/p>\n\n\n\n<p style=\"font-size:20px\"><em>Mert \u00e9n vagyok a l\u00e9legzet ura;<\/em><\/p>\n\n\n\n<p style=\"font-size:20px\"><em>A beavatottak l\u00e9t\u00e9t \u00e9n biztos\u00edtom az \u00fcnnep napjain<\/em><\/p>\n\n\n\n<p style=\"font-size:20px\"><em>E f\u00f6ld isteni ur\u00e1nak sz\u00edne el\u0151tt,<\/em><\/p>\n\n\n\n<p style=\"font-size:20px\"><em>Mid\u0151n Heliopolis f\u00f6l\u00f6tt delel\u0151re \u00e9r Horus Isteni Szeme.<\/em><\/p>\n\n\n\n<p style=\"font-size:20px\"><em>L\u00e1ttam f\u00f6lkelni az Isteni Szemet Heliopolisban,<\/em><\/p>\n\n\n\n<p style=\"font-size:20px\"><em>Ez\u00e9rt ne s\u00fajtson balsors, csap\u00e1s e t\u00e1jon,<\/em><\/p>\n\n\n\n<p style=\"font-size:20px\"><em>Sem a T\u00f6rv\u00e9ny \u00e9s Igazs\u00e1g f\u00e9nyteli termeiben!<\/em><\/p>\n\n\n\n<p style=\"font-size:20px\"><em>Mert j\u00f3l ismerem az istenek nev\u00e9t,<\/em><\/p>\n\n\n\n<p style=\"font-size:20px\"><em>Kik Maatot k\u00eds\u00e9rik, \u0151t, a nagy istenn\u0151t,<\/em><\/p>\n\n\n\n<p style=\"font-size:20px\"><em>T\u00f6rv\u00e9ny \u00e9s Igazs\u00e1g Istenasszony\u00e1t.<\/em>&#8220;<\/p>\n\n\n\n<p style=\"font-size:20px\"><em>(CXXV. fejezet, Egyiptomi halottask\u00f6nyv, Farkas L\u0151ricz Kiad\u00f3 1994)<\/em><\/p>\n\n\n\n<p><\/p>\n\n\n\n<p style=\"font-size:21px\">Aki igaznak bizonyult, bel\u00e9phetett Ozirisz csarnok\u00e1ba az \u00f6r\u00f6kk\u00e9val\u00f3s\u00e1gba. A halott \u201emegism\u00e9telhette az \u00e9letet\u201d, vagyis \u00f6r\u00f6k \u00e9letet nyert. Ett\u0151l kezdve lehetett \u201eigazhang\u00fanak\u201d vagy \u201emegigazultnak\u201d mondani.<\/p>\n\n\n\n<p style=\"font-size:21px\">Ha a halott \u00e9let\u00e9ben el\u0151fordultak ugyan kisebb v\u00e9tkek, \u00e1m bel\u00e1tta hib\u00e1it, \u00e9s m\u00e9g \u00e9let\u00e9ben igyekezett j\u00f3cselekedetekkel ellens\u00falyozni esetleges kor\u00e1bbi b\u0171neit, akkor Anubisz isten seg\u00edts\u00e9ge \u00e9s j\u00f3indulata \u00e1ltal es\u00e9lye volt, hogy bel\u00e9phessen a t\u00falvil\u00e1gra.<\/p>\n\n\n\n<p style=\"font-size:21px\">Az \u00f3kori Egyiptomban tiszt\u00e1ban voltak az ember esend\u0151s\u00e9g\u00e9vel, azzal, hogy nem vagyunk t\u00f6k\u00e9letesek, hiba n\u00e9lk\u00fcliek&#8230; \u00c1m ha ezt tudom\u00e1sul vessz\u00fck, \u00e9s tudatosan arra t\u00f6reksz\u00fcnk, hogy sokkal t\u00f6bb j\u00f3t tegy\u00fcnk \u00e9let\u00fcnkben, mint rosszat, akkor m\u00e1r j\u00f3l teljes\u00edtett\u00fck \u00e9let\u00fcnk feladat\u00e1t. Tudatos v\u00e1laszt\u00e1sunk, hogy j\u00f3 \u00e9letet \u00e9l\u00fcnk, m\u00e9g ha ez nehezebb is, mint hogy k\u00f6nnyebb, de hib\u00e1kkal, rossz cselekedetekkel teli \u00e9letet v\u00e1laszjuk. Az \u00f3kori egyiptomi hitvil\u00e1g szerint a j\u00f3 \u00e9s \u00f6nzetlen cselekedetek azok, amik val\u00f3j\u00e1ban sz\u00e1m\u00edtanak&#8230; Ha az igazs\u00e1got, Ma&#8217;at rendj\u00e9t t\u00e1mogatjuk cselekedeteinkkel, ha seg\u00edtj\u00fck az elesetteket, a r\u00e1szorul\u00f3kat, ha ki\u00e1llunk azok \u00e9rdek\u00e9ben, akik nem tudj\u00e1k ezt megtenni, ha igazat sz\u00f3lunk, ha igazat cseleksz\u00fcnk, m\u00e9g ha neh\u00e9z is. <strong>Az igaz sz\u00f3, az \u00f6nzetlen j\u00f3 sz\u00e1nd\u00e9k, az igaz cselekedet&#8230; csak ezek amik igaz\u00e1n fontosak.<\/strong><\/p>\n\n\n\n<p style=\"font-size:21px\">Ha a halott sz\u00edve neh\u00e9znek tal\u00e1ltatott, mert a sok b\u0171n nagy s\u00falya leh\u00fazta, akkor a m\u00e9rleg l\u00e1b\u00e1n\u00e1l \u00fcl\u0151 Ammit (vagyis a halottfal\u00f3) a krokodilfej\u0171, mells\u0151 r\u00e9sz\u00e9n oroszl\u00e1nra, als\u00f3 r\u00e9sz\u00e9n v\u00edzil\u00f3ra eml\u00e9keztet\u0151 fenevad azonnal felfalta a halott (romlotts\u00e1gt\u00f3l neh\u00e9z) sz\u00edv\u00e9t. Ilyenkor a halott nem l\u00e9phetett be Oz\u00edrisz isten \u00f6r\u00f6kk\u00e9val\u00f3s\u00e1g\u00e1ba, hanem vissza kellett sz\u00fcletni a f\u00f6ldre, hogy hib\u00e1it kijav\u00edtsa.<\/p>\n<\/div>\n<\/div>\n\n\n\n<div class=\"wp-block-columns is-layout-flex wp-container-core-columns-is-layout-9d6595d7 wp-block-columns-is-layout-flex\">\n<div class=\"wp-block-column is-layout-flow wp-block-column-is-layout-flow\"><div class=\"wp-block-image\">\n<figure class=\"aligncenter size-large is-resized\"><img loading=\"lazy\" decoding=\"async\" width=\"1024\" height=\"576\" src=\"https:\/\/www.egyptforever.hu\/ildiko\/wp-content\/uploads\/2024\/06\/ammit-1024x576.jpg\" alt=\"\" class=\"wp-image-11249\" style=\"width:1138px;height:auto\" srcset=\"https:\/\/www.egyptforever.hu\/ildiko\/wp-content\/uploads\/2024\/06\/ammit-1024x576.jpg 1024w, https:\/\/www.egyptforever.hu\/ildiko\/wp-content\/uploads\/2024\/06\/ammit-300x169.jpg 300w, https:\/\/www.egyptforever.hu\/ildiko\/wp-content\/uploads\/2024\/06\/ammit-768x432.jpg 768w, https:\/\/www.egyptforever.hu\/ildiko\/wp-content\/uploads\/2024\/06\/ammit.jpg 1280w\" sizes=\"auto, (max-width: 1024px) 100vw, 1024px\" \/><figcaption class=\"wp-element-caption\">Ammit<\/figcaption><\/figure>\n<\/div><\/div>\n<\/div>\n\n\n\n<div class=\"wp-block-columns is-layout-flex wp-container-core-columns-is-layout-9d6595d7 wp-block-columns-is-layout-flex\">\n<div class=\"wp-block-column is-layout-flow wp-block-column-is-layout-flow\">\n<p style=\"font-size:21px\">Mi\u00e9rt lehet \u00e9rdekes mindez sz\u00e1munkra? Mi mindent tanulhatunk az \u0151si egyiptomiak hitvil\u00e1g\u00e1b\u00f3l? <\/p>\n\n\n\n<p style=\"font-size:21px\">A halott l\u00e9lek vallom\u00e1s\u00e1nak sz\u00f6veg\u00e9ben olyan \u00f6r\u00f6k\u00e9rv\u00e9ny\u0171, eszenci\u00e1lis igazs\u00e1gt\u00e9telek szerepelnek, melyek kort\u00f3l, hitt\u0151l, vall\u00e1st\u00f3l, nemzets\u00e9gekt\u0151l f\u00fcggetlenek. \u00cdgy mai modern korunkban \u00e9pp \u00fagy \u00e9rv\u00e9nyesek, mint \u00e9vezredekkel ezel\u0151tt.<\/p>\n\n\n\n<p style=\"font-size:21px\">Rohan\u00f3 vil\u00e1gunkban, mikor az egy\u00e9ni \u00e9rdekeket a k\u00f6z\u00f6ss\u00e9g \u00e9rdekei f\u00f6l\u00e9 helyezz\u00fck, futunk a hatalom, a p\u00e9nz, a siker ut\u00e1n, taposunk m\u00e1sokon az el\u0151bbrejut\u00e1s\u00e9rt, a megszerzend\u0151 el\u0151ny\u00f6k kedv\u00e9\u00e9rt. Len\u00e9zz\u00fck \u00e9s kihaszn\u00e1ljuk a n\u00e1lunk alacsonyabb szinten \u00e9l\u0151ket, kiszipolyozzuk a term\u00e9szetet, elpuszt\u00edtjuk az \u00e1llatokat \u00e9s a k\u00f6r\u00fcl\u00f6tt\u00fcnk l\u00e9v\u0151 vil\u00e1got. Csak a m\u00e1nak \u00e9l\u00fcnk \u00e9s nem gondolunk a holnapra. \u00dagy \u00e9l\u00fcnk itt a F\u00f6ld\u00f6n, mintha lenne m\u00e9g m\u00e1sik h\u00e1rom tartal\u00e9kbolyg\u00f3nk, \u00e9s nem sz\u00e1m\u00edtana semmi, amit tesz\u00fcnk&#8230; Pedig nagyon is sz\u00e1m\u00edt! <\/p>\n\n\n\n<p class=\"has-black-color has-text-color has-link-color wp-elements-13021ec8b2a417b3bca05219b02c91a4\" style=\"font-size:21px\">A val\u00f3s\u00e1g az, hogy az egyik j\u00f6v\u0151beli \u201cholnapi napunk\u201d az utols\u00f3 lesz&#8230; hiszen a hal\u00e1l mindenkit utol\u00e9r. B\u00e1rmilyen vall\u00e1s\u00faak vagyunk, minden vall\u00e1s r\u00e9sze egy \u201cmegm\u00e9rettet\u00e9s&#8221;, &#8220;sz\u00e1mot ad\u00e1s\u201d \u00e9let\u00fcnk cselekedeteir\u0151l. Ebben az egy dologban nem v\u00e1ltoztak a n\u00e9zetek. \u00c9s \u00edgy azonnal feltehetj\u00fck magunknak azt a fontos k\u00e9rd\u00e9st, hogy val\u00f3ban felk\u00e9sz\u00fclt\u00fcnk erre a sz\u00e1mad\u00e1sra? <strong>Val\u00f3ban igaz \u00e9letet \u00e9lt\u00fcnk?<\/strong><\/p>\n\n\n\n<p style=\"font-size:21px\">A vil\u00e1g olyan, amilyen&#8230; \u00e1m <strong>a cselekedeteink, d\u00f6nt\u00e9seink minket min\u0151s\u00edtenek. <\/strong>A szabad akarat nagy lehet\u0151s\u00e9g \u00e9s nagy felel\u0151ss\u00e9g egyszerre, ezt ne feledj\u00fck. Mivel sosem tudhatjuk meddig \u00e9l\u00fcnk, tal\u00e1n most van itt az ideje \u00f6nvizsg\u00e1latot tartanunk, hogy megvizsg\u00e1ljuk \u00e9let\u00fcnket \u00e9s jav\u00edtsunk rajta, am\u00edg m\u00f3dunkban \u00e1ll&#8230;<\/p>\n<\/div>\n<\/div>\n\n\n\n<hr class=\"wp-block-separator has-alpha-channel-opacity\"\/>\n\n\n\n<p><\/p>\n\n\n\n<p style=\"font-size:19px\">Hasonl\u00f3 t\u00e9m\u00e1j\u00fa cikkek:<\/p>\n\n\n\n<ul class=\"wp-block-list\">\n<li style=\"font-size:19px\"><a href=\"https:\/\/www.egyptforever.hu\/ildiko\/?p=15716\" title=\"\">Az egyiptomi alvil\u00e1g<\/a><\/li>\n\n\n\n<li style=\"font-size:19px\"><a href=\"https:\/\/www.egyptforever.hu\/ildiko\/?p=15704\" title=\"\">Az \u00f3kori egyiptomi t\u00falvil\u00e1g kapui \u00e9s \u0151riz\u0151i<\/a><\/li>\n\n\n\n<li style=\"font-size:19px\"><a href=\"https:\/\/www.egyptforever.hu\/ildiko\/?p=14979\" title=\"\">Ani papirusza<\/a><\/li>\n\n\n\n<li style=\"font-size:19px\"><a href=\"https:\/\/www.egyptforever.hu\/ildiko\/?p=14663\" title=\"\">A negat\u00edv gy\u00f3n\u00e1s<\/a><\/li>\n<\/ul>\n\n\n\n<p><\/p>\n\n\n\n<p><em>Egypt Forever &#8211; K\u00f3sa Ildik\u00f3 idegenvezet\u0151<\/em><\/p>\n<div style='text-align:right' class='yasr-auto-insert-overall'><\/div><div style='text-align:right' class='yasr-auto-insert-visitor'><\/div>","protected":false},"excerpt":{"rendered":"<p>A Kett\u0151s Igazs\u00e1g Csarnoka az a hely, ahol a halott sz\u00edv\u00e9nek a m\u00e9rlegel\u00e9se t\u00f6rt\u00e9nt. Ozirisz tr\u00f3nusa el\u0151tt \u00e1ll\u00edtott\u00e1k fel az igazs\u00e1got m\u00e9r\u0151 m\u00e9rleget. Ennek egyik serpeny\u0151j\u00e9be a halott sz\u00edve, vagy az azt helyettes\u00edt\u0151 nagym\u00e9ret\u0171 skarabeusz, a \u201esz\u00edvskarabeusz\u201d ker\u00fclt, a m\u00e1sikba pedig Ma&#8217;at istenn\u0151 alakja, vagy az \u0151t helyettes\u00edt\u0151 strucctoll.<\/p>\n","protected":false},"author":1,"featured_media":3402,"comment_status":"closed","ping_status":"open","sticky":false,"template":"","format":"standard","meta":{"om_disable_all_campaigns":false,"_monsterinsights_skip_tracking":false,"_monsterinsights_sitenote_active":false,"_monsterinsights_sitenote_note":"","_monsterinsights_sitenote_category":0,"yasr_overall_rating":0,"yasr_post_is_review":"","yasr_auto_insert_disabled":"","yasr_review_type":"","footnotes":""},"categories":[39,366,489],"tags":[363,258,414,169,48,490],"class_list":["post-11246","post","type-post","status-publish","format-standard","has-post-thumbnail","hentry","category-az-egyiptomi-kultura","category-egyiptom-mitologiaja","category-spiritualis-egyiptom","tag-egyiptomi-mitologia","tag-halottkultusz","tag-hitvilag","tag-mitologia","tag-okori-egyiptom","tag-spiritualitas"],"aioseo_notices":[],"yasr_visitor_votes":{"stars_attributes":{"read_only":false,"span_bottom":false},"number_of_votes":4,"sum_votes":20},"_links":{"self":[{"href":"https:\/\/www.egyptforever.hu\/ildiko\/index.php?rest_route=\/wp\/v2\/posts\/11246","targetHints":{"allow":["GET"]}}],"collection":[{"href":"https:\/\/www.egyptforever.hu\/ildiko\/index.php?rest_route=\/wp\/v2\/posts"}],"about":[{"href":"https:\/\/www.egyptforever.hu\/ildiko\/index.php?rest_route=\/wp\/v2\/types\/post"}],"author":[{"embeddable":true,"href":"https:\/\/www.egyptforever.hu\/ildiko\/index.php?rest_route=\/wp\/v2\/users\/1"}],"replies":[{"embeddable":true,"href":"https:\/\/www.egyptforever.hu\/ildiko\/index.php?rest_route=%2Fwp%2Fv2%2Fcomments&post=11246"}],"version-history":[{"count":5,"href":"https:\/\/www.egyptforever.hu\/ildiko\/index.php?rest_route=\/wp\/v2\/posts\/11246\/revisions"}],"predecessor-version":[{"id":16358,"href":"https:\/\/www.egyptforever.hu\/ildiko\/index.php?rest_route=\/wp\/v2\/posts\/11246\/revisions\/16358"}],"wp:featuredmedia":[{"embeddable":true,"href":"https:\/\/www.egyptforever.hu\/ildiko\/index.php?rest_route=\/wp\/v2\/media\/3402"}],"wp:attachment":[{"href":"https:\/\/www.egyptforever.hu\/ildiko\/index.php?rest_route=%2Fwp%2Fv2%2Fmedia&parent=11246"}],"wp:term":[{"taxonomy":"category","embeddable":true,"href":"https:\/\/www.egyptforever.hu\/ildiko\/index.php?rest_route=%2Fwp%2Fv2%2Fcategories&post=11246"},{"taxonomy":"post_tag","embeddable":true,"href":"https:\/\/www.egyptforever.hu\/ildiko\/index.php?rest_route=%2Fwp%2Fv2%2Ftags&post=11246"}],"curies":[{"name":"wp","href":"https:\/\/api.w.org\/{rel}","templated":true}]}}