{"id":11377,"date":"2024-07-01T13:53:38","date_gmt":"2024-07-01T11:53:38","guid":{"rendered":"https:\/\/www.egyptforever.hu\/ildiko\/?p=11377"},"modified":"2024-07-01T13:53:40","modified_gmt":"2024-07-01T11:53:40","slug":"uj-greco-roman-kori-temeto-felfedezese-asszuanban","status":"publish","type":"post","link":"https:\/\/www.egyptforever.hu\/ildiko\/?p=11377","title":{"rendered":"\u00daj greco-rom\u00e1n kori temet\u0151 felfedez\u00e9se Asszu\u00e1nban"},"content":{"rendered":"\n<div class=\"wp-block-columns is-layout-flex wp-container-core-columns-is-layout-9d6595d7 wp-block-columns-is-layout-flex\">\n<div class=\"wp-block-column is-layout-flow wp-block-column-is-layout-flow\"><div class=\"wp-block-image\">\n<figure class=\"aligncenter size-large\"><img loading=\"lazy\" decoding=\"async\" width=\"1024\" height=\"683\" src=\"https:\/\/www.egyptforever.hu\/ildiko\/wp-content\/uploads\/2024\/07\/7kwhS9iWKqbx1Vs10as-1024x683.jpeg\" alt=\"\" class=\"wp-image-11378\" srcset=\"https:\/\/www.egyptforever.hu\/ildiko\/wp-content\/uploads\/2024\/07\/7kwhS9iWKqbx1Vs10as-1024x683.jpeg 1024w, https:\/\/www.egyptforever.hu\/ildiko\/wp-content\/uploads\/2024\/07\/7kwhS9iWKqbx1Vs10as-300x200.jpeg 300w, https:\/\/www.egyptforever.hu\/ildiko\/wp-content\/uploads\/2024\/07\/7kwhS9iWKqbx1Vs10as-768x512.jpeg 768w, https:\/\/www.egyptforever.hu\/ildiko\/wp-content\/uploads\/2024\/07\/7kwhS9iWKqbx1Vs10as-1536x1024.jpeg 1536w, https:\/\/www.egyptforever.hu\/ildiko\/wp-content\/uploads\/2024\/07\/7kwhS9iWKqbx1Vs10as-2048x1365.jpeg 2048w\" sizes=\"auto, (max-width: 1024px) 100vw, 1024px\" \/><\/figure>\n<\/div><\/div>\n<\/div>\n\n\n\n<div class=\"wp-block-columns is-layout-flex wp-container-core-columns-is-layout-9d6595d7 wp-block-columns-is-layout-flex\">\n<div class=\"wp-block-column is-layout-flow wp-block-column-is-layout-flow\">\n<p style=\"font-size:21px\">\u00dajsz\u00fcl\u00f6ttek \u00e9s serd\u00fcl\u0151k m\u00fami\u00e1it is rejti az a 33 s\u00edrhely, amire most bukkantak r\u00e1 Asszu\u00e1nban.<\/p>\n\n\n\n<p style=\"font-size:21px\">Az Egyiptom d\u00e9li r\u00e9sz\u00e9n, Asszu\u00e1n v\u00e1ros\u00e1ban nemr\u00e9giben felfedezett 33 \u00f3kori s\u00edr az orsz\u00e1g r\u00e9gis\u00e9g\u00fcgyi miniszt\u00e9riuma szerint \u00faj inform\u00e1ci\u00f3kat t\u00e1rhat fel a t\u00f6rt\u00e9nelmi betegs\u00e9gekr\u0151l. A s\u00edrok, amelyekre egy egyiptomi-olasz k\u00f6z\u00f6s r\u00e9g\u00e9szeti misszi\u00f3 sor\u00e1n bukkantak r\u00e1, az \u00f3kori Egyiptom k\u00e9sei korszak\u00e1b\u00f3l \u00e9s a g\u00f6r\u00f6g-r\u00f3mai id\u0151kb\u0151l sz\u00e1rmaznak.<\/p>\n\n\n\n<p style=\"font-size:21px\">Az id\u0151sz\u00e1m\u00edt\u00e1sunk el\u0151tti 7. sz\u00e1zadt\u00f3l az id\u0151sz\u00e1m\u00edt\u00e1sunk szerinti 4. sz\u00e1zadig terjed\u0151 s\u00edrokban tal\u00e1lt m\u00fami\u00e1k vizsg\u00e1lat\u00e1b\u00f3l Ayman Ashmawy r\u00e9gis\u00e9g\u00fcgyi vezet\u0151 szerint az der\u00fclt ki, hogy \u201eaz eltemetettek 30-40 sz\u00e1zal\u00e9ka fiatalon halt meg, \u00fajsz\u00fcl\u00f6ttk\u00e9nt vagy serd\u00fcl\u0151korban\u201d. A s\u00edreml\u00e9kek az \u00f3kori egyiptomi k\u00e9s\u0151i id\u0151szakra \u00e9s a g\u00f6r\u00f6g-r\u00f3mai id\u0151szakra ny\u00falnak vissza.<\/p>\n\n\n\n<p style=\"font-size:21px\">A temetkez\u00e9seket egy egyiptomi-olasz k\u00f6z\u00f6s r\u00e9g\u00e9szeti misszi\u00f3 tal\u00e1lta meg. Patrizia Piacentini, a Mil\u00e1n\u00f3i Egyetem egyiptol\u00f3gia \u00e9s r\u00e9g\u00e9szet professzora vezette az olasz r\u00e9g\u00e9szek csapat\u00e1t. Elmondta, hogy a maradv\u00e1nyokon v\u00e9gzett el\u0151zetes tanulm\u00e1nyok azt mutatt\u00e1k, hogy &#8220;egyesek fert\u0151z\u0151 betegs\u00e9gekben szenvedtek, m\u00edg m\u00e1sok csontrendszeri rendelleness\u00e9gekben szenvedtek&#8221;. T\u00f6bb feln\u0151tt n\u0151 maradv\u00e1nyain kismedencei csonts\u00e9r\u00fcl\u00e9s jelei mutatkoztak. M\u00e1s m\u00fami\u00e1k &#8220;v\u00e9rszeg\u00e9nys\u00e9get, alult\u00e1pl\u00e1lts\u00e1got, mellkasi betegs\u00e9geket, tuberkul\u00f3zist \u00e9s csontritkul\u00e1s jeleit jelezt\u00e9k&#8221; &#8211; mondta Piacentini a miniszt\u00e9rium k\u00f6zlem\u00e9ny\u00e9ben.<\/p>\n\n\n\n<p style=\"font-size:21px\">A tal\u00e1lt maradv\u00e1nyok k\u00f6z\u00f6tt volt &#8220;egy feln\u0151tt, tal\u00e1n egy n\u0151, \u00e9s egy gyermek, aki egy-k\u00e9t \u00e9ves kor\u00e1ban meghalhatott&#8221; &#8211; mondta Abdelmoneim Said, az Asszu\u00e1n \u00e9s Nubia Antiquities vez\u00e9rigazgat\u00f3ja. &#8220;A k\u00e9t test m\u00e9g mindig egy k\u0151kopors\u00f3ban volt egym\u00e1shoz r\u00f6gz\u00edtve&#8221; &#8211; \u200b\u200btette hozz\u00e1.<\/p>\n\n\n\n<p style=\"font-size:21px\">A misszi\u00f3 2018 \u00f3ta t\u00e1rja fel az Aga Khan mauz\u00f3leum k\u00f6r\u00fcli ter\u00fcletet, ahol Mahomed Shah szult\u00e1n van eltemetve, a N\u00edlus foly\u00f3 nyugati partj\u00e1n, k\u00f6zvetlen\u00fcl Asszu\u00e1n v\u00e1rosk\u00f6zpontj\u00e1val szemben.<\/p>\n<\/div>\n<\/div>\n\n\n\n<div class=\"wp-block-columns is-layout-flex wp-container-core-columns-is-layout-9d6595d7 wp-block-columns-is-layout-flex\">\n<div class=\"wp-block-column is-layout-flow wp-block-column-is-layout-flow\"><div class=\"wp-block-image\">\n<figure class=\"aligncenter size-full is-resized\"><img loading=\"lazy\" decoding=\"async\" width=\"1024\" height=\"682\" src=\"https:\/\/www.egyptforever.hu\/ildiko\/wp-content\/uploads\/2024\/07\/83uor8zRLnEbGWB0s.jpeg\" alt=\"\" class=\"wp-image-11380\" style=\"width:1141px;height:auto\" srcset=\"https:\/\/www.egyptforever.hu\/ildiko\/wp-content\/uploads\/2024\/07\/83uor8zRLnEbGWB0s.jpeg 1024w, https:\/\/www.egyptforever.hu\/ildiko\/wp-content\/uploads\/2024\/07\/83uor8zRLnEbGWB0s-300x200.jpeg 300w, https:\/\/www.egyptforever.hu\/ildiko\/wp-content\/uploads\/2024\/07\/83uor8zRLnEbGWB0s-768x512.jpeg 768w\" sizes=\"auto, (max-width: 1024px) 100vw, 1024px\" \/><\/figure>\n<\/div><\/div>\n<\/div>\n<div style='text-align:right' class='yasr-auto-insert-overall'><\/div><div style='text-align:right' class='yasr-auto-insert-visitor'><\/div>","protected":false},"excerpt":{"rendered":"<p>Az Egyiptom d\u00e9li r\u00e9sz\u00e9n, Asszu\u00e1n v\u00e1ros\u00e1ban nemr\u00e9giben felfedezett 33 \u00f3kori s\u00edr az orsz\u00e1g r\u00e9gis\u00e9g\u00fcgyi miniszt\u00e9riuma szerint \u00faj inform\u00e1ci\u00f3kat t\u00e1rhat fel a t\u00f6rt\u00e9nelmi betegs\u00e9gekr\u0151l. A s\u00edrok, amelyekre egy egyiptomi-olasz k\u00f6z\u00f6s r\u00e9g\u00e9szeti misszi\u00f3 sor\u00e1n bukkantak r\u00e1, az \u00f3kori Egyiptom k\u00e9sei korszak\u00e1b\u00f3l \u00e9s a g\u00f6r\u00f6g-r\u00f3mai id\u0151kb\u0151l sz\u00e1rmaznak.<\/p>\n","protected":false},"author":1,"featured_media":11379,"comment_status":"closed","ping_status":"open","sticky":false,"template":"","format":"standard","meta":{"om_disable_all_campaigns":false,"_monsterinsights_skip_tracking":false,"_monsterinsights_sitenote_active":false,"_monsterinsights_sitenote_note":"","_monsterinsights_sitenote_category":0,"yasr_overall_rating":0,"yasr_post_is_review":"","yasr_auto_insert_disabled":"","yasr_review_type":"","footnotes":""},"categories":[40,47],"tags":[58,258,48,280],"class_list":["post-11377","post","type-post","status-publish","format-standard","has-post-thumbnail","hentry","category-hirek-es-erdekessegek","category-regeszeti-feltarasok","tag-greco-roman-idoszak","tag-halottkultusz","tag-okori-egyiptom","tag-regeszeti-felfedezesek"],"aioseo_notices":[],"yasr_visitor_votes":{"stars_attributes":{"read_only":false,"span_bottom":false},"number_of_votes":1,"sum_votes":5},"_links":{"self":[{"href":"https:\/\/www.egyptforever.hu\/ildiko\/index.php?rest_route=\/wp\/v2\/posts\/11377","targetHints":{"allow":["GET"]}}],"collection":[{"href":"https:\/\/www.egyptforever.hu\/ildiko\/index.php?rest_route=\/wp\/v2\/posts"}],"about":[{"href":"https:\/\/www.egyptforever.hu\/ildiko\/index.php?rest_route=\/wp\/v2\/types\/post"}],"author":[{"embeddable":true,"href":"https:\/\/www.egyptforever.hu\/ildiko\/index.php?rest_route=\/wp\/v2\/users\/1"}],"replies":[{"embeddable":true,"href":"https:\/\/www.egyptforever.hu\/ildiko\/index.php?rest_route=%2Fwp%2Fv2%2Fcomments&post=11377"}],"version-history":[{"count":2,"href":"https:\/\/www.egyptforever.hu\/ildiko\/index.php?rest_route=\/wp\/v2\/posts\/11377\/revisions"}],"predecessor-version":[{"id":11382,"href":"https:\/\/www.egyptforever.hu\/ildiko\/index.php?rest_route=\/wp\/v2\/posts\/11377\/revisions\/11382"}],"wp:featuredmedia":[{"embeddable":true,"href":"https:\/\/www.egyptforever.hu\/ildiko\/index.php?rest_route=\/wp\/v2\/media\/11379"}],"wp:attachment":[{"href":"https:\/\/www.egyptforever.hu\/ildiko\/index.php?rest_route=%2Fwp%2Fv2%2Fmedia&parent=11377"}],"wp:term":[{"taxonomy":"category","embeddable":true,"href":"https:\/\/www.egyptforever.hu\/ildiko\/index.php?rest_route=%2Fwp%2Fv2%2Fcategories&post=11377"},{"taxonomy":"post_tag","embeddable":true,"href":"https:\/\/www.egyptforever.hu\/ildiko\/index.php?rest_route=%2Fwp%2Fv2%2Ftags&post=11377"}],"curies":[{"name":"wp","href":"https:\/\/api.w.org\/{rel}","templated":true}]}}