{"id":11669,"date":"2025-07-14T13:22:03","date_gmt":"2025-07-14T11:22:03","guid":{"rendered":"https:\/\/www.egyptforever.hu\/ildiko\/?p=11669"},"modified":"2025-07-15T13:35:33","modified_gmt":"2025-07-15T11:35:33","slug":"egyiptom-mitikus-kiralyai","status":"publish","type":"post","link":"https:\/\/www.egyptforever.hu\/ildiko\/?p=11669","title":{"rendered":"Egyiptom m\u00edtikus kir\u00e1lyai"},"content":{"rendered":"\n<div class=\"wp-block-columns is-layout-flex wp-container-core-columns-is-layout-9d6595d7 wp-block-columns-is-layout-flex\">\n<div class=\"wp-block-column is-layout-flow wp-block-column-is-layout-flow\">\n<p style=\"font-size:18px\">Az \u00f3kori Egyiptom nagy piramisaival, fens\u00e9ges templomaival \u00e9s bonyolult hieroglif\u00e1ival mindig is leny\u0171g\u00f6zte a t\u00f6rt\u00e9n\u00e9szeket \u00e9s a rajong\u00f3kat. Ennek a civiliz\u00e1ci\u00f3nak a k\u00f6z\u00e9ppontj\u00e1ban a f\u00e1ra\u00f3k \u00e1lltak, az istenkir\u00e1lyok, akik a N\u00edlus f\u00f6ldj\u00e9t uralt\u00e1k. Ezek a rejt\u00e9lyes alakok nemcsak politikai vezet\u0151k voltak, hanem isteni k\u00f6zvet\u00edt\u0151knek is sz\u00e1m\u00edtottak az istenek \u00e9s az emberek k\u00f6z\u00f6tt. A f\u00e1ra\u00f3k mitol\u00f3gi\u00e1j\u00e1t, hatalm\u00e1t \u00e9s mindennapi \u00e9let\u00e9t leny\u0171g\u00f6z\u0151 mes\u00e9k \u00e9s t\u00e9nyek \u00f6vezik, amelyek tov\u00e1bbra is felkeltik az \u00e9rdekl\u0151d\u00e9s\u00fcnket. Mer\u00fclj\u00fcnk el a f\u00e1ra\u00f3k mag\u00e1val ragad\u00f3 vil\u00e1g\u00e1ban, \u00e9s fedezz\u00fck fel uralkod\u00e1suk leg\u00e9rdekesebb aspektusait.<\/p>\n\n\n\n<p style=\"font-size:18px\">Az egyiptomi <strong>m\u00edtikus kir\u00e1lyok<\/strong> olyan uralkod\u00f3k, akiket nem t\u00f6rt\u00e9nelmi alakokk\u00e9nt, hanem a mitol\u00f3gia, vall\u00e1si hagyom\u00e1nyok \u00e9s papi irodalom szerepl\u0151ik\u00e9nt tartunk sz\u00e1mon. \u0150k alkotj\u00e1k a f\u00e1ra\u00f3i hatalom isteni eredet\u00e9nek alapj\u00e1t, \u00e9s id\u0151ben az els\u0151 t\u00f6rt\u00e9nelmi dinaszti\u00e1k el\u0151tt uralkodtak \u2013 <strong>az isteni korszakok<\/strong> idej\u00e9n. Ezeket a kir\u00e1lyokat legink\u00e1bb a <strong>Turin\u00f3i kir\u00e1lylista<\/strong>, <strong>Maneth\u00f3n<\/strong>, illetve <strong>templomi sz\u00f6vegek<\/strong> eml\u00edtik meg, k\u00fcl\u00f6n\u00f6sen <strong>H\u00e9liopolisz<\/strong>, <strong>Edfu<\/strong>, \u00e9s <strong>Abydosz<\/strong> sz\u00f6vegforr\u00e1saiban.<\/p>\n\n\n\n<p><\/p>\n\n\n\n<h2 class=\"wp-block-heading\"><strong>Mitikus kir\u00e1lyok<\/strong><\/h2>\n\n\n\n<p style=\"font-size:18px\">Az egyiptomi mitol\u00f3gia szerint az id\u0151k hajnal\u00e1n isten-dinaszti\u00e1k uralkodtak az emberek \u00e9s Egyiptom felett, sok ezer \u00e9vig. Az uralkod\u00f3 istenek sz\u00e1ma \u00e9s rendje id\u0151k \u00e9s helysz\u00ednek szerint v\u00e1ltozott Egyiptomban. <\/p>\n\n\n\n<p style=\"font-size:18px\">Az \u00f3kori egyiptomi vil\u00e1gk\u00e9p szerint a kir\u00e1lys\u00e1g nem emberi tal\u00e1lm\u00e1ny, hanem <strong>isteni eredet\u0171 int\u00e9zm\u00e9ny<\/strong> volt. Az istenek uralkodtak el\u0151sz\u00f6r Egyiptomban, majd az isteni lesz\u00e1rmazottak, v\u00e9g\u00fcl a haland\u00f3 kir\u00e1lyok, akik m\u00e9g mindig a Maat (kozmikus rend) k\u00e9pvisel\u0151i voltak a f\u00f6ld\u00f6n. Ez az elk\u00e9pzel\u00e9s nem puszt\u00e1n teol\u00f3giai mese, hanem a hatalom legitimit\u00e1s\u00e1nak alapja: a f\u00e1ra\u00f3 az\u00e9rt uralkodik, mert az <strong>els\u0151 kir\u00e1lyok, az isteni uralkod\u00f3k<\/strong> rendj\u00e9nek \u00f6r\u00f6k\u00f6se.<\/p>\n\n\n\n<p style=\"font-size:18px\">Az isteni kir\u00e1lyok sor\u00e1t t\u00f6bbf\u00e9lek\u00e9pp rekonstru\u00e1lt\u00e1k. A <strong>Turin\u00f3i kir\u00e1lylista<\/strong> (i.e. 13. sz\u00e1zad) eml\u00edt\u00e9st tesz istenekr\u0151l, f\u00e9listenekr\u0151l, \u201eHor fiainak\u201d uralkod\u00e1s\u00e1r\u00f3l, s\u0151t \u00e9veket is rendel hozz\u00e1juk. <strong>Maneth\u00f3n<\/strong>, i.e. 3. sz\u00e1zadi egyiptomi pap-t\u00f6rt\u00e9net\u00edr\u00f3 szerint az els\u0151 uralkod\u00f3k istenek voltak, akiket f\u00e9listenek \u00e9s \u201edaim\u00f3nok\u201d k\u00f6vettek. E korszak uralkod\u00f3i nem emberi szem\u00e9lyek, hanem mitikus archet\u00edpusok. Mindegyik\u00fckh\u00f6z kapcsol\u00f3dik egy-egy <strong>kozmikus fordul\u00f3pont<\/strong>, p\u00e9ld\u00e1ul az emberis\u00e9g l\u00e9trehoz\u00e1sa, a hal\u00e1l \u00e9s t\u00falvil\u00e1g bevezet\u00e9se, vagy a rend \u00e9s k\u00e1osz harca. Szerep\u00fck kett\u0151s: <strong>kozmikus h\u0151s\u00f6k<\/strong> \u00e9s <strong>kir\u00e1lyi \u0151saty\u00e1k<\/strong>. A m\u00edtikus kir\u00e1lyok uralkod\u00e1sa a vil\u00e1g keletkez\u00e9s\u00e9nek id\u0151szak\u00e1ba esik, \u00edgy gyakran kapcsol\u00f3dnak az <strong>\u0151steremt\u00e9s<\/strong> narrat\u00edv\u00e1j\u00e1hoz is. A vil\u00e1gra hozatal (k\u00fcl\u00f6n\u00f6sen H\u00e9liopoliszban) egyben <strong>a kir\u00e1lys\u00e1g sz\u00fclet\u00e9se<\/strong> is: R\u00e9 isten kir\u00e1ly lett, uralkod\u00e1sa alatt a vil\u00e1g rendezett\u00e9 v\u00e1lt.<\/p>\n\n\n\n<p style=\"font-size:18px\">A legelterjedtebb az un. Memphiszi Teol\u00f3gia, mely szerint <strong>Atum<\/strong>, a teremt\u0151 volt az els\u0151 kir\u00e1ly. Ut\u00e1na <strong>R\u00e9 napisten <\/strong>uralkodott, majd \u0151t fia, <strong>Su, a leveg\u0151 istene<\/strong> k\u00f6vette&#8230;<\/p>\n\n\n\n<h3 class=\"wp-block-heading\">A m\u00edtikus kir\u00e1lyok legfontosabb sorozata:<\/h3>\n\n\n\n<ol start=\"1\" class=\"wp-block-list\">\n<li style=\"font-size:18px\"><strong>R\u00e9<\/strong> \u2013 a napisten, az els\u0151 kir\u00e1ly, aki f\u00e9nybe bor\u00edtotta a vil\u00e1got.<\/li>\n\n\n\n<li style=\"font-size:18px\"><strong>Su \u00e9s Tefnut<\/strong> \u2013 a leveg\u0151 \u00e9s nedvess\u00e9g isteni ikerp\u00e1rja.<\/li>\n\n\n\n<li style=\"font-size:18px\"><strong>Geb <\/strong>&#8211; A f\u00f6ld ura<\/li>\n\n\n\n<li style=\"font-size:18px\"><strong>Nut<\/strong> \u2013 az \u00e9g \u00farn\u0151je.<\/li>\n\n\n\n<li style=\"font-size:18px\"><strong>Ozirisz<\/strong> \u00e9s \u00cdzisz \u2013 az igazs\u00e1gos uralkod\u00f3, a hal\u00e1l \u00e9s \u00fajj\u00e1sz\u00fclet\u00e9s p\u00e9ldak\u00e9pe. A kir\u00e1lyn\u0151 \u00e9s anya, Ozirisz feles\u00e9ge, H\u00f3rusz anyja.<\/li>\n\n\n\n<li style=\"font-size:18px\"><strong>Szehmet \u00e9s Bastet<\/strong> \u2013 az uralkod\u00f3i hatalom n\u0151i arcai.<\/li>\n\n\n\n<li style=\"font-size:18px\"><strong>Sz\u00e9th<\/strong> \u2013 k\u00e1osz-isten, Ozirisz gyilkosa, Egyiptom megoszt\u00f3 ura.<\/li>\n\n\n\n<li style=\"font-size:18px\"><strong>H\u00f3rusz<\/strong> \u2013 az isteni tr\u00f3n\u00f6r\u00f6k\u00f6s, Egyiptom \u00fajraegyes\u00edt\u0151je.<\/li>\n\n\n\n<li style=\"font-size:18px\">Majd j\u00f6nnek az \u00fagynevezett \u201e<strong>H\u00f3rusz fiai<\/strong>\u201d \u2013 f\u00e9lig isteni, f\u00e9lig emberi kir\u00e1lyok, akik egyre ink\u00e1bb \u00e1tmenetet k\u00e9peznek az isteni korszak \u00e9s az emberi t\u00f6rt\u00e9nelem k\u00f6z\u00f6tt.<\/li>\n<\/ol>\n\n\n\n<p style=\"font-size:18px\">Ez a mitikus t\u00f6rt\u00e9nelem k\u00fcl\u00f6n\u00f6sen fontos szerepet j\u00e1tszott a paps\u00e1g, f\u0151leg a <strong>Ptolemaiosz-kori templomi sz\u00f6vegek<\/strong> szerkeszt\u00e9s\u00e9ben. P\u00e9ld\u00e1ul az <strong>edfui templomban<\/strong> a vil\u00e1g teremt\u00e9se \u00e9s H\u00f3rusz harca Sz\u00e9th ellen nem csak m\u00edtosz, hanem \u201et\u00f6rt\u00e9nelem\u201d is: \u00edgy biztos\u00edtj\u00e1k a jelenlegi (Ptolemaiosz) kir\u00e1ly legitimit\u00e1s\u00e1t, mintegy visszacsatolva \u0151t H\u00f3ruszhoz.<\/p>\n\n\n\n<p style=\"font-size:18px\">Egy m\u00e1sik forr\u00e1s, a <strong>Szenzef-sz\u00f6vegek<\/strong> (pl. a Kir\u00e1lyi palota sz\u00f6vegei vagy a Szakkarai lista) gyakran utalnak arra, hogy ezek az \u0151si kir\u00e1lyok \u201esok ezer \u00e9vig uralkodtak\u201d, \u00e9s megteremtett\u00e9k a papiruszra \u00edrt b\u00f6lcsess\u00e9get, a templomi tud\u00e1st, a Maat rendszer\u00e9t.<\/p>\n\n\n\n<h3 class=\"wp-block-heading\">A m\u00edtikus kir\u00e1lyok teh\u00e1t:<\/h3>\n\n\n\n<ul class=\"wp-block-list\">\n<li style=\"font-size:18px\"><strong>teremt\u0151k<\/strong>, akik rendet hoztak a vil\u00e1gba,<\/li>\n\n\n\n<li style=\"font-size:18px\"><strong>p\u00e9ldak\u00e9pek<\/strong>, akik erk\u00f6lcsi rendet k\u00e9pviselnek,<\/li>\n\n\n\n<li style=\"font-size:18px\"><strong>el\u0151k\u00e9pz\u0151i<\/strong> a f\u00e1ra\u00f3k isteni szerep\u00e9nek.<\/li>\n<\/ul>\n\n\n\n<p style=\"font-size:18px\">K\u00fcl\u00f6n\u00f6sen <strong>R\u00e9<\/strong>, <strong>Ozirisz<\/strong> \u00e9s <strong>H\u00f3rusz<\/strong> a h\u00e1rom legfontosabb minta, akik egyben a f\u00e1ra\u00f3 h\u00e1rmas arculat\u00e1t is meghat\u00e1rozz\u00e1k:<\/p>\n\n\n\n<ul class=\"wp-block-list\">\n<li style=\"font-size:18px\"><strong>R\u00e9<\/strong>: az isteni vil\u00e1goss\u00e1g ura \u2013 a f\u00e1ra\u00f3 nappali, isteni \u00e9nje,<\/li>\n\n\n\n<li style=\"font-size:18px\"><strong>Ozirisz<\/strong>: a hal\u00e1lon t\u00fali b\u00edr\u00f3 \u00e9s \u00fajj\u00e1sz\u00fclet\u00e9s rem\u00e9nye \u2013 a f\u00e1ra\u00f3 holt form\u00e1ja,<\/li>\n\n\n\n<li style=\"font-size:18px\"><strong>H\u00f3rusz<\/strong>: az \u00e9l\u0151 f\u00e1ra\u00f3, a tr\u00f3n \u00f6r\u00f6k\u00f6se.<\/li>\n<\/ul>\n\n\n\n<div class=\"wp-block-columns is-layout-flex wp-container-core-columns-is-layout-9d6595d7 wp-block-columns-is-layout-flex\">\n<div class=\"wp-block-column is-layout-flow wp-block-column-is-layout-flow\">\n<figure class=\"wp-block-image size-full\"><img loading=\"lazy\" decoding=\"async\" width=\"700\" height=\"500\" src=\"https:\/\/www.egyptforever.hu\/ildiko\/wp-content\/uploads\/2025\/07\/geb.jpg\" alt=\"\" class=\"wp-image-15058\" srcset=\"https:\/\/www.egyptforever.hu\/ildiko\/wp-content\/uploads\/2025\/07\/geb.jpg 700w, https:\/\/www.egyptforever.hu\/ildiko\/wp-content\/uploads\/2025\/07\/geb-300x214.jpg 300w\" sizes=\"auto, (max-width: 700px) 100vw, 700px\" \/><\/figure>\n<\/div>\n\n\n\n<div class=\"wp-block-column is-layout-flow wp-block-column-is-layout-flow\">\n<figure class=\"wp-block-image size-large\"><img loading=\"lazy\" decoding=\"async\" width=\"1024\" height=\"683\" src=\"https:\/\/www.egyptforever.hu\/ildiko\/wp-content\/uploads\/2025\/07\/egyptian-gods-book-of-the-dead-for-the-chantress-of-amun-nany-met-museum-1024x683.jpg\" alt=\"\" class=\"wp-image-15059\" srcset=\"https:\/\/www.egyptforever.hu\/ildiko\/wp-content\/uploads\/2025\/07\/egyptian-gods-book-of-the-dead-for-the-chantress-of-amun-nany-met-museum-1024x683.jpg 1024w, https:\/\/www.egyptforever.hu\/ildiko\/wp-content\/uploads\/2025\/07\/egyptian-gods-book-of-the-dead-for-the-chantress-of-amun-nany-met-museum-300x200.jpg 300w, https:\/\/www.egyptforever.hu\/ildiko\/wp-content\/uploads\/2025\/07\/egyptian-gods-book-of-the-dead-for-the-chantress-of-amun-nany-met-museum-768x512.jpg 768w, https:\/\/www.egyptforever.hu\/ildiko\/wp-content\/uploads\/2025\/07\/egyptian-gods-book-of-the-dead-for-the-chantress-of-amun-nany-met-museum-1536x1024.jpg 1536w, https:\/\/www.egyptforever.hu\/ildiko\/wp-content\/uploads\/2025\/07\/egyptian-gods-book-of-the-dead-for-the-chantress-of-amun-nany-met-museum.avif 1920w\" sizes=\"auto, (max-width: 1024px) 100vw, 1024px\" \/><\/figure>\n<\/div>\n<\/div>\n\n\n\n<h3 class=\"wp-block-heading\"><strong>1. R\u00e9<\/strong> <\/h3>\n\n\n\n<p style=\"font-size:18px\">A teremt\u0151 \u00e9s els\u0151 kir\u00e1ly, H\u00e9liopoliszban a vil\u00e1goss\u00e1g megszem\u00e9lyes\u00edt\u0151je. Haj\u00f3n j\u00e1rta be az eget \u00e9s az alvil\u00e1got. \u0150 hozta l\u00e9tre a rendet (Maat), a kir\u00e1lyi hatalom mintak\u00e9pe.<\/p>\n\n\n\n<ul class=\"wp-block-list\">\n<li style=\"font-size:18px\"><strong>Forr\u00e1s:<\/strong> Edfu templom, I. oszlopcsarnok feliratai (\u201eBevezet\u00e9s a Teremt\u00e9s idej\u00e9be\u201d)<\/li>\n\n\n\n<li style=\"font-size:18px\"><strong>Sz\u00f6vegr\u00e9szlet:<\/strong> <em>\u201e\u0150 volt az, aki el\u0151sz\u00f6r \u00fclt a Kir\u00e1lyi Tr\u00f3nra a Mennyei Oszlopok f\u00f6l\u00f6tt, f\u00e9nyk\u00e9nt bor\u00edtva be a f\u00f6ldet \u00e9s rendet osztva minden l\u00e9leknek. A Kir\u00e1lys\u00e1g a saj\u00e1t f\u00e9nyszem\u00e9b\u0151l fakadt.\u201d<\/em><\/li>\n\n\n\n<li style=\"font-size:18px\"><strong>\u00c9rtelmez\u00e9s:<\/strong> R\u00e9 az els\u0151 kir\u00e1ly, tr\u00f3nra \u00fcl\u00e9s\u00e9nek aktusa egyen\u00e9rt\u00e9k\u0171 a Maat l\u00e9trehoz\u00e1s\u00e1val. A f\u00e1ra\u00f3 tr\u00f3nra l\u00e9p\u00e9se e ritu\u00e1lis mozzanat ism\u00e9tl\u00e9se.<\/li>\n<\/ul>\n\n\n\n<p><\/p>\n\n\n\n<h3 class=\"wp-block-heading\"><strong>2. Su \u00e9s Tefnut<\/strong><\/h3>\n\n\n\n<p style=\"font-size:18px\">R\u00e9 lehelet\u00e9b\u0151l sz\u00fcletett, a leveg\u0151 istene, Geb \u00e9s Nut sz\u00fclei. SU v\u00e1lasztotta sz\u00e9t az eget \u00e9s a f\u00f6ldet, hogy megteremtse a vil\u00e1g ter\u00e9t. Tefnut Su p\u00e1rja, a nedvess\u00e9g \u00e9s rend istenn\u0151je. Egy\u00fctt jelentik az els\u0151 dinamikus teremt\u0151p\u00e1rt, a vil\u00e1g egyens\u00faly\u00e1nak biztos\u00edt\u00f3i.<\/p>\n\n\n\n<ul class=\"wp-block-list\">\n<li style=\"font-size:18px\"><strong>Forr\u00e1s:<\/strong> H\u00e9liopoliszi teremt\u00e9sm\u00edtosz, rekonstru\u00e1lt forr\u00e1s a Piramissz\u00f6vegek 1248\u20131255 alapj\u00e1n<\/li>\n\n\n\n<li style=\"font-size:18px\"><strong>Sz\u00f6vegr\u00e9szlet:<\/strong> <em>\u201e\u0150k voltak ketten, kik k\u00fcl\u00f6nv\u00e1ltak a V\u00e9gtelen V\u00edzb\u0151l. Su tr\u00f3nra \u00fclt a l\u00e9legzet jog\u00e1n, Tefnut pedig koron\u00e1t viselt, mely p\u00e1r\u00e1v\u00e1 v\u00e1lt az istenek orraiban.\u201d<\/em><\/li>\n\n\n\n<li style=\"font-size:18px\"><strong>\u00c9rtelmez\u00e9s:<\/strong> \u0150k a vil\u00e1gt\u00e9r megteremt\u0151i, az els\u0151 isteni rendp\u00e1r. A sz\u00e9tv\u00e1l\u00e1s aktusa kir\u00e1lyi alapm\u00edtosz.<\/li>\n<\/ul>\n\n\n\n<p><\/p>\n\n\n\n<h3 class=\"wp-block-heading\"><strong>3. Geb<\/strong> <\/h3>\n\n\n\n<p style=\"font-size:18px\">A f\u00f6ld istene, a vil\u00e1grend egyik oszlopa. Apja a H\u00f3rusz-vonulatnak, \u00e9s \u00e1tadta Egyiptom tr\u00f3nj\u00e1t Ozirisznek.<\/p>\n\n\n\n<ul class=\"wp-block-list\">\n<li style=\"font-size:18px\"><strong>Forr\u00e1s:<\/strong> Edfui templom, \u201eA F\u00f6ld koron\u00e1z\u00e1sa\u201d felirat, k\u00fcls\u0151 fal, nyugati oldalon<\/li>\n\n\n\n<li style=\"font-size:18px\"><strong>Sz\u00f6vegr\u00e9szlet:<\/strong> <em>\u201eGeb uralkodott a F\u00f6ld\u00f6n, mikor az m\u00e9g z\u00f6ld \u00e9s p\u00e1r\u00e1z\u00f3 volt, \u00e9s \u0151 volt az, aki elosztotta a K\u00e9t Orsz\u00e1g \u00f6r\u00f6ks\u00e9g\u00e9t gyermekei k\u00f6z\u00f6tt.\u201d<\/em><\/li>\n\n\n\n<li style=\"font-size:18px\"><strong>\u00c9rtelmez\u00e9s:<\/strong> A \u201eK\u00e9t Orsz\u00e1g\u201d (Fels\u0151- \u00e9s Als\u00f3-Egyiptom) fogalma Geb idej\u00e9ig ny\u00falik vissza. A f\u00e1ra\u00f3 az \u0151 \u00f6r\u00f6k\u00f6se, aki \u00fajraegyes\u00edti az orsz\u00e1got.<\/li>\n<\/ul>\n\n\n\n<p><\/p>\n\n\n\n<h3 class=\"wp-block-heading\"><strong>4. Nut<\/strong><\/h3>\n\n\n\n<p style=\"font-size:18px\">Az \u00e9g istenn\u0151je, a csillagok anyja, minden \u00e9jjel lenyeli R\u00e9-t, \u00e9s reggel megsz\u00fcli \u00fajra. Anyai figura \u00e9s a t\u00falvil\u00e1g kapuja.<\/p>\n\n\n\n<ul class=\"wp-block-list\">\n<li style=\"font-size:18px\"><strong>Forr\u00e1s:<\/strong> Dendera, Hathor templom mennyezeti csillagt\u00e9rk\u00e9pe \u00e9s \u201e\u00c9gi sz\u00fclet\u00e9s k\u00f6nyve\u201d<\/li>\n\n\n\n<li style=\"font-size:18px\"><strong>Sz\u00f6vegr\u00e9szlet:<\/strong> <em>\u201eNut asszony sz\u00fcli meg a Napot minden hajnalban, s \u0151 tartja karjai k\u00f6z\u00f6tt az id\u0151k rendj\u00e9t. Az istenek tr\u00f3nja csillagokb\u00f3l k\u00e9sz\u00fclt.\u201d<\/em><\/li>\n\n\n\n<li style=\"font-size:18px\"><strong>\u00c9rtelmez\u00e9s:<\/strong> Nut az \u00e9gi kir\u00e1lys\u00e1g megtestes\u00edt\u0151je. A f\u00e1ra\u00f3 \u201eNut fia\u201d \u2013 vagyis \u00e9gi eredet\u0171.<\/li>\n<\/ul>\n\n\n\n<p><\/p>\n\n\n\n<h3 class=\"wp-block-heading\"><strong>5. Ozirisz \u00e9s \u00cdzisz<\/strong><\/h3>\n\n\n\n<p style=\"font-size:18px\">Egy m\u00e1sik egyiptomi hagyom\u00e1ny szerint az orsz\u00e1g els\u0151 kir\u00e1lya maga\u00a0 Oz\u00edrisz volt, aki igazs\u00e1gosan korm\u00e1nyzott. Testv\u00e9re Sz\u00e9th meg\u00f6lte, de feles\u00e9ge \u00cdzisz felt\u00e1masztotta. Az orsz\u00e1g tr\u00f3nj\u00e1\u00e9rt folytatott harcban alulmaradt \u00f6ccs\u00e9vel, Sz\u00e9thtel szemben, \u00e9s \u0151 lett az alvil\u00e1g kir\u00e1lya \u00e9s a felt\u00e1mad\u00e1s istene. A kir\u00e1lyi m\u00e9lt\u00f3s\u00e1g hal\u00e1l ut\u00e1ni form\u00e1ja. \u00cdzisz Ozirisz feles\u00e9ge \u00e9s H\u00f3rusz anyja, a m\u00e1gia, v\u00e9delem \u00e9s kir\u00e1lyn\u0151i hatalom istenn\u0151je. \u0150 tan\u00edtotta meg H\u00f3ruszt uralkodni, \u00e9s megbosszulta Oziriszt.  <\/p>\n\n\n\n<ul class=\"wp-block-list\">\n<li><strong>Forr\u00e1s:<\/strong> Abydosz, Ozirisz szent\u00e9lye; Halottak K\u00f6nyve (pl. 17., 125. fejezet)<\/li>\n\n\n\n<li><strong>Sz\u00f6vegr\u00e9szlet:<\/strong> <em>\u201e\u0150 volt az, aki igazs\u00e1got tett a vil\u00e1gban, s akinek hal\u00e1l\u00e1val kezd\u0151d\u00f6tt az \u00fajj\u00e1sz\u00fclet\u00e9s rendje. Tr\u00f3nj\u00e1t a nyugat kapuj\u00e1ban \u00e1ll\u00edtotta fel, hogy \u00edt\u00e9lkezzen minden l\u00e9lek f\u00f6l\u00f6tt.\u201d<\/em><\/li>\n\n\n\n<li><strong>\u00c9rtelmez\u00e9s:<\/strong> A f\u00e1ra\u00f3 hal\u00e1la ut\u00e1n Ozirisz-sz\u00e9 v\u00e1lik. A temet\u00e9si ritu\u00e1l\u00e9 ennek \u00fajraj\u00e1tsz\u00e1sa.<\/li>\n<\/ul>\n\n\n\n<p><\/p>\n\n\n\n<h3 class=\"wp-block-heading\"><strong>6.  Szekhmet \u00e9s Basztet<\/strong><\/h3>\n\n\n\n<p style=\"font-size:18px\"><strong>Szekhmet<\/strong> \u00e9s <strong>Basztet<\/strong>, akik nemcsak fontos n\u0151i istens\u00e9gek, hanem <strong>az isteni hatalom n\u0151i aspektusai<\/strong> is \u2013 k\u00fcl\u00f6n\u00f6sen a <strong>kir\u00e1lys\u00e1g v\u00e9delmi \u00e9s harci dimenzi\u00f3j\u00e1ban<\/strong>. <br>Szekhmet neve jelent\u00e9se: <em>\u201eAki hatalommal b\u00edr\u201d<\/em> (a \u201eszekh\u201d-b\u0151l: er\u0151, hatalom). \u0150 R\u00e9 le\u00e1nya, a Nap szeme, aki <strong>a f\u00e1ra\u00f3i hatalom harcos aspektus\u00e1t<\/strong> k\u00e9pviseli. A m\u00edtosz szerint, amikor az emberis\u00e9g fell\u00e1zadt R\u00e9 ellen, \u0151 Szekhmetet k\u00fcldte a puszt\u00edt\u00e1sukra. Szekhmet olyannyira elragadtatta mag\u00e1t, hogy szinte kiirtotta az emberis\u00e9get, m\u00edgnem R\u00e9 s\u00f6rrel \u00e9s gr\u00e1n\u00e1talm\u00e1val (v\u00e9rsz\u00edn\u0171 ital) le nem itatta \u0151t, hogy lecsillapodjon. Basztet az anyai v\u00e9delem \u00e9s az \u00e9rz\u00e9kek istenn\u0151je, de harcba is sz\u00e1ll, ha azokat vesz\u00e9ly fenyegeti, akiket v\u00e9d.<\/p>\n\n\n\n<ul class=\"wp-block-list\">\n<li style=\"font-size:18px\"><strong>Forr\u00e1s:<\/strong> Karnaki Szekhmet-k\u00e1polna; Edfu templom \u2013 \u201eA Szem istenn\u0151 haragja\u201d felirat. Bubasztiszi templom romjai; Dendera Hathor-templom d\u00edsz\u00edt\u0151feliratai; Edfu templom \u2013 <em>\u201eA Sz\u00e9ps\u00e9g Szeme\u201d <\/em>ciklus<\/li>\n\n\n\n<li style=\"font-size:18px\"><strong>Sz\u00f6vegr\u00e9szlet:<\/strong> \u201e<em>Aki a L\u00e1ng Koron\u00e1j\u00e1t viseli, Szekhmet \u00farn\u0151, \u0151 vezeti a f\u00e1ra\u00f3 karj\u00e1t a csat\u00e1ban. \u0150 az, aki egyetlen pillant\u00e1ssal t\u00fczet gy\u00fajt a K\u00e1oszban, \u00e9s igazs\u00e1got sz\u00fcl az ellens\u00e9g hamuj\u00e1n.<\/em>\u201d<\/li>\n\n\n\n<li style=\"font-size:18px\"><strong>Sz\u00f6vegr\u00e9szlet:<\/strong> \u201e<em>\u0150, aki sz\u00e9ps\u00e9gk\u00e9nt sz\u00fcletett a Nap szem\u00e9b\u0151l, \u00e9s zene rezg\u00e9s\u00e9ben j\u00e1r. Basztet, az \u00e9des dalok \u00farn\u0151je, ki karmait csak azok ellen emeli, kik a Maat ellen v\u00e9tkeznek.<\/em>\u201d<\/li>\n\n\n\n<li style=\"font-size:18px\">\u00c9rtelmez\u00e9s: Szekhmet <strong>a bels\u0151 t\u0171z megszel\u00edd\u00edt\u00e9se<\/strong>. A f\u00e1ra\u00f3 (vagy a spiritu\u00e1lis keres\u0151) akkor v\u00e1lik igaz kir\u00e1lly\u00e1, ha nem elnyomja, hanem tudatosan uralja az erej\u00e9t. A templomi beavat\u00e1sok sor\u00e1n gyakori \u201ekapu\u0151rn\u0151\u201d vagy \u201e\u0151rz\u0151 t\u0171z\u201d. Basztet k\u00e9pviseli <strong>az \u00f6r\u00f6m, testis\u00e9g \u00e9s anyai szeretet isteni arc\u00e1t<\/strong> \u2013 nem b\u0171n\u00f6s vagy alantas, hanem szakr\u00e1lis. A f\u00e1ra\u00f3 (vagy keres\u0151) akkor teljes, ha nem veti el az \u00f6r\u00f6m\u00f6t, hanem azt is a Ma&#8217;at szolg\u00e1lat\u00e1ba \u00e1ll\u00edtja.<\/li>\n<\/ul>\n\n\n\n<p><\/p>\n\n\n\n<h3 class=\"wp-block-heading\"><strong>7. Sz\u00e9th<\/strong><\/h3>\n\n\n\n<p style=\"font-size:18px\">A k\u00e1osz, vihar \u00e9s puszt\u00edt\u00f3 er\u0151 istene. Ozirisz testv\u00e9re \u00e9s gyilkosa, de Egyiptom egy r\u00e9sz\u00e9nek urak\u00e9nt is szerepel. K\u00e9s\u0151bb H\u00f3russzal v\u00edvott harcot a tr\u00f3n\u00e9rt. Oz\u00edrisz meggyilkol\u00e1sa ut\u00e1n \u0151 uralkodott &#8211; \u00e1ll\u00edt\u00f3lag mintegy 400 \u00e9vig &#8211; Egyiptom tr\u00f3nj\u00e1n. Oz\u00edrisz jogos \u00f6r\u00f6k\u00f6se, H\u00f3rusz el\u0151sz\u00f6r h\u00e1bor\u00fat vezetett ellene, de seregeivel nem tudta megt\u00f6rni nagyb\u00e1tyja hatalm\u00e1t, ez\u00e9rt az Isteni Kilencs\u00e9ghez fordult jogorvoslat\u00e9rt. 60 \u00e9vi peresked\u00e9s \u00e9s rengeteg p\u00e1rviadal ut\u00e1n H\u00f3rusz ker\u00fclt ki gy\u0151ztesen, \u00e9s elfoglalta jogos hely\u00e9t Egyiptom tr\u00f3njain. (ld. H\u00f3rusz \u00e9s Sz\u00e9th harcai.)<\/p>\n\n\n\n<ul class=\"wp-block-list\">\n<li style=\"font-size:18px\"><strong>Forr\u00e1s:<\/strong> Edfu templom, \u201eHarc Sz\u00e9th ellen\u201d m\u00edtosz-feliratok, bels\u0151 falak<\/li>\n\n\n\n<li style=\"font-size:18px\"><strong>Sz\u00f6vegr\u00e9szlet:<\/strong> <em>\u201eSz\u00e9th tr\u00f3nra l\u00e9pett, mikor a rend megingott, \u00e9s s\u00f6t\u00e9ts\u00e9g t\u00f6lt\u00f6tte be az \u00e9g haj\u00f3j\u00e1t. De a napkorong hangj\u00e1ra megriadt, \u00e9s sz\u00e1m\u0171zet\u00e9sbe vonult.\u201d<\/em><\/li>\n\n\n\n<li style=\"font-size:18px\"><strong>\u00c9rtelmez\u00e9s:<\/strong> A k\u00e1osz ideiglenesen is tr\u00f3nra ker\u00fclhet. A f\u00e1ra\u00f3 feladata: vissza\u00e1ll\u00edtani a Ma&#8217;at-ot.<\/li>\n<\/ul>\n\n\n\n<p><\/p>\n\n\n\n<h3 class=\"wp-block-heading\"><strong>8. H\u00f3rusz<\/strong><\/h3>\n\n\n\n<p style=\"font-size:18px\">Ozirisz fia, akinek gyermekk\u00e9nt kellett feln\u0151nie \u00e9s megharcolnia Sz\u00e9th ellen. \u0150 testes\u00edti meg az \u00e9l\u0151 f\u00e1ra\u00f3t. A gy\u0151ztes ifj\u00fa isten, akiben a rend diadalmaskodik a k\u00e1osz felett. Oz\u00edrisz jogos \u00f6r\u00f6k\u00f6sek\u00e9nt 60 \u00e9vi harc \u00e9s peresked\u00e9s ut\u00e1n foglalta vissza atyja tr\u00f3nj\u00e1t Sz\u00e9tht\u0151l. El\u0151sz\u00f6r az istenek \u00fagy pr\u00f3b\u00e1lt\u00e1k d\u0171l\u0151re vinni a vit\u00e1t, hogy elosztott\u00e1k a N\u00edlus-v\u00f6lgyet a k\u00e9t riv\u00e1lis k\u00f6z\u00f6tt. H\u00f3rusz lett Als\u00f3-Egyiptom (l\u00e9nyeg\u00e9ben a Delta), Sz\u00e9th pedig Fels\u0151-Egyiptom uralkod\u00f3ja. Ez a kett\u0151ss\u00e9g a leger\u0151sebb centraliz\u00e1ci\u00f3 idej\u00e9n is megmaradt \u00e9s v\u00e9gigvonult &#8211; nem egy esetben ny\u00edlt konfliktusk\u00e9nt &#8211; a birodalom t\u00f6rt\u00e9nelm\u00e9n.<\/p>\n\n\n\n<ul class=\"wp-block-list\">\n<li style=\"font-size:18px\"><strong>Forr\u00e1s:<\/strong> Edfu templom teljes H\u00f3rusz-ciklus, k\u00fcl\u00f6n\u00f6sen a \u201eTr\u00f3nvisszaszerz\u00e9s K\u00f6nyve\u201d (Ptolemaiosz-feliratok)<\/li>\n\n\n\n<li style=\"font-size:18px\"><strong>Sz\u00f6vegr\u00e9szlet:<\/strong> <em>\u201eH\u00f3rusz visszat\u00e9rt atyj\u00e1nak tr\u00f3nj\u00e1ra, s \u0151 lett a K\u00e9t Orsz\u00e1g Ura. Keze rendet emel, szava igazs\u00e1got zeng, szemei \u0151rzik a f\u00f6ldet.\u201d<\/em><\/li>\n\n\n\n<li style=\"font-size:18px\"><strong>\u00c9rtelmez\u00e9s:<\/strong> H\u00f3rusz = a f\u00e1ra\u00f3. Minden f\u00e1ra\u00f3 koron\u00e1z\u00e1sa e t\u00f6rt\u00e9net \u00fajraalkot\u00e1sa.<\/li>\n<\/ul>\n\n\n\n<p><\/p>\n\n\n\n<h3 class=\"wp-block-heading\"><strong>9. H\u00f3rusz fiai<\/strong><\/h3>\n\n\n\n<p>K\u00e9s\u0151bbi f\u00e9listeni kir\u00e1lyok, akik H\u00f3rusz v\u00e9rvonal\u00e1t viszik tov\u00e1bb. \u0150k m\u00e1r k\u00f6zelebb \u00e1llnak az emberi uralkod\u00f3khoz, \u00e9s gyakran \u00e1tmeneti figur\u00e1k az isteni \u00e9s t\u00f6rt\u00e9nelmi kor k\u00f6z\u00f6tt.<\/p>\n\n\n\n<ul class=\"wp-block-list\">\n<li style=\"font-size:18px\"><strong>Forr\u00e1s:<\/strong> Edfu templom \u2013 \u201eIsteni Uralkod\u00f3k sorozata\u201d, bels\u0151 falf\u00fclk\u00e9k (Ptolemaiosz uralkod\u00f3k saj\u00e1t isteni lesz\u00e1rmaz\u00e1sa)<\/li>\n\n\n\n<li style=\"font-size:18px\"><strong>Sz\u00f6vegr\u00e9szlet:<\/strong> <em>\u201e\u0150k, kik az els\u0151 id\u0151k tr\u00f3nusain \u00fcltek, kiknek neveit csak a papok tudj\u00e1k, de akik v\u00e9rvonala folyik a f\u00e1ra\u00f3 ereiben \u2013 \u0151k az isteni uralkod\u00f3k.\u201d<\/em><\/li>\n\n\n\n<li style=\"font-size:18px\"><strong>\u00c9rtelmez\u00e9s:<\/strong> A f\u00e1ra\u00f3 nemcsak ritu\u00e1lisan H\u00f3rusz, hanem v\u00e9r szerint is \u201eisteni kir\u00e1ly\u201d. A ptolemaiosz f\u00e1ra\u00f3k \u00edgy legitim\u00e1lj\u00e1k hatalmukat.<\/li>\n<\/ul>\n\n\n\n<p><\/p>\n\n\n\n<p style=\"font-size:18px\">A m\u00edtikus kir\u00e1lyok <strong>templomi sz\u00f6vegekben val\u00f3 megjelen\u00e9se<\/strong> k\u00fcl\u00f6n\u00f6sen fontos, mert ezek nemcsak mitol\u00f3giai t\u00f6rt\u00e9netek, hanem a kir\u00e1lyi hatalom <em>ritu\u00e1lis \u00e9s jogi alapjait<\/em> is k\u00f6zvet\u00edtik. A paps\u00e1g ezekkel a sz\u00f6vegekkel <strong>vall\u00e1si tekint\u00e9llyel ruh\u00e1zta fel<\/strong> a jelenkor f\u00e1ra\u00f3j\u00e1t, visszavezetve \u0151t az \u201eels\u0151 id\u0151k\u201d isteni uralkod\u00f3ihoz.<\/p>\n\n\n\n<p style=\"font-size:18px\">A k\u00f6vetkez\u0151ben bemutatom a m\u00edtikus kir\u00e1lyokhoz kapcsol\u00f3d\u00f3 <strong>legfontosabb templomi sz\u00f6vegeket \u00e9s forr\u00e1sokat<\/strong>. F\u0151k\u00e9nt h\u00e1rom templomkomplexumra t\u00e1maszkodunk:<\/p>\n\n\n\n<ul class=\"wp-block-list\">\n<li style=\"font-size:18px\"><strong>Edfu temploma<\/strong> (H\u00f3rusz kultuszk\u00f6zpontja, Ptolemaiosz-kori),<\/li>\n\n\n\n<li style=\"font-size:18px\"><strong>Dendera temploma<\/strong> (\u00cdzisz \u00e9s Hathor temploma, kozmikus \u00e9s anyai aspektusokkal),<\/li>\n\n\n\n<li style=\"font-size:18px\"><strong>Philae temploma<\/strong> (\u00cdzisz, Ozirisz, H\u00f3rusz csal\u00e1di mitol\u00f3gi\u00e1ja),<\/li>\n\n\n\n<li style=\"font-size:18px\">illetve <strong>Abydosz<\/strong>, Ozirisz \u0151si kultuszhelye, \u00e9s a <strong>H\u00e9liopoliszi kozmog\u00f3nia<\/strong> h\u00e1tt\u00e9rsz\u00f6vegei (pl. szt\u00e9l\u00e9k, kir\u00e1lylist\u00e1k).<\/li>\n<\/ul>\n\n\n\n<p><\/p>\n\n\n\n<p style=\"font-size:18px\">Maneth\u00f3n szerint az istenek ut\u00e1n a f\u00e9listenek, majd pedig a holtak lelkei uralkodtak. Ezeken n\u00e9v szerint egyetlen forr\u00e1s sem eml\u00edti, nev\u00fck m\u00e1r Maneth\u00f3n idej\u00e9ben is a m\u00falt hom\u00e1ly\u00e1ba veszett. Val\u00f3di kir\u00e1lyokr\u00f3l van sz\u00f3, vagy mitol\u00f3giai alakokr\u00f3l? Sz\u00e1mukra \u00e9s uralkod\u00e1suk id\u0151tartam\u00e1ra vonatkoz\u00f3lag sincs utal\u00e1s. Ezut\u00e1n l\u00e9p\u00fcnk be az \u00fan. t\u00f6rt\u00e9neti korba, az emberi kir\u00e1lyok kor\u00e1ba, mely a 0. dinaszti\u00e1val veszi kezdet\u00e9t i.e. 3000 k\u00f6rny\u00e9k\u00e9n.<\/p>\n\n\n\n<div class=\"wp-block-columns is-layout-flex wp-container-core-columns-is-layout-9d6595d7 wp-block-columns-is-layout-flex\">\n<div class=\"wp-block-column is-layout-flow wp-block-column-is-layout-flow\">\n<div class=\"wp-block-columns is-layout-flex wp-container-core-columns-is-layout-9d6595d7 wp-block-columns-is-layout-flex\">\n<div class=\"wp-block-column is-layout-flow wp-block-column-is-layout-flow\">\n<figure class=\"wp-block-image size-large\"><img loading=\"lazy\" decoding=\"async\" width=\"302\" height=\"1024\" src=\"https:\/\/www.egyptforever.hu\/ildiko\/wp-content\/uploads\/2024\/08\/Osiris-Egyptian-Museum-Berlin-302x1024.webp\" alt=\"\" class=\"wp-image-11670\" srcset=\"https:\/\/www.egyptforever.hu\/ildiko\/wp-content\/uploads\/2024\/08\/Osiris-Egyptian-Museum-Berlin-302x1024.webp 302w, https:\/\/www.egyptforever.hu\/ildiko\/wp-content\/uploads\/2024\/08\/Osiris-Egyptian-Museum-Berlin-453x1536.webp 453w, https:\/\/www.egyptforever.hu\/ildiko\/wp-content\/uploads\/2024\/08\/Osiris-Egyptian-Museum-Berlin.webp 472w\" sizes=\"auto, (max-width: 302px) 100vw, 302px\" \/><\/figure>\n<\/div>\n\n\n\n<div class=\"wp-block-column is-layout-flow wp-block-column-is-layout-flow\">\n<figure class=\"wp-block-image size-large\"><img loading=\"lazy\" decoding=\"async\" width=\"501\" height=\"1024\" src=\"https:\/\/www.egyptforever.hu\/ildiko\/wp-content\/uploads\/2024\/08\/Horus-Isis-calcite-Egypt-Brooklyn-Museum-New-525-bce-501x1024.webp\" alt=\"\" class=\"wp-image-11671\" srcset=\"https:\/\/www.egyptforever.hu\/ildiko\/wp-content\/uploads\/2024\/08\/Horus-Isis-calcite-Egypt-Brooklyn-Museum-New-525-bce-501x1024.webp 501w, https:\/\/www.egyptforever.hu\/ildiko\/wp-content\/uploads\/2024\/08\/Horus-Isis-calcite-Egypt-Brooklyn-Museum-New-525-bce-147x300.webp 147w, https:\/\/www.egyptforever.hu\/ildiko\/wp-content\/uploads\/2024\/08\/Horus-Isis-calcite-Egypt-Brooklyn-Museum-New-525-bce-768x1569.webp 768w, https:\/\/www.egyptforever.hu\/ildiko\/wp-content\/uploads\/2024\/08\/Horus-Isis-calcite-Egypt-Brooklyn-Museum-New-525-bce-752x1536.webp 752w, https:\/\/www.egyptforever.hu\/ildiko\/wp-content\/uploads\/2024\/08\/Horus-Isis-calcite-Egypt-Brooklyn-Museum-New-525-bce.webp 783w\" sizes=\"auto, (max-width: 501px) 100vw, 501px\" \/><\/figure>\n<\/div>\n<\/div>\n<\/div>\n\n\n\n<div class=\"wp-block-column is-layout-flow wp-block-column-is-layout-flow\">\n<div class=\"wp-block-columns is-layout-flex wp-container-core-columns-is-layout-9d6595d7 wp-block-columns-is-layout-flex\">\n<div class=\"wp-block-column is-layout-flow wp-block-column-is-layout-flow\">\n<figure class=\"wp-block-image size-large\"><img loading=\"lazy\" decoding=\"async\" width=\"679\" height=\"1024\" src=\"https:\/\/www.egyptforever.hu\/ildiko\/wp-content\/uploads\/2024\/08\/Statue-temple-Horus-Egypt-Idfu-679x1024.webp\" alt=\"\" class=\"wp-image-11672\" srcset=\"https:\/\/www.egyptforever.hu\/ildiko\/wp-content\/uploads\/2024\/08\/Statue-temple-Horus-Egypt-Idfu-679x1024.webp 679w, https:\/\/www.egyptforever.hu\/ildiko\/wp-content\/uploads\/2024\/08\/Statue-temple-Horus-Egypt-Idfu-199x300.webp 199w, https:\/\/www.egyptforever.hu\/ildiko\/wp-content\/uploads\/2024\/08\/Statue-temple-Horus-Egypt-Idfu-768x1158.webp 768w, https:\/\/www.egyptforever.hu\/ildiko\/wp-content\/uploads\/2024\/08\/Statue-temple-Horus-Egypt-Idfu-1019x1536.webp 1019w, https:\/\/www.egyptforever.hu\/ildiko\/wp-content\/uploads\/2024\/08\/Statue-temple-Horus-Egypt-Idfu.webp 1061w\" sizes=\"auto, (max-width: 679px) 100vw, 679px\" \/><\/figure>\n<\/div>\n\n\n\n<div class=\"wp-block-column is-layout-flow wp-block-column-is-layout-flow\">\n<figure class=\"wp-block-image size-full\"><img loading=\"lazy\" decoding=\"async\" width=\"388\" height=\"627\" src=\"https:\/\/www.egyptforever.hu\/ildiko\/wp-content\/uploads\/2024\/08\/EaseUS_2024_08_28_12_41_06.jpg\" alt=\"\" class=\"wp-image-11673\" srcset=\"https:\/\/www.egyptforever.hu\/ildiko\/wp-content\/uploads\/2024\/08\/EaseUS_2024_08_28_12_41_06.jpg 388w, https:\/\/www.egyptforever.hu\/ildiko\/wp-content\/uploads\/2024\/08\/EaseUS_2024_08_28_12_41_06-186x300.jpg 186w\" sizes=\"auto, (max-width: 388px) 100vw, 388px\" \/><\/figure>\n<\/div>\n<\/div>\n<\/div>\n<\/div>\n<\/div>\n<\/div>\n\n\n\n<h3 class=\"wp-block-heading\">Hivatkozott forr\u00e1sok jegyz\u00e9ke:<\/h3>\n\n\n\n<ol class=\"wp-block-list\">\n<li><strong>Edfui templomsz\u00f6vegek<\/strong> \u2013 l\u00e1sd: <em>Edfu Temple Texts<\/em>, Dieter Kurth ford\u00edt\u00e1sai, k\u00fcl\u00f6n\u00f6sen a \u201eMyth of the Winged Disk\u201d \u00e9s a \u201eFounding Rituals\u201d.<\/li>\n\n\n\n<li><strong>Piramissz\u00f6vegek<\/strong> \u2013 pl. PT 1248\u20131255: Su \u00e9s Tefnut megeml\u00edt\u00e9se.<\/li>\n\n\n\n<li><strong>Halottak K\u00f6nyve<\/strong> \u2013 17., 125., 162. fejezetek Oziriszr\u0151l, \u00cdziszr\u0151l, a t\u00falvil\u00e1gi b\u00edr\u00f3s\u00e1gr\u00f3l.<\/li>\n\n\n\n<li><strong>Denderai csillagmennyezet<\/strong> \u2013 Nut \u00e9s az \u00e9gi rend \u00e1br\u00e1zol\u00e1sa.<\/li>\n\n\n\n<li><strong>Maneth\u00f3n (t\u00f6red\u00e9kek)<\/strong> \u2013 az isteni \u00e9s f\u00e9listeni kir\u00e1lyok felsorol\u00e1sa.<\/li>\n\n\n\n<li><strong>Turin\u00f3i kir\u00e1lylista<\/strong> \u2013 \u201eistenek, f\u00e9listenek, H\u00f3rusz fiai\u201d uralkod\u00e1sai \u00e9vekkel.<\/li>\n\n\n\n<li><strong>Abydoszi kir\u00e1lylista<\/strong> \u2013 b\u00e1r f\u0151k\u00e9nt t\u00f6rt\u00e9nelmi kir\u00e1lyokat sorol fel, kezdetei a m\u00edtoszba ny\u00falnak vissza.<\/li>\n<\/ol>\n\n\n\n<p><\/p>\n<div style='text-align:right' class='yasr-auto-insert-overall'><\/div><div style='text-align:right' class='yasr-auto-insert-visitor'><\/div>","protected":false},"excerpt":{"rendered":"<p>Az \u00f3kori Egyiptom nagy piramisaival, fens\u00e9ges templomaival \u00e9s bonyolult hieroglif\u00e1ival mindig is leny\u0171g\u00f6zte a t\u00f6rt\u00e9n\u00e9szeket \u00e9s a rajong\u00f3kat. Ennek a civiliz\u00e1ci\u00f3nak a k\u00f6z\u00e9ppontj\u00e1ban a f\u00e1ra\u00f3k \u00e1lltak, az istenkir\u00e1lyok, akik a N\u00edlus f\u00f6ldj\u00e9t<a class=\"moretag\" href=\"https:\/\/www.egyptforever.hu\/ildiko\/?p=11669\">Tov\u00e1bbi inform\u00e1ci\u00f3\u2026<\/a><\/p>\n","protected":false},"author":1,"featured_media":15061,"comment_status":"closed","ping_status":"open","sticky":false,"template":"","format":"standard","meta":{"om_disable_all_campaigns":false,"_monsterinsights_skip_tracking":false,"_monsterinsights_sitenote_active":false,"_monsterinsights_sitenote_note":"","_monsterinsights_sitenote_category":0,"yasr_overall_rating":0,"yasr_post_is_review":"","yasr_auto_insert_disabled":"","yasr_review_type":"","footnotes":""},"categories":[366,406,489],"tags":[120,363,414,362,497,169,48],"class_list":["post-11669","post","type-post","status-publish","format-standard","has-post-thumbnail","hentry","category-egyiptom-mitologiaja","category-egyiptom-uralkodoi","category-spiritualis-egyiptom","tag-egyiptomi-istenek","tag-egyiptomi-mitologia","tag-hitvilag","tag-istenek","tag-kronologia","tag-mitologia","tag-okori-egyiptom"],"aioseo_notices":[],"yasr_visitor_votes":{"stars_attributes":{"read_only":false,"span_bottom":false},"number_of_votes":1,"sum_votes":5},"_links":{"self":[{"href":"https:\/\/www.egyptforever.hu\/ildiko\/index.php?rest_route=\/wp\/v2\/posts\/11669","targetHints":{"allow":["GET"]}}],"collection":[{"href":"https:\/\/www.egyptforever.hu\/ildiko\/index.php?rest_route=\/wp\/v2\/posts"}],"about":[{"href":"https:\/\/www.egyptforever.hu\/ildiko\/index.php?rest_route=\/wp\/v2\/types\/post"}],"author":[{"embeddable":true,"href":"https:\/\/www.egyptforever.hu\/ildiko\/index.php?rest_route=\/wp\/v2\/users\/1"}],"replies":[{"embeddable":true,"href":"https:\/\/www.egyptforever.hu\/ildiko\/index.php?rest_route=%2Fwp%2Fv2%2Fcomments&post=11669"}],"version-history":[{"count":6,"href":"https:\/\/www.egyptforever.hu\/ildiko\/index.php?rest_route=\/wp\/v2\/posts\/11669\/revisions"}],"predecessor-version":[{"id":15065,"href":"https:\/\/www.egyptforever.hu\/ildiko\/index.php?rest_route=\/wp\/v2\/posts\/11669\/revisions\/15065"}],"wp:featuredmedia":[{"embeddable":true,"href":"https:\/\/www.egyptforever.hu\/ildiko\/index.php?rest_route=\/wp\/v2\/media\/15061"}],"wp:attachment":[{"href":"https:\/\/www.egyptforever.hu\/ildiko\/index.php?rest_route=%2Fwp%2Fv2%2Fmedia&parent=11669"}],"wp:term":[{"taxonomy":"category","embeddable":true,"href":"https:\/\/www.egyptforever.hu\/ildiko\/index.php?rest_route=%2Fwp%2Fv2%2Fcategories&post=11669"},{"taxonomy":"post_tag","embeddable":true,"href":"https:\/\/www.egyptforever.hu\/ildiko\/index.php?rest_route=%2Fwp%2Fv2%2Ftags&post=11669"}],"curies":[{"name":"wp","href":"https:\/\/api.w.org\/{rel}","templated":true}]}}