{"id":1392,"date":"2023-02-25T19:57:27","date_gmt":"2023-02-25T18:57:27","guid":{"rendered":"https:\/\/www.egyptforever.hu\/ildiko\/?p=1392"},"modified":"2025-08-19T10:08:43","modified_gmt":"2025-08-19T08:08:43","slug":"howard-carter","status":"publish","type":"post","link":"https:\/\/www.egyptforever.hu\/ildiko\/?p=1392","title":{"rendered":"Howard Carter"},"content":{"rendered":"\n<div class=\"wp-block-columns is-layout-flex wp-container-core-columns-is-layout-9d6595d7 wp-block-columns-is-layout-flex\">\n<div class=\"wp-block-column is-vertically-aligned-top is-layout-flow wp-block-column-is-layout-flow\" style=\"flex-basis:33.33%\">\n<figure class=\"wp-block-gallery has-nested-images columns-default is-cropped wp-block-gallery-1 is-layout-flex wp-block-gallery-is-layout-flex\">\n<figure class=\"wp-block-image size-large\"><img loading=\"lazy\" decoding=\"async\" width=\"500\" height=\"765\" data-id=\"1393\" src=\"https:\/\/www.egyptforever.hu\/ildiko\/wp-content\/uploads\/2023\/02\/11.jpg\" alt=\"\" class=\"wp-image-1393\" srcset=\"https:\/\/www.egyptforever.hu\/ildiko\/wp-content\/uploads\/2023\/02\/11.jpg 500w, https:\/\/www.egyptforever.hu\/ildiko\/wp-content\/uploads\/2023\/02\/11-196x300.jpg 196w\" sizes=\"auto, (max-width: 500px) 100vw, 500px\" \/><\/figure>\n<\/figure>\n<\/div>\n\n\n\n<div class=\"wp-block-column is-vertically-aligned-top is-layout-flow wp-block-column-is-layout-flow\" style=\"flex-basis:66.66%\">\n<p class=\"has-medium-font-size\"><em>Howard Carter<\/em> 1874. m\u00e1jus 9-\u00e9n sz\u00fcletett Kensingtonban, egy fest\u0151 nyolc gyermeke k\u00f6z\u00fcl a legkisebbk\u00e9nt. A viktori\u00e1nus hagyom\u00e1nyok szellem\u00e9ben gyerekkor\u00e1t a csal\u00e1d vid\u00e9ki h\u00e1z\u00e1ban t\u00f6lt\u00f6tte, iskol\u00e1ztat\u00e1sa nem volt \u00e9ppen szab\u00e1lyszer\u0171. A kiv\u00e1l\u00f3 naturalista m\u0171v\u00e9sz minden gyermek\u00e9t maga tan\u00edtotta, \u00edgy term\u00e9szetesen f\u0151k\u00e9nt a rajzol\u00e1s \u00e9s fest\u00e9s alapjait saj\u00e1t\u00edtotta el. Howard \u00fagy n\u0151tt fel, hogy mindenk\u00e9pp m\u0171v\u00e9sz lesz. Hihetetlen precizit\u00e1sa \u00e9s elhivatotts\u00e1ga m\u00e1r kor\u00e1n megmutatkozott. M\u00e1r fiatalkor\u00e1ban megmutatkozott remek vonalvezet\u00e9se, \u00e9s \u00edg\u00e9retes v\u00edzfest\u0151tehets\u00e9g jellemezte. Mind\u00f6ssze 17 \u00e9vesen m\u00e1r szer\u00e9ny \u00e1ll\u00e1sa volt, amely \u00edg\u00e9retes j\u00f6v\u0151t jelentette akkoriban. <\/p>\n<\/div>\n<\/div>\n\n\n\n<div class=\"wp-block-columns is-layout-flex wp-container-core-columns-is-layout-9d6595d7 wp-block-columns-is-layout-flex\">\n<div class=\"wp-block-column is-layout-flow wp-block-column-is-layout-flow\">\n<p class=\"has-medium-font-size\">Amikor apja William Amhurst Tyssen-Amherstnek, a k\u00e9s\u0151bbi Lord Amherstnek, a korabeli Anglia egyik legnagyobb egyiptomi r\u00e9gis\u00e9ggy\u0171jtem\u00e9nye tulajdonos\u00e1nak otthon\u00e1ban dolgozott, a h\u00e1zigazda megismertette a fi\u00fat \u00e9rt\u00e9kes m\u0171kincseivel. A t\u00f6rt\u00e9nelem ir\u00e1nt \u00e9rdekl\u0151d\u0151 Howard figyelme Egyiptom fel\u00e9 fordult. Akkort\u00e1jt t\u00f6rt\u00e9nt, hogy a British M\u00fazeum munkat\u00e1rsa, az egyiptomi r\u00e9g\u00e9szeti munk\u00e1latokat v\u00e9gz\u0151 Percy Newberry egyiptol\u00f3gus egy mag\u00e1nszervezet, az Egypt Exploration Fund seg\u00edts\u00e9g\u00e9vel rajzol\u00f3t keresett az \u00e1ltala megkezdett Beni Hasszan-i \u00e9s el-Bersa-i s\u00edrok \u00e1br\u00e1zol\u00e1sainak \u00e9s feliratainak r\u00f6gz\u00edt\u00e9s\u00e9re \u00e9s az \u00fcgyeskez\u0171, sz\u00e9pen rajzol\u00f3, az \u00f3kori Egyiptom ir\u00e1nt \u00e9rdekl\u0151d\u0151 ifj\u00fa m\u0171v\u00e9szt aj\u00e1nlott\u00e1k a figyelm\u00e9be. Carter m\u00e1r ismerte valamennyire az egyiptomi r\u00e9gis\u00e9geket, ugyanis rajzokat k\u00e9sz\u00edtett a lord gy\u0171jtem\u00e9ny\u00e9nek darabjair\u00f3l. Azonban m\u00e9g sosem j\u00e1rt Egyiptomban, vagy Angli\u00e1n k\u00edv\u00fcl, m\u00e9gis 1891. \u0151sz\u00e9n m\u00e1r Egyiptom fel\u00e9 haj\u00f3zott.<\/p>\n<\/div>\n<\/div>\n\n\n\n<div class=\"wp-block-columns are-vertically-aligned-top is-layout-flex wp-container-core-columns-is-layout-9d6595d7 wp-block-columns-is-layout-flex\">\n<div class=\"wp-block-column is-vertically-aligned-top is-layout-flow wp-block-column-is-layout-flow\" style=\"flex-basis:66.66%\">\n<p class=\"has-medium-font-size\">P\u00e1r h\u00e9ttel k\u00e9s\u0151bb m\u00e1r asszisztensk\u00e9nt dolgozott azokon az el-amarnai \u00e1sat\u00e1sokon, melyeket Flinder Petrie vezetett, aki a 20. sz\u00e1zad legelej\u00e9nek legh\u00edresebb egyiptomi \u00e1sat\u00f3ja volt. Amarn\u00e1t ekkor m\u00e1r azonos\u00edtott\u00e1k Ahet-Atonnal, Ekhnaton f\u00e1ra\u00f3 \u00e1ltal alap\u00edtott v\u00e1rossal, viszont keveset tudtak a korszakr\u00f3l \u00e9s a vall\u00e1sr\u00f3l. De a szokatlan st\u00edlus\u00fa \u00e9s \u00e9rdekes t\u00e1rgyakat tal\u00e1ltak a t\u00e9rs\u00e9gben \u00e9s Petrie volt az els\u0151 komoly r\u00e9g\u00e9sz, aki a ter\u00fcleten felt\u00e1r\u00e1sokat v\u00e9gzett. Carter t\u00f6bb, mint 4 h\u00f3napot t\u00f6lt\u00f6tt Petrievel, \u00e9s ezek a h\u00f3napok nagyon meghat\u00e1roz\u00f3ak voltak p\u00e1lyafut\u00e1s\u00e1nak alakul\u00e1s\u00e1ban. El-Amarn\u00e1ban hallott Carter el\u0151sz\u00f6r Ekhnatonr\u00f3l \u00e9s az Amarna-korszakr\u00f3l, \u00e9s meg\u00e9rintette az \u00e1sat\u00e1sok hangulata. <\/p>\n<\/div>\n\n\n\n<div class=\"wp-block-column is-vertically-aligned-top is-layout-flow wp-block-column-is-layout-flow\" style=\"flex-basis:33.33%\">\n<figure class=\"wp-block-gallery has-nested-images columns-default is-cropped wp-block-gallery-2 is-layout-flex wp-block-gallery-is-layout-flex\">\n<figure class=\"wp-block-image size-large\"><img loading=\"lazy\" decoding=\"async\" width=\"574\" height=\"800\" data-id=\"1394\" src=\"https:\/\/www.egyptforever.hu\/ildiko\/wp-content\/uploads\/2023\/02\/12.jpg\" alt=\"\" class=\"wp-image-1394\" srcset=\"https:\/\/www.egyptforever.hu\/ildiko\/wp-content\/uploads\/2023\/02\/12.jpg 574w, https:\/\/www.egyptforever.hu\/ildiko\/wp-content\/uploads\/2023\/02\/12-215x300.jpg 215w\" sizes=\"auto, (max-width: 574px) 100vw, 574px\" \/><\/figure>\n<\/figure>\n<\/div>\n<\/div>\n\n\n\n<div class=\"wp-block-columns is-layout-flex wp-container-core-columns-is-layout-9d6595d7 wp-block-columns-is-layout-flex\">\n<div class=\"wp-block-column is-layout-flow wp-block-column-is-layout-flow\">\n<p class=\"has-medium-font-size\">Petrie \u00e9letvitel\u00e9ben \u00e9s munkam\u00f3dszer\u00e9ben is szigor\u00fa fegyelmet tartott, megfontolt \u00e9s m\u00f3dszeres, \u00e9s egy dogmatikus k\u00fcl\u00f6nc volt. \u00c9pp ez\u00e9rt eln\u00e9zte Carter sok furcsas\u00e1g\u00e1t. Carter sokat figyelte Petriet, hallgatott arra, amit mondott. A Petrie-vel egy\u00fctt t\u00f6lt\u00f6tt id\u0151szakban t\u00f6rt\u00e9nt, hogy Carter bel\u00e9pett \u00e9let\u00e9ben el\u0151sz\u00f6r egy egyiptomi kir\u00e1lys\u00edrba, m\u00e9gpedig maga Ekhnaton (Tutankhamun lehets\u00e9ges apja) s\u00edrj\u00e1ba. Az Ekhnaton-s\u00edr csal\u00f3d\u00e1st okozott Carternek, aki k\u00e9sz\u00edtett j\u00f3p\u00e1r rajzot a s\u00edrr\u00f3l \u00e9s a v\u00f6lgyr\u0151l Petrie k\u00e9r\u00e9s\u00e9re. \u00c9s val\u00f3ban az amarnai s\u00edr messze nem olyan l\u00e1tv\u00e1nyos, mint a beni hasszani mag\u00e1ns\u00edrok, melyekben Carter szint\u00e9n dolgozott. Az amarnai s\u00edr s\u00f6t\u00e9t volt, \u00e9s a p\u00e1r megmaradt domborm\u0171vet csak nehezen lehetett kivenni. Carter rajzait illusztr\u00e1ci\u00f3k\u00e9nt egy cikkben adt\u00e1k k\u00f6zre, amit Petrie \u00edrta Daily Graphic \u00fajs\u00e1gnak, \u00edgy ezek voltak a kezd\u0151 r\u00e9g\u00e9sz els\u0151 publik\u00e1lt rajzai. Az egyik rajzon a le\u00e1nyukat, halott Maketatont siratja Ekhnaton \u00e9s feles\u00e9ge Nefertiti. A kir\u00e1ly f\u00f6l\u00f6tt az isteni napkorong, Aton l\u00e1that\u00f3, \u00e9s \u00e1rasztja \u00e9letad\u00f3 sugarait. Carter rajza figyelemrem\u00e9lt\u00f3an alapos \u00e9s pontos volt, \u00e9s megmutatkozott tehets\u00e9ge, mint r\u00e9g\u00e9szeti rajzol\u00f3. Carter 1892 m\u00e1jus\u00e1ban fejezte be munk\u00e1j\u00e1t Petrie mellett \u00e9s ekkora m\u00e1r fel\u00e9ledt benne az \u00e1sat\u00e1sok \u00e9s a r\u00e9g\u00e9szet ir\u00e1nti elk\u00f6telezetts\u00e9ge \u00e9s hat\u00e1rtalan lelkesed\u00e9se.<\/p>\n<\/div>\n<\/div>\n\n\n\n<div class=\"wp-block-columns is-layout-flex wp-container-core-columns-is-layout-9d6595d7 wp-block-columns-is-layout-flex\">\n<div class=\"wp-block-column is-layout-flow wp-block-column-is-layout-flow\" style=\"flex-basis:33.33%\">\n<figure class=\"wp-block-gallery has-nested-images columns-default is-cropped wp-block-gallery-3 is-layout-flex wp-block-gallery-is-layout-flex\">\n<figure class=\"wp-block-image size-large\"><img loading=\"lazy\" decoding=\"async\" width=\"361\" height=\"480\" data-id=\"1395\" src=\"https:\/\/www.egyptforever.hu\/ildiko\/wp-content\/uploads\/2023\/02\/14.jpg\" alt=\"\" class=\"wp-image-1395\" srcset=\"https:\/\/www.egyptforever.hu\/ildiko\/wp-content\/uploads\/2023\/02\/14.jpg 361w, https:\/\/www.egyptforever.hu\/ildiko\/wp-content\/uploads\/2023\/02\/14-226x300.jpg 226w\" sizes=\"auto, (max-width: 361px) 100vw, 361px\" \/><\/figure>\n<\/figure>\n<\/div>\n\n\n\n<div class=\"wp-block-column is-layout-flow wp-block-column-is-layout-flow\" style=\"flex-basis:66.66%\">\n<p class=\"has-medium-font-size\">1892-1900 k\u00f6z\u00f6tti nyolc \u00e9vben az \u00f3kori Th\u00e9b\u00e1ban, Luxorral szemben, a nyugati parton Hatsepszut templom\u00e1ban dolgozott. Az Egyiptomi R\u00e9g\u00e9szeti Hivatal vezet\u0151je, Gaston Maspero oly m\u00e9rt\u00e9kben volt megel\u00e9gedve munk\u00e1j\u00e1val, hogy 1899-ben kinevezt\u00e9k a fels\u0151-egyiptomi m\u0171eml\u00e9kek f\u0151fel\u00fcgyel\u0151j\u00e9v\u00e9, 1903-1905-ben Als\u00f3-Egyiptom r\u00e9g\u00e9szeti fel\u00fcgyel\u0151je volt. Ez v\u00e1ratlan h\u00edrver\u00e9st okozott Carternek \u00e9s sok brit koll\u00e9g\u00e1ja nem felt\u00e9tlen\u00fcl \u00f6r\u00fclt ennek a kinevez\u00e9snek. Ez egy\u00e1tal\u00e1n nem volt meglep\u0151. Cartert az el\u0151kel\u0151 sz\u00e1rmaz\u00e1s\u00fa kalandorok \u00e9s a k\u00e9pzett r\u00e9g\u00e9szek t\u00f6bbs\u00e9ge a hagyom\u00e1nyos egyetemi oktat\u00e1s hi\u00e1nya miatt nem sz\u00edvesen fogadta k\u00f6reibe. <\/p>\n<\/div>\n<\/div>\n\n\n\n<div class=\"wp-block-columns is-layout-flex wp-container-core-columns-is-layout-9d6595d7 wp-block-columns-is-layout-flex\">\n<div class=\"wp-block-column is-vertically-aligned-top is-layout-flow wp-block-column-is-layout-flow\" style=\"flex-basis:66.66%\">\n<p class=\"has-medium-font-size\">Val\u00f3s el\u0151k\u00e9pzetts\u00e9ge nem volt, csak gyakorlati tapasztalatokkal rendelkezett. Kort\u00e1rsait\u00f3l elt\u00e9r\u0151en nem j\u00e1rt el\u0151kel\u0151 iskol\u00e1kba, sem pedig valamelyik h\u00edres r\u00e9gi egyetemre sem. Nem volt m\u00e1s, amivel rendelkezett, mint a kimagasl\u00f3 rajztehets\u00e9ge \u00e9s az elk\u00f6telezett lelkesed\u00e9se. Felh\u00e1nytorgatt\u00e1k, hogy k\u00e9s\u0151bb sem tett igaz\u00e1n er\u0151fesz\u00edt\u00e9seket, hogy a hagyom\u00e1nyos oktat\u00e1s keretein bel\u00fcl k\u00e9pezze mag\u00e1t az \u00f3kori Egyiptomr\u00f3l. Ezenk\u00edv\u00fcl kev\u00e9sb\u00e9 volt csiszolt modor\u00fa, mint azok, akikkel szakmai \u00e9s t\u00e1rsadalmi t\u00e9ren Egyiptomban tal\u00e1lkozott. V\u00e9rm\u00e9rs\u00e9klete miatt Carter j\u00f3l boldogult a helyiekkel, k\u00f6nnyed\u00e9n szerzett bar\u00e1tokat, amivel szint\u00e9n kiv\u00edvta az elit vagy a magasan m\u0171velt t\u00e1rsadalmi r\u00e9tegekhez tartoz\u00f3 koll\u00e9g\u00e1k rosszall\u00e1s\u00e1t. <\/p>\n<\/div>\n\n\n\n<div class=\"wp-block-column is-vertically-aligned-top is-layout-flow wp-block-column-is-layout-flow\" style=\"flex-basis:33.33%\">\n<figure class=\"wp-block-gallery has-nested-images columns-default is-cropped wp-block-gallery-4 is-layout-flex wp-block-gallery-is-layout-flex\">\n<figure class=\"wp-block-image size-large\"><img loading=\"lazy\" decoding=\"async\" width=\"616\" height=\"700\" data-id=\"1397\" src=\"https:\/\/www.egyptforever.hu\/ildiko\/wp-content\/uploads\/2023\/02\/13.jpg\" alt=\"\" class=\"wp-image-1397\" srcset=\"https:\/\/www.egyptforever.hu\/ildiko\/wp-content\/uploads\/2023\/02\/13.jpg 616w, https:\/\/www.egyptforever.hu\/ildiko\/wp-content\/uploads\/2023\/02\/13-264x300.jpg 264w\" sizes=\"auto, (max-width: 616px) 100vw, 616px\" \/><\/figure>\n<\/figure>\n<\/div>\n<\/div>\n\n\n\n<p class=\"has-medium-font-size\">Az Egyiptomba \u00e9rkez\u0151 m\u0171v\u00e9szek \u00e9s k\u00fclf\u00f6ldiek t\u00e1rsas\u00e1g\u00e1t sz\u00edvesebben kereste, mint az egyiptol\u00f3gus koll\u00e9g\u00e1k\u00e9t, mert \u0151k nem leplezhett\u00e9k le bizonytalans\u00e1gait az egyiptol\u00f3gi\u00e1ban. Terepen viszont gyakorlati tapasztalatai \u00e9s gyakorlatias gondolkod\u00e1sa miatt els\u0151rang\u00fa szakembernek bizonyult. Nem r\u00e9misztett\u00e9k a purit\u00e1n, egyszer\u0171 k\u00f6r\u00fclm\u00e9nyek, a meleg \u00e9s poros \u00e9ghajlat, a neh\u00e9z munkav\u00e9gz\u00e9s. Deir el Bahariban vezet\u0151 rajzol\u00f3k\u00e9nt Hatsepszut kir\u00e1lyn\u0151 nagy templom\u00e1nak \u00e1sat\u00e1s\u00e1t \u00e9s helyre\u00e1ll\u00edt\u00e1s\u00e1t vezet\u0151 Edouard Naville helyettese lett. Naville megl\u00e1tta benne azt a k\u00fcl\u00f6nleges elk\u00f6telezetts\u00e9get, ami k\u00e9s\u0151bb is meghat\u00e1roz\u00f3 lett azokban az \u00e9vekben, mikor sikertelen\u00fcl, megsz\u00e1llottan kereste az elfeledett kir\u00e1lys\u00edrt a Kir\u00e1lyok V\u00f6lgy\u00e9ben. Val\u00f3sz\u00edn\u0171leg Naville aj\u00e1nlotta be Cartert az Egyiptomi R\u00e9g\u00e9szeti Szolg\u00e1lat igazgat\u00f3j\u00e1nak, Gaston Masper\u00f3nak.<\/p>\n\n\n\n<p class=\"has-medium-font-size\">Carter intelligens f\u00e9rfi volt, aki k\u00f6nnyen tanult m\u00e1sok tud\u00e1sa \u00e9s gyakorlata \u00e1ltal. Sosem igazodott ki teljesen az \u00f3egyiptomi nyelvben, azonban kiv\u00e1l\u00f3an tudta lem\u00e1solni a hieroglif sz\u00f6vegeket. Felettese Naville t\u00f6bbsz\u00f6r is d\u00edcs\u00e9rte napl\u00f3j\u00e1ban, hogy Carter k\u00e9pes volt n\u00e9h\u00e1ny megszakadt vonalb\u00f3l, t\u00f6red\u00e9kb\u0151l felismerni a jeleket \u00e9s meg\u00f6r\u00f6k\u00edteni azokat, ezzel is seg\u00edtve a sz\u00f6vegek olvashat\u00f3s\u00e1g\u00e1t \u00e9s meg\u00e9rt\u00e9s\u00e9t, valamint a kor\u00e1bbi publik\u00e1ci\u00f3k kijav\u00edt\u00e1s\u00e1t, \u00fajra \u00e9rtelmez\u00e9s\u00e9t a jav\u00edt\u00e1sok \u00e1ltal.<\/p>\n\n\n\n<p class=\"has-medium-font-size\">1899-t\u0151l, mint megb\u00edzott hivatalnok dolgozott \u00e9s ez kell\u0151 szabads\u00e1got \u00e9s mozg\u00e1steret biztos\u00edtott a sz\u00e1m\u00e1ra. Kair\u00f3t\u00f3l t\u00e1voli m\u0171k\u00f6d\u00e9si k\u00f6rzettel igaz\u00e1b\u00f3l maga hat\u00e1rozta meg a saj\u00e1t priorit\u00e1s\u00e1t. Az hivatal persze \u00e1lland\u00f3 anyagi probl\u00e9m\u00e1kkal k\u00fcszk\u00f6d\u00f6tt \u00e9s ez\u00e9rt Cartert legink\u00e1bb az \u00e1sat\u00e1sok vonzott\u00e1k. 1900. janu\u00e1rj\u00e1ban Carter els\u0151 hivatali feladatak\u00e9nt fel\u00fcgyelte a rejtekhelyen megtal\u00e1lt kir\u00e1lym\u00fami\u00e1k Kair\u00f3ba sz\u00e1ll\u00edt\u00e1s\u00e1t. A Kir\u00e1lyok V\u00f6lgye leny\u0171g\u00f6zte Cartert. Minden logikus alap n\u00e9lk\u00fcl, s\u00f3v\u00e1rogva v\u00e1gyott arra, hogy lesznek m\u00e9g felfedez\u00e9sre v\u00e1gy\u00f3 s\u00edrok a v\u00f6lgyben. K\u00fcl\u00f6n\u00f6s megsz\u00e1llts\u00e1ggal \u00e1lmodozott arr\u00f3l, hogy tal\u00e1n l\u00e9tezhet m\u00e9g \u00e9rintetlen kir\u00e1lys\u00edr is. Makacsul rem\u00e9nykedett ebben.<\/p>\n\n\n\n<p class=\"has-medium-font-size\">Abban a p\u00e1r \u00e9vben, amit fels\u0151-egyiptomi f\u0151fel\u00fcgyel\u0151k\u00e9nt t\u00f6lt\u00f6tt, v\u00e9gezte els\u0151 \u00f6n\u00e1ll\u00f3 \u00e1sat\u00e1s\u00e1t a Deir el-Bahari el\u0151tt h\u00faz\u00f3d\u00f3 s\u00edks\u00e1gon, ahol a m\u0171eml\u00e9kfel\u00fcgyelet megengedte neki, hogy megvizsg\u00e1ljon egy lyukat, amiben a lova k\u00e9t \u00e9vvel kor\u00e1bban megbotlott. Ez volt a k\u00e9s\u0151bb \u201ea l\u00f3 s\u00edrja\u201d-k\u00e9nt ismert helysz\u00edn, ami II. Montuhotep templom\u00e1hoz kapcsolhat\u00f3. Nem bizonyult kir\u00e1lys\u00edrnak, de Carter a tal\u00e1lt szobrokkal \u00e9s t\u00e1rgyakkal igazolni l\u00e1tta, hogy vannak m\u00e9g felt\u00e1ratlan helyek a ter\u00fcleten. <\/p>\n\n\n\n<p class=\"has-medium-font-size\">1901. november\u00e9ben, mikor Carter hivatalos \u00faton Th\u00e9b\u00e1t\u00f3l t\u00e1vol volt, rabl\u00f3k bet\u00f6rtek II. Amenhotep akkoriban felfedezett s\u00edrj\u00e1ba. A sz\u00f3besz\u00e9d szerint \u00e9rt\u00e9kes aranyt\u00e1rgyakat rejtett a s\u00edr. A rabl\u00f3k felt\u00fart\u00e1k a s\u00edrt \u00e9s \u00e9kszerek ut\u00e1n kutatva felv\u00e1gt\u00e1k a s\u00edrban a szarkof\u00e1gj\u00e1ban fekv\u0151 f\u00e1ra\u00f3 m\u00fami\u00e1j\u00e1t a testre helyezett amulettek miatt. A b\u0171n\u00f6sk\u00e9nt az egyik h\u00edres qurnai s\u00edrrabl\u00f3 csal\u00e1d tagjait azonos\u00edtott\u00e1k, de a b\u00edr\u00f3s\u00e1gi t\u00e1rgyal\u00e1s m\u00e9gis sikertelen volt, \u00edgy bizony\u00edt\u00e9kok el\u00e9gtelens\u00e9ge miatt nem \u00edt\u00e9ltek el senkit\u2026 A R\u00e9g\u00e9szeti Hivatal sikertelen v\u00e9delme a kincsrabl\u00f3k ellen \u00e9vekig rossz sz\u00e1j\u00edzt teremtett \u00e9s ezt a fiask\u00f3t felh\u00e1nytorgatt\u00e1k Carternek, ezzel foltot ejtve a j\u00f3h\u00edr\u00e9n. (A val\u00f3di s\u00edrrabl\u00f3t csak j\u00f3val k\u00e9s\u0151bb, 1916-ban siker\u00fclt val\u00f3j\u00e1ban azonos\u00edtani.) Ezid\u0151t\u00e1jt Carter p\u00e9nzalapja kimer\u00fclt a saj\u00e1t maga \u00e1ltal vezetett \u00e1sat\u00e1sokra, \u00edgy hivatali munk\u00e1j\u00e1ban tev\u00e9kenykedett. Sok munka volt abban az id\u0151ben a v\u00f6lgyben \u00e9s k\u00f6rny\u00e9k\u00e9n. Meg kellett tisztitani a s\u00edrok bej\u00e1ratait, kapukat \u00e9s z\u00e1rhat\u00f3 vasajt\u00f3kat szereltetett fel a s\u00edrok el\u00e9, meger\u0151s\u00edtette a s\u00edrokhoz vezet\u0151 l\u00e9pcs\u0151ket, \u00e9s bevezette a villanyvil\u00e1g\u00edt\u00e1st a v\u00f6lgybe. Ezek a munk\u00e1latok kiv\u00e1l\u00f3 lehet\u0151s\u00e9get biztos\u00edtottak a hely megismer\u00e9s\u00e9re. \u00c9s zavartalanul vizsg\u00e1l\u00f3dhatott az esetleges sz\u00f3ba j\u00f6het\u0151 helysz\u00ednek kutat\u00e1s\u00e1ra, an\u00e9lk\u00fcl, hogy vesz\u00e9lyeztette, vagy megs\u00e9rtette volna Davisnek az eg\u00e9sz v\u00f6lgyre sz\u00f3l\u00f3 enged\u00e9ly\u00e9t.<\/p>\n\n\n\n<p class=\"has-medium-font-size\">1903. janu\u00e1rj\u00e1ban Carter Theodor Davisszel megtal\u00e1lta a 18. dinasztia f\u00e1ra\u00f3j\u00e1nak, IV. Thotmesznek a s\u00edrj\u00e1t, melyet m\u00e1r az \u00f3korban kiraboltak. De a s\u00edrban leny\u0171g\u00f6z\u0151 sz\u00e9ps\u00e9g\u0171 falfestm\u00e9nyekre, \u00e9s er\u0151sen k\u00e1rosodott r\u00e9gis\u00e9gek maradv\u00e1nyaira bukkantak. Carter szervezte meg a s\u00edr hivatalos megnyit\u00f3t, \u00e9s gondoskodott a helysz\u00ednre l\u00e1togat\u00f3 el\u0151kel\u0151s\u00e9gek k\u00e9nyelm\u00e9r\u0151l. L\u00e1togathat\u00f3v\u00e1 tette a frissen felt\u00e1rt kir\u00e1lys\u00edrt, F\u00fcgg\u0151hidat \u00e9p\u00edttetett a 18. dinasztia s\u00edrjaira jellemz\u0151 m\u00e9ly akna f\u00f6l\u00e9, \u00e9s pall\u00f3kat fektetett v\u00e9gig a s\u00edr folyos\u00f3j\u00e1ra a k\u00f6zleked\u00e9s megk\u00f6nny\u00edt\u00e9s\u00e9re. Villanyvil\u00e1g\u00edt\u00e1st szereltetett a s\u00edrba, ami akkoriban hatalmas f\u00e9ny\u0171z\u00e9s volt. A v\u00f6lgy\u00f6n k\u00edv\u00fcli kutat\u00e1saiban val\u00f3j\u00e1ban I. Amenhotep f\u00e1ra\u00f3 s\u00edrj\u00e1t pr\u00f3b\u00e1lta beazonos\u00edtani, ami egy papirusz szerint a v\u00f6lgy\u00f6n k\u00edv\u00fcl fek\u00fcdt. A s\u00edr megtal\u00e1l\u00e1s\u00e1val m\u00e9g Lord Carnarvon \u00e9rdekl\u0151d\u00e9s\u00e9t is felkelte, mik\u00f6zben igaz\u00e1b\u00f3l arra a lehet\u0151s\u00e9gre v\u00e1rt, hogy enged\u00e9lyhez jusson \u00e9s v\u00e9gre \u00f6n\u00e1ll\u00f3an \u00e1shasson a Kir\u00e1lyok V\u00f6lgy\u00e9ben.<\/p>\n\n\n\n<p class=\"has-medium-font-size\">A R\u00e9g\u00e9szeti F\u0151fel\u00fcgyelet vezet\u0151je \u00fagy d\u00f6nt\u00f6tt, hogy 4-5 \u00e9venk\u00e9nt megcser\u00e9li Als\u00f3- \u00e9s Fels\u0151-Egyiptom r\u00e9g\u00e9szeti fel\u00fcgyel\u0151it, cs\u00f6kkentve ezzel a korrupci\u00f3 kialakul\u00e1s\u00e1t. 1904-ben helyezt\u00e9k \u00e1t m\u00e1s ter\u00fcletre, \u00e9s Carter nem \u00f6r\u00fclt ennek, de korm\u00e1nyhivatalnokk\u00e9nt tudom\u00e1sul kellett vennie ezt az int\u00e9zked\u00e9st \u00e9s \u00e9szakra, Kair\u00f3ba k\u00f6lt\u00f6z\u00f6tt. \u00c1m ekkor p\u00e1ly\u00e1ja igencsak megbicsaklott, mert a szakkarai \u00e1sat\u00e1sokra l\u00e1togat\u00f3 egyik k\u00fclf\u00f6ldi csoport kapatos tagjai sz\u00f3v\u00e1lt\u00e1sba keveredtek a helyi \u0151r\u00f6kkel. Carternek nem siker\u00fclt a b\u00e9k\u00edt\u00e9s.. s\u0151t, d\u00fchbe gurulv\u00e1n, megengedte az \u0151r\u00f6knek, hogy megv\u00e9dj\u00e9k magukat a r\u00e9szeg francia turist\u00e1kkal szemben, akik azonnal bepanaszolt\u00e1k Cartert a f\u0151konzuln\u00e1l. Abban az id\u0151ben elk\u00e9pzelhetetlen volt, hogy egy el\u0151kel\u0151 k\u00fclf\u00f6ldi turist\u00e1t a fel\u00fcgyel\u0151 enged\u00e9ly\u00e9vel megpofozhassanak a helyiek. Miut\u00e1n Carter nem volt hajland\u00f3 bocs\u00e1natot k\u00e9rni, ez\u00e9rt \u00e1thelyezt\u00e9k a N\u00edlus-delt\u00e1ban tal\u00e1lhat\u00f3 Tant\u00e1ba.<\/p>\n\n\n\n<p class=\"has-medium-font-size\">1905. febru\u00e1rj\u00e1ban Theodore Davis (alig n\u00e9h\u00e1ny h\u00f3nappal Carter \u00e9szakra helyez\u00e9se ut\u00e1n) felfedezte Juja \u00e9s Thuja, s\u00edrj\u00e1t, akik III. Amenhotep feles\u00e9g\u00e9nek, Teje kir\u00e1lyn\u00e9nak a sz\u00fclei voltak. A s\u00edr j\u00f3 \u00e1llapotban fennmaradt b\u00fatorzatot tartalmazott \u00e9s a kopors\u00f3k \u00e9rintetlenek voltak a s\u00edrban.<\/p>\n\n\n\n<div class=\"wp-block-columns is-layout-flex wp-container-core-columns-is-layout-9d6595d7 wp-block-columns-is-layout-flex\">\n<div class=\"wp-block-column is-layout-flow wp-block-column-is-layout-flow\" style=\"flex-basis:33.33%\">\n<figure class=\"wp-block-gallery has-nested-images columns-default is-cropped wp-block-gallery-5 is-layout-flex wp-block-gallery-is-layout-flex\">\n<figure class=\"wp-block-image size-large\"><img loading=\"lazy\" decoding=\"async\" width=\"335\" height=\"443\" data-id=\"1398\" src=\"https:\/\/www.egyptforever.hu\/ildiko\/wp-content\/uploads\/2023\/02\/15.jpg\" alt=\"\" class=\"wp-image-1398\" srcset=\"https:\/\/www.egyptforever.hu\/ildiko\/wp-content\/uploads\/2023\/02\/15.jpg 335w, https:\/\/www.egyptforever.hu\/ildiko\/wp-content\/uploads\/2023\/02\/15-227x300.jpg 227w\" sizes=\"auto, (max-width: 335px) 100vw, 335px\" \/><\/figure>\n<\/figure>\n<\/div>\n\n\n\n<div class=\"wp-block-column is-layout-flow wp-block-column-is-layout-flow\" style=\"flex-basis:66.66%\">\n<p class=\"has-medium-font-size\">1905. \u0151sz\u00e9n Tant\u00e1ban Carter lemondott hivatal\u00e1r\u00f3l \u00e9s visszat\u00e9rt Luxorba. Davis felk\u00e9rte Cartert v\u00edzfestm\u00e9nyek k\u00e9sz\u00edt\u00e9s\u00e9re a s\u00edrban tal\u00e1lt t\u00e1rgyakr\u00f3l, \u00e9s m\u0171veivel publik\u00e1lt\u00e1k a s\u00edr felfedez\u00e9s\u00e9t a nagyvil\u00e1g fel\u00e9. B\u00e1r ez t\u00fal nagy k\u00e1rp\u00f3tl\u00e1st nem jelenthetett, hogy a s\u00edrt t\u00e1voll\u00e9te ideje alatt tal\u00e1lt\u00e1k meg, \u00edgy annak felfedez\u00e9s\u00e9ben nem vehetett r\u00e9szt.<\/p>\n\n\n\n<p class=\"has-medium-font-size\">1907 t\u00e1j\u00e1n ker\u00fclt kapcsolatba a d\u00fasgazdag r\u00e9gis\u00e9ggy\u0171jt\u0151 Lord Carnarvonnal, aki Gaston Masperot\u00f3l k\u00e9rt tan\u00e1csot 1906-os sikertelen mag\u00e1n\u00e1sat\u00e1sai ut\u00e1n. Maspero Cartert aj\u00e1nlotta, ez\u00e9rt Carnarvon felk\u00e9rte \u00e1sat\u00e1sainak vezet\u00e9s\u00e9re.1907-ben felfedeztek egy \u00fajrahasznos\u00edtott s\u00edrkamr\u00e1t a KV55-\u00f6s sz\u00e1m\u00fat, amiben Ekhnatonhoz szorosan k\u00f6thet\u0151 t\u00e1rgyakat tal\u00e1ltak.<\/p>\n\n\n\n<p class=\"has-medium-font-size\"><\/p>\n<\/div>\n<\/div>\n\n\n\n<div class=\"wp-block-columns is-layout-flex wp-container-core-columns-is-layout-9d6595d7 wp-block-columns-is-layout-flex\">\n<div class=\"wp-block-column is-layout-flow wp-block-column-is-layout-flow\">\n<p class=\"has-medium-font-size\">1908-ban Edward Ayrton felfedezte Horemheb a 18. dinasztia utols\u00f3 f\u00e1ra\u00f3j\u00e1nak a v\u00f6lgyben l\u00e9v\u0151 s\u00edrj\u00e1t (Horemhebnek Szakkar\u00e1ban is van egy s\u00edrja, amit m\u00e9g t\u00e1bornokk\u00e9nt \u00e9p\u00edttetett mag\u00e1nak.) Mivel egyre m\u00e1sra ker\u00fcltek el\u0151 a s\u00edrok a v\u00f6lgyben, \u00edgy Carter munka hi\u00e1ny\u00e1ban bele\u00e1sta mag\u00e1t a v\u00f6lgy t\u00f6rt\u00e9net\u00e9be, \u00e9s tov\u00e1bbi lel\u0151helyek felfedez\u00e9s\u00e9t latolgatta.1909. janu\u00e1rj\u00e1ban Davis tal\u00e1lt egy kis aknas\u00edrt \u00e9s amiben t\u00f6red\u00e9ses aranylemezk\u00e9ket tal\u00e1lt Tutanhamon \u00e9s Ay nev\u00e9vel. Ez\u00e9rt Davis a s\u00edrt Tutankhamon s\u00edrjak\u00e9nt azonos\u00edtotta (ma m\u00e1r tudjuk, hogy hib\u00e1san).<\/p>\n<\/div>\n<\/div>\n<div style='text-align:right' class='yasr-auto-insert-overall'><\/div><div style='text-align:right' class='yasr-auto-insert-visitor'><\/div>","protected":false},"excerpt":{"rendered":"<p>Howard Carter 1874. m\u00e1jus 9-\u00e9n sz\u00fcletett Kensingtonban, egy fest\u0151 nyolc gyermeke k\u00f6z\u00fcl a legkisebbk\u00e9nt. A viktori\u00e1nus hagyom\u00e1nyok szellem\u00e9ben gyerekkor\u00e1t a csal\u00e1d vid\u00e9ki h\u00e1z\u00e1ban t\u00f6lt\u00f6tte, iskol\u00e1ztat\u00e1sa nem volt \u00e9ppen szab\u00e1lyszer\u0171. A kiv\u00e1l\u00f3 naturalista<a class=\"moretag\" href=\"https:\/\/www.egyptforever.hu\/ildiko\/?p=1392\">Tov\u00e1bbi inform\u00e1ci\u00f3\u2026<\/a><\/p>\n","protected":false},"author":1,"featured_media":1398,"comment_status":"closed","ping_status":"open","sticky":false,"template":"","format":"standard","meta":{"om_disable_all_campaigns":false,"_monsterinsights_skip_tracking":false,"_monsterinsights_sitenote_active":false,"_monsterinsights_sitenote_note":"","_monsterinsights_sitenote_category":0,"yasr_overall_rating":0,"yasr_post_is_review":"","yasr_auto_insert_disabled":"","yasr_review_type":"","footnotes":""},"categories":[24,523],"tags":[178,204,106,96,66,48,103,130,54],"class_list":["post-1392","post","type-post","status-publish","format-standard","has-post-thumbnail","hentry","category-egyiptom-tortenelme","category-tortenelmi-szemelyek","tag-egyiptom","tag-howard-carter","tag-kiralyi-sirok","tag-kiralyok-volgye","tag-luxor","tag-okori-egyiptom","tag-thebai-nekropolis","tag-tutankhamon","tag-ujbirodalom"],"aioseo_notices":[],"yasr_visitor_votes":{"stars_attributes":{"read_only":false,"span_bottom":false},"number_of_votes":1,"sum_votes":5},"_links":{"self":[{"href":"https:\/\/www.egyptforever.hu\/ildiko\/index.php?rest_route=\/wp\/v2\/posts\/1392","targetHints":{"allow":["GET"]}}],"collection":[{"href":"https:\/\/www.egyptforever.hu\/ildiko\/index.php?rest_route=\/wp\/v2\/posts"}],"about":[{"href":"https:\/\/www.egyptforever.hu\/ildiko\/index.php?rest_route=\/wp\/v2\/types\/post"}],"author":[{"embeddable":true,"href":"https:\/\/www.egyptforever.hu\/ildiko\/index.php?rest_route=\/wp\/v2\/users\/1"}],"replies":[{"embeddable":true,"href":"https:\/\/www.egyptforever.hu\/ildiko\/index.php?rest_route=%2Fwp%2Fv2%2Fcomments&post=1392"}],"version-history":[{"count":6,"href":"https:\/\/www.egyptforever.hu\/ildiko\/index.php?rest_route=\/wp\/v2\/posts\/1392\/revisions"}],"predecessor-version":[{"id":1435,"href":"https:\/\/www.egyptforever.hu\/ildiko\/index.php?rest_route=\/wp\/v2\/posts\/1392\/revisions\/1435"}],"wp:featuredmedia":[{"embeddable":true,"href":"https:\/\/www.egyptforever.hu\/ildiko\/index.php?rest_route=\/wp\/v2\/media\/1398"}],"wp:attachment":[{"href":"https:\/\/www.egyptforever.hu\/ildiko\/index.php?rest_route=%2Fwp%2Fv2%2Fmedia&parent=1392"}],"wp:term":[{"taxonomy":"category","embeddable":true,"href":"https:\/\/www.egyptforever.hu\/ildiko\/index.php?rest_route=%2Fwp%2Fv2%2Fcategories&post=1392"},{"taxonomy":"post_tag","embeddable":true,"href":"https:\/\/www.egyptforever.hu\/ildiko\/index.php?rest_route=%2Fwp%2Fv2%2Ftags&post=1392"}],"curies":[{"name":"wp","href":"https:\/\/api.w.org\/{rel}","templated":true}]}}