{"id":14607,"date":"2025-06-11T12:00:56","date_gmt":"2025-06-11T10:00:56","guid":{"rendered":"https:\/\/www.egyptforever.hu\/ildiko\/?p=14607"},"modified":"2025-06-12T09:19:49","modified_gmt":"2025-06-12T07:19:49","slug":"imhotep-konyvajanlo","status":"publish","type":"post","link":"https:\/\/www.egyptforever.hu\/ildiko\/?p=14607","title":{"rendered":"Imhotep &#8211; k\u00f6nyvaj\u00e1nl\u00f3"},"content":{"rendered":"\n<div class=\"wp-block-columns is-layout-flex wp-container-core-columns-is-layout-9d6595d7 wp-block-columns-is-layout-flex\">\n<div class=\"wp-block-column is-layout-flow wp-block-column-is-layout-flow\">\n<p style=\"font-size:18px\">Egy \u00fajabb izgalmas reg\u00e9nyre szeretn\u00e9m felh\u00edvni mindazok figyelm\u00e9t, akik sz\u00edvesen olvasnak az \u00f3kori Egyiptomr\u00f3l.&nbsp; Egy \u00fajabb reg\u00e9ny, ami egyszerre tan\u00edt, elvar\u00e1zsol \u00e9s elgondolkodtat, tan\u00edt \u00e9s inform\u00e1l, mik\u00f6zben sz\u00f3rakoztat\u00f3bb, mint egy sivatagi teveverseny\u2026<\/p>\n\n\n\n<p style=\"font-size:18px\">Ez\u00fattal ism\u00e9t <strong><em>Christian Jacq<\/em><\/strong> toll\u00e1b\u00f3l szeretn\u00e9k figyelm\u00fckbe aj\u00e1nlani egy k\u00fcl\u00f6nleges darabot: az <strong><em>Imhotep<\/em> c\u00edm\u0171 reg\u00e9ny\u00e9t,<\/strong> ami m\u00e9lt\u00e1n lehet kedvence minden olyan olvas\u00f3nak, aki nem el\u00e9gszik meg a piramisok k\u00fcls\u0151 l\u00e1tv\u00e1ny\u00e1val, hanem bele is kukkantana, mi (\u00e9s ki) rejlik a k\u00f6vek m\u00f6g\u00f6tt. Christian Jacq neve sokaknak ismer\u0151sen csenghet \u2013 egyiptol\u00f3gusb\u00f3l lett bestseller-szerz\u0151, aki mesterien \u00f6tv\u00f6zi a tudom\u00e1nyt a mesemond\u00e1s var\u00e1zs\u00e1val. Most egy kev\u00e9sb\u00e9 ismert, \u00e1m ann\u00e1l jelent\u0151sebb t\u00f6rt\u00e9nelmi alakot \u00e1ll\u00edt a szerz\u0151 rivaldaf\u00e9nybe:<strong> IMHOTEP<\/strong>-et, az \u00d3birodalom h\u00edres multit\u00e1lentum\u00e1t.<\/p>\n\n\n\n<p style=\"font-size:18px\">Fontos: nem arr\u00f3l az Imhotep-r\u0151l van sz\u00f3, akit a <strong><em>M\u00famia <\/em><\/strong>c\u00edm\u0171 hollywoodi filmekben megismerhet\u00fcnk. A val\u00f3di Imhotep ugyan szint\u00e9n f\u0151pap, de senkit sem riogatott sem s\u00f6t\u00e9t var\u00e1zslataival, sem homokviharjaival. (B\u00e1r elismerj\u00fck, hogy <em>Arnold Vosloo<\/em> kifejezetten eml\u00e9kezetes alak\u00edt\u00e1st ny\u00fajtott a filmekben, mint f\u0151gonosz.) Az igazi Imhotep nem r\u00e9miszt\u0151 \u00e9l\u0151halott volt, hanem \u00e9l\u0151 g\u00e9niusz \u2013 orvos, \u00e9p\u00edt\u00e9sz, csillag\u00e1sz, matematikus, f\u0151pap volt egy szem\u00e9lyben. Egyfajta \u00f3kori <em>Leonardo Da Vinci<\/em>, csak nemezkend\u0151vel \u00e9s a napisten-\u00e1ldotta zsenialit\u00e1ssal. Jacq reg\u00e9nye lapjain visszarep\u00fclhet\u00fcnk t\u00f6bb, mint n\u00e9gyezer \u00e9vet az id\u0151ben, egy olyan korba, amikor a piramisok m\u00e9g csak a j\u00f6v\u0151 homokj\u00e1ba \u00e1lmodott tervek voltak. \u00c9s ott tal\u00e1lkozunk az emberrel, aki el\u0151sz\u00f6r \u00e1lmodta meg \u0151ket. Egy f\u00e9rfival, aki nemcsak a f\u00e1ra\u00f3 jobbkeze, hanem az istenek kegyeltje is volt \u2013 olyannyira, hogy az ut\u00f3kor k\u00f6z\u00e9j\u00fck emelte fel \u0151t.<\/p>\n\n\n\n<p style=\"font-size:18px\">Ez a reg\u00e9ny is t\u00f6bb, mint \u00e9letrajz: Jacq egy olyan t\u00f6rt\u00e9nelmi thrillert t\u00e1r el\u00e9nk, amelyben Imhotep nemcsak piramist \u00e9p\u00edt, hanem \u00f6sszeesk\u00fcv\u00e9seket leplez le, betegs\u00e9geket gy\u00f3gy\u00edt, \u00e9s isteni rendet pr\u00f3b\u00e1l vinni a k\u00e1oszba \u2013 sz\u00f3 szerint. A f\u00e1ra\u00f3 kegye \u00e9s a riv\u00e1lisok \u00e1rm\u00e1nykod\u00e1sa k\u00f6z\u00f6tt lav\u00edrozva egy olyan f\u0151h\u0151st ismerhet\u00fcnk meg, akinek b\u00f6lcsess\u00e9ge \u00e9s erk\u00f6lcsi ereje a mai napig p\u00e9ldamutat\u00f3 lehet a sz\u00e1munkra. A reg\u00e9ny atmoszf\u00e9r\u00e1ja olyan, mintha \u00e9pp a szakkarai L\u00e9pcs\u0151s Piramis szakr\u00e1lis piramisk\u00f6rzet\u00e9nek k\u00f6vei k\u00f6z\u00f6tt s\u00e9t\u00e1ln\u00e1nk, mik\u00f6zben egy korabeli pap suttogja a f\u00fcl\u00fcnkbe a templomok titkait. A politika, a vall\u00e1s \u00e9s az emberi term\u00e9szet \u00f6r\u00f6k dilemm\u00e1i ugyan\u00fagy jelen vannak a t\u00f6rt\u00e9netben, mint az els\u0151 \u201eorvosi iskola\u201d \u00e9s a legnagyobb titkok megismer\u00e9s\u00e9re v\u00e1gy\u00f3 tud\u00e1sszomj.<\/p>\n\n\n\n<p style=\"font-size:18px\">Aj\u00e1nlom ezt a reg\u00e9nyt is mindenkinek, aki szereti az \u00f3kori Egyiptom vil\u00e1g\u00e1t, az \u00e9p\u00edt\u00e9szet titkait, a hatalom \u00e9s hit harc\u00e1t \u2013 \u00e9s nem riad vissza att\u00f3l sem, hogy egy kicsit belel\u00e1ssunk, mit jelentett istenk\u00e9nt \u00e9lni egy haland\u00f3 testben.<\/p>\n\n\n\n<div class=\"wp-block-columns is-layout-flex wp-container-core-columns-is-layout-9d6595d7 wp-block-columns-is-layout-flex\">\n<div class=\"wp-block-column is-layout-flow wp-block-column-is-layout-flow\">\n<figure class=\"wp-block-image size-large\"><img loading=\"lazy\" decoding=\"async\" width=\"661\" height=\"1024\" src=\"https:\/\/www.egyptforever.hu\/ildiko\/wp-content\/uploads\/2025\/06\/CUR.08.480.24_front_negA_bw-661x1024.jpg\" alt=\"\" class=\"wp-image-14609\" srcset=\"https:\/\/www.egyptforever.hu\/ildiko\/wp-content\/uploads\/2025\/06\/CUR.08.480.24_front_negA_bw-661x1024.jpg 661w, https:\/\/www.egyptforever.hu\/ildiko\/wp-content\/uploads\/2025\/06\/CUR.08.480.24_front_negA_bw-194x300.jpg 194w, https:\/\/www.egyptforever.hu\/ildiko\/wp-content\/uploads\/2025\/06\/CUR.08.480.24_front_negA_bw-768x1189.jpg 768w, https:\/\/www.egyptforever.hu\/ildiko\/wp-content\/uploads\/2025\/06\/CUR.08.480.24_front_negA_bw.jpg 992w\" sizes=\"auto, (max-width: 661px) 100vw, 661px\" \/><\/figure>\n<\/div>\n\n\n\n<div class=\"wp-block-column is-layout-flow wp-block-column-is-layout-flow\">\n<figure class=\"wp-block-image size-large\"><img loading=\"lazy\" decoding=\"async\" width=\"741\" height=\"1024\" src=\"https:\/\/www.egyptforever.hu\/ildiko\/wp-content\/uploads\/2025\/06\/10939-741x1024.jpg\" alt=\"\" class=\"wp-image-14610\" srcset=\"https:\/\/www.egyptforever.hu\/ildiko\/wp-content\/uploads\/2025\/06\/10939-741x1024.jpg 741w, https:\/\/www.egyptforever.hu\/ildiko\/wp-content\/uploads\/2025\/06\/10939-217x300.jpg 217w, https:\/\/www.egyptforever.hu\/ildiko\/wp-content\/uploads\/2025\/06\/10939-768x1062.jpg 768w, https:\/\/www.egyptforever.hu\/ildiko\/wp-content\/uploads\/2025\/06\/10939.jpg 868w\" sizes=\"auto, (max-width: 741px) 100vw, 741px\" \/><\/figure>\n<\/div>\n<\/div>\n<\/div>\n<\/div>\n\n\n\n<div class=\"wp-block-columns is-layout-flex wp-container-core-columns-is-layout-9d6595d7 wp-block-columns-is-layout-flex\">\n<div class=\"wp-block-column is-layout-flow wp-block-column-is-layout-flow\">\n<p style=\"font-size:24px\"><strong>A reg\u00e9ny ismertet\u00e9se:<\/strong><\/p>\n\n\n\n<p style=\"font-size:18px\">Christian Jacq reg\u00e9nye az \u00f3kori Egyiptom egyik legnagyobb alakj\u00e1t \u00e1ll\u00edtja k\u00f6z\u00e9ppontba: <strong><em>Imhotep<\/em><\/strong>-et, aki val\u00f3s t\u00f6rt\u00e9nelmi szem\u00e9ly volt, \u00e9s akit k\u00e9s\u0151bb istenk\u00e9nt tiszteltek. A k\u00f6nyv nem csup\u00e1n egy \u00e9letrajz irodalmi feldolgoz\u00e1sa, hanem egy dr\u00e1mai fesz\u00fclts\u00e9ggel \u00e1tsz\u0151tt t\u00f6rt\u00e9nelmi reg\u00e9ny, mely emberi sorsokat, politikai intrik\u00e1kat \u00e9s spiritu\u00e1lis dilemm\u00e1kat is felt\u00e1r.<\/p>\n\n\n\n<p style=\"font-size:18px\">A t\u00f6rt\u00e9net <strong><em>Dz\u00f3szer<\/em><\/strong> f\u00e1ra\u00f3 uralkod\u00e1s\u00e1nak idej\u00e9n j\u00e1tsz\u00f3dik, az \u00d3birodalom hajnal\u00e1n. Ebben a vil\u00e1gban Egyiptom m\u00e9g csak alakul: nincsenek k\u0151piramisok, nincs egys\u00e9ges \u00e1llamszervezet \u2013 csak az isteni rend rem\u00e9nye. Ebbe az archaikus k\u00e1oszba l\u00e9p be Imhotep, egy kiv\u00e9teles tehets\u00e9g\u0171, al\u00e1zatos, de elt\u00f6k\u00e9lt ember, aki egyszerre f\u0151\u00e9p\u00edt\u00e9sz, orvos, \u00edrnok \u00e9s spiritu\u00e1lis vezet\u0151. <strong>Imhotep c\u00e9lja nem kevesebb, mint az isteni Ma\u2019at, a kozmikus rend f\u00f6ldi megval\u00f3s\u00edt\u00e1sa: templomokkal, gy\u00f3gy\u00edt\u00e1ssal, tud\u00e1ssal.<\/strong> Azonban, mint minden kiv\u00e9teles ember, \u0151 is komoly ellen\u00e1ll\u00e1sba \u00fctk\u00f6zik. Az udvari hatalmi harcok, az irigyked\u0151 riv\u00e1lisok, a f\u00e9lt\u00e9keny f\u0151papok \u00e9s a hagyom\u00e1nyokhoz ragaszkod\u00f3 konzervat\u00edv r\u00e9tegek mind akad\u00e1lyt g\u00f6rd\u00edtenek el\u00e9. A reg\u00e9ny egyik k\u00f6zponti szimb\u00f3luma a Szakkarai l\u00e9pcs\u0151s piramis, amely nemcsak egy m\u00e9rn\u00f6ki csoda, hanem a rend \u00e9s a hit k\u00e9zzel foghat\u00f3 megtestes\u00edt\u0151je is. Ennek megalkot\u00e1sa sor\u00e1n v\u00e1lik nyilv\u00e1nval\u00f3v\u00e1, hogy Imhotep nemcsak az anyagi vil\u00e1gban akar rendet teremteni, hanem a t\u00e1rsadalomban \u00e9s az emberek lelk\u00e9ben is.<\/p>\n\n\n\n<p style=\"font-size:23px\"><strong>T\u00f6rt\u00e9nelmi \u00e9s kultur\u00e1lis h\u00e1tt\u00e9r \u2013 Egyiptom hajnal\u00e1n<\/strong><\/p>\n\n\n\n<p style=\"font-size:18px\">Christian Jacq rendk\u00edv\u00fcl er\u0151sen \u00e9p\u00edt az \u00f3egyiptomi vall\u00e1sra, hiedelmekre \u00e9s t\u00e1rsadalmi strukt\u00far\u00e1ra. A reg\u00e9nyb\u0151l kibontakozik a korai Egyiptom mindennapi \u00e9lete: a papok szertart\u00e1sai, az orvosl\u00e1s els\u0151 l\u00e9p\u00e9sei, az \u00e9p\u00edt\u00e9szet kezdetei, \u00e9s az istenekkel val\u00f3 viszony, ami teljesen \u00e1tsz\u0151vi az eg\u00e9sz t\u00e1rsadalmat. Imhotep alakj\u00e1t nem csak tud\u00f3sk\u00e9nt mutatja be nek\u00fcnk, hanem spiritu\u00e1lis reformerk\u00e9nt is, aki az isteni rend h\u00edrn\u00f6ke a f\u00f6ld\u00f6n. Ez rendk\u00edv\u00fcl \u00e9rdekes n\u00e9z\u0151pontot k\u00edn\u00e1l, mert nem csup\u00e1n egy \u00e9p\u00edtkez\u00e9si t\u00f6rt\u00e9netet olvasunk a reg\u00e9ny lapjain, hanem egy vil\u00e1gk\u00e9p megsz\u00fclet\u00e9s\u00e9t k\u00f6vethetj\u00fck nyomon.<\/p>\n\n\n\n<p style=\"font-size:23px\"><strong>Szerepl\u0151k \u00e9s konfliktusok \u2013 Az isteni \u00e9s az emberi hat\u00e1r\u00e1n<\/strong><\/p>\n\n\n\n<p style=\"font-size:18px\"><strong>Imhotep<\/strong> \u2013 A f\u0151h\u0151s, akiben az isteni ihlet \u00e9s az emberi felel\u0151ss\u00e9g tal\u00e1lkozik. Egyfajta \u201ekora renesz\u00e1nsz emberk\u00e9nt\u201d jelenik meg, aki egyszerre gy\u00f3gy\u00edt, tervez, kutat, tanul, tan\u00edt \u00e9s lelkeket vezet.<\/p>\n\n\n\n<p style=\"font-size:18px\"><strong>Dz\u00f3szer f\u00e1ra\u00f3<\/strong> \u2013 T\u00e1mogat\u00f3ja \u00e9s egyben kih\u00edv\u00e1sa is. \u0150 az, aki megb\u00edzza Imhotep-et az els\u0151 piramis \u00e9p\u00edt\u00e9s\u00e9vel, de akinek udvar\u00e1ban sokan nem n\u00e9zik j\u00f3 szemmel a f\u0151tan\u00e1csad\u00f3 felemelked\u00e9s\u00e9t.<\/p>\n\n\n\n<p style=\"font-size:18px\"><strong>A paps\u00e1g \u00e9s udvari elit<\/strong> \u2013 \u0150k k\u00e9pviselik a hagyom\u00e1nyos, v\u00e1ltoz\u00e1st\u00f3l retteg\u0151 r\u00e9tegeket, akik hatalmukat f\u00e9ltik a tud\u00e1s \u00e9s halad\u00e1s embereit\u0151l. A konfliktusok m\u00f6g\u00f6tt nem egyszer\u0171en szem\u00e9lyes ellent\u00e9tek, hanem ideol\u00f3giai szakad\u00e9kok h\u00faz\u00f3dnak.<\/p>\n\n\n\n<p style=\"font-size:23px\"><strong>A reg\u00e9ny st\u00edlusa<\/strong><\/p>\n\n\n\n<p style=\"font-size:18px\">Christian Jacq st\u00edlusa egyszerre l\u00edrai \u00e9s epikus. Nem dokumentarista pontoss\u00e1gra t\u00f6rekszik bemutatni sem a c\u00edmszerepl\u0151t, sem az adott korszakot, hanem a hangs\u00falyt legink\u00e1bb a hangulatra helyezi, mint egyfajta lelki-szellemi t\u00e9rk\u00e9pre. A narrat\u00edva sodr\u00f3 lend\u00fclet\u0171, a p\u00e1rbesz\u00e9dek letisztultak, a le\u00edr\u00e1sok \u00e9rz\u00e9kiek \u2013 az olvas\u00f3 t\u00e9nylegesen \u201eott van\u201d, a forr\u00f3 nap alatt, a N\u00edlus partj\u00e1n, vagy \u00e9pp a piramis m\u00e9ly\u00e9n. Jacq nagy er\u0151ss\u00e9ge, hogy a spiritu\u00e1lis mot\u00edvumokat a karakterfejl\u0151d\u00e9s r\u00e9szek\u00e9nt haszn\u00e1lja. <strong>Imhotep nem egyszer\u0171en \u201ej\u00f3 ember\u201d, hanem valaki, aki bels\u0151 harcokat v\u00edv, hogy k\u00e9pes-e meg\u0151rizni \u00f6nmag\u00e1t a hatalom k\u00f6zels\u00e9g\u00e9ben&#8230; avagy embernek maradni a b\u00f6lcsess\u00e9g megszerz\u00e9se ut\u00e1n is, hogy k\u00e9pes-e elker\u00fclni, hogy \u0151 is istennek k\u00e9pzelje mag\u00e1t, mik\u00f6zben m\u00e1sok m\u00e1r istenk\u00e9nt tisztelik. <\/strong>Ez a bels\u0151 konfliktus teszi igaz\u00e1n emberiv\u00e9, esend\u0151v\u00e9 \u00e9s m\u00e9gis magasztoss\u00e1 a f\u0151h\u0151st, \u00e9s ett\u0151l v\u00e1lik a reg\u00e9ny egyszerre t\u00f6rt\u00e9nelmi \u201efresk\u00f3v\u00e1\u201d \u00e9s szem\u00e9lyes dr\u00e1m\u00e1v\u00e1.<\/p>\n\n\n\n<div class=\"wp-block-columns is-layout-flex wp-container-core-columns-is-layout-9d6595d7 wp-block-columns-is-layout-flex\">\n<div class=\"wp-block-column is-layout-flow wp-block-column-is-layout-flow\">\n<figure class=\"wp-block-image size-large\"><img loading=\"lazy\" decoding=\"async\" width=\"715\" height=\"1024\" src=\"https:\/\/www.egyptforever.hu\/ildiko\/wp-content\/uploads\/2025\/06\/Egyptian_26th_Dynasty_-_Seated_statue_of_Imhotep_-_MeisterDrucke-610190-715x1024.jpg\" alt=\"\" class=\"wp-image-14611\" srcset=\"https:\/\/www.egyptforever.hu\/ildiko\/wp-content\/uploads\/2025\/06\/Egyptian_26th_Dynasty_-_Seated_statue_of_Imhotep_-_MeisterDrucke-610190-715x1024.jpg 715w, https:\/\/www.egyptforever.hu\/ildiko\/wp-content\/uploads\/2025\/06\/Egyptian_26th_Dynasty_-_Seated_statue_of_Imhotep_-_MeisterDrucke-610190-210x300.jpg 210w, https:\/\/www.egyptforever.hu\/ildiko\/wp-content\/uploads\/2025\/06\/Egyptian_26th_Dynasty_-_Seated_statue_of_Imhotep_-_MeisterDrucke-610190-768x1100.jpg 768w, https:\/\/www.egyptforever.hu\/ildiko\/wp-content\/uploads\/2025\/06\/Egyptian_26th_Dynasty_-_Seated_statue_of_Imhotep_-_MeisterDrucke-610190.jpg 880w\" sizes=\"auto, (max-width: 715px) 100vw, 715px\" \/><\/figure>\n<\/div>\n\n\n\n<div class=\"wp-block-column is-layout-flow wp-block-column-is-layout-flow\">\n<figure class=\"wp-block-image size-large\"><img loading=\"lazy\" decoding=\"async\" width=\"683\" height=\"1024\" src=\"https:\/\/www.egyptforever.hu\/ildiko\/wp-content\/uploads\/2025\/06\/81CdXlMDtmL-683x1024.jpg\" alt=\"\" class=\"wp-image-14612\" srcset=\"https:\/\/www.egyptforever.hu\/ildiko\/wp-content\/uploads\/2025\/06\/81CdXlMDtmL-683x1024.jpg 683w, https:\/\/www.egyptforever.hu\/ildiko\/wp-content\/uploads\/2025\/06\/81CdXlMDtmL-200x300.jpg 200w, https:\/\/www.egyptforever.hu\/ildiko\/wp-content\/uploads\/2025\/06\/81CdXlMDtmL-768x1152.jpg 768w, https:\/\/www.egyptforever.hu\/ildiko\/wp-content\/uploads\/2025\/06\/81CdXlMDtmL-1024x1536.jpg 1024w, https:\/\/www.egyptforever.hu\/ildiko\/wp-content\/uploads\/2025\/06\/81CdXlMDtmL-1366x2048.jpg 1366w, https:\/\/www.egyptforever.hu\/ildiko\/wp-content\/uploads\/2025\/06\/81CdXlMDtmL.jpg 1667w\" sizes=\"auto, (max-width: 683px) 100vw, 683px\" \/><\/figure>\n<\/div>\n<\/div>\n<\/div>\n<\/div>\n\n\n\n<div class=\"wp-block-columns is-layout-flex wp-container-core-columns-is-layout-9d6595d7 wp-block-columns-is-layout-flex\">\n<div class=\"wp-block-column is-layout-flow wp-block-column-is-layout-flow\">\n<p style=\"font-size:23px\"><strong>A reg\u00e9ny mitol\u00f3giai \u00e9s spiritu\u00e1lis dimenzi\u00f3i<\/strong><\/p>\n\n\n\n<p style=\"font-size:18px\">Az Imhotep c\u00edm\u0171 reg\u00e9ny egyik legnagyobb er\u0151ss\u00e9ge \u00e9ppen az a m\u00e9ly, spiritu\u00e1lis dimenzi\u00f3, amely \u00e1tsz\u0151vi a t\u00f6rt\u00e9netet. Christian Jacq nemcsak egy t\u00f6rt\u00e9nelmi figur\u00e1t \u00e9leszt \u00fajra, hanem az \u00f3egyiptomi vil\u00e1gl\u00e1t\u00e1s teljes vil\u00e1gk\u00e9p\u00e9t is. Az \u00f3kori Egyiptom vil\u00e1ga nem k\u00fcl\u00f6n\u00edtette el az anyagi \u00e9s szellemi s\u00edkot: az \u00e9let, a vall\u00e1s \u00e9s a kozmikus rend (Ma\u2019at) egy \u00e9s ugyanaz volt. A reg\u00e9ny ezt az egys\u00e9get mesterien jelen\u00edti meg, \u00e9s Imhotep sors\u00e1t ezen a misztikus vil\u00e1gk\u00e9pen kereszt\u00fcl \u00e9p\u00edti fel.<\/p>\n\n\n\n<p style=\"font-size:18px\"><strong>1.) Ma\u2019at \u2013 Az isteni rend keres\u00e9se<\/strong><\/p>\n\n\n\n<p style=\"font-size:18px\">Imhotep szellemi \u00fatj\u00e1nak k\u00f6zponti eszm\u00e9je Ma\u2019at, az egyiptomiak istenn\u0151je, aki a rend, az igazs\u00e1g, a harm\u00f3nia \u00e9s a vil\u00e1g m\u0171k\u00f6d\u00e9s\u00e9nek elve. Imhotep feladata \u2013 ak\u00e1r tudja, ak\u00e1r nem \u2013 az, hogy Ma\u2019at f\u00f6ldi szolg\u00e1l\u00f3jak\u00e9nt \u00fajj\u00e1teremtse a rendet Egyiptomban. Ez nemcsak \u00e9p\u00edt\u00e9szeti feladat (a piramis, mint az \u00e9g fel\u00e9 t\u00f6r\u0151 isteni rend szimb\u00f3luma), hanem bels\u0151 lelki \u00e9s erk\u00f6lcsi pr\u00f3bat\u00e9tel is: vajon k\u00e9pes-e \u0151 maga Ma\u2019at szerint \u00e9lni, amikor k\u00f6r\u00fcl\u00f6tte mindenki a hatalmat, p\u00e9nzt, befoly\u00e1st hajszolja? Jacq m\u00e9lyen be\u00e1gyazza a t\u00f6rt\u00e9netbe azt a gondolatot, hogy a val\u00f3di hatalom a szellemi renddel val\u00f3 \u00f6sszhangban sz\u00fcletik, \u00e9s nem a f\u00e1ra\u00f3i kegyb\u0151l.<\/p>\n\n\n\n<p style=\"font-size:18px\"><strong>2.) \u00cdzisz, Thot, Ptah \u00e9s m\u00e1s isteni jelenl\u00e9tek<\/strong><\/p>\n\n\n\n<p style=\"font-size:18px\">A reg\u00e9ny sor\u00e1n a f\u0151bb egyiptomi istenek nemcsak n\u00e9v szerint jelennek meg, hanem \u00e9l\u0151, szimbolikus alakokk\u00e9nt, akik Imhotep gondolkod\u00e1s\u00e1ban \u00e9s v\u00edv\u00f3d\u00e1saiban is szerepet kapnak: Thot, a b\u00f6lcsess\u00e9g, \u00edr\u00e1s \u00e9s tud\u00e1s istene \u2013 \u00e9s Imhotep egyfajta f\u00f6ldi megfelel\u0151je. Az \u00edrnoki \u00e9s gy\u00f3gy\u00edt\u00f3i tud\u00e1s, amit Imhotep k\u00e9pvisel, Thot aj\u00e1nd\u00e9ka. A reg\u00e9ny sor\u00e1n t\u00f6bbsz\u00f6r is felmer\u00fcl a k\u00e9rd\u00e9s: vajon mi a k\u00fcl\u00f6nbs\u00e9g a tud\u00e1s \u00e9s a b\u00f6lcsess\u00e9g k\u00f6z\u00f6tt?<\/p>\n\n\n\n<p style=\"font-size:18px\">\u00cdzisz, az isteni n\u0151i princ\u00edpium, az \u00e9let \u00e9s v\u00e9delem istenn\u0151je \u2013 Imhotep gy\u00f3gy\u00edt\u00f3i k\u00e9pess\u00e9geiben, illetve az egy\u00fctt\u00e9rz\u00e9sben jelenik meg. Imhotep nem egyszer\u0171 technokrata, hanem valaki, aki a gy\u00f3gy\u00edt\u00e1sban az isteni k\u00f6ny\u00f6r\u00fclet gyakorl\u00e1s\u00e1t l\u00e1tja.<\/p>\n\n\n\n<p style=\"font-size:18px\">Ptah, Memphisz teremt\u0151istene, a mesteremberek patr\u00f3nusa \u2013 k\u00fcl\u00f6n\u00f6sen fontos az \u00e9p\u00edt\u00e9szeti projektek sor\u00e1n. Imhotep \u00e9p\u00edt\u0151 tev\u00e9kenys\u00e9ge ritu\u00e1lis aktus, nem puszta \u00e9p\u00edtkez\u00e9s.<\/p>\n\n\n\n<p style=\"font-size:18px\">Jacq nem vall\u00e1sos tanmes\u00e9t \u00edr, hanem azt mutatja meg, hogyan \u00e9lhetett egy ember egy olyan kult\u00far\u00e1ban, ahol az istenek nem fentr\u0151l figyeltek, hanem az \u00e9let minden r\u00e9teg\u00e9ben jelen voltak.<\/p>\n\n\n\n<p style=\"font-size:23px\"><strong>Imhotep szellemi fejl\u0151d\u00e9se \u00e9s bels\u0151 v\u00edv\u00f3d\u00e1sai<\/strong><\/p>\n\n\n\n<p style=\"font-size:18px\">A reg\u00e9ny egyik legl\u00e9nyegesebb sz\u00e1la Imhotep bels\u0151 \u00fatja, amely p\u00e1rhuzamosan halad \u00e9p\u00edt\u00e9szeti, politikai \u00e9s spiritu\u00e1lis szerep\u00e9nek alakul\u00e1s\u00e1val&#8230;<\/p>\n\n\n\n<p style=\"font-size:18px\"><strong>1.) Az al\u00e1zat pr\u00f3b\u00e1ja<\/strong><\/p>\n\n\n\n<p style=\"font-size:18px\">Imhotep eleinte \u201ecsak\u201d egy kiv\u00e1l\u00f3 tehets\u00e9g, de m\u00e9g nem b\u00f6lcs. Sz\u00e1mos jelenetben v\u00edv\u00f3dik azon, hogy mik\u00e9nt haszn\u00e1lja fel tud\u00e1s\u00e1t: \u00f6nmaga felemel\u00e9s\u00e9re vagy m\u00e1sok szolg\u00e1lat\u00e1ra? Ez a dilemma nagyon emberi, \u00e9s \u00e9ppen ett\u0151l v\u00e1lik \u00e1t\u00e9lhet\u0151v\u00e9. Min\u00e9l t\u00f6bb hatalmat kap, ann\u00e1l nagyobb a k\u00eds\u00e9rt\u00e9s, hogy saj\u00e1t k\u00e9p\u00e9re form\u00e1lja a vil\u00e1got. Ez Jacq egyik finom, de er\u0151s \u00fczenete: <strong>\u201e<em>A tud\u00e1s felel\u0151ss\u00e9ggel j\u00e1r, \u00e9s a legnagyobb pr\u00f3bat\u00e9tel nem a riv\u00e1lisok elleni harc, nem a tud\u00e1s megszerz\u00e9s\u00e9nek f\u00e1radalmai, avagy tud\u00e1sunk elismertet\u00e9se a vil\u00e1ggal, hanem \u00f6nmagunk, a saj\u00e1t eg\u00f3nk legy\u0151z\u00e9se\u201d<\/em>.<\/strong>  <\/p>\n\n\n\n<p style=\"font-size:18px\">Mert hi\u00e1ba vagyunk b\u00f6lcsek, ha &#8220;megr\u00e9szeg\u00fcl\u00fcnk&#8221; \u00f6nn\u00f6n tud\u00e1sunk csod\u00e1lat\u00e1t\u00f3l, vagy ha nem megfelel\u0151 c\u00e9lra, hanem csak magunk \u00e9rdekeit szolg\u00e1ljuk ismereteinkkel. <\/p>\n\n\n\n<ul class=\"wp-block-list\">\n<li style=\"font-size:18px\"><strong>A tud\u00e1sunkkal nem &#8220;rajong\u00f3kat, k\u00f6vet\u0151ket, im\u00e1d\u00f3kat&#8221; kell gy\u0171jteni.<\/strong>. akik csod\u00e1lnak minket, h\u00edzlalva ezzel \u00f6nim\u00e1datunkat. \u00c9s nem h\u00edrnev\u00fcnket kell nagyobb\u00edtni, hiszen ez is csak az eg\u00f3nk n\u00f6vel\u00e9s\u00e9t szolg\u00e1lja. <\/li>\n\n\n\n<li style=\"font-size:18px\">A tud\u00e1sunkat nem p\u00e9nzbeli eszk\u00f6z\u00f6k, vagyont\u00e1rgyak felhalmoz\u00e1s\u00e1ra, vagy hatalom megszerz\u00e9s\u00e9re kell haszn\u00e1lnunk. Nem m\u00e1sok k\u00e1r\u00e1ra kell nyer\u00e9szkedn\u00fcnk a tud\u00e1sunk \u00e1ltal. <\/li>\n\n\n\n<li style=\"font-size:18px\"><strong>Az al\u00e1zat fontos r\u00e9sze a kritika fogad\u00e1sa, elismer\u00e9se, meg\u00e9rt\u00e9se is, hiszen fejl\u0151dhet\u00fcnk \u00e1ltala. <\/strong>En\u00e9lk\u00fcl nincs val\u00f3di szellemi fejl\u0151d\u00e9s, hanem csak az eg\u00f3 van, az \u00f6nn\u00f6n fontoss\u00e1gunkba vetett hit, ami csak egyre nagyobbra \u00e9s nagyobbra duzzad. <strong>\u00d6nmagunk legy\u0151z\u00e9se val\u00f3j\u00e1ban nem m\u00e1s, mint az \u00f6nim\u00e1datunk \u00e9s \u00f6nz\u00e9s\u00fcnk legy\u0151z\u00e9se.<\/strong><\/li>\n<\/ul>\n\n\n\n<p style=\"font-size:18px\"><strong>2.) A spiritu\u00e1lis t\u0171z \u2013 M\u00e1gikus tud\u00e1s kontra isteni rend<\/strong><\/p>\n\n\n\n<p style=\"font-size:18px\">Imhotep t\u00f6bb helyen szembes\u00fcl azzal, hogy tud\u00e1sa ak\u00e1r manipul\u00e1ci\u00f3ra is haszn\u00e1lhat\u00f3 lenne. Egyes riv\u00e1lis szerepl\u0151k \u2013 p\u00e9ld\u00e1ul intrikus f\u0151papok \u2013 \u00e9pp ezzel v\u00e1dolj\u00e1k: hogy m\u00e1gus, aki beavatkozik a term\u00e9szet rendj\u00e9be. Ez a v\u00e1d egy m\u00e9ly k\u00e9rd\u00e9st vet fel: hol h\u00faz\u00f3dik a hat\u00e1r a spiritu\u00e1lis tud\u00e1s \u00e9s a hatalmi m\u00e1gia k\u00f6z\u00f6tt? Imhotep v\u00e1lasza erre nem sz\u00f3ban, hanem tetteiben jelenik meg: <strong>\u0151 nem \u201eir\u00e1ny\u00edtani\u201d akar, hanem \u00f6sszehangolni az embert az isteni tervvel.<\/strong><\/p>\n\n\n\n<p style=\"font-size:18px\"><strong>3.) A f\u00e1ra\u00f3val val\u00f3 kapcsolat \u2013 Isten vagy ember?<\/strong><\/p>\n\n\n\n<p style=\"font-size:18px\">A f\u00e1ra\u00f3 Dz\u00f3szer isteni rangja \u00e9s Imhotep f\u00f6ldi tud\u00e1sa k\u00f6z\u00f6tt fesz\u00fcl\u0151 ellent\u00e9t folyamatos bels\u0151 k\u00e9rd\u00e9seket vet fel: <strong>Lehet-e egy ember val\u00f3ban az istenekhez m\u00e9lt\u00f3?<\/strong> Mi t\u00f6rt\u00e9nik, ha az emberek istenk\u00e9nt tekintenek r\u00e1nk? Hol van az eg\u00f3 \u00e9s a k\u00fcldet\u00e9s hat\u00e1ra? Imhotep szembes\u00fcl azzal, hogy egyesek m\u00e1r \u00e9let\u00e9ben istenk\u00e9nt kezdik tisztelni \u2013 ami \u00f3ri\u00e1si lelki terhet r\u00f3 r\u00e1. Vajon el tudja fogadni, hogy saj\u00e1t szem\u00e9lye csup\u00e1n eszk\u00f6z egy nagyobb rend szolg\u00e1lat\u00e1ban? Ez a konfliktus k\u00fcl\u00f6n\u00f6sen er\u0151sen jelenik meg a reg\u00e9ny v\u00e9ge fel\u00e9, amikor m\u00e1r nemcsak a vil\u00e1gban, hanem \u00f6nmag\u00e1ban is rendet kell teremtenie.<\/p>\n<\/div>\n<\/div>\n\n\n\n<div class=\"wp-block-columns is-layout-flex wp-container-core-columns-is-layout-9d6595d7 wp-block-columns-is-layout-flex\">\n<div class=\"wp-block-column is-layout-flow wp-block-column-is-layout-flow\"><div class=\"wp-block-image\">\n<figure class=\"aligncenter size-large is-resized\"><img loading=\"lazy\" decoding=\"async\" width=\"1024\" height=\"683\" src=\"https:\/\/www.egyptforever.hu\/ildiko\/wp-content\/uploads\/2025\/06\/szepmu_imhotep-1024x683.jpg\" alt=\"\" class=\"wp-image-14616\" style=\"width:1141px;height:auto\" srcset=\"https:\/\/www.egyptforever.hu\/ildiko\/wp-content\/uploads\/2025\/06\/szepmu_imhotep-1024x683.jpg 1024w, https:\/\/www.egyptforever.hu\/ildiko\/wp-content\/uploads\/2025\/06\/szepmu_imhotep-300x200.jpg 300w, https:\/\/www.egyptforever.hu\/ildiko\/wp-content\/uploads\/2025\/06\/szepmu_imhotep-768x512.jpg 768w, https:\/\/www.egyptforever.hu\/ildiko\/wp-content\/uploads\/2025\/06\/szepmu_imhotep-1536x1024.jpg 1536w, https:\/\/www.egyptforever.hu\/ildiko\/wp-content\/uploads\/2025\/06\/szepmu_imhotep.jpg 1920w\" sizes=\"auto, (max-width: 1024px) 100vw, 1024px\" \/><\/figure>\n<\/div><\/div>\n<\/div>\n\n\n\n<div class=\"wp-block-columns is-layout-flex wp-container-core-columns-is-layout-9d6595d7 wp-block-columns-is-layout-flex\">\n<div class=\"wp-block-column is-layout-flow wp-block-column-is-layout-flow\">\n<p style=\"font-size:23px\"><strong>A reg\u00e9ny, mint spiritu\u00e1lis zar\u00e1ndoklat<\/strong><\/p>\n\n\n\n<p style=\"font-size:18px\">Christian Jacq: Imhotep c\u00edm\u0171 reg\u00e9nye egy olyan szellemi zar\u00e1ndoklat, amiben az olvas\u00f3 nemcsak egy t\u00f6rt\u00e9nelmi figur\u00e1val ismerkedik meg, hanem egy \u0151si, id\u0151tlen tud\u00e1sform\u00e1val is. Ez a tud\u00e1s nem lexikonokban \u00e9l, hanem bels\u0151 tapasztalatban, az emberi l\u00e9lekben, a vil\u00e1g rendj\u00e9vel val\u00f3 \u00f6sszhangban.<\/p>\n\n\n\n<p style=\"font-size:18px\">Imhotep alakj\u00e1n kereszt\u00fcl a reg\u00e9ny arra h\u00edvja az olvas\u00f3t, hogy:<\/p>\n\n\n\n<p style=\"font-size:18px\">&#8211; tegyen rendet a saj\u00e1t vil\u00e1g\u00e1ban,<\/p>\n\n\n\n<p style=\"font-size:18px\">&#8211; figyeljen a bels\u0151 egyens\u00faly\u00e1ra,<\/p>\n\n\n\n<p style=\"font-size:18px\">&#8211; \u00e9s ismerje fel, hogy <strong>az igazi \u201eisteni&#8221; hatalom<\/strong>, a szolg\u00e1latban, az al\u00e1zatban \u00e9s a b\u00f6lcsess\u00e9gben rejlik, \u00e9s nem a p\u00e9nzben, vagyonban, a t\u00e1rsadalmi \u00e9s politikai ir\u00e1ny\u00edt\u00e1s lehet\u0151s\u00e9g\u00e9ben, m\u00e9g ha a vil\u00e1g k\u00f6r\u00fcl\u00f6tt\u00fcnk hib\u00e1san ezt is gondolja.<\/p>\n\n\n\n<p style=\"font-size:18px\">Mert val\u00f3j\u00e1ban minden rossz ebb\u0151l a t\u00e9ves &#8220;hatalomszerz\u00e9sb\u0151l&#8221; indul ki\u2026 amikor az \u00e9let\u00fcnk arr\u00f3l sz\u00f3l, hogy el akarjuk \u00e9rni az elismer\u00e9st, a h\u00edrnevet, amikor &#8220;er\u0151vel&#8221; akarjuk megszerezni a vagyont, a t\u00e1rsadalmi rangot, a politikai hatalmat magunknak. Ez mind csak az eg\u00f3t szolg\u00e1lja \u00e9s annak kiel\u00e9g\u00edthetetlen v\u00e1gyait. Mindennek semmi k\u00f6ze az isteni Ma&#8217;at-hoz, az univerz\u00e1lis rendhez igazod\u00e1shoz.<\/p>\n\n\n\n<p><\/p>\n\n\n\n<p style=\"font-size:23px\"><strong>Kinek aj\u00e1nlom ezt a k\u00f6nyvet?<\/strong><\/p>\n\n\n\n<p style=\"font-size:18px\">Az Imhotep remek olvasm\u00e1ny mindenki sz\u00e1m\u00e1ra, akit \u00e9rdekel az \u00f3kor \u00e9s a spiritu\u00e1lis t\u00f6rt\u00e9nelem. Azoknak aj\u00e1nlom, akik szeretik a nagy egy\u00e9nis\u00e9gekr\u0151l sz\u00f3l\u00f3 t\u00f6rt\u00e9neteket, vagy \u00e9pp az \u00e9p\u00edt\u00e9szet, gy\u00f3gy\u00edt\u00e1s, vall\u00e1s \u00e9s hatalom t\u00e9mak\u00f6reinek \u00f6sszefon\u00f3d\u00e1s\u00e1t.<\/p>\n\n\n\n<p style=\"font-size:18px\">K\u00fcl\u00f6n\u00f6sen aj\u00e1nlom azoknak, akik k\u00edv\u00e1ncsiak<strong> az \u00f3kori Egyiptom val\u00f3di spiritualit\u00e1sa ir\u00e1nt<\/strong>, \u00e9s nem el\u00e9gszenek meg a l\u00e9gb\u0151l kapott, a val\u00f3s\u00e1gban sosem l\u00e9tezett ezoterikus tanokkal, melyekre el\u0151szeretettel h\u00fazz\u00e1k r\u00e1 az \u201e\u00f3kori egyiptomi\u201d jelz\u0151t. <\/p>\n\n\n\n<p style=\"font-size:18px\">Ez a k\u00f6nyv nem az ezoterikus &#8220;\u00f6nmegval\u00f3s\u00edt\u00e1s&#8221; \u00fatik\u00f6nyve \u2013 m\u00e9g akkor sem, ha a bels\u0151 fejl\u0151d\u00e9s k\u00e9rd\u00e9se fontos szerepet kap benne. <strong>Az itt bemutatott \u00f3kori egyiptomi spiritualit\u00e1s nem azonos a mai, divatos ezoterikus ir\u00e1nyzatokkal. <\/strong>Ne keress\u00fcnk benne &#8220;karm\u00e1t, reinkarn\u00e1ci\u00f3t, vil\u00e1gkorszakokat, megvil\u00e1gosod\u00e1st, felemelked\u00e9st vagy krist\u00e1lyrezg\u00e9seket&#8221; \u2013 <strong>ezek ugyanis nem k\u00e9pezt\u00e9k r\u00e9sz\u00e9t az \u00f3kori egyiptomi vall\u00e1sos vil\u00e1gk\u00e9pnek&#8230; <\/strong>legal\u00e1bbis nem abban a form\u00e1ban, ahogy azt ma sokan h\u00edrdetik.<\/p>\n\n\n\n<p style=\"font-size:18px\">Ebben a m\u0171ben nem fogunk tal\u00e1lkozni \u201e<em>Anubisz karmak\u00e1rty\u00e1ival<\/em>\u201d, \u201e<em>Thot tarotj\u00e1val<\/em>\u201d, \u201e<em>Ptah tr\u00f3nj\u00e1val<\/em>\u201d vagy a \u201e<em>N\u00edlus csakr\u00e1ival<\/em>\u201d&#8230; stb&#8230;. \u00e9s egy\u00e9b hasonl\u00f3 s\u00fcletlens\u00e9gekkel \u2013 mert ez a k\u00f6nyv a hiteless\u00e9gre t\u00f6rekszik, \u00e9s nem k\u00edv\u00e1nja er\u0151ltetett m\u00f3don \u00f6sszeolvasztani a buddhista, a keleti, \u00e9s a modern ezoterikus tanokat vagy a bibliai elemeket az \u00f3kori egyiptomi kult\u00far\u00e1val, olyan m\u00f3don, ahogy az sosem l\u00e9tezett. Nem torz\u00edtja el sem a szanszkrit, sem a sumer, sem m\u00e1s hagyom\u00e1nyok fogalomrendszer\u00e9t, kifejez\u00e9seit, elnevez\u00e9seit \u00e9s nem pr\u00f3b\u00e1lja hamisan \u00f3kori egyiptomi k\u00f6nt\u00f6sbe b\u00fajtatni mindezeket. <strong>Ez a k\u00f6nyv az \u00f3kori Egyiptom val\u00f3di spiritu\u00e1lis \u00f6r\u00f6ks\u00e9g\u00e9r\u0151l sz\u00f3l,<\/strong> <strong>hitelesen<\/strong>, m\u00e9g ha sz\u00f3rakoztat\u00f3 m\u00f3don teszi is mindezt.<\/p>\n\n\n\n<p style=\"font-size:18px\"><strong>Ez a k\u00f6nyv nem egy hollywoodi m\u00fami\u00e1s kaland<\/strong>, hanem egy finomabb, lassabban \u00e9p\u00edtkez\u0151 reg\u00e9ny, ami igazi bels\u0151 \u00e9lm\u00e9nyt ny\u00fajt \u2013 olyan, mint egy templomi szertart\u00e1s vagy egy titkos k\u00e9zirat.<\/p>\n\n\n\n<p style=\"font-size:18px\"><strong>Aj\u00e1nlom ezt a reg\u00e9nyt mindazoknak, akik hisznek a k\u00f6nyvek val\u00f3di erej\u00e9ben..<\/strong>.<\/p>\n\n\n\n<p class=\"has-text-align-center\">*****<\/p>\n\n\n\n<p style=\"font-size:18px\">Amikor legk\u00f6zelebb Egyiptom f\u00f6ldj\u00e9re l\u00e9pnek, \u00e9s \u00fatjuk a legend\u00e1s Szakkar\u00e1ba vezet, ahol a t\u00f6rt\u00e9nelem els\u0151 monument\u00e1lis k\u0151\u00e9p\u00edtm\u00e9nye, a <strong>L\u00e9pcs\u0151s Piramis <\/strong>emelkedik, k\u00e9rem \u00e1lljanak meg egy pillanatra. Ne el\u00e9gedjenek meg csup\u00e1n azzal a t\u00e9nnyel, hogy ez az \u00e9p\u00edtm\u00e9ny az els\u0151 a piramisok sor\u00e1ban \u2013 hanem gondoljanak arra a kiv\u00e9teles emberre is, akinek szellemi nagys\u00e1ga \u00e9s \u00faj\u00edt\u00f3 zsenialit\u00e1sa n\u00e9lk\u00fcl ez a csoda nem j\u00f6hetett volna l\u00e9tre. Jusson esz\u00fckbe Imhotep neve, aki nemcsak Dzs\u00f3szer f\u00e1ra\u00f3 f\u0151\u00e9p\u00edt\u00e9sze, hanem a t\u00f6rt\u00e9nelem egyik legkor\u00e1bbi ismert polihisztora is volt. Az \u0151 v\u00edzi\u00f3ja, tud\u00e1sa \u00e9s m\u0171v\u00e9szi \u00e9rz\u00e9ke form\u00e1lta \u00e1t az addigi vil\u00e1got. Mert ha valaki m\u00e9lt\u00f3 r\u00e1, hogy eml\u00e9kezz\u00fcnk r\u00e1, akkor az \u00e9ppen \u0151: Imhotep, akinek nem csup\u00e1n a szikl\u00e1kba v\u00e9sett \u00f6r\u00f6ks\u00e9ge, hanem az emberi eml\u00e9kezet \u00e9s a k\u00f6nyvek lapjai is \u0151rzik nev\u00e9t \u2013 ahogy azt az igaz\u00e1n nagyokkal tenni illik.<\/p>\n<\/div>\n<\/div>\n\n\n\n<p><em><strong>K\u00f3sa Ildik\u00f3 idegenvezet\u0151 &#8211; Egypt Forver<\/strong><\/em><\/p>\n\n\n\n<p><\/p>\n<div style='text-align:right' class='yasr-auto-insert-overall'><\/div><div style='text-align:right' class='yasr-auto-insert-visitor'><\/div>","protected":false},"excerpt":{"rendered":"<p>Egy \u00fajabb izgalmas reg\u00e9nyre szeretn\u00e9m felh\u00edvni mindazok figyelm\u00e9t, akik sz\u00edvesen olvasnak az \u00f3kori Egyiptomr\u00f3l.&nbsp; Egy \u00fajabb reg\u00e9ny, ami egyszerre tan\u00edt, elvar\u00e1zsol \u00e9s elgondolkodtat, tan\u00edt \u00e9s inform\u00e1l, mik\u00f6zben sz\u00f3rakoztat\u00f3bb, mint egy sivatagi teveverseny\u2026<a class=\"moretag\" href=\"https:\/\/www.egyptforever.hu\/ildiko\/?p=14607\">Tov\u00e1bbi inform\u00e1ci\u00f3\u2026<\/a><\/p>\n","protected":false},"author":1,"featured_media":14608,"comment_status":"closed","ping_status":"open","sticky":false,"template":"","format":"standard","meta":{"om_disable_all_campaigns":false,"_monsterinsights_skip_tracking":false,"_monsterinsights_sitenote_active":false,"_monsterinsights_sitenote_note":"","_monsterinsights_sitenote_category":0,"yasr_overall_rating":0,"yasr_post_is_review":"","yasr_auto_insert_disabled":"","yasr_review_type":"","footnotes":""},"categories":[385,148],"tags":[482,488,139,135,249,48,64],"class_list":["post-14607","post","type-post","status-publish","format-standard","has-post-thumbnail","hentry","category-ajanlo","category-sajat-blog","tag-ajanlott-konyvek","tag-christian-jacq","tag-dzsoszer","tag-imhotep","tag-lepcsos-piramis","tag-okori-egyiptom","tag-szakkara"],"aioseo_notices":[],"yasr_visitor_votes":{"stars_attributes":{"read_only":false,"span_bottom":false},"number_of_votes":1,"sum_votes":5},"_links":{"self":[{"href":"https:\/\/www.egyptforever.hu\/ildiko\/index.php?rest_route=\/wp\/v2\/posts\/14607","targetHints":{"allow":["GET"]}}],"collection":[{"href":"https:\/\/www.egyptforever.hu\/ildiko\/index.php?rest_route=\/wp\/v2\/posts"}],"about":[{"href":"https:\/\/www.egyptforever.hu\/ildiko\/index.php?rest_route=\/wp\/v2\/types\/post"}],"author":[{"embeddable":true,"href":"https:\/\/www.egyptforever.hu\/ildiko\/index.php?rest_route=\/wp\/v2\/users\/1"}],"replies":[{"embeddable":true,"href":"https:\/\/www.egyptforever.hu\/ildiko\/index.php?rest_route=%2Fwp%2Fv2%2Fcomments&post=14607"}],"version-history":[{"count":6,"href":"https:\/\/www.egyptforever.hu\/ildiko\/index.php?rest_route=\/wp\/v2\/posts\/14607\/revisions"}],"predecessor-version":[{"id":14629,"href":"https:\/\/www.egyptforever.hu\/ildiko\/index.php?rest_route=\/wp\/v2\/posts\/14607\/revisions\/14629"}],"wp:featuredmedia":[{"embeddable":true,"href":"https:\/\/www.egyptforever.hu\/ildiko\/index.php?rest_route=\/wp\/v2\/media\/14608"}],"wp:attachment":[{"href":"https:\/\/www.egyptforever.hu\/ildiko\/index.php?rest_route=%2Fwp%2Fv2%2Fmedia&parent=14607"}],"wp:term":[{"taxonomy":"category","embeddable":true,"href":"https:\/\/www.egyptforever.hu\/ildiko\/index.php?rest_route=%2Fwp%2Fv2%2Fcategories&post=14607"},{"taxonomy":"post_tag","embeddable":true,"href":"https:\/\/www.egyptforever.hu\/ildiko\/index.php?rest_route=%2Fwp%2Fv2%2Ftags&post=14607"}],"curies":[{"name":"wp","href":"https:\/\/api.w.org\/{rel}","templated":true}]}}