{"id":14663,"date":"2025-06-13T19:51:20","date_gmt":"2025-06-13T17:51:20","guid":{"rendered":"https:\/\/www.egyptforever.hu\/ildiko\/?p=14663"},"modified":"2026-04-09T20:57:51","modified_gmt":"2026-04-09T18:57:51","slug":"a-negativ-gyonas-avagy-a-maat-az-isteni-rend-mint-belso-elv","status":"publish","type":"post","link":"https:\/\/www.egyptforever.hu\/ildiko\/?p=14663","title":{"rendered":"A Negat\u00edv gy\u00f3n\u00e1s &#8211; avagy a Ma&#8217;at, az isteni rend, mint bels\u0151 elv&#8230;"},"content":{"rendered":"\n<div class=\"wp-block-columns is-layout-flex wp-container-core-columns-is-layout-9d6595d7 wp-block-columns-is-layout-flex\">\n<div class=\"wp-block-column is-layout-flow wp-block-column-is-layout-flow\">\n<p style=\"font-size:18px\">A <strong>Negat\u00edv gy\u00f3n\u00e1s<\/strong> (m\u00e1s n\u00e9ven: B\u0171nmegtagad\u00e1sok, vagy egyiptomiul <strong>Ma&#8217;at igazs\u00e1g\u00e1nak vallom\u00e1sai<\/strong>) az \u00f3kori egyiptomi t\u00falvil\u00e1ghit egyik legm\u00e9lyebb filoz\u00f3fiai \u00e9s spiritu\u00e1lis eleme. B\u00e1r a legismertebb v\u00e1ltozata az \u00dajbirodalom kori <em><strong>Halottak K\u00f6nyv\u00e9<\/strong><\/em>ben tal\u00e1lhat\u00f3 (f\u0151k\u00e9nt a 125. fejezetben), gy\u00f6kerei m\u00e1r az \u00d3birodalom idej\u00e9n, k\u00fcl\u00f6nf\u00e9le s\u00edrsz\u00f6vegekben \u00e9s a Piramissz\u00f6vegekben is megfigyelhet\u0151k. A gy\u00f3n\u00e1s azonban nem kereszt\u00e9ny \u00e9rtelemben vett b\u0171nb\u00e1nat vagy feloldoz\u00e1s, hanem egy akt\u00edv, \u00f6nreflex\u00edv igazmond\u00e1s, egyfajta mor\u00e1lis t\u00fck\u00f6r haszn\u00e1lata.<\/p>\n\n\n\n<p style=\"font-size:18px\"><strong>A Negat\u00edv gy\u00f3n\u00e1s 42 pontja nemcsak t\u00f6rt\u00e9nelmi vagy mitol\u00f3giai \u00e9rdekess\u00e9g, hanem egy id\u0151tlen, m\u00e9ly spiritu\u00e1lis tan\u00edt\u00e1s,<\/strong> amely a modern ember sz\u00e1m\u00e1ra is rendk\u00edv\u00fcl hasznos lehet \u00f6nismeret, lelki fejl\u0151d\u00e9s \u00e9s erk\u00f6lcsi tart\u00e1s szempontj\u00e1b\u00f3l. N\u00e9zz\u00fck meg r\u00e9szletesen, hogyan seg\u00edtheti ez a koncepci\u00f3 a bels\u0151 munk\u00e1t, \u00e9s mi\u00e9rt \u00e9rdemes megsz\u00edvlelni a benne rejl\u0151 tan\u00edt\u00e1sokat.<\/p>\n\n\n\n<p class=\"has-black-color has-text-color has-link-color wp-elements-289e37b55250138e268aae459e740074\" style=\"font-size:23px\"><strong>Mi a Negat\u00edv gy\u00f3n\u00e1s l\u00e9nyege?<\/strong><\/p>\n\n\n\n<p style=\"font-size:18px\">A \u201eMa\u2019at\u201d kifejez\u00e9s az igazs\u00e1g, a rend, a harm\u00f3nia, a t\u00f6rv\u00e9ny, az erk\u00f6lcs \u00e9s az igazs\u00e1goss\u00e1g t\u00e1gabb \u00f3kori egyiptomi eszm\u00e9it is jel\u00f6li \u2013 ezeket az elveket tartott\u00e1k az univerzum alapvet\u0151 rendj\u00e9nek ir\u00e1ny\u00edt\u00f3inak. Az egyiptomiak meg voltak gy\u0151z\u0151dve arr\u00f3l, hogy minden egy\u00e9n felel\u0151s az\u00e9rt, hogy olyan \u00e9letet \u00e9ljen, amely tiszteletben tartja m\u00e1sokat \u00e9s a term\u00e9szetet. Ahogyan az istenekr\u0151l azt gondolt\u00e1k, hogy az emberis\u00e9g gondoz\u00e1s\u00e1t szolg\u00e1lj\u00e1k, az emberekt\u0151l is elv\u00e1rt\u00e1k, hogy t\u00f6r\u0151djenek egym\u00e1ssal \u00e9s a r\u00e1juk b\u00edzott k\u00f6rnyezettel. Ez az ethosz az egyiptomi \u00e9let minden aspektus\u00e1ban t\u00fckr\u00f6z\u0151d\u00f6tt, a v\u00e1rosok tervez\u00e9s\u00e9t\u0151l kezdve a templomok \u00e9s eml\u00e9km\u0171vek szimmetri\u00e1j\u00e1ig.<\/p>\n\n\n\n<p style=\"font-size:18px\">A Ma&#8217;attal \u00f6sszhangban \u00e9lni azt jelentette, hogy az ember igazodik az isteni akarathoz \u00e9s a term\u00e9szetes rendhez, el\u0151seg\u00edtve a harmonikus l\u00e9tez\u00e9st. Az egy\u00e9nnek m\u00f3dj\u00e1ban \u00e1llt elutas\u00edtani ezeket az elveket, \u00e9s szabad akarattal ir\u00e1ny\u00edthatta cselekedeteit. \u00c1m az egy\u00e9n hal\u00e1la ut\u00e1n d\u00f6nt\u00e9sei min\u0151s\u00e9g\u00e9t meg\u00edt\u00e9lt\u00e9k a <strong>Kett\u0151s Igazs\u00e1g Csarnok\u00e1ban<\/strong>. A t\u00falvil\u00e1gi \u00edt\u00e9let sor\u00e1n az elhunyt lelke \u2013 az egyiptomi fogalmak szerint a Ba \u2013 az istenek \u00e9s a 42 \u00edt\u00e9lkez\u0151 d\u00e9mon jelenl\u00e9t\u00e9ben felsorolja mindazokat a tetteket, amiket nem k\u00f6vetett el. Ez a gy\u00f3n\u00e1s az\u00e9rt &#8220;negat\u00edv&#8221;, mert tagad\u00f3 form\u00e1ban hangzik el.<\/p>\n\n\n\n<p><\/p>\n\n\n\n<p class=\"has-black-color has-text-color has-link-color wp-elements-206d34037189dc2d377c0809e69b805b\" style=\"font-size:23px\"><strong>A Negat\u00edv gy\u00f3n\u00e1s \u2013 Ma&#8217;at t\u00fckr\u00e9ben<\/strong><\/p>\n\n\n\n<p style=\"font-size:18px\">Az al\u00e1bbiakban minden pontban el\u0151sz\u00f6r az eredeti \u00f3egyiptomi tagad\u00e1s szerepel (t\u00f6m\u00f6r v\u00e1ltozatban), majd ennek egy mai, bels\u0151 \u00f6nvizsg\u00e1latra alkalmas v\u00e1ltozat\u00e1t olvashatjunk.<\/p>\n\n\n\n<p><\/p>\n\n\n\n<p><strong>1. \u201eNem k\u00f6vettem el b\u0171nt.\u201d<\/strong> \u2192 <em>Nem tagadtam meg a lelkiismeretem szav\u00e1t.<\/em>  (Az igazs\u00e1g bel\u00fclr\u0151l sz\u00f3l el\u0151sz\u00f6r, \u00e9s fontos, hogy \u00f6nmagunkat, a saj\u00e1t bels\u0151 \u00e9rt\u00e9keinket, nem \u00e1ruljuk el.)<\/p>\n\n\n\n<p><strong>2. \u201eNem raboltam.\u201d<\/strong> \u2192 <em>Nem vettem el, ami nem engem illet. \u2013 sem t\u00e1rgyat, sem \u00e9rdemet.<\/em> (A birtokl\u00e1s v\u00e1gya az egyik legfinomabb k\u00eds\u00e9rt\u00e9s: nemcsak t\u00e1rgyakat, dics\u0151s\u00e9get, embereket, \u00e9rzelmeket is birtokolni v\u00e1gyhatunk, ami helytelen m\u00f3don befoly\u00e1solja a gondolkod\u00e1sunkat \u00e9s viselked\u00e9s\u00fcnket.)<\/p>\n\n\n\n<p><strong>3. \u201eNem \u00f6ltem.\u201d<\/strong> \u2192 <em>Nem oltottam ki m\u00e1s \u00e9let\u00e9t \u2013 sem tettben, sem sz\u00f3ban.<\/em> (A gyilkol\u00e1s lehet fizikai, de ugyan \u00fagy lehet lelki, \u00e9rzelmi puszt\u00edt\u00e1s is, pl: megal\u00e1z\u00f3 szavak, megsz\u00e9gyen\u00edt\u00e9s vagy b\u00e1nt\u00f3 sz\u00e1nd\u00e9k is.)<\/p>\n\n\n\n<p><strong>4. \u201eNem csaltam.\u201d<\/strong> \u2192 <em>Nem manipul\u00e1ltam m\u00e1st a saj\u00e1t hasznomra, nem csaptam be.<\/em> (A csal\u00e1s lehet konkr\u00e9t, t\u00e9nyleges t\u00f6rv\u00e9nytelens\u00e9g. De a csal\u00e1snak vannak finom form\u00e1i is: pl: elhallgat\u00e1s, f\u00e9lremagyar\u00e1z\u00e1s, \u00e9rzelmi zsarol\u00e1s \u00e9s az \u00f6nv\u00e9delemnek \u00e1lc\u00e1zott f\u00e9lelem is.)<\/p>\n\n\n\n<p><strong>5. \u201eNem hazudtam.\u201d<\/strong> \u2192 <em>Nem \u00e9ltem igaztalan m\u00f3don \u00e1larcban m\u00e1sok el\u0151tt. Az igazmond\u00e1s fontos volt a sz\u00e1momra.<\/em> (A hazugs\u00e1g az egyik leggyakrabb hiba, amit az emberek  elk\u00f6vetnek, ak\u00e1r rossz, ak\u00e1r j\u00f3 sz\u00e1nd\u00e9kkal. De hazugs\u00e1gnak sz\u00e1m\u00edtanak  a megj\u00e1tott szerepek, amiket m\u00e1soknak j\u00e1tszunk, vagy amikkel \u00f6nmagunkat \u00e1ltatjuk.)<\/p>\n\n\n\n<p><strong>6. \u201eNem k\u00f6vettem el par\u00e1znas\u00e1got.\u201d<\/strong> \u2192 <em>Nem haszn\u00e1ltam m\u00e1s test\u00e9t vagy figyelm\u00e9t eszk\u00f6zk\u00e9nt. <\/em>(A testi v\u00e1gy m\u00f6g\u00f6tt gyakran birtokl\u00e1s vagy \u00f6nigazol\u00e1si probl\u00e9ma rejlik.)<\/p>\n\n\n\n<p><strong>7. \u201eNem b\u00e1ntottam m\u00e1sokat.\u201d <\/strong>\u2192 N<em>em haszn\u00e1ltam az er\u0151met m\u00e1sok ellen, csak \u00e9rt\u00fck.<\/em> (Az er\u0151 nem hatalom, hanem felel\u0151ss\u00e9g. (Aki tudna b\u00e1ntani, de nem teszi, az val\u00f3ban er\u0151s.)<\/p>\n\n\n\n<p><strong>8. \u201eNem okoztam f\u00e1jdalmat.\u201d<\/strong> \u2192 <em>Tudatosan nem hagytam, hogy a szavaim vagy tetteim megsebezzen m\u00e1sokat.<\/em> (Az \u00e9rz\u00e9ketlens\u00e9g nem \u0151szintes\u00e9g. Az \u0151szintes\u00e9g szeretettel \u00e9l, nem rombol\u00e1ssal.)<\/p>\n\n\n\n<p><strong>9. \u201eNem loptam isteneknek szentelt dolgokat.\u201d<\/strong> \u2192 <em>Nem saj\u00e1t\u00edtottam ki, ami a Szellemnek vagy a k\u00f6z\u00f6ss\u00e9gnek szent. <\/em>(Az \u00f6nc\u00e9l\u00fas\u00e1g kisaj\u00e1t\u00edtja a k\u00f6z\u00f6s \u00e9rt\u00e9keket. A val\u00f3di spiritualit\u00e1s nem csak egy divatos d\u00edszlet, felvett p\u00f3z, hanem jellemform\u00e1l\u00f3 er\u0151.)<\/p>\n\n\n\n<p><strong>10. \u201eNem cs\u00f6kkentettem a m\u00e9rt\u00e9ket.\u201d<\/strong> \u2192 <em>Nem torz\u00edtottam el a m\u00e9rt\u00e9ket a saj\u00e1t el\u0151ny\u00f6mre.<\/em>(Ez utalhat m\u00e9rt\u00e9kletess\u00e9gre is \u2013 anyagban, sz\u00f3ban, figyelemben. A Ma&#8217;at rendje egyens\u00faly.)<\/p>\n\n\n\n<p><strong>11. \u201eNem loptam a gabonaf\u00f6ldekr\u0151l.\u201d<\/strong> \u2192 <em>Nem haszn\u00e1ltam fel m\u00e1s munk\u00e1j\u00e1t, \u00e9rt\u00e9keit a saj\u00e1t eredm\u00e9nyemk\u00e9nt. <\/em>(A gabona a meg\u00e9lhet\u00e9s \u00e9s n\u00f6veked\u00e9s szimb\u00f3luma \u2013 itt azt jelenti: tiszteletben tartom m\u00e1s \u00e9rdemeit.)<\/p>\n\n\n\n<p><strong>12. \u201eNem v\u00e1gtam el a vizet.\u201d<\/strong> \u2192 <em>Nem akad\u00e1lyoztam m\u00e1sok szabads\u00e1g\u00e1t \u2013 se \u00e9rzelmileg, se szellemileg.<\/em> (Az \u00e9let vize a szabads\u00e1g, a n\u00f6veked\u00e9s \u00e9s a kapcsol\u00f3d\u00e1s. Aki g\u00e1tol m\u00e1sokat b\u00e1rmiben, az Ma&#8217;at ellen cselekszik.)<\/p>\n\n\n\n<p><strong>13. \u201eNem emeltem fel a hangom indulatb\u00f3l.\u201d <\/strong>\u2192 <em>Nem engedtem, hogy a haragom uralkodjon felettem.<\/em> (A hang, amit emel\u00fcnk, \u00f6nmagunkat is s\u00fajtja. A d\u00fch besz\u0171k\u00edt, nem tiszt\u00e1z.)<\/p>\n\n\n\n<p><strong>14. \u201eNem k\u00e1romkodtam.\u201d<\/strong> \u2192 <em>Nem haszn\u00e1ltam a szavakat m\u00e1sok megal\u00e1z\u00e1s\u00e1ra. Nem haszn\u00e1ltam rosszindulat\u00fa szavakat \u00e1rt\u00f3 c\u00e9llal. <\/em>(A sz\u00f3 teremt. Ha mocskot sz\u00f3runk vele, \u00f6nmagunkat is romboljuk vele.)<\/p>\n\n\n\n<p><strong>15. \u201eNem k\u00f6veteltem t\u00f6bbet, mint ami j\u00e1r.\u201d<\/strong> \u2192 <em>Nem vettem el figyelmet, elismer\u00e9st, helyet, p\u00e9nzt, \u00e9rt\u00e9ket, ami nem engem illetett.<\/em> (A t\u00falz\u00f3 jogosults\u00e1g ig\u00e9nye val\u00f3j\u00e1ban az ego hangja. A tisztess\u00e9gnek kell lennie \u00e9let\u00fcnk mozgat\u00f3rug\u00f3j\u00e1nak. A tisztess\u00e9g a val\u00f3s hely\u00fcnkh\u00f6z val\u00f3 h\u0171s\u00e9g.)<\/p>\n\n\n\n<p><strong>16. \u201eNem r\u00e1galmaztam.\u201d<\/strong> \u2192 <em>Nem torz\u00edtottam m\u00e1s igazs\u00e1g\u00e1t a saj\u00e1t \u00edt\u00e9letem kedv\u00e9\u00e9rt.<\/em> (A r\u00e1galmaz\u00e1s nem a m\u00e1sikr\u00f3l sz\u00f3l, hanem arr\u00f3l, mennyire nem vagyunk b\u00e9k\u00e9ben magunkkal.)<\/p>\n\n\n\n<p><strong>17. \u201eNem k\u00f6vettem el h\u00e1zass\u00e1gt\u00f6r\u00e9st.\u201d<\/strong> \u2192 <em>Nem j\u00e1tszottam m\u00e1s \u00e9rzelmeivel vagy bizalm\u00e1val.<\/em> (Ez a h\u0171s\u00e9g elv\u00e9t emeli ki \u2013 nemcsak p\u00e1rkapcsolatban, hanem minden sz\u00f6vets\u00e9gben.)<\/p>\n\n\n\n<p><strong>18. \u201eNem f\u00e9ltem az igazs\u00e1g kimond\u00e1s\u00e1t\u00f3l.\u201d<\/strong> \u2192 <em>Nem hallgattam, amikor az igazs\u00e1g v\u00e9delmet k\u00edv\u00e1nt volna.<\/em> (A csend is lehet b\u0171nr\u00e9szess\u00e9g. Ma&#8217;at ott van, ahol valaki ki\u00e1ll valami\u00e9rt  \u2013 nem valaki ellen.)<\/p>\n\n\n\n<p><strong>19. \u201eNem szennyeztem be a vizet.\u201d<\/strong> \u2192 <em>Nem m\u00e9rgeztem meg a k\u00f6z\u00f6s teret \u2013 gondolattal, sz\u00f3val, jelenl\u00e9ttel.<\/em> (A v\u00edz itt nem csak a t\u00e9nyleges vizet, k\u00f6r\u00fcl\u00f6tt\u00fcnk l\u00e9v\u0151 k\u00f6rnyezetet, hanem egyszerre a k\u00f6z\u00f6s tudatmez\u0151 szimb\u00f3luma is. Minden, amit visz\u00fcnk magunkb\u00f3l, hat m\u00e1sokra is.)<\/p>\n\n\n\n<p><strong>20. \u201eNem voltam t\u00fcrelmetlen.\u201d<\/strong> \u2192 <em>Nem s\u00fcrgettem az id\u0151t, sem m\u00e1sokat a saj\u00e1t ritmusom szerint. <\/em>(Ma&#8217;at ritmusa nem siet. A t\u00fcrelem nem passzivit\u00e1s, hanem az id\u0151 rendj\u00e9be vetett bizalom.)<\/p>\n\n\n\n<p><strong>21. \u201eNem okoztam f\u00e9lelmet.\u201d<\/strong> \u2192 <em>Nem \u00e9ltem vissza a hat\u00e1sommal, hogy m\u00e1sokat ir\u00e1ny\u00edtsak vagy befoly\u00e1soljak<\/em>. (A f\u00e9lelemkelt\u00e9s a manipul\u00e1ci\u00f3 egyik leg\u0151sibb form\u00e1ja. Ma&#8217;at a tiszta jelenl\u00e9t ereje \u2013 nem a nyom\u00e1s\u00e9.)<\/p>\n\n\n\n<p><strong>22. \u201eNem voltam \u00f6nz\u0151.\u201d <\/strong>\u2192 <em>Nem helyeztem magam m\u00e1sok f\u00f6l\u00e9 \u2013 sem gondolatban, sem cselekedetben.<\/em> (A val\u00f3di m\u00e9lt\u00f3s\u00e1g az al\u00e1zatban mutatkozik meg. Aki mindent mag\u00e1nak akar, \u00e9s mag\u00e1t helyezi mindig a k\u00f6z\u00e9ppontba, az Maat rendj\u00e9t z\u00fazza sz\u00e9t.)<\/p>\n\n\n\n<p><strong>23. \u201eNem hallgattam el a b\u0171nt.\u201d <\/strong>\u2192 <em>Nem n\u00e9ztem f\u00e9lre, ha m\u00e1s igazs\u00e1gtalans\u00e1got k\u00f6vetett el. <\/em>(Az erk\u00f6lcsi k\u00f6z\u00f6ny is v\u00e1laszt\u00e1s \u2013 ha a csendem t\u00e1mogat, felel\u0151ss\u00e9 v\u00e1lik.)<\/p>\n\n\n\n<p><strong>24. \u201eNem gy\u0171l\u00f6ltem.\u201d<\/strong> \u2192 <em>Nem tartottam meg a sz\u00edvemben a haragot.<\/em> (A gy\u0171l\u00f6let nem az ellens\u00e9gr\u0151l sz\u00f3l, hanem a saj\u00e1t f\u00e9lelmeinkr\u0151l, v\u00e1gyainkr\u00f3l \u00e9s arr\u00f3l, hogy mit nem tudtunk meggy\u00f3gy\u00edtani magunkban.)<\/p>\n\n\n\n<p><strong>25. \u201eNem v\u00e9tettem a t\u00f6rv\u00e9ny ellen.\u201d<\/strong> \u2192 <em>Nem cselekedtem tudatosan a kozmikus renddel szemben.<\/em> (Ez nem emberi szab\u00e1lyokat jelent, hanem a sz\u00edv t\u00f6rv\u00e9ny\u00e9t: mi \u00e9p\u00edt, \u00e9s mi rombol.)<\/p>\n\n\n\n<p><strong>26. \u201eNem z\u00e1rtam el a f\u00fclem az igaz tan\u00edt\u00e1st\u00f3l.\u201d<\/strong> \u2192 <em>Nem utas\u00edtottam vissza azt, ami val\u00f3ban a lelkemhez sz\u00f3lt.<\/em> (A tan\u00edt\u00e1s n\u00e9ha f\u00e1jdalmas. De a L\u00e9lek mindig meg\u00e9rzi, mikor igaz \u2013 ha hagyjuk megsz\u00f3lalni.)<\/p>\n\n\n\n<p><strong>27. \u201eNem terjesztettem visz\u00e1lyt.\u201d<\/strong> \u2192 <em>Nem osztottam meg embereket a saj\u00e1t igazs\u00e1gom nev\u00e9ben.<\/em> (Aki b\u00e9k\u00e9tlen, b\u00e9k\u00e9tlens\u00e9get sz\u00fcl. A Ma&#8217;at tan\u00edtv\u00e1nya ott is egyes\u00edt, ahol m\u00e1s sz\u00e9tv\u00e1lasztana.)<\/p>\n\n\n\n<p><strong>28. \u201eNem voltam vak az igazs\u00e1gra.\u201d<\/strong> \u2192 <em>Nem v\u00e9dtem meg azt, ami m\u00e9ltatlan \u2013 csak mert k\u00e9nyelmes volt. <\/em>(A bels\u0151 vaks\u00e1g az, amikor tudjuk, mi igaz, de elford\u00edtjuk a fej\u00fcnket. Ez a rend sz\u00e9tes\u00e9se.)<\/p>\n\n\n\n<p><strong>29. \u201eNem z\u00e1rtam el a lelkem.\u201d<\/strong> \u2192 <em>Nem engedtem, hogy a f\u00e1jdalom k\u0151v\u00e9 tegye a sz\u00edvemet.<\/em> (Az \u00e9rz\u00e9ketlens\u00e9g nem v\u00e9delem, hanem z\u00e1rka. Ma&#8217;at a nyitott sz\u00edven kereszt\u00fcl \u00e9l.)<\/p>\n\n\n\n<p><strong>30. \u201eNem adtam teret az irigys\u00e9gnek.\u201d<\/strong> \u2192 <em>Nem hagytam, hogy m\u00e1s f\u00e9nye az \u00e9n s\u00f6t\u00e9ts\u00e9gemm\u00e9 v\u00e1ljon.<\/em> (Az irigys\u00e9g a sz\u0171k\u00f6ss\u00e9g tudat\u00e1b\u00f3l fakad. S\u00f6t\u00e9t \u00e9s egyre s\u00f6t\u00e9tebb\u00e9 v\u00e1l\u00f3 v\u00e1gy az, amikor m\u00e1s \u00e9let\u00e9re, helyzet\u00e9re, esem\u00e9nyeire, t\u00e1rgyaira v\u00e1gyunk, lekicsinyelve a saj\u00e1tunkat.  A b\u0151s\u00e9g tudja: amit m\u00e1s meg\u00e9l, nek\u00fcnk is megadatik.)<\/p>\n\n\n\n<p><strong>31. \u201eNem voltam kapzsi.\u201d <\/strong>\u2192 <em>Nem akartam t\u00f6bbet birtokolni, mint amit val\u00f3ban hasznos\u00edtani tudok. <\/em>(A birtokl\u00e1s v\u00e1gya nemcsak t\u00e1rgyakra, hanem emberekre, \u00e9lm\u00e9nyekre is ir\u00e1nyulhat. A rend m\u00e9rt\u00e9ktart\u00f3.)<\/p>\n\n\n\n<p><strong>32. \u201eNem hagytam figyelmen k\u00edv\u00fcl a m\u00e1sik emberek f\u00e1jdalm\u00e1t.\u201d<\/strong> \u2192 <em>Nem voltam k\u00f6z\u00f6mb\u00f6s, amikor seg\u00edthettem volna.<\/em> (A r\u00e9szv\u00e9t nem gyenges\u00e9g, hanem tudatoss\u00e1g. Aki nem veszi \u00e9szre a m\u00e1sik seb\u00e9t, mag\u00e1t\u00f3l is elszakad.)<\/p>\n\n\n\n<p><strong>33. \u201eNem hamis\u00edtottam meg a m\u00e9rleget.\u201d <\/strong>\u2192 <em>Nem hajl\u00edtottam el az igazs\u00e1got a saj\u00e1t javamra<\/em>. (A m\u00e9rleg az \u00edt\u00e9let, az igazs\u00e1g, az egyens\u00faly szimb\u00f3luma. Aki torz\u00edt, az a vil\u00e1g rendj\u00e9t torz\u00edtja.)<\/p>\n\n\n\n<p><strong>34. \u201eNem loptam az id\u0151b\u0151l.\u201d <\/strong>\u2192 <em>Nem fecs\u00e9reltem el, amit m\u00e1s r\u00e1m b\u00edzott \u2013 figyelmet, jelenl\u00e9tet, \u00e9letid\u0151t. <\/em>(A m\u00e1sik ideje szent. De a saj\u00e1tunk is. Ami val\u00f3ban fontos, az mindig id\u0151ig\u00e9nyes.)<\/p>\n\n\n\n<p><strong>35. \u201eNem \u00e9ltem vissza m\u00e1s bizalm\u00e1val.\u201d<\/strong> \u2192 <em>Nem haszn\u00e1ltam ki, aki nyitott sz\u00edvvel k\u00f6zeledett.<\/em> (Ez az egyik legs\u00falyosabb v\u00e9ts\u00e9g Ma&#8217;at ellen. A bizalom aj\u00e1nd\u00e9k \u2013 vissza\u00e9lni vele: nemcsak m\u00e1sok ellen elk\u00f6vetett v\u00e9tek, \u00e9s a bizalom elveszt\u00e9se, hanem \u00f6nmagunk megbecstelen\u00edt\u00e9se is.)<\/p>\n\n\n\n<p><strong>36. \u201eNem besz\u00e9ltem kett\u0151s nyelven.\u201d<\/strong> \u2192 <em>Nem mondtam m\u00e1st az egyiknek, mint a m\u00e1siknak \u2013 csak hogy j\u00f3l j\u00f6jjek ki bel\u0151le.<\/em> (A sz\u00f3 m\u00e1gikus eszk\u00f6z. A kett\u0151s besz\u00e9d m\u00e9rget csepegtet az emberi t\u00e9rbe.)<\/p>\n\n\n\n<p><strong>37. \u201eNem hoztam sz\u00e9gyent az istenekre.\u201d<\/strong> \u2192 <em>Nem viselkedtem \u00fagy, hogy megtagadtam volna a bennem \u00e9l\u0151 istenit.<\/em> (Ez az integrit\u00e1s pr\u00f3b\u00e1ja: akkor is m\u00e9lt\u00f3nak maradni, amikor senki sem l\u00e1t.)<\/p>\n\n\n\n<p><strong>38. \u201eNem \u00e1rtottam a gyermekeknek.\u201d <\/strong>\u2192 <em>Nem z\u00e1rtam el az \u00e1rtatlans\u00e1g, a k\u00edv\u00e1ncsis\u00e1g \u00e9s a n\u00f6veked\u00e9s \u00fatj\u00e1t.<\/em> (A gyermek az \u00faj rend hordoz\u00f3ja. Aki \u00e1rt neki, a j\u00f6v\u0151 ellen v\u00e9t.)<\/p>\n\n\n\n<p><strong>39. \u201eNem tettem t\u00f6nkre a f\u00f6ldet.\u201d <\/strong>\u2192 <em>Nem \u00e9ltem vissza a term\u00e9szettel \u2013 sem fizikailag, sem lelkileg<\/em>. (A F\u00f6ld nem birtok \u2013 hanem \u00e9l\u0151 sz\u00f6vets\u00e9ges. K\u00f6rnyezet\u00fcnk ellen v\u00e9teni, ak\u00e1r tudatosan, ak\u00e1r gondatlans\u00e1gb\u00f3l vagy felell\u0151tlens\u00e9gb\u0151l a k\u00f6z\u00f6ss\u00e9g elleni v\u00e9tek. Ma&#8217;at minden r\u00e9teget \u00e1tfog, a l\u00e1thatatlant is.)<\/p>\n\n\n\n<p><strong>40. \u201eNem tagadtam meg a szeretetet.\u201d<\/strong> \u2192 <em>Nem z\u00e1rtam ki az \u00e9letemb\u0151l a szeretetet, amikor az jelen akart lenni. <\/em>M\u00e1sok  \u00f6nmagunk szeretete, k\u00f6rnyezet\u00fcnk \u00e9s vil\u00e1gunk szeretete, az \u00e9let szeretete \u00e9s tisztelet nagyon fontos. A szeretet nem mindig egyszer\u0171, vagy k\u00e9nyelmes, hanem sokszor igen sokat kell dolgoznunk rajta. De ha elutas\u00edtjuk, Ma&#8217;at f\u00e9nye nem tud megmaradni benn\u00fcnk.)<\/p>\n\n\n\n<p><strong>41. \u201eNem haszn\u00e1ltam a nevemet hatalomk\u00e9nt.\u201d<\/strong> \u2192 <em>Nem \u00e9ltem vissza a nevemmel, a szerepeimmel, tekint\u00e9lyemmel, vagy a m\u00faltammal.<\/em> (A n\u00e9v m\u00e1gikus eszk\u00f6z Egyiptomban \u2013 \u00f6nazonoss\u00e1g, er\u0151 \u00e9s felel\u0151ss\u00e9g egyszerre.)<\/p>\n\n\n\n<p><strong>42. \u201eNem feledkeztem meg \u00f6nmagam isteni l\u00e9nyeg\u00e9r\u0151l.\u201d <\/strong>\u2192 <em>Nem s\u00fcllyedtem bele annyira a vil\u00e1g zaj\u00e1ba, hogy elfelejtsem: a lelkem \u00f6r\u00f6k<\/em>. (Ez a v\u00e9gs\u0151 k\u00e9rd\u00e9s: Tudtam-e, hogy minden d\u00f6nt\u00e9semnek kozmikus s\u00falya van? Val\u00f3ban felel\u0151ss\u00e9get v\u00e1llaltam a d\u00f6nt\u00e9seim\u00e9rt, tetteim\u00e9rt, \u00e9letem alakul\u00e1s\u00e1\u00e9rt?)<\/p>\n\n\n\n<div class=\"wp-block-columns is-layout-flex wp-container-core-columns-is-layout-9d6595d7 wp-block-columns-is-layout-flex\">\n<div class=\"wp-block-column is-layout-flow wp-block-column-is-layout-flow\"><div class=\"wp-block-image\">\n<figure class=\"aligncenter size-large\"><img loading=\"lazy\" decoding=\"async\" width=\"1024\" height=\"589\" src=\"https:\/\/www.egyptforever.hu\/ildiko\/wp-content\/uploads\/2025\/06\/testing-1-1024x589.jpg\" alt=\"\" class=\"wp-image-14696\" srcset=\"https:\/\/www.egyptforever.hu\/ildiko\/wp-content\/uploads\/2025\/06\/testing-1-1024x589.jpg 1024w, https:\/\/www.egyptforever.hu\/ildiko\/wp-content\/uploads\/2025\/06\/testing-1-300x173.jpg 300w, https:\/\/www.egyptforever.hu\/ildiko\/wp-content\/uploads\/2025\/06\/testing-1-768x442.jpg 768w, https:\/\/www.egyptforever.hu\/ildiko\/wp-content\/uploads\/2025\/06\/testing-1-1536x883.jpg 1536w, https:\/\/www.egyptforever.hu\/ildiko\/wp-content\/uploads\/2025\/06\/testing-1.jpg 1652w\" sizes=\"auto, (max-width: 1024px) 100vw, 1024px\" \/><\/figure>\n<\/div><\/div>\n<\/div>\n<\/div>\n<\/div>\n\n\n\n<p style=\"font-size:23px\"><strong>Filoz\u00f3fiai \u00e9rtelmez\u00e9s: Ma&#8217;at avagy mor\u00e1lis t\u00fck\u00f6r \u00e9s \u00f6nazonoss\u00e1g<\/strong><\/p>\n\n\n\n<p class=\"has-vivid-cyan-blue-color has-text-color has-link-color wp-elements-399bb0e1c4cfae4af1d652b8b4a6cd91\" style=\"font-size:18px\"><strong>1. \u00d6nismeret \u00e9s igazs\u00e1g-azonoss\u00e1g<\/strong><\/p>\n\n\n\n<p style=\"font-size:18px\"><strong>Az egyiptomi vil\u00e1gk\u00e9p k\u00f6zponti fogalma a Ma&#8217;at \u2013 az isteni rend, igazs\u00e1g, egyens\u00faly \u00e9s erk\u00f6lcs<\/strong>. A halott lelke nem kib\u00fajni pr\u00f3b\u00e1l a felel\u0151ss\u00e9g al\u00f3l, hanem \u00f6nmag\u00e1t, \u00e9s cselekedeteit \u00e1ll\u00edtja szembe az \u00f6r\u00f6k igazs\u00e1g rendj\u00e9vel. A Negat\u00edv gy\u00f3n\u00e1st, ugyan a halott teszi, de val\u00f3j\u00e1ban ez egy elvrendszer, ami szerint \u00e9lt. A Negat\u00edv gy\u00f3n\u00e1s teh\u00e1t <strong>nem egy vall\u00e1si aktus a b\u0171nbocs\u00e1nat\u00e9rt,<\/strong> hanem egy <strong>\u00f6nvizsg\u00e1lati gyakorlat<\/strong>, amely sor\u00e1n a l\u00e9lek megpr\u00f3b\u00e1l \u00f6nazonoss\u00e1 v\u00e1lni az igazs\u00e1ggal.<\/p>\n\n\n\n<p style=\"font-size:18px\"><strong>Ez egy m\u00e9ly etikai \u00f6nmeghat\u00e1roz\u00e1s:<\/strong> az egyiptomi ember c\u00e9lja nem a b\u0171n eltitkol\u00e1sa vagy elszenved\u00e9se, hanem az, hogy tiszt\u00e1n \u00e9lhessen \u00e9s halhasson, mert csak \u00edgy v\u00e1lhat Ma&#8217;at k\u00f6vet\u0151j\u00e9v\u00e9 \u2013 \u00e9s \u00edgy nyerhet bebocs\u00e1t\u00e1st az isteni rendbe, azaz az \u00f6r\u00f6k \u00e9letbe.<\/p>\n\n\n\n<p class=\"has-vivid-cyan-blue-color has-text-color has-link-color wp-elements-d0cfc91786018a23208951030d0cc571\" style=\"font-size:18px\"><strong>2. Az egy\u00e9n mor\u00e1lis felel\u0151ss\u00e9ge az istenek el\u0151tt<\/strong><\/p>\n\n\n\n<p style=\"font-size:18px\">A 42 tagad\u00f3 mondat k\u00fcl\u00f6n-k\u00fcl\u00f6n felel meg a 42 nomosz (tartom\u00e1ny) isten\u00e9nek \u2013 vagyis minden egyes erk\u00f6lcsi t\u00f6rv\u00e9nyt egy-egy isteni elvet k\u00e9pvisel. A Negat\u00edv gy\u00f3n\u00e1s sor\u00e1n az egy\u00e9n nem puszt\u00e1n mag\u00e1t m\u00e9ri, hanem t\u00e1rsadalmi \u00e9s kozmikus renddel val\u00f3 kapcsolat\u00e1t is megvallja. Ez azt is jelenti, hogy az erk\u00f6lcsi rend nem az emberi konvenci\u00f3k szintj\u00e9n mozog, hanem transzcendens eredet\u0171: minden tett vagy mulaszt\u00e1s a kozmosz stabilit\u00e1s\u00e1t \u00e9rinti.<\/p>\n\n\n\n<p class=\"has-vivid-cyan-blue-color has-text-color has-link-color wp-elements-5af26301c8cd8c591fd313c030a9ed5c\" style=\"font-size:18px\"><strong>3. A gy\u00f3n\u00e1s mint \u00f6nmegtiszt\u00edt\u00e1s<\/strong><\/p>\n\n\n\n<p style=\"font-size:18px\">A <strong><em>Halottak K\u00f6nyve <\/em><\/strong>sz\u00f6vegeiben az elhunyt c\u00e9lja nem a bocs\u00e1nat elnyer\u00e9se, hanem \u00f6nmaga igaz volta mellett val\u00f3 tan\u00fas\u00e1gt\u00e9tel. Ha k\u00e9pes ki\u00e1llni az igazs\u00e1g f\u00e9ny\u00e9ben, akkor tiszta, vagyis \u00e9rdemes az \u00f6r\u00f6k \u00e9letre. <strong>Ez egy spiritu\u00e1lis megtisztul\u00e1si folyamat, amely nem ut\u00f3lagos b\u0171nb\u00e1nat, hanem egy \u00e9leten \u00e1t tart\u00f3 erk\u00f6lcsi fejl\u0151d\u00e9s lez\u00e1r\u00e1sa.<\/strong><\/p>\n\n\n\n<p><\/p>\n\n\n\n<p class=\"has-black-color has-text-color has-link-color wp-elements-0d4caaff9aa38e8203ced84493fd6410\" style=\"font-size:23px\"><strong>Mi\u00e9rt lehet ez fontos a mai ember sz\u00e1m\u00e1ra is?<\/strong><\/p>\n\n\n\n<p style=\"font-size:18px\">A Negat\u00edv gy\u00f3n\u00e1s filoz\u00f3fi\u00e1ja id\u0151tlen \u00fczenetet hordoz:<\/p>\n\n\n\n<ul class=\"wp-block-list\">\n<li style=\"font-size:17px\">Az erk\u00f6lcs nem k\u00fcls\u0151 szab\u00e1lyrendszer, hanem bels\u0151 m\u00e9rt\u00e9k, amely az igazs\u00e1ghoz val\u00f3 viszonyunkat t\u00fckr\u00f6zi.<\/li>\n\n\n\n<li style=\"font-size:17px\">Az emberi m\u00e9lt\u00f3s\u00e1g egyik alapja a szemben\u00e9z\u00e9s a tetteinkkel, \u00e9s az \u0151szinte \u00f6nreflexi\u00f3.<\/li>\n\n\n\n<li style=\"font-size:17px\">Az igaz \u00e9let c\u00e9lja nem az, hogy \u201ene hib\u00e1zzunk\u201d, hanem hogy egyre m\u00e9lyebben meg\u00e9rts\u00fck a saj\u00e1t l\u00e9tez\u00e9s\u00fcnk k\u00f6vetkezm\u00e9nyeit, \u00e9s a lehet\u0151 legk\u00f6zelebb \u00e9lj\u00fcnk az isteni rendhez \u2013 legyen az b\u00e1rmilyen n\u00e9vvel illetve.<\/li>\n<\/ul>\n\n\n\n<p style=\"font-size:18px\">A Negat\u00edv gy\u00f3n\u00e1s nem egy nyomor\u00fas\u00e1gos b\u0171nlist\u00e1r\u00f3l sz\u00f3l, hanem arr\u00f3l, hogy az ember m\u00e9lt\u00f3s\u00e1ggal \u00e1lljon ki a saj\u00e1t \u00e9s az egyetemes igazs\u00e1g mellett. Egy spiritu\u00e1lis \u00f6narck\u00e9p, amely nem a hib\u00e1kat gy\u0171jti, hanem azokat a hat\u00e1rokat jel\u00f6li meg, amiken, \u00fagy d\u00f6nt\u00fcnk, hogy nem l\u00e9pt\u00fcnk t\u00fal \u2013 \u00e9s tal\u00e1n \u00e9ppen ez mutatja meg legink\u00e1bb, kik is vagyunk val\u00f3j\u00e1ban.<\/p>\n\n\n\n<p><\/p>\n\n\n\n<p class=\"has-vivid-cyan-blue-color has-text-color has-link-color wp-elements-67dac50d62a73b887930f453231484d0\" style=\"font-size:18px\"><strong>A Negat\u00edv gy\u00f3n\u00e1s mint t\u00fck\u00f6r: \u00f6nvizsg\u00e1lat, nem \u00f6nostoroz\u00e1s<\/strong><\/p>\n\n\n\n<p style=\"font-size:18px\">A 42 \u00e1ll\u00edt\u00e1s tagad\u00f3 form\u00e1ban sorolja a b\u0171n\u00f6ket, amit nem k\u00f6vett\u00fcnk el. Ez azt jelenti, hogy nem a b\u0171ntudat az alap\u00e1llapot, hanem az erk\u00f6lcsi integrit\u00e1s tudata. A c\u00e9l nem a \u201elelkifurdal\u00e1s\u201d, hanem az, hogy:<\/p>\n\n\n\n<ul class=\"wp-block-list\">\n<li style=\"font-size:17px\">Szemben\u00e9zz\u00fcnk magunkkal, \u00edt\u00e9lkez\u00e9s n\u00e9lk\u00fcl.<\/li>\n\n\n\n<li style=\"font-size:17px\">Tudatos\u00edtsuk, mikor, hogyan \u00e9s hol \u0151rizt\u00fck meg emberi m\u00e9lt\u00f3s\u00e1gunkat.<\/li>\n\n\n\n<li style=\"font-size:17px\">L\u00e1ssuk, miben vagyunk er\u0151sek, miben vagyunk fejl\u0151d\u0151k\u00e9pesek.<\/li>\n<\/ul>\n\n\n\n<p style=\"font-size:18px\">A lelki fejl\u0151d\u00e9s egyik kulcsa \u00e9ppen az, hogy \u00edt\u00e9lkez\u00e9s helyett megfigyel\u00e9ssel \u00e9s \u0151szintes\u00e9ggel k\u00f6zel\u00edt\u00fcnk \u00f6nmagunkhoz.<\/p>\n\n\n\n<p><\/p>\n\n\n\n<p class=\"has-vivid-cyan-blue-color has-text-color has-link-color wp-elements-068310e5ed23f5e48a4c584d2031ad30\" style=\"font-size:18px\"><strong>A 42 pont mint mor\u00e1lis alap\u00e1ll\u00e1s: az isteni rend bels\u0151v\u00e9 t\u00e9tele<\/strong><\/p>\n\n\n\n<p style=\"font-size:18px\">Az egyiptomi gondolkod\u00e1s szerint <strong>a<\/strong> <strong>Ma&#8217;at, az isteni rend, nem k\u00edv\u00fclr\u0151l k\u00e9nyszer\u00edtett szab\u00e1ly, hanem egy olyan bels\u0151 elv, amit az ember a lelk\u00e9be v\u00e9s.<\/strong><\/p>\n\n\n\n<p style=\"font-size:18px\">A 42 tagad\u00e1s mindegyike azt fejezi ki:<\/p>\n\n\n\n<ul class=\"wp-block-list\">\n<li style=\"font-size:17px\">\u201eTudom, hogy ez a tett az isteni rendet rombolja, ez\u00e9rt nem tettem ilyet, \u00e9s nem vettem r\u00e9szt benne&#8230;.\u201d<\/li>\n<\/ul>\n\n\n\n<p style=\"font-size:18px\">Ha ezt a hozz\u00e1\u00e1ll\u00e1st alkalmazzuk, akkor a spiritualit\u00e1s nem v\u00e1lik elsz\u00e1llt \u00e1h\u00edtatt\u00e1 vagy moraliz\u00e1l\u00f3 rendszerr\u00e9, hanem egy mindennapi gyakorlat lesz. Ez a 42 pont teh\u00e1t konkr\u00e9t, praktikus etikai \u00fatmutat\u00f3, amely nem a b\u0171n\u00f6kre f\u00f3kusz\u00e1l, hanem <strong>azokra a d\u00f6nt\u00e9sekre, amiket szabad akaratb\u00f3l, a helyes ir\u00e1nyba hozunk meg.<\/strong><\/p>\n\n\n\n<p style=\"font-size:18px\"><\/p>\n\n\n\n<p class=\"has-vivid-cyan-blue-color has-text-color has-link-color wp-elements-2e6d54f260b2d4dade6cc9429c32ef08\" style=\"font-size:18px\"><strong>A gy\u00f3n\u00e1s mint fejl\u0151d\u00e9si \u00edv: nem t\u00f6k\u00e9letess\u00e9g, hanem t\u00f6rekv\u00e9s<\/strong><\/p>\n\n\n\n<p style=\"font-size:18px\">Nem az a c\u00e9l, hogy valaki soha ne hib\u00e1zzon \u2013 az egyiptomi l\u00e9lek\u00edt\u00e9let nem a hib\u00e1kra koncentr\u00e1l, hanem arra, hogy <strong>az illet\u0151 k\u00e9pes volt-e t\u00f6rekedni az igazs\u00e1gra.<\/strong> Ez a hozz\u00e1\u00e1ll\u00e1s a modern \u00f6nfejleszt\u00e9sre is alkalmazhat\u00f3. Ahelyett, hogy b\u0171ntudatban \u0151rl\u0151d\u00fcnk, tanuljunk meg becs\u00fcletesen \u00e9lni \u00e9s val\u00f3ban \u0151szint\u00e9n visszan\u00e9zni a napunkra, felv\u00e1llalva d\u00f6nt\u00e9seink\u00e9rt, viselked\u00e9seink\u00e9rt felel\u0151ss\u00e9g\u00fcnket.Tudunk-e nap v\u00e9g\u00e9n legal\u00e1bb egy olyan pontot mondani: \u201e<em>Ma nem voltam irigy. Nem \u00e1rtottam sz\u00e1nd\u00e9kosan. Nem hazudtam<\/em>&#8230;. stb.\u201d? Ha igen, m\u00e1r megtett\u00fck az els\u0151 l\u00e9p\u00e9st a lelki tisztul\u00e1s fel\u00e9. Ez a pozit\u00edv \u00f6nreflexi\u00f3 n\u00f6veli az \u00f6nbizalmat \u00e9s a bels\u0151 biztons\u00e1g\u00e9rzetet \u2013 nem a hib\u00e1k tagad\u00e1s\u00e1n, hanem a tudatos erk\u00f6lcsi jelenl\u00e9ten kereszt\u00fcl.<\/p>\n\n\n\n<p><\/p>\n\n\n\n<p class=\"has-vivid-cyan-blue-color has-text-color has-link-color wp-elements-b41c2292acdea242d9c36e1205d52f3e\" style=\"font-size:18px\"><strong>A 42 pont id\u0151tlen \u00e9rv\u00e9nye: nem kult\u00faraf\u00fcgg\u0151, hanem emberi<\/strong><\/p>\n\n\n\n<p style=\"font-size:18px\">A Negat\u00edv gy\u00f3n\u00e1s sz\u00f6vegei sokszor meglep\u0151en maiak. Ezek olyan erk\u00f6lcsi helyzetek, amelyek 2025-ben is teljesen aktu\u00e1lisak \u2013 legyen sz\u00f3 a mag\u00e1n\u00e9letr\u0151l, munkahelyr\u0151l vagy k\u00f6z\u00e9letr\u0151l. A 42 tagad\u00e1s nem egyh\u00e1zhoz, vall\u00e1shoz vagy korhoz k\u00f6t\u00f6tt. <strong>Ez egy bels\u0151 erk\u00f6lcsi ir\u00e1nyt\u0171<\/strong>, <strong>ami seg\u00edt minden \u00e9lethelyzetben igaz embernek maradni.<\/strong><\/p>\n\n\n\n<p style=\"font-size:18px\"><\/p>\n\n\n\n<p class=\"has-vivid-cyan-blue-color has-text-color has-link-color wp-elements-69ec674ce29801dfb3a2dba9cdc7f6ca\" style=\"font-size:18px\"><strong>Spiritu\u00e1lis hat\u00e1s: a l\u00e9lek felszabad\u00edt\u00e1sa a sz\u00e9gyen \u00e9s b\u0171ntudat al\u00f3l<\/strong><\/p>\n\n\n\n<p style=\"font-size:18px\">A modern ember gyakran \u00e9l a b\u0171ntudat vagy kisebbrend\u0171s\u00e9g szor\u00edt\u00e1s\u00e1ban \u2013 \u00fagy \u00e9rzi, nem el\u00e9g j\u00f3, nem el\u00e9g spiritu\u00e1lis, nem m\u00e9lt\u00f3. A Negat\u00edv gy\u00f3n\u00e1s nem ezekr\u0151l sz\u00f3l. <\/p>\n\n\n\n<p style=\"font-size:18px\">Ehelyett azt \u00fczeni: <\/p>\n\n\n\n<ul class=\"wp-block-list\">\n<li style=\"font-size:17px\">\u201eN\u00e9zd meg, mit nem tett\u00e9l meg \u2013 a k\u00eds\u00e9rt\u00e9sek ellen\u00e9re is. Micsoda er\u0151 van ebben!&#8221;<\/li>\n\n\n\n<li style=\"font-size:17px\">&#8220;N\u00e9zd meg, hogy tudatosan v\u00e1lasztod a j\u00f3t, seg\u00edted a k\u00f6r\u00fcl\u00f6tted l\u00e9v\u0151ket, \u00e9szreveszed a gondjaikat, a sz\u00fcks\u00e9gleteiket. Nem \u00e9lsz vissza a bizalommal&#8221;<\/li>\n\n\n\n<li style=\"font-size:17px\">&#8220;L\u00e9gy tudat\u00e1ban annak, hogy Ma&#8217;at benned is jelen van.\u201d<\/li>\n<\/ul>\n\n\n\n<p style=\"font-size:18px\"><strong>Ez a felismer\u00e9s felszabad\u00edt\u00f3: nem vagy b\u0171nnel terhelt l\u00e9ny, hanem az isteni rend hordoz\u00f3ja, aki tanul, t\u00f6rekszik \u00e9s form\u00e1l\u00f3dik. Ez a szeml\u00e9let gy\u00f3gy\u00edt, felemel \u00e9s m\u00e9ly\u00edti a spiritualit\u00e1st.<\/strong><\/p>\n\n\n\n<p style=\"font-size:18px\"><\/p>\n\n\n\n<p class=\"has-black-color has-text-color has-link-color wp-elements-f950ab8c060c5a23acc053bb55da748c\" style=\"font-size:23px\"><strong>Mi\u00e9rt \u00e9rdemes megsz\u00edvlelni a 42 pontot?<\/strong><\/p>\n\n\n\n<ul class=\"wp-block-list\">\n<li style=\"font-size:17px\">Mert nem el\u00edt\u00e9l, hanem emel.<\/li>\n\n\n\n<li style=\"font-size:17px\">Mert seg\u00edt abban, hogy tiszta lelkiismerettel \u00e9lj\u00fcnk, ne m\u00e1sok elv\u00e1r\u00e1sai szerint.<\/li>\n\n\n\n<li style=\"font-size:17px\">Mert \u00f6sszek\u00f6t minket egy id\u0151tlen, isteni renddel, amit nem k\u00edv\u00fclr\u0151l kell k\u00f6vetni, hanem bel\u00fclr\u0151l lehet meg\u00e9lni.<\/li>\n\n\n\n<li style=\"font-size:17px\">Mert tan\u00edt a m\u00e9lt\u00f3s\u00e1gra, az \u0151szintes\u00e9gre \u00e9s az etikus cselekv\u00e9sre \u2013 \u00f6nmagunk\u00e9rt \u00e9s a vil\u00e1g\u00e9rt.<\/li>\n<\/ul>\n\n\n\n<div class=\"wp-block-columns is-layout-flex wp-container-core-columns-is-layout-9d6595d7 wp-block-columns-is-layout-flex\">\n<div class=\"wp-block-column is-layout-flow wp-block-column-is-layout-flow\"><div class=\"wp-block-image\">\n<figure class=\"aligncenter size-large is-resized\"><img loading=\"lazy\" decoding=\"async\" width=\"1024\" height=\"478\" src=\"https:\/\/www.egyptforever.hu\/ildiko\/wp-content\/uploads\/2025\/06\/The-Weighing-of-the-Heart-in-the-Hall-of-Maat-1024x478.jpg\" alt=\"\" class=\"wp-image-14697\" style=\"width:1127px;height:auto\" srcset=\"https:\/\/www.egyptforever.hu\/ildiko\/wp-content\/uploads\/2025\/06\/The-Weighing-of-the-Heart-in-the-Hall-of-Maat-1024x478.jpg 1024w, https:\/\/www.egyptforever.hu\/ildiko\/wp-content\/uploads\/2025\/06\/The-Weighing-of-the-Heart-in-the-Hall-of-Maat-300x140.jpg 300w, https:\/\/www.egyptforever.hu\/ildiko\/wp-content\/uploads\/2025\/06\/The-Weighing-of-the-Heart-in-the-Hall-of-Maat-768x358.jpg 768w, https:\/\/www.egyptforever.hu\/ildiko\/wp-content\/uploads\/2025\/06\/The-Weighing-of-the-Heart-in-the-Hall-of-Maat.jpg 1248w\" sizes=\"auto, (max-width: 1024px) 100vw, 1024px\" \/><\/figure>\n<\/div><\/div>\n<\/div>\n\n\n\n<p style=\"font-size:23px\"><strong>A Ma&#8217;at elve vs. Modern ezoterikus tanok:<\/strong><\/p>\n\n\n\n<p style=\"font-size:18px\">A Negat\u00edv gy\u00f3n\u00e1s erk\u00f6lcsi-filoz\u00f3fiai rendszere <strong>\u00e9lesen elv\u00e1lik<\/strong> a modern ezoterikus tanok t\u00f6bbs\u00e9g\u00e9t\u0151l \u2013 nem csup\u00e1n a form\u00e1j\u00e1ban, hanem f\u0151k\u00e9nt a <strong>bels\u0151 hozz\u00e1\u00e1ll\u00e1s\u00e1ban<\/strong>, <strong>emberk\u00e9p\u00e9ben<\/strong> \u00e9s <strong>spiritualit\u00e1sfelfog\u00e1s\u00e1ban<\/strong>. <\/p>\n\n\n\n<p style=\"font-size:18px\">Az al\u00e1bbiakban r\u00e9szletesen bemutatom, <strong>miben \u00e1ll a k\u00fcl\u00f6nbs\u00e9g<\/strong>, \u00e9s mi\u00e9rt lehet sokkal m\u00e9lyebb, stabilabb \u00e9s \u00e9rettebb \u00fat a <strong>Ma&#8217;at alap\u00fa egyiptomi \u00f6nvizsg\u00e1lat<\/strong>, mint a mai divatos \u201epozit\u00edv gondolkod\u00e1s \u2013 gyors megvil\u00e1gosod\u00e1s \u2013 rezg\u00e9semelked\u00e9s\u201d t\u00edpus\u00fa tanok.<\/p>\n\n\n\n<p style=\"font-size:18px\"><\/p>\n\n\n\n<p class=\"has-vivid-cyan-blue-color has-text-color has-link-color wp-elements-cd0635d405e57731e5ed1a37633c38c4\" style=\"font-size:18px\"><strong>1. Igazs\u00e1g vs. Ill\u00fazi\u00f3: nem \u00f6naltat\u00e1s, hanem \u00f6nigaz\u00edt\u00e1s<\/strong><\/p>\n\n\n\n<p style=\"font-size:18px\">\u25b6 <strong>Ma&#8217;at elve:<\/strong><br>Az egyiptomi \u00fat a val\u00f3s\u00e1ggal val\u00f3 teljes szemben\u00e9z\u00e9st k\u00edv\u00e1nja meg. A l\u00e9lek csak akkor mehet tov\u00e1bb, ha ki\u00e1llja az Igazs\u00e1g m\u00e9rleg\u00e9t. Ez nem k\u00edv\u00fclr\u0151l j\u00f6v\u0151 b\u00fcntet\u00e9s, hanem bels\u0151 tiszt\u00e1z\u00e1si k\u00e9nyszer: \u201e<em>Nem tehetek \u00fagy, mintha tiszta lenn\u00e9k \u2013 hanem val\u00f3ban azz\u00e1 kell v\u00e1lnom.<\/em>\u201d Nem csak tudni kell mi a helyes, hanem azt kell tenni.<\/p>\n\n\n\n<p style=\"font-size:18px\">\u25b6 <strong>Modern ezot\u00e9ria<\/strong>:<br>Gyakran el\u0151fordul az \u00f6nfelment\u00e9s \u00e9s \u00f6nhipn\u00f3zis: \u201e<em>Minden rendben van, minden engem szolg\u00e1l, minden csak ill\u00fazi\u00f3.\u201d<\/em>&#8230;stb. Ez kellemes<strong> <\/strong>lehet r\u00f6vid t\u00e1von, de <strong>elh\u00e1r\u00edtja a val\u00f3di erk\u00f6lcsi szemben\u00e9z\u00e9st<\/strong>. Az igazs\u00e1g nem mindig k\u00e9nyelmes vagy kellemes \u2013 de <strong>a val\u00f3di tisztul\u00e1s csak az igazs\u00e1gon kereszt\u00fcl j\u00f6n l\u00e9tre.<\/strong><\/p>\n\n\n\n<p style=\"font-size:18px\"><\/p>\n\n\n\n<p class=\"has-vivid-cyan-blue-color has-text-color has-link-color wp-elements-adc5ca7674e334e8fa9ada8154d7623b\" style=\"font-size:18px\"><strong>2. Tettk\u00f6zpont\u00fas\u00e1g vs. \u00e9rz\u00e9sk\u00f6zpont\u00fas\u00e1g<\/strong><\/p>\n\n\n\n<p style=\"font-size:18px\">\u25b6 <strong>Ma&#8217;at elve<\/strong><br>Nem az sz\u00e1m\u00edt, mit gondolt\u00e1l vagy \u00e9rezt\u00e9l, hanem az, hogy <strong>mit tett\u00e9l vagy nem tett\u00e9l meg<\/strong>. Az isteni rend nem a bels\u0151 vil\u00e1gunk \u201esz\u00edn\u00e9re\u201d k\u00edv\u00e1ncsi, hanem a cselekedeteink t\u00fckr\u00e9ben m\u00e9r meg minket. <strong>Nem elm\u00e9letben kell j\u00f3nak lenni, hanem gyakorlatban kell megmutatni kik vagyunk.<\/strong> Ez felel\u0151ss\u00e9gteljes \u00e9s \u00e9rett szeml\u00e9let.<\/p>\n\n\n\n<p style=\"font-size:18px\">\u25b6 <strong>Modern ezot\u00e9ria<\/strong>:<br>Er\u0151sen hangs\u00falyozza az \u00e9rz\u00e9sek fontoss\u00e1g\u00e1t (\u201erezg\u00e9sszint\u201d, \u201epozit\u00edv vibr\u00e1ci\u00f3\u201d), \u00e9s sok tan szerint <strong>az \u00e9rz\u00e9sek teremtik a val\u00f3s\u00e1got<\/strong>. Ez r\u00e9szben igaz lehet, de k\u00f6nnyen vezethet <strong>felel\u0151ss\u00e9gker\u00fcl\u00e9shez<\/strong>, hiszen azzal \u00e1ltatjuk magunkat, hogy  \u201eha j\u00f3l \u00e9rzem magam, biztos minden rendben van\u201d. \u00c1m az, hogy az \u00e9let\u00fcnkben j\u00f3l \u00e9rezz\u00fck magunkat, az a saj\u00e1t ig\u00e9nyeink kiel\u00e9g\u00edt\u00e9s\u00e9r\u0151l sz\u00f3l, nem pedig a felv\u00e1llalt mor\u00e1lis cselekedetekr\u0151l.<\/p>\n\n\n\n<p style=\"font-size:18px\"><\/p>\n\n\n\n<p class=\"has-vivid-cyan-blue-color has-text-color has-link-color wp-elements-fa47545159c6448dc11a93a47dbaa82d\" style=\"font-size:18px\"><strong>\u00d6nismeret mint bels\u0151 k\u00f6teless\u00e9g vs. \u00f6nismeret mint \u00f6nmarketing<\/strong><\/p>\n\n\n\n<p style=\"font-size:18px\">\u25b6 <strong>Ma&#8217;at elve:<\/strong><br>Az \u00f6nvizsg\u00e1lat <strong>mag\u00e1nyos, m\u00e9ly \u00e9s f\u00e1jdalmas is lehet<\/strong>. A c\u00e9l nem a  \u201eszent szerep\u201d felv\u00e9tele, hanem az, hogy <strong>\u00f6sszhangba ker\u00fclj\u00fcnk Maat rendj\u00e9vel<\/strong> \u2013 akkor is, ha ez k\u00edv\u00fclr\u0151l nem l\u00e1tv\u00e1nyos A bel\u00fclr\u0151l j\u00f6v\u0151 v\u00e1ltoz\u00e1s, m\u00e9ly igazs\u00e1gba vetett hit az igazi spiritu\u00e1lis fejl\u0151d\u00e9s.<\/p>\n\n\n\n<p style=\"font-size:18px\">\u25b6 <strong>Modern ezot\u00e9ria<\/strong>:<br>Sok tan\u00edt\u00e1s a \u201espiritu\u00e1lis \u00f6nazonoss\u00e1g\u201d meg\u00e9l\u00e9s\u00e9re koncentr\u00e1l: <em>\u201el\u00e9gy f\u00e9ny harcosa, gy\u00f3gy\u00edt\u00f3, csillagmag, ikerl\u00e9lek&#8230;stb.\u201d<\/em> Ez adhat az embernek identit\u00e1st, de ha nincs m\u00f6g\u00f6tte val\u00f3s \u00f6nmunka, akkor mindez csak <strong>spiritu\u00e1lis n\u00e1rcisztikus szerepj\u00e1t\u00e9kk\u00e1 v\u00e1lhat<\/strong>.<\/p>\n\n\n\n<p><\/p>\n\n\n\n<p class=\"has-vivid-cyan-blue-color has-text-color has-link-color wp-elements-e6539acbf8c17dece1c55ad4be85b736\" style=\"font-size:18px\"><strong>B\u0171n \u00e9s felel\u0151ss\u00e9g nem tabu, hanem fejl\u0151d\u00e9si lehet\u0151s\u00e9g<\/strong><\/p>\n\n\n\n<p style=\"font-size:18px\">\u25b6 <strong>Ma&#8217;at elve:<\/strong><br>Kimer\u00edt\u0151en felsorolja, mit ne tegy\u00fcnk meg, ha igazak akarunk lenni. <strong>Ez nem b\u0171ntudatkelt\u00e9s, hanem felel\u0151ss\u00e9gre nevel\u00e9s.<\/strong> A b\u0171n itt nem \u00f6rd\u00f6gi, hanem <strong>az isteni rendt\u0151l val\u00f3 elt\u00e9r\u00e9s<\/strong>, amit <strong>tudatosan helyre lehet hozni<\/strong> helyes cselekedeteinkkel\u2013 m\u00e9g \u00e9let\u00fcnk sor\u00e1n.<\/p>\n\n\n\n<p style=\"font-size:18px\">\u25b6 <strong>Modern ezot\u00e9ria<\/strong>:<br>Sokan teljesen sz\u00e1m\u0171zik a \u201eb\u0171n\u201d vagy \u201ehiba\u201d sz\u00f3t. A narrat\u00edva \u00edgy sz\u00f3l: <em>\u201eNincs j\u00f3 vagy rossz, csak tapasztalat&#8230;stb. \u201d <\/em> De ha <strong>nincs erk\u00f6lcsi m\u00e9rt\u00e9k<\/strong>, akkor <strong>a fejl\u0151d\u00e9s ir\u00e1nya is k\u00e9rd\u00e9sess\u00e9 v\u00e1lik<\/strong>.<\/p>\n\n\n\n<p><\/p>\n\n\n\n<p class=\"has-vivid-cyan-blue-color has-text-color has-link-color wp-elements-db85b450792f30aa3e30532d378d80a1\" style=\"font-size:18px\"><strong>Spiritu\u00e1lis \u00fat mint \u00e9letgyakorlat vs. spiritu\u00e1lis \u00fat mint menek\u00fcl\u00e9s<\/strong><\/p>\n\n\n\n<p style=\"font-size:18px\">\u25b6 <strong>Ma&#8217;at elve:<\/strong><br>A spiritu\u00e1lis \u00e9let nem menek\u00fcl\u00e9s, hanem <strong>rendben, kapcsolatokban, t\u00e1rsadalomban val\u00f3 helyt\u00e1ll\u00e1s<\/strong>. Az ember nem kivonul a vil\u00e1gb\u00f3l, hanem <strong>jelen marad \u00e9s felel\u0151ss\u00e9get v\u00e1llal<\/strong> <strong>minden d\u00f6nt\u00e9s\u00e9\u00e9rt<\/strong> \u2013 m\u00e9g a gondolatai\u00e9rt is.<\/p>\n\n\n\n<p style=\"font-size:18px\">\u25b6 <strong>Modern ezot\u00e9ria<\/strong>:<br>Gyakori, hogy a spiritualit\u00e1s menek\u00fcl\u00e9ss\u00e9 v\u00e1lik a h\u00e9tk\u00f6znapok val\u00f3s\u00e1ga el\u0151l. Sok ezoterikus tan abban seg\u00edt, hogyan legyen minden<strong> <em>&#8220;k\u00f6nny\u0171&#8221;, &#8220;b\u0151s\u00e9gben \u00e1raml\u00f3&#8221;, &#8220;magas rezg\u00e9s\u0171&#8221;<\/em><\/strong> \u2013 mik\u00f6zben nem tan\u00edt meg minket arra, <strong>hogyan dolgozzunk meg \u00e9rt\u00fck, t\u00fcrelemmel, kem\u00e9ny munk\u00e1val, m\u00e9lt\u00f3 m\u00f3don<\/strong>.<\/p>\n\n\n\n<p><\/p>\n\n\n\n<p class=\"has-vivid-cyan-blue-color has-text-color has-link-color wp-elements-d05225c5b407e5b163fe926d52e7a414\" style=\"font-size:18px\"><strong>Mi\u00e9rt m\u00e1s a Ma&#8217;at elve a modern ezoterikus lelki fejl\u0151d\u00e9st\u0151l?<\/strong><\/p>\n\n\n\n<p style=\"font-size:18px\">\u25b6 <strong>Ma&#8217;at elve<\/strong>:<\/p>\n\n\n\n<ul class=\"wp-block-list\">\n<li style=\"font-size:17px\">Az igazs\u00e1ggal val\u00f3 teljes szemben\u00e9z\u00e9s<\/li>\n\n\n\n<li style=\"font-size:17px\">Erk\u00f6lcs-alap\u00fa \u00f6nvizsg\u00e1lat<\/li>\n\n\n\n<li style=\"font-size:17px\">Gondolat-tett-teremt\u00e9s v\u00e9grehajt\u00e1sa<\/li>\n\n\n\n<li style=\"font-size:17px\">Cselekedet \u00e9s k\u00f6vetkezm\u00e9ny k\u00f6zpont\u00fas\u00e1g<\/li>\n\n\n\n<li style=\"font-size:17px\">Bels\u0151 fegyelem, val\u00f3di megtisztul\u00e1s<\/li>\n\n\n\n<li style=\"font-size:17px\">Transzcendens rendhez val\u00f3 h\u0171s\u00e9g<\/li>\n<\/ul>\n\n\n\n<p style=\"font-size:18px\">\u25b6 <strong>Modern ezot\u00e9ria<\/strong>:<\/p>\n\n\n\n<ul class=\"wp-block-list\">\n<li style=\"font-size:17px\">Az igazs\u00e1g relativiz\u00e1l\u00e1sa, gyakran elker\u00fcl\u00e9se<\/li>\n\n\n\n<li style=\"font-size:17px\">\u00c9rzelem- vagy energiaf\u00f3kusz<\/li>\n\n\n\n<li style=\"font-size:17px\">Gondolat\u2013\u00e9rz\u00e9s\u2013teremt\u00e9s mantra hangoztat\u00e1sa<\/li>\n\n\n\n<li style=\"font-size:17px\">Gyors, divatos, f\u00e1jdalommentes, tanfolyamokon elsaj\u00e1t\u00edthat\u00f3  &#8220;felemelked\u00e9s&#8221; \u00edg\u00e9rete<\/li>\n\n\n\n<li style=\"font-size:17px\">Egy\u00e9ni igazs\u00e1g, mint v\u00e9gs\u0151 m\u00e9rce<\/li>\n<\/ul>\n\n\n\n<p><\/p>\n\n\n\n<p style=\"font-size:23px\"><strong>Miben hasonl\u00f3 \u00e9s miben k\u00fcl\u00f6nb\u00f6zik a Ma&#8217;at elve, a sz\u00edv meg\u00edt\u00e9l\u00e9se az ismertebb karmikus elvt\u0151l?<\/strong><\/p>\n\n\n\n<p style=\"font-size:18px\">B\u00e1r <strong>Ma\u2019at elve<\/strong> (\u00f3egyiptomi vil\u00e1grend \u00e9s erk\u00f6lcs) \u00e9s a <strong>karma elve<\/strong> (indiai erk\u00f6lcsi k\u00f6vetkezm\u00e9ny-rendszer) els\u0151 r\u00e1n\u00e9z\u00e9sre mindkett\u0151 etikai-mor\u00e1lis ir\u00e1nyt\u0171k\u00e9nt m\u0171k\u00f6dik, m\u00e9gis teljesen k\u00fcl\u00f6nb\u00f6z\u0151 vil\u00e1gk\u00e9pekhez tartoznak, \u00e9s m\u00e1st jelent a \u201ej\u00f3\u201d, a \u201erend\u201d, illetve a \u201ek\u00f6vetkezm\u00e9ny\u201d. Hasonl\u00f3k\u00e9ppen a &#8220;sz\u00edv meg\u00edt\u00e9l\u00e9se&#8221; \u00e9s a modern &#8220;karmikus meg\u00edt\u00e9l\u00e9s&#8221; els\u0151 r\u00e1n\u00e9z\u00e9sre hasonl\u00f3 abban, hogy valamif\u00e9le &#8220;erk\u00f6lcsi k\u00f6vetkezm\u00e9ny&#8221; t\u00f6rt\u00e9nik, m\u00e9gis teljesen m\u00e1s logika szerint m\u0171k\u00f6dnek.<\/p>\n\n\n\n<p style=\"font-size:18px\"><strong>A Ma&#8217;at elve szerinti \u00e9let az isteni elvhez val\u00f3 igazod\u00e1s szabad v\u00e1laszt\u00e1sa<\/strong>. A sz\u00edv meg\u00edt\u00e9l\u00e9se egy szimbolikus, isteni eredet\u0171, hal\u00e1l ut\u00e1ni m\u00e9rlegel\u00e9s, m\u00edg <strong>a karma egy folyamatos, szem\u00e9lyes \u00e9s automatikus mor\u00e1lis hat\u00e1s\u2013ellenhat\u00e1s rendszer.<\/strong><\/p>\n\n\n\n<p style=\"font-size:18px\"><strong>A Ma&#8217;at egy vil\u00e1grend (kozmosz, t\u00e1rsadalom, erk\u00f6lcs) \u00e9s a szakr\u00e1lis egyens\u00falyon alapul \u2013 amihez igazodnunk kell.<\/strong> Az ember c\u00e9lja, hogy Ma\u2019at szerint \u00e9ljen \u2013 vagyis igazs\u00e1gosan, harm\u00f3ni\u00e1ban, tisztelettel az istenek, emberek \u00e9s a vil\u00e1g ir\u00e1nt. Ha valaki Ma\u2019at ellen \u00e9l (pl. hazudik, lop, \u00e1rt, bomlaszt&#8230;), az zavart kelt, \u00e9s okozza ezzel azt, hogy a vil\u00e1gban romlik a harm\u00f3nia. Min\u00e9l t\u00f6bben \u00e9lnek hamis \u00e9letet, ann\u00e1l jobban kiz\u00f6kken a vil\u00e1g az isteni rend \u00e1llapot\u00e1b\u00f3l.<\/p>\n\n\n\n<p style=\"font-size:18px\"><strong>A karma pedig egy oks\u00e1gi t\u00f6rv\u00e9nyszer\u0171s\u00e9g: minden sz\u00e1nd\u00e9kos tett (j\u00f3 vagy rossz) karmikus k\u00f6vetkezm\u00e9nyt sz\u00fcl<\/strong>. Az ember folyamatosan karm\u00e1t termel tetteivel, aminek k\u00f6vetkezm\u00e9nyei lehetnek ebben vagy k\u00e9s\u0151bbi \u00e9leteiben. Az \u00e9let c\u00e9lja a karm\u00e1k megsz\u00fcntet\u00e9se, hogy az ember kiszabaduljon a sz\u00fclet\u00e9s\u2013hal\u00e1l k\u00f6rforg\u00e1s\u00e1b\u00f3l (szamsz\u00e1ra), \u00e9s el\u00e9rje a felszabadul\u00e1st (moksha, nirv\u00e1na).<\/p>\n\n\n\n<p style=\"font-size:18px\">Az egyiptomi <strong>sz\u00edv meg\u00edt\u00e9l\u00e9se<\/strong> nemcsak arr\u00f3l sz\u00f3l, hogy tett\u00fcnk-e j\u00f3t vagy rosszat, hanem, hogy az eg\u00e9sz emberi l\u00e9ny\u00fcnk mor\u00e1lis egyens\u00falyban van-e a Maat rendj\u00e9vel. Ha igen, akkor \u201ek\u00f6nny\u0171 a sz\u00edv\u00fcnk\u201d, vagyis nem vagy\u00fcnk \u00f6nz\u0151k, igazs\u00e1gtalanok, gonoszok, b\u00e1nt\u00f3k, hamisak \u2013 \u00e9s meg\u00e9rdemelj\u00fck az \u00f6r\u00f6k \u00e9letet. Ha nem, akkor a sz\u00edv\u00fcnk \u201enehezebb\u201d a Ma&#8217;atn\u00e1l, \u00e9s ezen \u00e9let\u00fcnk min\u0151s\u00e9g\u00e9vel nem \u00e9rdemelt\u00fck ki az \u00f6r\u00f6k \u00e9let lehet\u0151s\u00e9g\u00e9t, az istenek \u00edt\u00e9lete alapj\u00e1n.<\/p>\n\n\n\n<p style=\"font-size:18px\">A karma ezzel szemben nem v\u00e9gs\u0151 \u00edt\u00e9letet mond, hanem folyamatosan alakul\u00f3, mor\u00e1lis egyenlegr\u0151l sz\u00f3l, ahol minden tett \u00e9s sz\u00e1nd\u00e9k energi\u00e1t hagy h\u00e1tra, ami visszat\u00e9r hozz\u00e1nk valamilyen form\u00e1ban \u2013 most, vagy k\u00e9s\u0151bb. Ez nem isteni \u00edt\u00e9let, hanem \u00f6nmag\u00e1t m\u0171k\u00f6dtet\u0151 etikai t\u00f6rv\u00e9ny.<\/p>\n\n\n\n<p><\/p>\n\n\n\n<p style=\"font-size:18px\">F\u00e9lre\u00e9rt\u00e9s ne ess\u00e9k, az \u00f3kori egyiptomiak nem gondolt\u00e1k magukat t\u00f6k\u00e9letesnek. Pontosan tiszt\u00e1ban voltak hib\u00e1ikkal \u00e9s esend\u0151s\u00e9g\u00fckkel. De tudt\u00e1k, hogy <strong>az istenek rendje, a Ma&#8217;at nem rajtuk k\u00edv\u00fcl van, hanem ott \u00e9l benn\u00fck<\/strong>. Csak \u00e9szre kell venni, fel kell ismerni \u00e9s tudatosan azt kell v\u00e1lasztani. <strong>A Ma&#8217;at elv\u00e9n alapul\u00f3 elveinket, \u00e9rt\u00e9krend\u00fcnket, \u00f6nbecs\u00fcl\u00e9s\u00fcnket magunkban kell kialak\u00edtanunk.<\/strong> Ha ezt megtessz\u00fck, akkor tetteink a Ma&#8217;at harm\u00f3ni\u00e1j\u00e1t k\u00f6zvet\u00edtik. \u00c9rt\u00e9krend\u00fcnk hiteless\u00e9ge eredm\u00e9nyezi, hogy nem t\u00e9r\u00fcnk le a helyes \u00fatr\u00f3l, nem az\u00e9rt mert nem tudn\u00e1nk, hanem az\u00e9rt, mert az ellent mond mindannak, amik vagyunk, \u00e9s amit k\u00e9pvisel\u00fcnk. A Negat\u00edv gy\u00f3n\u00e1s nem azt k\u00e9rdezi: \u201eMit \u00e9rt\u00e9l el?\u201d, hanem azt: <strong>\u201eMiben maradt\u00e1l ember?\u201d<\/strong> <\/p>\n\n\n\n<p style=\"font-size:18px\">A Ma&#8217;at elve, a Negat\u00edv gy\u00f3n\u00e1s, \u00e9s a sz\u00edv m\u00e9rlegel\u00e9se mind-mind olyan spiritu\u00e1lis tan\u00edt\u00e1s, aminek a c\u00e9lja, hogy kialak\u00edtsuk magunkban azt az erk\u00f6lcsi tart\u00e1st, amivel \u00e9let\u00fcnk sor\u00e1n helyes d\u00f6nt\u00e9seket hozunk, \u00e9s felel\u0151s\u00e9get tudunk v\u00e1llalni \u00f6nmagunk\u00e9rt \u00e9s tetteink\u00e9rt. Mindenkinek el\u0151sz\u00f6r \u00f6nmag\u00e1ban, majd \u00f6nmaga k\u00f6r\u00fcl kellene rendet tennie&#8230; \u00e9s ez mag\u00e1val hozn\u00e1 azt, hogy a vil\u00e1gunkban is rend lenne. <\/p>\n\n\n\n<p style=\"font-size:18px\">Mindenki \u00e9rzi, hogy a mai korban a vil\u00e1g kifordult \u00f6nmag\u00e1b\u00f3l, hogy nagyon nincs harm\u00f3nia, nagyon rossz ir\u00e1nyba haladunk. \u00c9pp ez\u00e9rt kellene egy\u00e9nenk\u00e9nt tudatosan az igaz \u00e9rt\u00e9kek szerinti \u00e9letet v\u00e1lasztani&#8230; nem az\u00e9rt mert k\u00f6nny\u0171&#8230; \u00e9pp, hogy nem az, hanem, hogy \u00e9let\u00fcnk tiszta min\u0151s\u00e9g\u00e9vel p\u00e9ld\u00e1t mutassunk m\u00e1soknak, hogy megtegy\u00e9k \u0151k is ezt a l\u00e9p\u00e9st. Felejts\u00fck el az \u00f6nz\u00e9st, a har\u00e1csol\u00e1st, hazugs\u00e1gokat, csal\u00e1sokat, a rombol\u00e1st, a visz\u00e1lyokat&#8230; Ezek beteg\u00edtik meg, teszik t\u00f6nkre F\u00f6ld\u00fcnket, ahogy megbeteg\u00edtenek benn\u00fcnket is. <\/p>\n\n\n\n<p style=\"font-size:18px\">Mindegy, hogy a vil\u00e1g \u00e9pp a sil\u00e1ny, hamis, \u00f6nz\u0151, er\u0151szakos \u00e9s t\u00f6rv\u00e9nytelen \u00e9rt\u00e9keknek h\u00f3dol&#8230; de mi maradjuk meg a tisztess\u00e9gn\u00e9l, becs\u00fcletn\u00e9l, egy\u00fctt\u00e9rz\u00e9sn\u00e9l, \u00f6nzetlens\u00e9gn\u00e9l, \u00e9s a szeretn\u00e9l, mert, az amit tesz\u00fcnk, az k\u00e9pvisel minket&#8230; <\/p>\n\n\n\n<p style=\"font-size:18px\">Ez az elgondol\u00e1s ma is \u00e9rv\u00e9nyes&#8230;.\u00e9s id\u0151szer\u0171bb, mint valaha.<\/p>\n\n\n\n<p class=\"has-vivid-cyan-blue-color has-text-color has-link-color wp-elements-6a331413d6a2899c1f7d887e3e4b648a\" style=\"font-size:18px\">&#8230;<strong>\u00c9s tal\u00e1n ez az egyik legm\u00e9lyebb, legid\u0151t\u00e1ll\u00f3bb spiritu\u00e1lis kulcs, amit az \u00f3kori vil\u00e1g a kez\u00fcnkbe adhatott.<\/strong><\/p>\n\n\n\n<hr class=\"wp-block-separator has-alpha-channel-opacity\"\/>\n\n\n\n<p><\/p>\n\n\n\n<p style=\"font-size:19px\">Hasonl\u00f3 t\u00e9m\u00e1j\u00fa cikkek:<\/p>\n\n\n\n<ul class=\"wp-block-list\">\n<li style=\"font-size:19px\"><a href=\"https:\/\/www.egyptforever.hu\/ildiko\/?p=15716\" title=\"\">Az egyiptomi alvil\u00e1g<\/a><\/li>\n\n\n\n<li style=\"font-size:19px\"><a href=\"https:\/\/www.egyptforever.hu\/ildiko\/?p=15704\" title=\"\">Az \u00f3kori egyiptomi t\u00falvil\u00e1g kapui \u00e9s \u0151rz\u0151i<\/a><\/li>\n\n\n\n<li style=\"font-size:19px\"><a href=\"https:\/\/www.egyptforever.hu\/ildiko\/?p=14979\" title=\"\">Ani papirusza<\/a><\/li>\n\n\n\n<li style=\"font-size:19px\"><a href=\"https:\/\/www.egyptforever.hu\/ildiko\/?p=11246\" title=\"\">A kett\u0151s igazs\u00e1g csarnoka&#8230;<\/a><\/li>\n<\/ul>\n\n\n\n<p><\/p>\n\n\n\n<p><strong><em>K\u00f3sa Ildik\u00f3 idegenvezet\u0151 (Egypt Forever)<\/em><\/strong><\/p>\n<div style='text-align:right' class='yasr-auto-insert-overall'><\/div><div style='text-align:right' class='yasr-auto-insert-visitor'><\/div>","protected":false},"excerpt":{"rendered":"<p>A Negat\u00edv gy\u00f3n\u00e1s (m\u00e1s n\u00e9ven: B\u0171nmegtagad\u00e1sok, vagy egyiptomiul Ma&#8217;at igazs\u00e1g\u00e1nak vallom\u00e1sai) az \u00f3kori egyiptomi t\u00falvil\u00e1ghit egyik legm\u00e9lyebb filoz\u00f3fiai \u00e9s spiritu\u00e1lis eleme. B\u00e1r a legismertebb v\u00e1ltozata az \u00dajbirodalom kori Halottak K\u00f6nyv\u00e9ben tal\u00e1lhat\u00f3 (f\u0151k\u00e9nt<a class=\"moretag\" href=\"https:\/\/www.egyptforever.hu\/ildiko\/?p=14663\">Tov\u00e1bbi inform\u00e1ci\u00f3\u2026<\/a><\/p>\n","protected":false},"author":1,"featured_media":14694,"comment_status":"closed","ping_status":"open","sticky":false,"template":"","format":"standard","meta":{"om_disable_all_campaigns":false,"_monsterinsights_skip_tracking":false,"_monsterinsights_sitenote_active":false,"_monsterinsights_sitenote_note":"","_monsterinsights_sitenote_category":0,"yasr_overall_rating":0,"yasr_post_is_review":"","yasr_auto_insert_disabled":"","yasr_review_type":"","footnotes":""},"categories":[366,489],"tags":[492,363,516,414,169,50,48,490,515,54,182],"class_list":["post-14663","post","type-post","status-publish","format-standard","has-post-thumbnail","hentry","category-egyiptom-mitologiaja","category-spiritualis-egyiptom","tag-az-okori-egyiptom-szellemisege","tag-egyiptomi-mitologia","tag-ezoterikus-haladzsa-helyett-valodi-spiritualitas","tag-hitvilag","tag-mitologia","tag-obirodalom","tag-okori-egyiptom","tag-spiritualitas","tag-szellemi-orokseg","tag-ujbirodalom","tag-vallas"],"aioseo_notices":[],"yasr_visitor_votes":{"stars_attributes":{"read_only":false,"span_bottom":false},"number_of_votes":2,"sum_votes":10},"_links":{"self":[{"href":"https:\/\/www.egyptforever.hu\/ildiko\/index.php?rest_route=\/wp\/v2\/posts\/14663","targetHints":{"allow":["GET"]}}],"collection":[{"href":"https:\/\/www.egyptforever.hu\/ildiko\/index.php?rest_route=\/wp\/v2\/posts"}],"about":[{"href":"https:\/\/www.egyptforever.hu\/ildiko\/index.php?rest_route=\/wp\/v2\/types\/post"}],"author":[{"embeddable":true,"href":"https:\/\/www.egyptforever.hu\/ildiko\/index.php?rest_route=\/wp\/v2\/users\/1"}],"replies":[{"embeddable":true,"href":"https:\/\/www.egyptforever.hu\/ildiko\/index.php?rest_route=%2Fwp%2Fv2%2Fcomments&post=14663"}],"version-history":[{"count":5,"href":"https:\/\/www.egyptforever.hu\/ildiko\/index.php?rest_route=\/wp\/v2\/posts\/14663\/revisions"}],"predecessor-version":[{"id":16360,"href":"https:\/\/www.egyptforever.hu\/ildiko\/index.php?rest_route=\/wp\/v2\/posts\/14663\/revisions\/16360"}],"wp:featuredmedia":[{"embeddable":true,"href":"https:\/\/www.egyptforever.hu\/ildiko\/index.php?rest_route=\/wp\/v2\/media\/14694"}],"wp:attachment":[{"href":"https:\/\/www.egyptforever.hu\/ildiko\/index.php?rest_route=%2Fwp%2Fv2%2Fmedia&parent=14663"}],"wp:term":[{"taxonomy":"category","embeddable":true,"href":"https:\/\/www.egyptforever.hu\/ildiko\/index.php?rest_route=%2Fwp%2Fv2%2Fcategories&post=14663"},{"taxonomy":"post_tag","embeddable":true,"href":"https:\/\/www.egyptforever.hu\/ildiko\/index.php?rest_route=%2Fwp%2Fv2%2Ftags&post=14663"}],"curies":[{"name":"wp","href":"https:\/\/api.w.org\/{rel}","templated":true}]}}