{"id":14727,"date":"2025-05-30T10:59:51","date_gmt":"2025-05-30T08:59:51","guid":{"rendered":"https:\/\/www.egyptforever.hu\/ildiko\/?p=14727"},"modified":"2025-08-05T11:49:47","modified_gmt":"2025-08-05T09:49:47","slug":"az-egyiptomi-vallas-vilagkepe-es-hatasa-a-mai-spiritualis-gondolkodasra","status":"publish","type":"post","link":"https:\/\/www.egyptforever.hu\/ildiko\/?p=14727","title":{"rendered":"Az egyiptomi vall\u00e1s vil\u00e1gk\u00e9pe \u00e9s hat\u00e1sa a mai spiritu\u00e1lis gondolkod\u00e1sra"},"content":{"rendered":"\n<div class=\"wp-block-columns is-layout-flex wp-container-core-columns-is-layout-9d6595d7 wp-block-columns-is-layout-flex\">\n<div class=\"wp-block-column is-layout-flow wp-block-column-is-layout-flow\">\n<p style=\"font-size:23px\"><strong>I. Az egyiptomi vall\u00e1s vil\u00e1gk\u00e9pe \u2013 kozmikus rend \u00e9s szimbolikus egys\u00e9g<\/strong><\/p>\n\n\n\n<p style=\"font-size:20px\">Az \u00f3kori egyiptomi vall\u00e1s egy m\u00e9lyen integr\u00e1lt vil\u00e1gk\u00e9pet k\u00e9pviselt, amelyben a term\u00e9szet, az ember, az istenek \u00e9s a kozmosz egym\u00e1ssal \u00f6sszef\u00fcgg\u0151 \u00e9s egy\u00fcttm\u0171k\u00f6d\u0151 egys\u00e9get alkottak. Nem l\u00e9teztek merev hat\u00e1rvonalak \u201efizikai\u201d \u00e9s \u201espiritu\u00e1lis\u201d k\u00f6z\u00f6tt: minden dolog lelki-szellemi jelent\u0151s\u00e9ggel b\u00edrt. Ez a vil\u00e1gk\u00e9p h\u00e1rom alappill\u00e9ren nyugodott:<\/p>\n\n\n\n<p style=\"font-size:20px\"><strong>1. Ma&#8217;at \u2013 az igazs\u00e1g \u00e9s rend princ\u00edpiuma<\/strong><\/p>\n\n\n\n<p style=\"font-size:20px\">A legfontosabb elv nem egy istens\u00e9g, hanem egy elv volt: Ma&#8217;at. Ez az \u201eigazs\u00e1g\u201d, \u201erend\u201d, \u201eharm\u00f3nia\u201d, \u201etisztas\u00e1g\u201d \u00e9s \u201eerk\u00f6lcs\u201d egyetemes princ\u00edpiuma, amely:<\/p>\n\n\n\n<ul class=\"wp-block-list\">\n<li style=\"font-size:20px\">a vil\u00e1gegyetem alapvet\u0151 m\u0171k\u00f6d\u00e9s\u00e9t szab\u00e1lyozta;<\/li>\n\n\n\n<li style=\"font-size:20px\">meghat\u00e1rozta az ember hely\u00e9t a vil\u00e1gban;<\/li>\n\n\n\n<li style=\"font-size:20px\">elv\u00e1r\u00e1sk\u00e9nt jelent meg minden l\u00e9lek el\u0151tt \u2014 \u00e9let\u00e9ben \u00e9s hal\u00e1la ut\u00e1n is.<\/li>\n<\/ul>\n\n\n\n<p style=\"font-size:20px\">Ma&#8217;at nem dogma volt, hanem \u00e9l\u0151 val\u00f3s\u00e1g: napi gyakorlatban alkalmazand\u00f3 etikai-mor\u00e1lis rend. A f\u00e1ra\u00f3 dolga volt \u201emegtestes\u00edteni\u201d Ma&#8217;atot, \u00e9s a papok feladata volt fenntartani \u00e9s k\u00f6zvet\u00edteni azt a t\u00e1rsadalom \u00e9s a kozmosz eg\u00e9sze fel\u00e9.<\/p>\n\n\n\n<p style=\"font-size:20px\"><strong>2. Ciklikus id\u0151szeml\u00e9let \u00e9s \u00fajj\u00e1sz\u00fclet\u00e9s<\/strong><\/p>\n\n\n\n<p style=\"font-size:20px\">Az egyiptomiak nem line\u00e1risan, hanem ciklikusan gondolkodtak az id\u0151r\u0151l. A Nap \u00fatja, az \u00e9vszakok v\u00e1ltakoz\u00e1sa, Ozirisz hal\u00e1la \u00e9s felt\u00e1mad\u00e1sa \u2013 mind a meg\u00fajul\u00e1s \u00f6r\u00f6k k\u00f6rforg\u00e1s\u00e1t jelk\u00e9pezte.<\/p>\n\n\n\n<p style=\"font-size:20px\">Ez a k\u00f6rk\u00f6r\u00f6s vil\u00e1gk\u00e9p azt tan\u00edtotta: a hal\u00e1l nem v\u00e9g, hanem \u00e1tmenet, egy \u00fajabb l\u00e9t\u00e1llapot kapuja. A l\u00e9lek fejl\u0151d\u00e9se soha nem z\u00e1rul le \u2013 az egyiptomi t\u00falvil\u00e1g nem \u00f6r\u00f6k jutalom vagy b\u00fcntet\u00e9s, hanem a tov\u00e1bbi \u00e1talakul\u00e1s, a \u201evil\u00e1goss\u00e1ghoz jut\u00e1s\u201d helye.<\/p>\n\n\n\n<p style=\"font-size:20px\"><strong>3. Az istenek vil\u00e1ga \u2013 archet\u00edpusok \u00e9s jelenl\u00e9tek<\/strong><\/p>\n\n\n\n<p style=\"font-size:20px\">Az egyiptomi istenek nem t\u00e1voli, el\u00e9rhetetlen hatalmak voltak, hanem a term\u00e9szeti \u00e9s emberi vil\u00e1g princ\u00edpiumainak megszem\u00e9lyes\u00edt\u00e9sei:<\/p>\n\n\n\n<ul class=\"wp-block-list\">\n<li style=\"font-size:20px\">\u00cdzisz: az anyas\u00e1g, gy\u00f3gy\u00edt\u00e1s, var\u00e1zslat ereje<\/li>\n\n\n\n<li style=\"font-size:20px\">Thot: a b\u00f6lcsess\u00e9g, az \u00edr\u00e1s, az isteni tud\u00e1s k\u00f6zvet\u00edt\u0151je<\/li>\n\n\n\n<li style=\"font-size:20px\">Ozirisz: az \u00e1talakul\u00e1s, hal\u00e1l \u00e9s felt\u00e1mad\u00e1s ura<\/li>\n\n\n\n<li style=\"font-size:20px\">R\u00e9: a napf\u00e9ny, az isteni tudatoss\u00e1g, az \u00f6r\u00f6k \u00e9let forr\u00e1sa<\/li>\n<\/ul>\n\n\n\n<p style=\"font-size:20px\">\u0150k nem \u201ehit t\u00e1rgyai\u201d, hanem archet\u00edpusos energi\u00e1k, amelyekhez kapcsol\u00f3dni lehetett szertart\u00e1sok, medit\u00e1ci\u00f3, ritu\u00e1l\u00e9k r\u00e9v\u00e9n. Ez a kapcsolat nem \u201eim\u00e1dattal\u201d, hanem egy\u00fcttm\u0171k\u00f6d\u00e9ssel j\u00e1rt: az ember nem al\u00e1vetettje volt az isteneknek, hanem akt\u00edv r\u00e9sztvev\u0151je a kozmosz rendj\u00e9nek.<\/p>\n\n\n\n<p><\/p>\n\n\n\n<p><\/p>\n\n\n\n<p style=\"font-size:23px\"><strong>II. Az egyiptomi vil\u00e1gk\u00e9p hat\u00e1sa a mai spiritu\u00e1lis gondolkod\u00e1sra<\/strong><\/p>\n\n\n\n<p style=\"font-size:20px\">B\u00e1r sokan nem is tudj\u00e1k, rengeteg modern spiritu\u00e1lis ir\u00e1nyzat m\u00e9ly\u00e9n egyiptomi gy\u00f6ker\u0171 gondolatok h\u00faz\u00f3dnak meg \u2014 csak m\u00e1s k\u00f6nt\u00f6sben. \u00cdme n\u00e9h\u00e1ny meghat\u00e1roz\u00f3 p\u00e9lda:<\/p>\n\n\n\n<p style=\"font-size:20px\"><strong>1. A spiritu\u00e1lis \u00f6nismeret \u00e9s a bels\u0151 igazs\u00e1g keres\u00e9se<\/strong><\/p>\n\n\n\n<p style=\"font-size:20px\">A \u201eNegat\u00edv gy\u00f3n\u00e1s\u201d 42 pontja (l\u00e1sd kor\u00e1bbi r\u00e9szekben) nem b\u0171nb\u00e1nat, hanem t\u00fck\u00f6r: a l\u00e9lek belen\u00e9z, \u00e9s kimondja: \u201eNem k\u00f6vettem el&#8230;\u201d. Ez az \u00f6nvizsg\u00e1lat nem \u00f6nv\u00e1d, hanem tudatos erk\u00f6lcsi \u00fat.<\/p>\n\n\n\n<p style=\"font-size:20px\">Ugyanez k\u00f6sz\u00f6n vissza a modern \u00f6nismereti utakban: az \u00e1rny\u00e9kmunka, a bels\u0151 igazs\u00e1g keres\u00e9se, a \u201el\u00e9gy \u00f6nmagadban \u0151szinte\u201d tan\u00edt\u00e1sa mind visszacseng\u00e9sei ennek az elvnek.<\/p>\n\n\n\n<p style=\"font-size:20px\"><strong>2. A t\u00falvil\u00e1g mint tudatszintek sora<\/strong><\/p>\n\n\n\n<p style=\"font-size:20px\">Az egyiptomi t\u00falvil\u00e1g nem a \u201emenny \u00e9s pokol\u201d dualit\u00e1sa, hanem egy tudati t\u00e9rk\u00e9p: kapuk, kih\u00edv\u00e1sok, \u00edt\u00e9letek, \u00e1talakul\u00e1sok, amelyek sor\u00e1n a l\u00e9lek v\u00e9g\u00fcl vil\u00e1goss\u00e1gba jut.<\/p>\n\n\n\n<p style=\"font-size:20px\">Ezzel \u00f6sszecseng p\u00e9ld\u00e1ul a tibeti \u201eBardo Th\u00f6dol\u201d tan\u00edt\u00e1sa, vagy a modern spiritu\u00e1lis irodalom \u201edimenzi\u00f3kr\u00f3l\u201d, \u201erezg\u00e9sszintekr\u0151l\u201d sz\u00f3l\u00f3 elm\u00e9letei.<\/p>\n\n\n\n<p style=\"font-size:20px\"><strong>3. Az isteni rend mint bels\u0151 harm\u00f3nia<\/strong><\/p>\n\n\n\n<p style=\"font-size:20px\">Ma&#8217;at elve ma a bels\u0151 egyens\u00faly, az etikus \u00e9letvitel, a \u201eszinkronicit\u00e1sban \u00e9l\u00e9s\u201d modern fogalmaiban \u00e9l tov\u00e1bb. Amikor valaki azt mondja: \u201e\u00e9rzem, hogy helyemen vagyok a vil\u00e1gban\u201d, az val\u00f3j\u00e1ban a Ma&#8217;at tapasztalata.<\/p>\n\n\n\n<p style=\"font-size:20px\"><strong>4. A szimb\u00f3lumok ereje \u00e9s a ritu\u00e1l\u00e9k fontoss\u00e1ga<\/strong><\/p>\n\n\n\n<p style=\"font-size:20px\">Az egyiptomi spiritualit\u00e1s gazdag szimbolik\u00e1ja \u2013 p\u00e9ld\u00e1ul az ankh, a szkarabeusz, a szem (Udjat) \u2013 ma is visszat\u00e9r med\u00e1lokban, j\u00f3ga-dekor\u00e1ci\u00f3kban, ter\u00e1pi\u00e1s m\u00f3dszerekben, m\u00e9g ha gyakran elvesztik eredeti jelent\u00e9s\u00fcket.<\/p>\n\n\n\n<p style=\"font-size:20px\">Az egyiptomiak hittek benne: a szimb\u00f3lumok kapuk \u2013 nem csak d\u00edszek \u2013, amelyekkel tudat\u00e1llapotokat lehet megid\u00e9zni \u00e9s aktiv\u00e1lni.<\/p>\n\n\n\n<p><\/p>\n\n\n\n<p><\/p>\n\n\n\n<p style=\"font-size:23px\"><strong>III. Mi\u00e9rt fontos \u00fajra\u00e9rtelmezni az egyiptomi \u00f6r\u00f6ks\u00e9get?<\/strong><\/p>\n\n\n\n<p style=\"font-size:20px\">Az \u00f3kori egyiptomi vall\u00e1s nem \u201eegzotikus m\u00fazeumi eml\u00e9k\u201d, hanem id\u0151tlen szellemi \u00f6r\u00f6ks\u00e9g, amely ma is k\u00e9pes inspir\u00e1lni \u2013 ha nem fel\u00fcletesen, hanem m\u00e9lyen k\u00f6zel\u00edt\u00fcnk hozz\u00e1.<\/p>\n\n\n\n<p style=\"font-size:20px\">A ma embere sokszor spiritu\u00e1lisan \u00e9hezik: jelent\u00e9st keres a h\u00e9tk\u00f6znapjaiban, rendet a k\u00e1oszban, \u00e9s val\u00f3di kapcsolatot az istenivel. Az egyiptomi tan\u00edt\u00e1sok ezt k\u00edn\u00e1lj\u00e1k:<\/p>\n\n\n\n<ul class=\"wp-block-list\">\n<li style=\"font-size:20px\">\u00c9lhet\u0151 erk\u00f6lcs\u00f6t a Maat elv\u00e9ben;<\/li>\n\n\n\n<li style=\"font-size:20px\">Tudatos \u00f6nismereti utat a l\u00e9lek fejl\u0151d\u00e9s\u00e9ben;<\/li>\n\n\n\n<li style=\"font-size:20px\">Val\u00f3di kapcsolatot az isteni min\u0151s\u00e9gekkel, archetipikus er\u0151kkel;<\/li>\n\n\n\n<li style=\"font-size:20px\">Az \u00e9let \u00e9s hal\u00e1l m\u00e9ly \u00e9rtelm\u00e9t a ciklikus szeml\u00e9let r\u00e9v\u00e9n.<\/li>\n<\/ul>\n\n\n\n<p style=\"font-size:20px\"><strong>Az \u00f3kori egyiptomi vall\u00e1s vil\u00e1gk\u00e9pe nem \u201ehit k\u00e9rd\u00e9se\u201d, hanem tudatoss\u00e1gi \u00e1llapot. <\/strong>Egy eml\u00e9kez\u00e9s arra, hogy az \u00e9let nem csup\u00e1n t\u00f6rt\u00e9nik vel\u00fcnk \u2013 hanem rajtunk kereszt\u00fcl form\u00e1l\u00f3dik. A vil\u00e1gegyetem rendje benn\u00fcnk t\u00fckr\u00f6z\u0151dik, \u00e9s minden l\u00e9legzet\u00fcnkkel hat\u00e1ssal vagyunk a Ma&#8217;at egyens\u00faly\u00e1ra.<\/p>\n\n\n\n<p style=\"font-size:20px\"><strong>A m\u00falt tan\u00edt\u00e1sa nem arra val\u00f3, hogy lem\u00e1soljuk, hanem hogy felismerj\u00fck benne \u00f6nmagunk magasabb lehet\u0151s\u00e9g\u00e9t.<\/strong><\/p>\n<\/div>\n<\/div>\n\n\n\n<p style=\"font-size:15px\"><em><strong>(K\u00f3sa Ildik\u00f3 idegenvezet\u0151 &#8211; Egypt Forever)<\/strong><\/em><\/p>\n\n\n\n<p><\/p>\n<div style='text-align:right' class='yasr-auto-insert-overall'><\/div><div style='text-align:right' class='yasr-auto-insert-visitor'><\/div>","protected":false},"excerpt":{"rendered":"<p>I. Az egyiptomi vall\u00e1s vil\u00e1gk\u00e9pe \u2013 kozmikus rend \u00e9s szimbolikus egys\u00e9g Az \u00f3kori egyiptomi vall\u00e1s egy m\u00e9lyen integr\u00e1lt vil\u00e1gk\u00e9pet k\u00e9pviselt, amelyben a term\u00e9szet, az ember, az istenek \u00e9s a kozmosz egym\u00e1ssal \u00f6sszef\u00fcgg\u0151<a class=\"moretag\" href=\"https:\/\/www.egyptforever.hu\/ildiko\/?p=14727\">Tov\u00e1bbi inform\u00e1ci\u00f3\u2026<\/a><\/p>\n","protected":false},"author":1,"featured_media":14728,"comment_status":"closed","ping_status":"open","sticky":false,"template":"","format":"standard","meta":{"om_disable_all_campaigns":false,"_monsterinsights_skip_tracking":false,"_monsterinsights_sitenote_active":false,"_monsterinsights_sitenote_note":"","_monsterinsights_sitenote_category":0,"yasr_overall_rating":0,"yasr_post_is_review":"","yasr_auto_insert_disabled":"","yasr_review_type":"","footnotes":""},"categories":[489],"tags":[492,187,516,414,48,490,182],"class_list":["post-14727","post","type-post","status-publish","format-standard","has-post-thumbnail","hentry","category-spiritualis-egyiptom","tag-az-okori-egyiptom-szellemisege","tag-egyiptomi-magia","tag-ezoterikus-haladzsa-helyett-valodi-spiritualitas","tag-hitvilag","tag-okori-egyiptom","tag-spiritualitas","tag-vallas"],"aioseo_notices":[],"yasr_visitor_votes":{"stars_attributes":{"read_only":false,"span_bottom":false},"number_of_votes":1,"sum_votes":5},"_links":{"self":[{"href":"https:\/\/www.egyptforever.hu\/ildiko\/index.php?rest_route=\/wp\/v2\/posts\/14727","targetHints":{"allow":["GET"]}}],"collection":[{"href":"https:\/\/www.egyptforever.hu\/ildiko\/index.php?rest_route=\/wp\/v2\/posts"}],"about":[{"href":"https:\/\/www.egyptforever.hu\/ildiko\/index.php?rest_route=\/wp\/v2\/types\/post"}],"author":[{"embeddable":true,"href":"https:\/\/www.egyptforever.hu\/ildiko\/index.php?rest_route=\/wp\/v2\/users\/1"}],"replies":[{"embeddable":true,"href":"https:\/\/www.egyptforever.hu\/ildiko\/index.php?rest_route=%2Fwp%2Fv2%2Fcomments&post=14727"}],"version-history":[{"count":3,"href":"https:\/\/www.egyptforever.hu\/ildiko\/index.php?rest_route=\/wp\/v2\/posts\/14727\/revisions"}],"predecessor-version":[{"id":14762,"href":"https:\/\/www.egyptforever.hu\/ildiko\/index.php?rest_route=\/wp\/v2\/posts\/14727\/revisions\/14762"}],"wp:featuredmedia":[{"embeddable":true,"href":"https:\/\/www.egyptforever.hu\/ildiko\/index.php?rest_route=\/wp\/v2\/media\/14728"}],"wp:attachment":[{"href":"https:\/\/www.egyptforever.hu\/ildiko\/index.php?rest_route=%2Fwp%2Fv2%2Fmedia&parent=14727"}],"wp:term":[{"taxonomy":"category","embeddable":true,"href":"https:\/\/www.egyptforever.hu\/ildiko\/index.php?rest_route=%2Fwp%2Fv2%2Fcategories&post=14727"},{"taxonomy":"post_tag","embeddable":true,"href":"https:\/\/www.egyptforever.hu\/ildiko\/index.php?rest_route=%2Fwp%2Fv2%2Ftags&post=14727"}],"curies":[{"name":"wp","href":"https:\/\/api.w.org\/{rel}","templated":true}]}}