{"id":14979,"date":"2025-07-08T11:30:47","date_gmt":"2025-07-08T09:30:47","guid":{"rendered":"https:\/\/www.egyptforever.hu\/ildiko\/?p=14979"},"modified":"2026-04-09T20:47:03","modified_gmt":"2026-04-09T18:47:03","slug":"ani-papirusza","status":"publish","type":"post","link":"https:\/\/www.egyptforever.hu\/ildiko\/?p=14979","title":{"rendered":"Ani papirusza"},"content":{"rendered":"\n<div class=\"wp-block-columns is-layout-flex wp-container-core-columns-is-layout-9d6595d7 wp-block-columns-is-layout-flex\">\n<div class=\"wp-block-column is-layout-flow wp-block-column-is-layout-flow\">\n<p style=\"font-size:18px\">Ani pap\u00edrusza az <strong>egyik legismertebb fennmaradt p\u00e9ld\u00e1ja az Egyiptomi Halottak K\u00f6nyv\u00e9nek<\/strong>. Egy rendk\u00edv\u00fcl gazdagon illusztr\u00e1lt, 19. dinasztia korabeli (i. e. 13. sz\u00e1zad), teh\u00e1t a <strong>\u00dajbirodalom v\u00e9g\u00e9r\u0151l<\/strong> sz\u00e1rmaz\u00f3 temetkez\u00e9si pap\u00edrusz, amelyet egy <strong>Ani nev\u0171 \u00edrnok \u00e9s hivatalnok<\/strong> sz\u00e1m\u00e1ra k\u00e9sz\u00edtettek. A pap\u00edrusz jelenleg a British Museumban tal\u00e1lhat\u00f3 (inv. no. EA 10470), \u00e9s az egyik legfontosabb forr\u00e1sunk az egyiptomi t\u00falvil\u00e1g-hitr\u0151l \u00e9s spiritu\u00e1lis vil\u00e1gk\u00e9pr\u0151l.<\/p>\n\n\n\n<div class=\"wp-block-columns is-layout-flex wp-container-core-columns-is-layout-9d6595d7 wp-block-columns-is-layout-flex\">\n<div class=\"wp-block-column is-layout-flow wp-block-column-is-layout-flow\">\n<figure class=\"wp-block-image size-large\"><img loading=\"lazy\" decoding=\"async\" width=\"1024\" height=\"629\" src=\"https:\/\/www.egyptforever.hu\/ildiko\/wp-content\/uploads\/2025\/07\/Book_of_the_Dead_of_Ani-1-1024x629.jpg\" alt=\"\" class=\"wp-image-15008\" srcset=\"https:\/\/www.egyptforever.hu\/ildiko\/wp-content\/uploads\/2025\/07\/Book_of_the_Dead_of_Ani-1-1024x629.jpg 1024w, https:\/\/www.egyptforever.hu\/ildiko\/wp-content\/uploads\/2025\/07\/Book_of_the_Dead_of_Ani-1-300x184.jpg 300w, https:\/\/www.egyptforever.hu\/ildiko\/wp-content\/uploads\/2025\/07\/Book_of_the_Dead_of_Ani-1-768x472.jpg 768w, https:\/\/www.egyptforever.hu\/ildiko\/wp-content\/uploads\/2025\/07\/Book_of_the_Dead_of_Ani-1.jpg 1155w\" sizes=\"auto, (max-width: 1024px) 100vw, 1024px\" \/><\/figure>\n<\/div>\n\n\n\n<div class=\"wp-block-column is-layout-flow wp-block-column-is-layout-flow\">\n<figure class=\"wp-block-image size-large\"><img loading=\"lazy\" decoding=\"async\" width=\"1024\" height=\"527\" src=\"https:\/\/www.egyptforever.hu\/ildiko\/wp-content\/uploads\/2025\/07\/BD_Weighing_of_the_Heart-1024x527.jpg\" alt=\"\" class=\"wp-image-15009\" srcset=\"https:\/\/www.egyptforever.hu\/ildiko\/wp-content\/uploads\/2025\/07\/BD_Weighing_of_the_Heart-1024x527.jpg 1024w, https:\/\/www.egyptforever.hu\/ildiko\/wp-content\/uploads\/2025\/07\/BD_Weighing_of_the_Heart-300x154.jpg 300w, https:\/\/www.egyptforever.hu\/ildiko\/wp-content\/uploads\/2025\/07\/BD_Weighing_of_the_Heart-768x395.jpg 768w, https:\/\/www.egyptforever.hu\/ildiko\/wp-content\/uploads\/2025\/07\/BD_Weighing_of_the_Heart-1536x791.jpg 1536w, https:\/\/www.egyptforever.hu\/ildiko\/wp-content\/uploads\/2025\/07\/BD_Weighing_of_the_Heart-2048x1054.jpg 2048w\" sizes=\"auto, (max-width: 1024px) 100vw, 1024px\" \/><\/figure>\n<\/div>\n<\/div>\n\n\n\n<h2 class=\"wp-block-heading\" style=\"font-size:23px\"><strong>Ki volt Ani?<\/strong><\/h2>\n\n\n\n<p style=\"font-size:18px\">Ani a XIX. dinasztia idej\u00e9n \u00e9lt, val\u00f3sz\u00edn\u0171leg II. Ramszesz uralkod\u00e1sa alatt. A c\u00edmei k\u00f6z\u00f6tt szerepel a k\u00f6vetkez\u0151:<\/p>\n\n\n\n<ul class=\"wp-block-list\">\n<li style=\"font-size:18px\">\u201e<strong>\u00cdrnok, aki az isteni \u00e1ldozatokkal foglalkozik<\/strong>\u201d<\/li>\n\n\n\n<li style=\"font-size:18px\">\u201e<strong>Az isteni k\u00edn\u00e1latok \u00edrnoka Th\u00e9ba ur\u00e1nak templom\u00e1ban<\/strong>\u201d<\/li>\n<\/ul>\n\n\n\n<p style=\"font-size:18px\">Ez azt jelenti, hogy <strong>templomi \u00edrnok volt Th\u00e9ba egyik f\u0151 szent\u00e9ly\u00e9ben<\/strong>, val\u00f3sz\u00edn\u0171leg Amon templom\u00e1ban. Magas rang\u00fa hivatalnokk\u00e9nt megengedhette mag\u00e1nak, hogy egy kifejezetten sz\u00e1m\u00e1ra, n\u00e9vre sz\u00f3l\u00f3an d\u00edsz\u00edtett Halottak K\u00f6nyve pap\u00edruszt k\u00e9sz\u00edttessen, ami luxusnak sz\u00e1m\u00edtott.<\/p>\n\n\n\n<h2 class=\"wp-block-heading\" style=\"font-size:23px\"><strong>A pap\u00edrusz jellemz\u0151i<\/strong><\/h2>\n\n\n\n<ul class=\"wp-block-list\">\n<li style=\"font-size:18px\"><strong>Terjedelem:<\/strong> kb. <strong>24 m\u00e9ter hossz\u00fa<\/strong>, 37 cm magas, 37 darabra van sz\u00e9tv\u00e1gva.<\/li>\n\n\n\n<li style=\"font-size:18px\"><strong>Nyelv:<\/strong> klasszikus k\u00f6z\u00e9pbirodalmi egyiptomi, hieroglif \u00edr\u00e1ssal.<\/li>\n\n\n\n<li style=\"font-size:18px\"><strong>D\u00edsz\u00edt\u00e9s:<\/strong> sz\u00ednes miniat\u00far\u00e1k \u00e9s vinjet\u00e1k d\u00edsz\u00edtik, a sz\u00f6vegek jelenetekkel v\u00e1ltakoznak.<\/li>\n\n\n\n<li style=\"font-size:18px\"><strong>Tartalom:<\/strong> kb. <strong>70 fejezetet<\/strong> tartalmaz a Halottak K\u00f6nyv\u00e9b\u0151l, nem teljes gy\u0171jtem\u00e9ny, de sok kulcsfontoss\u00e1g\u00fa r\u00e9sz benne van.<\/li>\n<\/ul>\n\n\n\n<div class=\"wp-block-columns is-layout-flex wp-container-core-columns-is-layout-9d6595d7 wp-block-columns-is-layout-flex\">\n<div class=\"wp-block-column is-layout-flow wp-block-column-is-layout-flow\">\n<figure class=\"wp-block-image size-full\"><img loading=\"lazy\" decoding=\"async\" width=\"715\" height=\"312\" src=\"https:\/\/www.egyptforever.hu\/ildiko\/wp-content\/uploads\/2025\/07\/Ani_LDM_chap17a-1.jpg\" alt=\"\" class=\"wp-image-15006\" srcset=\"https:\/\/www.egyptforever.hu\/ildiko\/wp-content\/uploads\/2025\/07\/Ani_LDM_chap17a-1.jpg 715w, https:\/\/www.egyptforever.hu\/ildiko\/wp-content\/uploads\/2025\/07\/Ani_LDM_chap17a-1-300x131.jpg 300w\" sizes=\"auto, (max-width: 715px) 100vw, 715px\" \/><\/figure>\n<\/div>\n\n\n\n<div class=\"wp-block-column is-layout-flow wp-block-column-is-layout-flow\">\n<figure class=\"wp-block-image size-full\"><img loading=\"lazy\" decoding=\"async\" width=\"809\" height=\"317\" src=\"https:\/\/www.egyptforever.hu\/ildiko\/wp-content\/uploads\/2025\/07\/Ani_chap17part2-1.jpg\" alt=\"\" class=\"wp-image-15007\" srcset=\"https:\/\/www.egyptforever.hu\/ildiko\/wp-content\/uploads\/2025\/07\/Ani_chap17part2-1.jpg 809w, https:\/\/www.egyptforever.hu\/ildiko\/wp-content\/uploads\/2025\/07\/Ani_chap17part2-1-300x118.jpg 300w, https:\/\/www.egyptforever.hu\/ildiko\/wp-content\/uploads\/2025\/07\/Ani_chap17part2-1-768x301.jpg 768w\" sizes=\"auto, (max-width: 809px) 100vw, 809px\" \/><\/figure>\n<\/div>\n<\/div>\n\n\n\n<div class=\"wp-block-columns is-layout-flex wp-container-core-columns-is-layout-9d6595d7 wp-block-columns-is-layout-flex\">\n<div class=\"wp-block-column is-layout-flow wp-block-column-is-layout-flow\">\n<figure class=\"wp-block-image size-full\"><img loading=\"lazy\" decoding=\"async\" width=\"626\" height=\"382\" src=\"https:\/\/www.egyptforever.hu\/ildiko\/wp-content\/uploads\/2025\/07\/Bookofthedead-185186.jpg\" alt=\"\" class=\"wp-image-15012\" srcset=\"https:\/\/www.egyptforever.hu\/ildiko\/wp-content\/uploads\/2025\/07\/Bookofthedead-185186.jpg 626w, https:\/\/www.egyptforever.hu\/ildiko\/wp-content\/uploads\/2025\/07\/Bookofthedead-185186-300x183.jpg 300w\" sizes=\"auto, (max-width: 626px) 100vw, 626px\" \/><\/figure>\n<\/div>\n\n\n\n<div class=\"wp-block-column is-layout-flow wp-block-column-is-layout-flow\">\n<figure class=\"wp-block-image size-large\"><img loading=\"lazy\" decoding=\"async\" width=\"1024\" height=\"822\" src=\"https:\/\/www.egyptforever.hu\/ildiko\/wp-content\/uploads\/2025\/07\/BD_Ani_before_Osiris-1024x822.jpg\" alt=\"\" class=\"wp-image-15013\" srcset=\"https:\/\/www.egyptforever.hu\/ildiko\/wp-content\/uploads\/2025\/07\/BD_Ani_before_Osiris-1024x822.jpg 1024w, https:\/\/www.egyptforever.hu\/ildiko\/wp-content\/uploads\/2025\/07\/BD_Ani_before_Osiris-300x241.jpg 300w, https:\/\/www.egyptforever.hu\/ildiko\/wp-content\/uploads\/2025\/07\/BD_Ani_before_Osiris-768x616.jpg 768w, https:\/\/www.egyptforever.hu\/ildiko\/wp-content\/uploads\/2025\/07\/BD_Ani_before_Osiris-1536x1233.jpg 1536w, https:\/\/www.egyptforever.hu\/ildiko\/wp-content\/uploads\/2025\/07\/BD_Ani_before_Osiris-2048x1644.jpg 2048w\" sizes=\"auto, (max-width: 1024px) 100vw, 1024px\" \/><\/figure>\n<\/div>\n<\/div>\n\n\n\n<h2 class=\"wp-block-heading\" style=\"font-size:23px\"><strong>Mir\u0151l sz\u00f3l Ani pap\u00edrusza?<\/strong><\/h2>\n\n\n\n<p style=\"font-size:18px\">A pap\u00edrusz a l\u00e9lek t\u00falvil\u00e1gi \u00fatj\u00e1t k\u00f6veti v\u00e9gig a hal\u00e1l pillanat\u00e1t\u00f3l az <strong>\u00edt\u00e9leten \u00e1t<\/strong> eg\u00e9szen az isteni vil\u00e1gba val\u00f3 bel\u00e9p\u00e9sig. A pap\u00edrusz narrat\u00edv strukt\u00far\u00e1ja egy <strong>mitikus utaz\u00e1s<\/strong>, amely a hal\u00e1l pillanat\u00e1t\u00f3l a l\u00e9lek isteni \u00fajj\u00e1sz\u00fclet\u00e9s\u00e9ig tart. Ez az \u00fat t\u00f6bb szakaszra oszthat\u00f3:<\/p>\n\n\n\n<p style=\"font-size:18px\">N\u00e9h\u00e1ny fontos jelenet bel\u0151le:<\/p>\n\n\n\n<h2 class=\"wp-block-heading\" style=\"font-size:21px\">1. <strong>A Hal\u00e1l \u00e9s a T\u00falvil\u00e1g Kapui<\/strong><\/h2>\n\n\n\n<p style=\"font-size:18px\">Ani a hal\u00e1l ut\u00e1n el\u0151sz\u00f6r a t\u00falvil\u00e1g kapuj\u00e1hoz \u00e9rkezik, ahol be kell bizony\u00edtania, hogy m\u00e9lt\u00f3 a bel\u00e9p\u00e9sre. Ani elhagyja a f\u00f6ldi vil\u00e1got, \u00e9s bel\u00e9p a t\u00falvil\u00e1g dimenzi\u00f3j\u00e1ba, az \u00fan. <strong>Duatba<\/strong>. Az els\u0151 kih\u00edv\u00e1sok az \u00e1tkel\u00e9sek, kapu\u0151r\u00f6k, szellemi er\u0151k form\u00e1j\u00e1ban jelennek meg. A l\u00e9leknek <strong>fel kell ismernie ezek nev\u00e9t<\/strong>, funkci\u00f3j\u00e1t \u00e9s meg kell felelnie a k\u00e9rd\u00e9seikre, vagy var\u00e1zssz\u00f6vegekkel kell tov\u00e1bbjutnia.<\/p>\n\n\n\n<h2 class=\"wp-block-heading\" style=\"font-size:21px\"><strong>2. \u00d6nazonoss\u00e1g \u00e9s megtisztul\u00e1s<\/strong><\/h2>\n\n\n\n<p style=\"font-size:18px\">A t\u00falvil\u00e1gi utaz\u00e1s sor\u00e1n Ani sokszor kijelenti: \u201e\u00c9n vagyok\u2026\u201d \u2013 \u00e9s ezt k\u00f6vet\u0151en egy istennel azonos\u00edtja mag\u00e1t (pl. R\u00e9, H\u00f3rusz, Thot). Ezek a mondatok nem csup\u00e1n v\u00e9dekez\u0151 var\u00e1zslatok, hanem az <strong>\u00f6nazonoss\u00e1g kiterjeszt\u00e9s\u00e9t<\/strong> jelentik: a haland\u00f3 l\u00e9lek felid\u00e9zi isteni eredet\u00e9t, \u00e9s igyekszik visszacsatlakozni ahhoz.<\/p>\n\n\n\n<h2 class=\"wp-block-heading\" style=\"font-size:21px\"><strong>3. A 42 tagad\u00e1s (Negat\u00edv gy\u00f3n\u00e1s)<\/strong><\/h2>\n\n\n\n<p style=\"font-size:18px\">Ez az egyik legfontosabb r\u00e9sz: Ani nem azt mondja, mit tett, hanem <strong>mit nem<\/strong>. Sorra veszi, hogy nem \u00f6lt, nem lopott, nem csalt, nem b\u00e1ntott m\u00e1sokat stb. Ez <strong>erk\u00f6lcsi \u00f6nvizsg\u00e1lat<\/strong> \u00e9s egyben m\u00e1gikus formula is: az isteni t\u00f6rv\u00e9nnyel val\u00f3 \u00f6sszhang kinyilv\u00e1n\u00edt\u00e1sa.<\/p>\n\n\n\n<h2 class=\"wp-block-heading\" style=\"font-size:21px\">4. <strong>A Sz\u00edv Megm\u00e9r\u00e9se \u2013 a legh\u00edresebb jelenet<\/strong><\/h2>\n\n\n\n<p style=\"font-size:18px\">Az egyik legismertebb k\u00e9p a pap\u00edruszon:<\/p>\n\n\n\n<ul class=\"wp-block-list\">\n<li style=\"font-size:18px\"><strong>Anubisz<\/strong> vezeti Anit az \u00edt\u00e9let terme el\u00e9.<\/li>\n\n\n\n<li style=\"font-size:18px\">A m\u00e9rlegen a <strong>sz\u00edv\u00e9t<\/strong> (az egyiptomiak szerint a tudat \u00e9s erk\u00f6lcsi szem\u00e9lyis\u00e9g k\u00f6zpontja) m\u00e9rik \u00f6ssze <strong>Ma\u2019at toll\u00e1val<\/strong>, az igazs\u00e1g jelk\u00e9p\u00e9vel.<\/li>\n\n\n\n<li style=\"font-size:18px\">Ha a sz\u00edv k\u00f6nnyebb vagy egyens\u00falyban van a tollal, Ani \u00e1tmehet.<\/li>\n\n\n\n<li style=\"font-size:18px\">Ha nem, akkor a <strong>sz\u00f6rnyeteg Ammit<\/strong> felfalja a lelk\u00e9t.<\/li>\n<\/ul>\n\n\n\n<p style=\"font-size:18px\">A jelenet v\u00e9g\u00e9n <strong>Thot<\/strong> \u00edrnokisten jegyzi fel az \u00edt\u00e9letet, m\u00edg <strong>H\u00f3rusz<\/strong> \u00e9s <strong>Ozirisz<\/strong> fogadja \u0151t a t\u00falvil\u00e1gban.<\/p>\n\n\n\n<p style=\"font-size:18px\">A legismertebb jelenet, ahol Anubisz m\u00e9rlegre helyezi Ani sz\u00edv\u00e9t, \u00e9s \u00f6sszehasonl\u00edtja Ma\u2019at, az igazs\u00e1g \u00e9s isteni rend toll\u00e1val. Ha a k\u00e9t \u00e9rt\u00e9k egyens\u00falyban van, Ani \u201e<strong>igazhang\u00fa<\/strong>\u201d lesz (ma\u2019a kheru) \u2013 vagyis ki\u00e9rdemli az \u00f6r\u00f6k \u00e9letet.<\/p>\n\n\n\n<h2 class=\"wp-block-heading\" style=\"font-size:21px\"><strong>5. A bejut\u00e1s az isteni birodalomba<\/strong><\/h2>\n\n\n\n<p style=\"font-size:18px\">Ani sikeresen teljes\u00edti a pr\u00f3b\u00e1kat, \u00e9s bel\u00e9p <strong>Ozirisz isteni k\u00f6r\u00e9be<\/strong>, ahol v\u00e9g\u00fcl <strong>istenk\u00e9nt \u00e9l tov\u00e1bb<\/strong> a t\u00falvil\u00e1gban. Ez a befejez\u00e9s nem egy passz\u00edv mennyorsz\u00e1g, hanem az <strong>isteni rend akt\u00edv, tudatos r\u00e9sz\u00e9v\u00e9 v\u00e1l\u00e1s<\/strong>.<\/p>\n\n\n\n<h2 class=\"wp-block-heading\" style=\"font-size:21px\">6. <strong>Im\u00e1k, var\u00e1zssz\u00f6vegek \u00e9s azonosul\u00e1sok<\/strong><\/h2>\n\n\n\n<ul class=\"wp-block-list\">\n<li style=\"font-size:18px\">Ani k\u00fcl\u00f6nf\u00e9le <strong>var\u00e1zsig\u00e9ket<\/strong> mond, hogy megv\u00e9dje mag\u00e1t d\u00e9monokt\u00f3l, kapu\u0151r\u00f6kt\u0151l.<\/li>\n\n\n\n<li style=\"font-size:18px\">Megjelennek a h\u00edres r\u00e9szek, pl. \u201e<strong>Nem k\u00f6vettem el b\u0171nt&#8230;<\/strong>\u201d \u2013 a <strong>Negat\u00edv Gy\u00f3n\u00e1s<\/strong> (42 tagad\u00e1s).<\/li>\n\n\n\n<li style=\"font-size:18px\">Sok sz\u00f6veg <strong>azonosul\u00e1si formula<\/strong>, melyben a l\u00e9lek kijelenti, hogy \u201e\u00e9n vagyok R\u00e9\u201d, vagy \u201e\u00e9n vagyok Ozirisz\u201d, vagyis <strong>isteni form\u00e1ba l\u00e9p \u00e1t<\/strong>.<\/li>\n<\/ul>\n<\/div>\n<\/div>\n\n\n\n<div class=\"wp-block-columns is-layout-flex wp-container-core-columns-is-layout-9d6595d7 wp-block-columns-is-layout-flex\">\n<div class=\"wp-block-column is-layout-flow wp-block-column-is-layout-flow\">\n<figure class=\"wp-block-image size-full\"><img loading=\"lazy\" decoding=\"async\" width=\"655\" height=\"354\" src=\"https:\/\/www.egyptforever.hu\/ildiko\/wp-content\/uploads\/2025\/07\/Ani_LDM_18-1.jpg\" alt=\"\" class=\"wp-image-15010\" srcset=\"https:\/\/www.egyptforever.hu\/ildiko\/wp-content\/uploads\/2025\/07\/Ani_LDM_18-1.jpg 655w, https:\/\/www.egyptforever.hu\/ildiko\/wp-content\/uploads\/2025\/07\/Ani_LDM_18-1-300x162.jpg 300w\" sizes=\"auto, (max-width: 655px) 100vw, 655px\" \/><\/figure>\n<\/div>\n\n\n\n<div class=\"wp-block-column is-layout-flow wp-block-column-is-layout-flow\">\n<figure class=\"wp-block-image size-full\"><img loading=\"lazy\" decoding=\"async\" width=\"585\" height=\"381\" src=\"https:\/\/www.egyptforever.hu\/ildiko\/wp-content\/uploads\/2025\/07\/Ani_LDM_151-2.jpg\" alt=\"\" class=\"wp-image-15011\" srcset=\"https:\/\/www.egyptforever.hu\/ildiko\/wp-content\/uploads\/2025\/07\/Ani_LDM_151-2.jpg 585w, https:\/\/www.egyptforever.hu\/ildiko\/wp-content\/uploads\/2025\/07\/Ani_LDM_151-2-300x195.jpg 300w\" sizes=\"auto, (max-width: 585px) 100vw, 585px\" \/><\/figure>\n<\/div>\n<\/div>\n\n\n\n<div class=\"wp-block-columns is-layout-flex wp-container-core-columns-is-layout-9d6595d7 wp-block-columns-is-layout-flex\">\n<div class=\"wp-block-column is-layout-flow wp-block-column-is-layout-flow\">\n<figure class=\"wp-block-image size-full\"><img loading=\"lazy\" decoding=\"async\" width=\"600\" height=\"900\" src=\"https:\/\/www.egyptforever.hu\/ildiko\/wp-content\/uploads\/2025\/07\/Nehebkau_-_Spell-87_-Book_of_the_Dead.jpg\" alt=\"\" class=\"wp-image-15016\" srcset=\"https:\/\/www.egyptforever.hu\/ildiko\/wp-content\/uploads\/2025\/07\/Nehebkau_-_Spell-87_-Book_of_the_Dead.jpg 600w, https:\/\/www.egyptforever.hu\/ildiko\/wp-content\/uploads\/2025\/07\/Nehebkau_-_Spell-87_-Book_of_the_Dead-200x300.jpg 200w\" sizes=\"auto, (max-width: 600px) 100vw, 600px\" \/><\/figure>\n<\/div>\n\n\n\n<div class=\"wp-block-column is-layout-flow wp-block-column-is-layout-flow\">\n<figure class=\"wp-block-image size-full\"><img loading=\"lazy\" decoding=\"async\" width=\"504\" height=\"599\" src=\"https:\/\/www.egyptforever.hu\/ildiko\/wp-content\/uploads\/2025\/07\/Horus.jpg\" alt=\"\" class=\"wp-image-15017\" srcset=\"https:\/\/www.egyptforever.hu\/ildiko\/wp-content\/uploads\/2025\/07\/Horus.jpg 504w, https:\/\/www.egyptforever.hu\/ildiko\/wp-content\/uploads\/2025\/07\/Horus-252x300.jpg 252w\" sizes=\"auto, (max-width: 504px) 100vw, 504px\" \/><\/figure>\n<\/div>\n\n\n\n<div class=\"wp-block-column is-layout-flow wp-block-column-is-layout-flow\">\n<figure class=\"wp-block-image size-full\"><img loading=\"lazy\" decoding=\"async\" width=\"592\" height=\"695\" src=\"https:\/\/www.egyptforever.hu\/ildiko\/wp-content\/uploads\/2025\/07\/Papyrus_Ani_curs_hiero.jpg\" alt=\"\" class=\"wp-image-15018\" srcset=\"https:\/\/www.egyptforever.hu\/ildiko\/wp-content\/uploads\/2025\/07\/Papyrus_Ani_curs_hiero.jpg 592w, https:\/\/www.egyptforever.hu\/ildiko\/wp-content\/uploads\/2025\/07\/Papyrus_Ani_curs_hiero-256x300.jpg 256w\" sizes=\"auto, (max-width: 592px) 100vw, 592px\" \/><\/figure>\n<\/div>\n<\/div>\n\n\n\n<h2 class=\"wp-block-heading\" style=\"font-size:23px\"><strong>K\u00e9pvil\u00e1g \u00e9s m\u0171v\u00e9szi jelent\u0151s\u00e9g<\/strong><\/h2>\n\n\n\n<p style=\"font-size:18px\">A pap\u00edrusz nemcsak sz\u00f6vegileg, de <strong>ikonogr\u00e1fiailag is kincs<\/strong>:<\/p>\n\n\n\n<ul class=\"wp-block-list\">\n<li style=\"font-size:18px\">A jelenetek r\u00e9szletgazdagok, sz\u00ednesek, szimbolikusan er\u0151teljesek.<\/li>\n\n\n\n<li style=\"font-size:18px\">A szerepl\u0151k m\u00e9rete, ar\u00e1nya, testtart\u00e1sa sokat el\u00e1rul a t\u00falvil\u00e1gi hierarchi\u00e1r\u00f3l.<\/li>\n\n\n\n<li style=\"font-size:18px\">K\u00fcl\u00f6n \u00e9rdekess\u00e9g, hogy <strong>Ani \u00e9s feles\u00e9ge, Tutu<\/strong> t\u00f6bbsz\u00f6r is egy\u00fctt szerepelnek, jelezve, hogy a t\u00falvil\u00e1gi \u00e9let is k\u00f6z\u00f6s lehet, ha harm\u00f3ni\u00e1ban \u00e9ltek.<\/li>\n<\/ul>\n\n\n\n<p><\/p>\n\n\n\n<h2 class=\"wp-block-heading\" style=\"font-size:23px\"><strong>Mi a spiritu\u00e1lis jelent\u0151s\u00e9ge Ani pap\u00edrusz\u00e1nak?<\/strong><\/h2>\n\n\n\n<p style=\"font-size:18px\">A pap\u00edrusz nem csak temetkez\u00e9si kell\u00e9k \u2013 hanem <strong>beavat\u00e1si \u00fat<\/strong>, egyfajta <strong>spiritu\u00e1lis t\u00e9rk\u00e9p<\/strong> is:<\/p>\n\n\n\n<ul class=\"wp-block-list\">\n<li style=\"font-size:18px\">Megmutatja, hogyan \u00e9lhet \u00fagy az ember, hogy hal\u00e1la ut\u00e1n ne semmis\u00fclj\u00f6n meg.<\/li>\n\n\n\n<li style=\"font-size:18px\">A sz\u00f6vegek c\u00e9lja nem \u201evar\u00e1zslat\u201d a mai \u00e9rtelemben, hanem <strong>bels\u0151 tudatoss\u00e1g \u00e9s isteni identit\u00e1s aktiv\u00e1l\u00e1sa<\/strong>.<\/li>\n\n\n\n<li style=\"font-size:18px\">A Halottak K\u00f6nyve eg\u00e9sz\u00e9ben azt a c\u00e9lt szolg\u00e1lja, hogy a l\u00e9lek \u201e<strong>igazz\u00e1 v\u00e1ljon<\/strong>\u201d (ma\u2019a kheru), azaz az isteni renddel \u00f6sszhangban \u00e9l\u0151, halhatatlans\u00e1gra m\u00e9lt\u00f3 l\u00e9nny\u00e9 v\u00e1ljon.<\/li>\n<\/ul>\n\n\n\n<p style=\"font-size:18px\"><strong>1. A hal\u00e1l mint beavat\u00e1s<\/strong><\/p>\n\n\n\n<p style=\"font-size:18px\">Az egyiptomiak nem tekintett\u00e9k a hal\u00e1lt v\u00e9gpontnak \u2013 ink\u00e1bb egy <strong>\u00e1talakul\u00e1s, egy tudati k\u00fcsz\u00f6b<\/strong>, amelyen az ember akkor kelhet \u00e1t sikeresen, ha \u00e9let\u00e9ben felk\u00e9sz\u00fclt r\u00e1. A pap\u00edrusz sz\u00f6vegei val\u00f3j\u00e1ban <strong>\u00e9letbeli felk\u00e9sz\u00fcl\u00e9sre szolg\u00e1ltak<\/strong>, nem csak halotti haszn\u00e1latra.<\/p>\n\n\n\n<p style=\"font-size:18px\"><strong>&nbsp;2. A tudat \u00fatja<\/strong><\/p>\n\n\n\n<p style=\"font-size:18px\">A Halottak K\u00f6nyve szimbolikus t\u00e9rk\u00e9pk\u00e9nt is \u00e9rtelmezhet\u0151, ahol a l\u00e9lek (ba), a tudat, az \u201e\u00e9n\u201d k\u00fcl\u00f6nf\u00e9le alakzatokon, pr\u00f3b\u00e1kon, \u00f6nismereti st\u00e1ci\u00f3kon megy kereszt\u00fcl. Minden pr\u00f3ba egy bels\u0151 k\u00e9rd\u00e9st jelent:<br>&#8211; \u201eKi vagyok?\u201d<br>&#8211; \u201eMilyen az \u00e9n \u00e9s az igazs\u00e1g kapcsolata?\u201d<br>&#8211; \u201eFelismerem-e az isteni mint\u00e1t \u00f6nmagamban \u00e9s a vil\u00e1gban?\u201d<\/p>\n\n\n\n<p style=\"font-size:18px\"><strong>&nbsp;3. Az isteni renddel val\u00f3 \u00f6sszhang<\/strong><\/p>\n\n\n\n<p style=\"font-size:18px\">Ma\u2019at \u2013 az isteni rend, igazs\u00e1g, egyens\u00faly \u2013 nem k\u00edv\u00fclr\u0151l val\u00f3 t\u00f6rv\u00e9ny, hanem <strong>bels\u0151 min\u0151s\u00e9g<\/strong>. Ani akkor v\u00e1lik \u201eigazhang\u00fav\u00e1\u201d (ma\u2019a kheru), ha sz\u00edve egyens\u00falyban van Ma\u2019at toll\u00e1val. Ez egy <strong>bels\u0151 harm\u00f3nia m\u00e9rc\u00e9je<\/strong>. Ez a tan\u00edt\u00e1s ma is \u00e9rv\u00e9nyes: a spiritu\u00e1lis fejl\u0151d\u00e9s c\u00e9lja az, hogy a cselekedeteink, \u00e9rz\u00e9seink, sz\u00e1nd\u00e9kaink \u00e9s gondolataink <strong>\u00f6sszhangba ker\u00fcljenek<\/strong> a vil\u00e1gegyetem rendj\u00e9vel.<\/p>\n\n\n\n<p style=\"font-size:18px\"><strong>&nbsp;4. A szavak teremt\u0151 ereje<\/strong><\/p>\n\n\n\n<p style=\"font-size:18px\">A pap\u00edrusz var\u00e1zssz\u00f6vegei nem csak \u201emond\u00f3k\u00e1k\u201d, hanem <strong>tudati aktusok<\/strong>: kimondani valamit egyen\u00e9rt\u00e9k\u0171 a l\u00e9trehoz\u00e1s\u00e1val. Az igazi v\u00e9delem nem abb\u00f3l fakad, hogy valaki elmond egy sz\u00f6veget, hanem abb\u00f3l, hogy <strong>azonosul a kimondott igazs\u00e1ggal<\/strong>.<\/p>\n\n\n\n<p style=\"font-size:18px\"><strong>&nbsp;5. Az ember mint isteni l\u00e9ny<\/strong> <\/p>\n\n\n\n<p style=\"font-size:18px\">A t\u00falvil\u00e1gra val\u00f3 bel\u00e9p\u00e9s felt\u00e9tele nem az, hogy az ember \u201ekicsi, gyarl\u00f3, b\u0171n\u00f6s haland\u00f3\u201d, hanem \u00e9ppen az ellenkez\u0151je: hogy <strong>felismeri isteni eredet\u00e9t<\/strong>, \u00e9s visszakapcsol\u00f3dik az isteni rendhez. Ez m\u00e9lyen spiritu\u00e1lis tan\u00edt\u00e1s: <strong>nem puszt\u00e1n az istenekre kell v\u00e1rni, hanem az isteniv\u00e9 v\u00e1l\u00e1sra kell k\u00e9sz\u00fclni<\/strong>.<\/p>\n\n\n\n<div class=\"wp-block-columns is-layout-flex wp-container-core-columns-is-layout-9d6595d7 wp-block-columns-is-layout-flex\">\n<div class=\"wp-block-column is-layout-flow wp-block-column-is-layout-flow\">\n<div class=\"wp-block-columns is-layout-flex wp-container-core-columns-is-layout-9d6595d7 wp-block-columns-is-layout-flex\">\n<div class=\"wp-block-column is-layout-flow wp-block-column-is-layout-flow\">\n<figure class=\"wp-block-image size-large\"><img loading=\"lazy\" decoding=\"async\" width=\"766\" height=\"1024\" src=\"https:\/\/www.egyptforever.hu\/ildiko\/wp-content\/uploads\/2025\/07\/BD_Ani_and_Tutu-766x1024.jpg\" alt=\"\" class=\"wp-image-15025\" srcset=\"https:\/\/www.egyptforever.hu\/ildiko\/wp-content\/uploads\/2025\/07\/BD_Ani_and_Tutu-766x1024.jpg 766w, https:\/\/www.egyptforever.hu\/ildiko\/wp-content\/uploads\/2025\/07\/BD_Ani_and_Tutu-224x300.jpg 224w, https:\/\/www.egyptforever.hu\/ildiko\/wp-content\/uploads\/2025\/07\/BD_Ani_and_Tutu-768x1027.jpg 768w, https:\/\/www.egyptforever.hu\/ildiko\/wp-content\/uploads\/2025\/07\/BD_Ani_and_Tutu-1149x1536.jpg 1149w, https:\/\/www.egyptforever.hu\/ildiko\/wp-content\/uploads\/2025\/07\/BD_Ani_and_Tutu-1532x2048.jpg 1532w, https:\/\/www.egyptforever.hu\/ildiko\/wp-content\/uploads\/2025\/07\/BD_Ani_and_Tutu.jpg 1675w\" sizes=\"auto, (max-width: 766px) 100vw, 766px\" \/><\/figure>\n<\/div>\n\n\n\n<div class=\"wp-block-column is-layout-flow wp-block-column-is-layout-flow\">\n<figure class=\"wp-block-image size-large\"><img loading=\"lazy\" decoding=\"async\" width=\"715\" height=\"1024\" src=\"https:\/\/www.egyptforever.hu\/ildiko\/wp-content\/uploads\/2025\/07\/BD_Ankh_Djed_and_Sun-715x1024.jpg\" alt=\"\" class=\"wp-image-15022\" srcset=\"https:\/\/www.egyptforever.hu\/ildiko\/wp-content\/uploads\/2025\/07\/BD_Ankh_Djed_and_Sun-715x1024.jpg 715w, https:\/\/www.egyptforever.hu\/ildiko\/wp-content\/uploads\/2025\/07\/BD_Ankh_Djed_and_Sun-209x300.jpg 209w, https:\/\/www.egyptforever.hu\/ildiko\/wp-content\/uploads\/2025\/07\/BD_Ankh_Djed_and_Sun-768x1100.jpg 768w, https:\/\/www.egyptforever.hu\/ildiko\/wp-content\/uploads\/2025\/07\/BD_Ankh_Djed_and_Sun-1072x1536.jpg 1072w, https:\/\/www.egyptforever.hu\/ildiko\/wp-content\/uploads\/2025\/07\/BD_Ankh_Djed_and_Sun.jpg 1338w\" sizes=\"auto, (max-width: 715px) 100vw, 715px\" \/><\/figure>\n<\/div>\n\n\n\n<div class=\"wp-block-column is-layout-flow wp-block-column-is-layout-flow\">\n<figure class=\"wp-block-image size-full\"><img loading=\"lazy\" decoding=\"async\" width=\"1200\" height=\"2055\" src=\"https:\/\/www.egyptforever.hu\/ildiko\/wp-content\/uploads\/2025\/07\/BD_Hathor_Mistress_of_the_West.jpg\" alt=\"\" class=\"wp-image-15021\" srcset=\"https:\/\/www.egyptforever.hu\/ildiko\/wp-content\/uploads\/2025\/07\/BD_Hathor_Mistress_of_the_West.jpg 1200w, https:\/\/www.egyptforever.hu\/ildiko\/wp-content\/uploads\/2025\/07\/BD_Hathor_Mistress_of_the_West-175x300.jpg 175w, https:\/\/www.egyptforever.hu\/ildiko\/wp-content\/uploads\/2025\/07\/BD_Hathor_Mistress_of_the_West-598x1024.jpg 598w, https:\/\/www.egyptforever.hu\/ildiko\/wp-content\/uploads\/2025\/07\/BD_Hathor_Mistress_of_the_West-768x1315.jpg 768w, https:\/\/www.egyptforever.hu\/ildiko\/wp-content\/uploads\/2025\/07\/BD_Hathor_Mistress_of_the_West-897x1536.jpg 897w, https:\/\/www.egyptforever.hu\/ildiko\/wp-content\/uploads\/2025\/07\/BD_Hathor_Mistress_of_the_West-1196x2048.jpg 1196w\" sizes=\"auto, (max-width: 1200px) 100vw, 1200px\" \/><\/figure>\n<\/div>\n<\/div>\n<\/div>\n<\/div>\n\n\n\n<p><\/p>\n\n\n\n<h2 class=\"wp-block-heading\" style=\"font-size:23px\">Hol lehet megn\u00e9zni?<\/h2>\n\n\n\n<ul class=\"wp-block-list\">\n<li style=\"font-size:18px\">A British Museum digitaliz\u00e1lta a teljes pap\u00edruszt, \u00e9s online is el\u00e9rhet\u0151 (sz\u00f6veggel, k\u00e9pekkel).<\/li>\n\n\n\n<li style=\"font-size:18px\">T\u00f6bb magyar \u00e9s angol kiad\u00e1s is megjelent, r\u00e9szletes ford\u00edt\u00e1sokkal.<\/li>\n\n\n\n<li style=\"font-size:18px\">A legjobb magyar nyelv\u0171 \u00f6sszefoglal\u00f3t <strong>K\u00e1kossy L\u00e1szl\u00f3<\/strong> \u00e9s <strong>S\u00e1rosi B\u00e1lint<\/strong> k\u00f6nyveiben tal\u00e1lod.<\/li>\n<\/ul>\n\n\n\n<p style=\"font-size:18px\">Az <strong>Ani pap\u00edrusz<\/strong> egy k\u00fcl\u00f6nleges, szem\u00e9lyre szabott p\u00e9ld\u00e1nya az <em>Egyiptomi Halottak K\u00f6nyv\u00e9nek<\/em>, melynek c\u00e9lja nem puszt\u00e1n a hal\u00e1l ut\u00e1ni v\u00e9delem biztos\u00edt\u00e1sa, hanem egy <strong>spiritu\u00e1lis \u00fatmutat\u00f3<\/strong>, amely v\u00e9gigk\u00eds\u00e9ri a lelket a t\u00falvil\u00e1g pr\u00f3bat\u00e9telein kereszt\u00fcl az isteni rendbe val\u00f3 visszat\u00e9r\u00e9sig. Az al\u00e1bbiakban el\u0151sz\u00f6r tartalmilag, azt\u00e1n spiritu\u00e1lis szempontb\u00f3l elemzem a pap\u00edruszt.<\/p>\n\n\n\n<div class=\"wp-block-columns is-layout-flex wp-container-core-columns-is-layout-9d6595d7 wp-block-columns-is-layout-flex\">\n<div class=\"wp-block-column is-layout-flow wp-block-column-is-layout-flow\"><div class=\"wp-block-image\">\n<figure class=\"aligncenter size-large is-resized\"><img loading=\"lazy\" decoding=\"async\" width=\"1024\" height=\"193\" src=\"https:\/\/www.egyptforever.hu\/ildiko\/wp-content\/uploads\/2025\/07\/BD_Funeral-1-1024x193.jpg\" alt=\"\" class=\"wp-image-15026\" style=\"width:1200px;height:auto\" srcset=\"https:\/\/www.egyptforever.hu\/ildiko\/wp-content\/uploads\/2025\/07\/BD_Funeral-1-1024x193.jpg 1024w, https:\/\/www.egyptforever.hu\/ildiko\/wp-content\/uploads\/2025\/07\/BD_Funeral-1-300x56.jpg 300w, https:\/\/www.egyptforever.hu\/ildiko\/wp-content\/uploads\/2025\/07\/BD_Funeral-1-768x145.jpg 768w, https:\/\/www.egyptforever.hu\/ildiko\/wp-content\/uploads\/2025\/07\/BD_Funeral-1-1536x289.jpg 1536w, https:\/\/www.egyptforever.hu\/ildiko\/wp-content\/uploads\/2025\/07\/BD_Funeral-1-2048x386.jpg 2048w\" sizes=\"auto, (max-width: 1024px) 100vw, 1024px\" \/><\/figure>\n<\/div><\/div>\n<\/div>\n\n\n\n<p><\/p>\n\n\n\n<h2 class=\"wp-block-heading\" style=\"font-size:23px\"><strong>Mi\u00e9rt fontos ma Ani pap\u00edrusza?<\/strong><\/h2>\n\n\n\n<ul class=\"wp-block-list\">\n<li style=\"font-size:18px\">Mert <strong>nem a hal\u00e1lr\u00f3l sz\u00f3l<\/strong>, hanem az <strong>\u00e9letr\u0151l, mint beavat\u00e1si \u00fatr\u00f3l<\/strong>.<\/li>\n\n\n\n<li style=\"font-size:18px\">Mert a modern ember sz\u00e1m\u00e1ra is alapvet\u0151 k\u00e9rd\u00e9seket tesz fel: Milyen az \u00e9n igazs\u00e1gom? Hogyan \u00e9lek? Ki vagyok val\u00f3j\u00e1ban?<\/li>\n\n\n\n<li style=\"font-size:18px\">Mert megmutatja, hogy <strong>a spiritualit\u00e1s nem elmenek\u00fcl\u00e9s<\/strong>, hanem \u00f6nismeret, felel\u0151ss\u00e9g, \u00e9s az isteni rendhez val\u00f3 tudatos kapcsol\u00f3d\u00e1s.<\/li>\n\n\n\n<li style=\"font-size:18px\">Mert tan\u00edt: \u00e9lni tudni annyit jelent, mint <strong>m\u00e9lt\u00f3n meghalni \u2013 \u00e9s \u00fajj\u00e1sz\u00fcletni<\/strong>.<\/li>\n<\/ul>\n\n\n\n<p style=\"font-size:18px\"><em>Ani pap\u00edrusza nem a m\u00fazeumi vitrinekbe z\u00e1rt halotti kell\u00e9k<\/em>, hanem egy <strong>id\u0151tlen spiritu\u00e1lis \u00fatmutat\u00f3<\/strong>, amely a mai ember sz\u00e1m\u00e1ra is \u00e9rv\u00e9nyes tan\u00edt\u00e1st hordoz. A \u201eHalottak K\u00f6nyve\u201d (P\u00e9ldabesz\u00e9dek a napvil\u00e1gra jut\u00e1sr\u00f3l) Ani pap\u00edrusz\u00e1ban nem a hal\u00e1lr\u00f3l sz\u00f3l \u2013 hanem <strong>az \u00e9letr\u0151l<\/strong>. Az <strong>\u00e9let tudatos v\u00e9gigj\u00e1r\u00e1s\u00e1r\u00f3l<\/strong>, ahol a c\u00e9l nem m\u00e1s, mint <em>\u00f6sszhangba ker\u00fclni az isteni renddel \u2013 Ma&#8217;\u00e1ttal<\/em>.<\/p>\n\n\n\n<p><\/p>\n\n\n\n<p><\/p>\n\n\n\n<p style=\"font-size:18px\">N\u00e9zz\u00fck v\u00e9gig, hogyan tan\u00edt ez a pap\u00edrusz <strong>a modern kor ember\u00e9nek<\/strong>, \u00e9s hogyan lehet <strong>fejl\u0151dni \u00e1ltala \u2013 nem vall\u00e1si, hanem m\u00e9ly, bels\u0151 \u00fatk\u00e9nt<\/strong>.<\/p>\n\n\n\n<p><\/p>\n\n\n\n<h2 class=\"wp-block-heading\" style=\"font-size:23px\"><strong>1. A sz\u00edv megm\u00e9r\u00e9se \u2013 a bels\u0151 egyens\u00faly keres\u00e9se<\/strong><\/h2>\n\n\n\n<blockquote class=\"wp-block-quote is-layout-flow wp-block-quote-is-layout-flow\">\n<p style=\"font-size:18px\"><em>\u201eA sz\u00edvedet m\u00e9rik meg, nem a karrieredet.\u201d<\/em><\/p>\n<\/blockquote>\n\n\n\n<p style=\"font-size:18px\">Az egyik legismertebb jelenet a sz\u00edv megm\u00e9r\u00e9se. Ez nem puszt\u00e1n \u00edt\u00e9let \u2013 <strong>t\u00fck\u00f6r<\/strong>. <\/p>\n\n\n\n<p style=\"font-size:18px\">A k\u00e9rd\u00e9s:<br>&#8211; <em>Mennyire van a sz\u00edvem \u00f6sszhangban az igazs\u00e1ggal?<\/em><br>&#8211; <em>Elf\u00e9r benne harag, f\u00e9lelem, \u00e1rt\u00e1s, b\u0171ntudat, \u00f6ncsal\u00e1s?<\/em><\/p>\n\n\n\n<p style=\"font-size:18px\">A tan\u00edt\u00e1s: a bels\u0151 fejl\u0151d\u00e9s nem abban \u00e1ll, hogy \u201ej\u00f3k vagyunk\u201d \u2013 hanem hogy <strong>val\u00f3diak vagyunk<\/strong>. A \u201ek\u00f6nny\u0171 sz\u00edv\u0171\u201d az az ember, aki <strong>nem cipel f\u00f6l\u00f6sleges terheket, nem harcol az igazs\u00e1g ellen<\/strong>, \u00e9s nem rejt\u0151zik el \u00f6nmaga el\u0151l. A sz\u00edv\u00fcnk k\u00f6nnyebb\u00e9 tehet\u0151 \u2013 tudatoss\u00e1ggal, megbocs\u00e1t\u00e1ssal, bels\u0151 rendrak\u00e1ssal, igazmond\u00e1ssal, igaz cselekedetekkel.<\/p>\n\n\n\n<p style=\"font-size:18px\"><em>Fejl\u0151d\u00e9si k\u00e9rd\u00e9s:<\/em><br>\u2013 Mit hordozol a sz\u00edvedben, ami m\u00e1r nem a ti\u00e9d?<br>\u2013 Milyen igazs\u00e1got nem mersz kimondani magadnak?<\/p>\n\n\n\n<hr class=\"wp-block-separator has-alpha-channel-opacity\"\/>\n\n\n\n<h2 class=\"wp-block-heading\" style=\"font-size:21px\"><strong>2. A 42 tagad\u00e1s \u2013 nem erk\u00f6lcsi szab\u00e1lyzat, hanem t\u00fck\u00f6rgyakorlat<\/strong><\/h2>\n\n\n\n<blockquote class=\"wp-block-quote is-layout-flow wp-block-quote-is-layout-flow\">\n<p style=\"font-size:18px\"><em>\u201e&#8230;Nem \u00f6ltem\u2026 Nem hazudtam\u2026 Nem voltam k\u00f6z\u00f6mb\u00f6s\u2026 stb.\u201d<\/em><\/p>\n<\/blockquote>\n\n\n\n<p style=\"font-size:18px\">Ez a r\u00e9sz nem azt v\u00e1rja el, hogy \u201eszentek\u201d legy\u00fcnk, hanem azt, hogy <strong>tudatos\u00edtsuk magunkban azt, hogyan \u00e9l\u00fcnk<\/strong>.<\/p>\n\n\n\n<p style=\"font-size:18px\">A 42 tagad\u00e1s egy bels\u0151 vizsg\u00e1lat:<br>&#8211; Milyen kapcsolatban vagyok a vil\u00e1g t\u00f6bbi r\u00e9sz\u00e9vel?<br>&#8211; Milyen hat\u00e1ssal vagyok a k\u00f6rnyezetemre?<br>&#8211; Mennyire vagyok <em>Ma\u2019at<\/em> eszk\u00f6ze, vagy \u00e9pp ellenfele?<\/p>\n\n\n\n<p style=\"font-size:18px\">Ez nem \u00f6nv\u00e1d, hanem <strong>felismer\u00e9s<\/strong>. Nem b\u0171ntudat, hanem <strong>felel\u0151ss\u00e9g<\/strong>.<\/p>\n\n\n\n<p style=\"font-size:18px\"><em>Fejl\u0151d\u00e9si k\u00e9rd\u00e9s:<\/em><br>\u2013 Miben nem vagy \u00f6nazonos?<br>\u2013 Hogyan viselkedsz m\u00e1sokkal felf\u0151k\u00e9pp akkor, amikor senki sem figyel?<\/p>\n\n\n\n<hr class=\"wp-block-separator has-alpha-channel-opacity\"\/>\n\n\n\n<h2 class=\"wp-block-heading\" style=\"font-size:21px\"><strong>3. Az isteni \u00f6nazonoss\u00e1g \u2013 \u201e\u00c9n vagyok R\u00e9, \u00e9n vagyok Ozirisz\u2026\u201d<\/strong><\/h2>\n\n\n\n<blockquote class=\"wp-block-quote is-layout-flow wp-block-quote-is-layout-flow\">\n<p style=\"font-size:18px\">Ez nem ego, hanem eml\u00e9kez\u00e9s.<br>Az ember nem csak por \u00e9s hamu \u2013 hanem az isteni f\u00e9ny hordoz\u00f3ja.<\/p>\n<\/blockquote>\n\n\n\n<p style=\"font-size:18px\">Ani \u00fajra \u00e9s \u00fajra kijelenti: <em>\u201e\u00c9n vagyok&#8230;\u201d<\/em> \u2013 \u00e9s egy istennel azonos\u00edtja mag\u00e1t. Ez a spiritu\u00e1lis gyakorlat <strong>az isteni jelenl\u00e9t tudatos\u00edt\u00e1sa \u00f6nmagunkban<\/strong>. A modern ember sz\u00e1m\u00e1ra ez azt jelenti:<br>\u2013 Nem k\u00edv\u00fcl keresem az er\u0151t, a b\u00e9k\u00e9t, az igazs\u00e1got&#8230;.<br>\u2013 &#8230;<strong>Hanem felismerem, hogy az bennem is ott van.<\/strong><\/p>\n\n\n\n<p style=\"font-size:18px\">Ez m\u00e9ly, bels\u0151 \u00f6nnevel\u00e9s: a k\u00e9rd\u00e9s nem az, hogy \u201ehiszek-e\u201d az istenekben, hanem hogy <strong>k\u00e9pes vagyok-e tudatos\u00edtani a bennem \u00e9l\u0151 isteni min\u0151s\u00e9get.<\/strong><\/p>\n\n\n\n<p style=\"font-size:18px\"><em>Fejl\u0151d\u00e9si k\u00e9rd\u00e9s:<\/em><br>\u2013 Milyen isteni er\u0151 van jelen benned, amit nem \u00e9lsz meg?<br>\u2013 Milyen form\u00e1ban tudsz vil\u00e1goss\u00e1gg\u00e1 v\u00e1lni m\u00e1sok sz\u00e1m\u00e1ra?<\/p>\n\n\n\n<hr class=\"wp-block-separator has-alpha-channel-opacity\"\/>\n\n\n\n<h2 class=\"wp-block-heading\" style=\"font-size:21px\"><strong>4. A renddel val\u00f3 \u00f6sszhang \u2013 Ma\u2019at, mint \u00e9letelv<\/strong><\/h2>\n\n\n\n<p style=\"font-size:18px\">Ma\u2019at nem t\u00f6rv\u00e9nyk\u00f6nyv, hanem <strong>\u00e9let\u00e1llapot<\/strong>. A Ma&#8217;at elve szerint \u00e9lni nem m\u00e1s, mint az igaz, harm\u00f3nikus \u00e9let \u00e9lni. \u00d6sszhangban az univerzummal \u00e9p\u00fagy, mint \u00f6sszhangban \u00f6nmagunkkal.<\/p>\n\n\n\n<p style=\"font-size:18px\">Ma\u2019at az az alap\u00e1ll\u00e1s, amikor<br>\u2013 nem akarsz t\u00f6bbet, mint ami a ti\u00e9d,<br>\u2013 nem akarsz kevesebbet, mint ami lehetsz,<br>\u2013 nem v\u00e1lasztod el magad a vil\u00e1gt\u00f3l,<br>\u2013 de nem is old\u00f3dsz fel benne teljesen.<\/p>\n\n\n\n<p style=\"font-size:18px\">Ma\u2019at azt tan\u00edtja: <em>\u201eNe rendezd be magadnak a vil\u00e1got \u2013 hanem <strong>rendezd be magad a vil\u00e1gnak.<\/strong>\u201d<\/em><\/p>\n\n\n\n<p style=\"font-size:18px\">Ez a szeml\u00e9let ma is \u00e9rv\u00e9nyes. Egy vil\u00e1gban, ahol gyakori az \u00f6nz\u00e9s, az \u00f6nim\u00e1dat, a hamiss\u00e1g, a kontroll, a k\u00e1osz, a ki\u00e9g\u00e9s \u2013 <strong>a Ma\u2019at-alap\u00fa \u00e9let gy\u00f3gy\u00edt\u00f3 ellenszer: egyens\u00faly, hiteless\u00e9g, m\u00e9lt\u00e1nyoss\u00e1g, tiszt\u00e1nl\u00e1t\u00e1s.<\/strong><\/p>\n\n\n\n<p style=\"font-size:18px\"><em>Fejl\u0151d\u00e9si k\u00e9rd\u00e9s:<\/em><br>\u2013 Mi nem \u00e1ll egyens\u00falyban az \u00e9letedben?<br>\u2013 Milyen rend szerint \u00e9lsz? \u2013 \u00c9s az val\u00f3di-e?<\/p>\n\n\n\n<hr class=\"wp-block-separator has-alpha-channel-opacity\"\/>\n\n\n\n<h2 class=\"wp-block-heading\" style=\"font-size:21px\"><strong>5. A d\u00e9monok nem k\u00edv\u00fcl vannak \u2013 hanem bel\u00fcl<\/strong><\/h2>\n\n\n\n<p style=\"font-size:18px\">A pap\u00edruszban szerepl\u0151 d\u00e9monok, kapu\u0151r\u00f6k, akad\u00e1lyok \u2013 nem horrorisztikus r\u00e9mek, hanem <strong>bels\u0151 akad\u00e1lyok<\/strong>: <strong>f\u00e9lelmek, hazugs\u00e1gok, hiedelmek, elfojt\u00e1sok.<\/strong> Amikor Ani megsz\u00f3l\u00edtja \u0151ket, a neveiken, hatalmaikon kereszt\u00fcl <strong>tudatos\u00edtja, hogy uralja \u0151ket<\/strong>.<\/p>\n\n\n\n<p style=\"font-size:18px\">A tan\u00edt\u00e1s:<br>\u2013 Aki nev\u00e9n tudja nevezni a saj\u00e1t d\u00e9monait, az nem rabja t\u00f6bb\u00e9.<br>\u2013 Aki a tudattalanj\u00e1ba lemer\u00e9szkedik, <em>az v\u00e1lik teljess\u00e9.<\/em><\/p>\n\n\n\n<p style=\"font-size:18px\"><em>Fejl\u0151d\u00e9si k\u00e9rd\u00e9s:<\/em><br>\u2013 Melyik bels\u0151 \u201e\u0151r\u201d tart vissza att\u00f3l, hogy bel\u00e9pj a saj\u00e1t templomodba?<br>\u2013 Milyen bels\u0151 nevet nem mersz kimondani?<\/p>\n\n\n\n<hr class=\"wp-block-separator has-alpha-channel-opacity\"\/>\n\n\n\n<h2 class=\"wp-block-heading\" style=\"font-size:21px\"><strong>6. A hal\u00e1l nem a v\u00e9g, hanem visszat\u00e9r\u00e9s \u2013 eml\u00e9kez\u00e9s az istenire<\/strong><\/h2>\n\n\n\n<p style=\"font-size:18px\">A t\u00falvil\u00e1g nem \u201em\u00e1sik hely\u201d, hanem <strong>egy m\u00e1sik tudat\u00e1llapot<\/strong>. Ani pap\u00edrusza arra tan\u00edt, hogy <strong>a val\u00f3di hal\u00e1l nem a test\u00e9 \u2013 hanem az, ha elfelejtj\u00fck isteni eredet\u00fcnket<\/strong>. Az \u00fat nem a menek\u00fcl\u00e9s\u00e9, hanem a visszaemelked\u00e9s\u00e9. A c\u00e9l nem az \u201e\u00f6r\u00f6k nyugalom\u201d, hanem <strong>a tudatos r\u00e9szv\u00e9tel a rend vil\u00e1g\u00e1ban<\/strong> \u2013 <strong>az isteni jelenl\u00e9t hordoz\u00f3jak\u00e9nt.<\/strong><\/p>\n\n\n\n<p style=\"font-size:18px\"><em>Fejl\u0151d\u00e9si k\u00e9rd\u00e9s:<\/em><br>\u2013 Milyen r\u00e9szeddel vagy m\u00e9g \u201ehalott\u201d?<br>\u2013 Milyen form\u00e1ban t\u00e9rhetn\u00e9l vissza az isteni eml\u00e9kezetbe?<\/p>\n\n\n\n<div class=\"wp-block-columns is-layout-flex wp-container-core-columns-is-layout-9d6595d7 wp-block-columns-is-layout-flex\">\n<div class=\"wp-block-column is-layout-flow wp-block-column-is-layout-flow\">\n<figure class=\"wp-block-image size-large\"><img loading=\"lazy\" decoding=\"async\" width=\"1024\" height=\"722\" src=\"https:\/\/www.egyptforever.hu\/ildiko\/wp-content\/uploads\/2025\/07\/British_Museum_2024-10-03zzv-1024x722.jpg\" alt=\"\" class=\"wp-image-15015\" srcset=\"https:\/\/www.egyptforever.hu\/ildiko\/wp-content\/uploads\/2025\/07\/British_Museum_2024-10-03zzv-1024x722.jpg 1024w, https:\/\/www.egyptforever.hu\/ildiko\/wp-content\/uploads\/2025\/07\/British_Museum_2024-10-03zzv-300x211.jpg 300w, https:\/\/www.egyptforever.hu\/ildiko\/wp-content\/uploads\/2025\/07\/British_Museum_2024-10-03zzv-768x541.jpg 768w, https:\/\/www.egyptforever.hu\/ildiko\/wp-content\/uploads\/2025\/07\/British_Museum_2024-10-03zzv-1536x1082.jpg 1536w, https:\/\/www.egyptforever.hu\/ildiko\/wp-content\/uploads\/2025\/07\/British_Museum_2024-10-03zzv-2048x1443.jpg 2048w\" sizes=\"auto, (max-width: 1024px) 100vw, 1024px\" \/><\/figure>\n<\/div>\n\n\n\n<div class=\"wp-block-column is-layout-flow wp-block-column-is-layout-flow\">\n<figure class=\"wp-block-image size-full\"><img loading=\"lazy\" decoding=\"async\" width=\"689\" height=\"464\" src=\"https:\/\/www.egyptforever.hu\/ildiko\/wp-content\/uploads\/2025\/07\/BD_Mummy_and_Ba.jpg\" alt=\"\" class=\"wp-image-15014\" srcset=\"https:\/\/www.egyptforever.hu\/ildiko\/wp-content\/uploads\/2025\/07\/BD_Mummy_and_Ba.jpg 689w, https:\/\/www.egyptforever.hu\/ildiko\/wp-content\/uploads\/2025\/07\/BD_Mummy_and_Ba-300x202.jpg 300w\" sizes=\"auto, (max-width: 689px) 100vw, 689px\" \/><\/figure>\n<\/div>\n<\/div>\n\n\n\n<h2 class=\"wp-block-heading\" style=\"font-size:23px\">Hogyan fejl\u0151dhet\u00fcnk Ani pap\u00edrusza \u00e1ltal?<\/h2>\n\n\n\n<figure class=\"wp-block-table\"><table class=\"has-fixed-layout\"><thead><tr><th><strong>\u0150si tan\u00edt\u00e1s<\/strong><\/th><th><strong>Modern bels\u0151 gyakorlat<\/strong><\/th><\/tr><\/thead><tbody><tr><td>A sz\u00edv megm\u00e9r\u00e9se<\/td><td>\u00d6nreflexi\u00f3, bels\u0151 egyens\u00faly keres\u00e9se<\/td><\/tr><tr><td>42 tagad\u00e1s<\/td><td>Tudatos \u00e9let, felel\u0151ss\u00e9g, etika<\/td><\/tr><tr><td>Isteni azonosul\u00e1s<\/td><td>M\u00e9lt\u00f3s\u00e1g, f\u00e9ny felv\u00e1llal\u00e1sa<\/td><\/tr><tr><td>Ma\u2019at rendje<\/td><td>Hiteless\u00e9g, bels\u0151 rend \u00e9s harm\u00f3nia<\/td><\/tr><tr><td>D\u00e9monok legy\u0151z\u00e9se<\/td><td>Saj\u00e1t \u00e1rny\u00e9kaink meg\u00e9rt\u00e9se \u00e9s integr\u00e1l\u00e1sa<\/td><\/tr><tr><td>Hal\u00e1l ut\u00e1ni \u00fajj\u00e1sz\u00fclet\u00e9s<\/td><td>Tudatszint-v\u00e1lt\u00e1s, spiritu\u00e1lis eml\u00e9kez\u00e9s<\/td><\/tr><\/tbody><\/table><\/figure>\n\n\n\n<hr class=\"wp-block-separator has-alpha-channel-opacity\"\/>\n\n\n\n<p><\/p>\n\n\n\n<p><\/p>\n\n\n\n<p style=\"font-size:19px\">Hasonl\u00f3 t\u00e9m\u00e1j\u00fa cikkek:<\/p>\n\n\n\n<ul class=\"wp-block-list\">\n<li style=\"font-size:19px\"><a href=\"https:\/\/www.egyptforever.hu\/ildiko\/?p=15716\" title=\"\">Az egyiptomi alvil\u00e1g<\/a><\/li>\n\n\n\n<li style=\"font-size:19px\"><a href=\"https:\/\/www.egyptforever.hu\/ildiko\/?p=15704\" title=\"\">Az \u00f3kori egyiptomi t\u00falvil\u00e1g kapui \u00e9s \u0151riz\u0151i<\/a><\/li>\n\n\n\n<li style=\"font-size:19px\"><a href=\"https:\/\/www.egyptforever.hu\/ildiko\/?p=14663\" title=\"\">A negat\u00edv gy\u00f3n\u00e1s<\/a><\/li>\n\n\n\n<li style=\"font-size:19px\"><a href=\"https:\/\/www.egyptforever.hu\/ildiko\/?p=11246\" title=\"\">A kett\u0151s igazs\u00e1g csarnoka<\/a><\/li>\n<\/ul>\n\n\n\n<p><\/p>\n\n\n\n<p><strong><em>K\u00f3sa Ildik\u00f3 idegenvezet\u0151 &#8211; Egypt Forever<\/em><\/strong><\/p>\n\n\n\n<p><\/p>\n<div style='text-align:right' class='yasr-auto-insert-overall'><\/div><div style='text-align:right' class='yasr-auto-insert-visitor'><\/div>","protected":false},"excerpt":{"rendered":"<p>Ani pap\u00edrusza az egyik legismertebb fennmaradt p\u00e9ld\u00e1ja az Egyiptomi Halottak K\u00f6nyv\u00e9nek. Egy rendk\u00edv\u00fcl gazdagon illusztr\u00e1lt, 19. dinasztia korabeli (i. e. 13. sz\u00e1zad), teh\u00e1t a \u00dajbirodalom v\u00e9g\u00e9r\u0151l sz\u00e1rmaz\u00f3 temetkez\u00e9si pap\u00edrusz, amelyet egy Ani<a class=\"moretag\" href=\"https:\/\/www.egyptforever.hu\/ildiko\/?p=14979\">Tov\u00e1bbi inform\u00e1ci\u00f3\u2026<\/a><\/p>\n","protected":false},"author":1,"featured_media":15005,"comment_status":"closed","ping_status":"open","sticky":false,"template":"","format":"standard","meta":{"om_disable_all_campaigns":false,"_monsterinsights_skip_tracking":false,"_monsterinsights_sitenote_active":false,"_monsterinsights_sitenote_note":"","_monsterinsights_sitenote_category":0,"yasr_overall_rating":0,"yasr_post_is_review":"","yasr_auto_insert_disabled":"","yasr_review_type":"","footnotes":""},"categories":[39,366,36,489],"tags":[492,407,516,258,48,118,490,495,54,182],"class_list":["post-14979","post","type-post","status-publish","format-standard","has-post-thumbnail","hentry","category-az-egyiptomi-kultura","category-egyiptom-mitologiaja","category-egyiptom-muveszete","category-spiritualis-egyiptom","tag-az-okori-egyiptom-szellemisege","tag-british-muzeum","tag-ezoterikus-haladzsa-helyett-valodi-spiritualitas","tag-halottkultusz","tag-okori-egyiptom","tag-papiruszok","tag-spiritualitas","tag-tulvilag","tag-ujbirodalom","tag-vallas"],"aioseo_notices":[],"yasr_visitor_votes":{"stars_attributes":{"read_only":false,"span_bottom":false},"number_of_votes":3,"sum_votes":15},"_links":{"self":[{"href":"https:\/\/www.egyptforever.hu\/ildiko\/index.php?rest_route=\/wp\/v2\/posts\/14979","targetHints":{"allow":["GET"]}}],"collection":[{"href":"https:\/\/www.egyptforever.hu\/ildiko\/index.php?rest_route=\/wp\/v2\/posts"}],"about":[{"href":"https:\/\/www.egyptforever.hu\/ildiko\/index.php?rest_route=\/wp\/v2\/types\/post"}],"author":[{"embeddable":true,"href":"https:\/\/www.egyptforever.hu\/ildiko\/index.php?rest_route=\/wp\/v2\/users\/1"}],"replies":[{"embeddable":true,"href":"https:\/\/www.egyptforever.hu\/ildiko\/index.php?rest_route=%2Fwp%2Fv2%2Fcomments&post=14979"}],"version-history":[{"count":5,"href":"https:\/\/www.egyptforever.hu\/ildiko\/index.php?rest_route=\/wp\/v2\/posts\/14979\/revisions"}],"predecessor-version":[{"id":16356,"href":"https:\/\/www.egyptforever.hu\/ildiko\/index.php?rest_route=\/wp\/v2\/posts\/14979\/revisions\/16356"}],"wp:featuredmedia":[{"embeddable":true,"href":"https:\/\/www.egyptforever.hu\/ildiko\/index.php?rest_route=\/wp\/v2\/media\/15005"}],"wp:attachment":[{"href":"https:\/\/www.egyptforever.hu\/ildiko\/index.php?rest_route=%2Fwp%2Fv2%2Fmedia&parent=14979"}],"wp:term":[{"taxonomy":"category","embeddable":true,"href":"https:\/\/www.egyptforever.hu\/ildiko\/index.php?rest_route=%2Fwp%2Fv2%2Fcategories&post=14979"},{"taxonomy":"post_tag","embeddable":true,"href":"https:\/\/www.egyptforever.hu\/ildiko\/index.php?rest_route=%2Fwp%2Fv2%2Ftags&post=14979"}],"curies":[{"name":"wp","href":"https:\/\/api.w.org\/{rel}","templated":true}]}}