{"id":15273,"date":"2025-08-05T12:49:38","date_gmt":"2025-08-05T10:49:38","guid":{"rendered":"https:\/\/www.egyptforever.hu\/ildiko\/?p=15273"},"modified":"2025-12-09T15:06:56","modified_gmt":"2025-12-09T14:06:56","slug":"az-okori-egyiptom-idotlen-spiritualis-uzenete-a-modern-embernek","status":"publish","type":"post","link":"https:\/\/www.egyptforever.hu\/ildiko\/?p=15273","title":{"rendered":"Az \u00f3kori Egyiptom id\u0151tlen spiritu\u00e1lis \u00fczenete a modern embernek"},"content":{"rendered":"\n<p style=\"font-size:18px\">A legt\u00f6bb\u00fcnk sz\u00e1m\u00e1ra az \u00f3kori Egyiptom a piramisokat, f\u00e1ra\u00f3kat \u00e9s rejt\u00e9lyes hieroglif\u00e1kat jelenti. De akik m\u00e9lyebbre \u00e1snak, egy leny\u0171g\u00f6z\u0151, id\u0151tlen vil\u00e1gszeml\u00e9letre lelnek \u2013 egy olyan spiritu\u00e1lis hagyom\u00e1nyra, amely nem vesztette el aktualit\u00e1s\u00e1t. S\u0151t, tal\u00e1n soha nem volt id\u0151szer\u0171bb, mint ma, amikor a vil\u00e1g sokszor kaotikusnak, ki\u00fcresedettnek \u00e9s gy\u00f6k\u00e9rtelennek t\u0171nik. (Itt nem a sok modern ezoterikus &#8220;teori\u00e1r\u00f3l&#8221; besz\u00e9lek, melyekre el\u0151szeretettel aggatj\u00e1k r\u00e1 az &#8220;<em>\u00f3kori egyiptomi<\/em>&#8221; jelz\u0151t, holott semmi k\u00f6z\u00fck sincs mindahhoz&#8230; sajnos t\u00fal sok van ezekb\u0151l&#8230;) <\/p>\n\n\n\n<p style=\"font-size:18px\">A val\u00f3di \u00f3kori egyiptomi vil\u00e1gk\u00e9p egyszerre bonyolult \u00e9s egyszer\u0171, de egy cseppet sem idej\u00e9tm\u00falt. S\u0151t! Itt lenne az ideje, ha mindannyian val\u00f3ban megismern\u00e9nk \u00e9s meg\u00e9rten\u00e9nk, hiszen lelki fejl\u0151d\u00e9s\u00fcnk \u00e9p\u00edt\u0151k\u00f6vei ezek a gondolatok, elk\u00e9pzel\u00e9sek.<\/p>\n\n\n\n<h3 class=\"wp-block-heading has-vivid-cyan-blue-color has-text-color has-link-color wp-elements-687e7fa1b13ae87b150974e87f3cb873\"><strong>Mit tan\u00edthat nek\u00fcnk egy t\u00f6bb ezer \u00e9ves civiliz\u00e1ci\u00f3 a lelki egyens\u00falyr\u00f3l, az erk\u00f6lcsr\u0151l \u00e9s arr\u00f3l, hogyan \u00e9lj\u00fcnk j\u00f3l \u2013 emberk\u00e9nt, k\u00f6z\u00f6ss\u00e9gk\u00e9nt \u00e9s bolyg\u00f3k\u00e9nt?<\/strong><\/h3>\n\n\n\n<p><\/p>\n\n\n\n<p><\/p>\n\n\n\n<h3 class=\"wp-block-heading\"><strong>1. Az isteni rend: Ma\u2019at, a vil\u00e1g lelkiismerete<\/strong><\/h3>\n\n\n\n<p style=\"font-size:18px\">Az \u00f3kori egyiptomi hitvil\u00e1g k\u00f6z\u00e9ppontj\u00e1ban <strong>Ma\u2019at<\/strong> \u00e1ll \u2013 nem istens\u00e9g a hagyom\u00e1nyos \u00e9rtelemben, hanem <strong>elv, t\u00f6rv\u00e9ny, \u00e9s \u00e9l\u0151 igazs\u00e1g<\/strong>. Ma\u2019at a <strong>vil\u00e1g rendje<\/strong>, az a finom sz\u00f6vet, amely \u00f6sszek\u00f6ti az eget \u00e9s a f\u00f6ldet, az isteneket \u00e9s az embereket, a l\u00e1that\u00f3t \u00e9s a l\u00e1thatatlant.<\/p>\n\n\n\n<p style=\"font-size:18px\">Ma\u2019at egyszerre jelenti:<\/p>\n\n\n\n<ul class=\"wp-block-list\">\n<li style=\"font-size:18px\">a kozmikus rendet (pl. a nap felkel \u00e9s lenyugszik),<\/li>\n\n\n\n<li style=\"font-size:18px\">az emberi erk\u00f6lcsi viselked\u00e9st (pl. igazat mondani, igazat cselekedni, nem lopni, nem hazudni, nem becsapni m\u00e1sokat, nem \u00e1rtani, nem \u00f6nz\u0151nek lenni&#8230; stb),<\/li>\n\n\n\n<li style=\"font-size:18px\">a t\u00e1rsadalmi egyens\u00falyt (pl. igazs\u00e1goss\u00e1g, tisztess\u00e9g),<\/li>\n\n\n\n<li style=\"font-size:18px\">\u00e9s a spiritu\u00e1lis harm\u00f3ni\u00e1t (\u00f6nismeret, al\u00e1zat, egys\u00e9g).<\/li>\n<\/ul>\n\n\n\n<p style=\"font-size:18px\">Az egyiptomi ember tudta: <strong>ha \u0151 rendben van \u00f6nmag\u00e1val, hozz\u00e1j\u00e1rul a vil\u00e1g rendj\u00e9hez is<\/strong>. Nem kellett mindenkit megv\u00e1ltania \u2013 el\u00e9g volt, ha <strong>saj\u00e1t \u00e9let\u00e9t igaz\u00edtotta Ma\u2019at-hoz<\/strong>. Ez m\u00e9ly bels\u0151 felel\u0151ss\u00e9gre tan\u00edtott.<\/p>\n\n\n\n<h3 class=\"wp-block-heading\"><strong>Mit jelent ez ma?<\/strong><\/h3>\n\n\n\n<p style=\"font-size:18px\">A mai vil\u00e1gban, ahol gyakran k\u00edv\u00fclr\u0151l v\u00e1rjuk a megold\u00e1st \u2013 korm\u00e1nyokt\u00f3l, rendszerekt\u0151l, technol\u00f3gi\u00e1t\u00f3l \u2013 az \u00f3kori tan\u00edt\u00e1s eml\u00e9keztet: <strong>a vil\u00e1g rendje bel\u0151l\u00fcnk indul ki<\/strong>. Ma\u2019at ma is \u00e9l, ha \u0151szint\u00e9k, tisztess\u00e9gesek, figyelmesek, \u00e9s bels\u0151 ir\u00e1nyt\u0171vel \u00e9l\u00fcnk.<\/p>\n\n\n\n<p><\/p>\n\n\n\n<p><\/p>\n\n\n\n<h3 class=\"wp-block-heading\"><strong>2. A templom benned van: az ember mint szent t\u00e9r<\/strong><\/h3>\n\n\n\n<p style=\"font-size:18px\">Az egyiptomi templomok nemcsak az istenek lakhelyei voltak, hanem a <strong>vil\u00e1g lek\u00e9pez\u00e9sei<\/strong>. A templom szent\u00e9lye a teremt\u00e9s helye, az udvarok a vil\u00e1g fokozatai, a bej\u00e1ratok kapuk m\u00e1s val\u00f3s\u00e1gokhoz. A templomba val\u00f3 bel\u00e9p\u00e9s nemcsak fizikai, hanem <strong>lelki beavat\u00e1s<\/strong> is volt.<\/p>\n\n\n\n<p style=\"font-size:18px\">De az \u00f3koriak egy l\u00e9p\u00e9ssel tov\u00e1bb mentek: <strong>az emberi testet is templomk\u00e9nt tisztelt\u00e9k<\/strong>. A sz\u00edv volt az erk\u00f6lcsi k\u00f6zpont, a nyelv a teremt\u0151 er\u0151, a gerinc az isteni tengely, a l\u00e9lek (ba), a ka \u00e9s az \u00e1rny\u00e9k mind r\u00e9szei egy szent rendszeren bel\u00fcl.<\/p>\n\n\n\n<h3 class=\"wp-block-heading\"><strong>\u00c9s mit jelent ez nek\u00fcnk?<\/strong><\/h3>\n\n\n\n<p style=\"font-size:18px\">A modern ember gyakran elszakad saj\u00e1t test\u00e9t\u0151l \u00e9s bels\u0151 vil\u00e1g\u00e1t\u00f3l. Az egyiptomi tan\u00edt\u00e1s azt \u00fczeni: <strong>te magad vagy a templom<\/strong>, benned van az isteni f\u00e9ny, a rend, az igazs\u00e1g magva. Vigy\u00e1zz a testedre, mint szent\u00e9lyre, gondolataidra, mint imaform\u00e1kra. A l\u00e9lek \u00e9s a test egys\u00e9ge nem spiritu\u00e1lis luxus, hanem az \u00e9let alapja.<\/p>\n\n\n\n<p><\/p>\n\n\n\n<p><\/p>\n\n\n\n<h3 class=\"wp-block-heading\"><strong>3. Az igazs\u00e1g \u00e9s a kimondott sz\u00f3 ereje<\/strong><\/h3>\n\n\n\n<p style=\"font-size:18px\">Az \u00f3kori egyiptomiak k\u00fcl\u00f6n\u00f6sen nagy hangs\u00falyt fektettek a kimondott sz\u00f3ra. Nemcsak a papi liturgi\u00e1kban, hanem a mindennapi \u00e9letben is \u00fagy hitt\u00e9k: <strong>a sz\u00f3 teremt<\/strong>. Az igaz sz\u00f3 \u00e9p\u00edt, a hamis sz\u00f3 rombol. Ez nem puszta etika volt \u2013 <strong>m\u00e1gikus vil\u00e1gt\u00f6rv\u00e9ny<\/strong>.<\/p>\n\n\n\n<p style=\"font-size:18px\">Ez\u00e9rt az \u00fagynevezett \u201eNegat\u00edv gy\u00f3n\u00e1sban\u201d a halott nem azt mondta el, mit tett meg, hanem mit <strong>nem<\/strong> tett meg:<\/p>\n\n\n\n<ul class=\"wp-block-list\">\n<li style=\"font-size:18px\">Nem loptam.<\/li>\n\n\n\n<li style=\"font-size:18px\">Nem gyilkoltam.<\/li>\n\n\n\n<li style=\"font-size:18px\">Nem tettem igazs\u00e1gtalans\u00e1got.<\/li>\n\n\n\n<li style=\"font-size:18px\">Nem \u00e1rtottam az \u00e1llatoknak.<\/li>\n\n\n\n<li style=\"font-size:18px\">Nem hoztam zavart a Ma\u2019at rendj\u00e9be&#8230; stb.<\/li>\n<\/ul>\n\n\n\n<p style=\"font-size:18px\">Ezzel <strong>megtiszt\u00edtotta \u00f6nmag\u00e1t<\/strong>, hogy \u00fajra az isteni rend r\u00e9sz\u00e9v\u00e9 v\u00e1lhasson.<\/p>\n\n\n\n<h3 class=\"wp-block-heading\"><strong>Mai alkalmaz\u00e1sa?<\/strong><\/h3>\n\n\n\n<p style=\"font-size:18px\">V\u00e1lhatna ez a mi napi bels\u0151 szertart\u00e1sunkk\u00e1: egyfajta <strong>spiritu\u00e1lis lelt\u00e1r<\/strong>. Vajon ma:<\/p>\n\n\n\n<ul class=\"wp-block-list\">\n<li style=\"font-size:18px\">Igazat mondtam?<\/li>\n\n\n\n<li style=\"font-size:18px\">Igazat cselekedtem?<\/li>\n\n\n\n<li style=\"font-size:18px\">\u00c9p\u00edtettem vagy romboltam m\u00e1sokat?<\/li>\n\n\n\n<li style=\"font-size:18px\">Hozz\u00e1j\u00e1rultam a b\u00e9k\u00e9hez \u2013 vagy z\u0171rzavart vittem a vil\u00e1gba?<\/li>\n<\/ul>\n\n\n\n<p style=\"font-size:18px\">A tudatos, \u0151szinte sz\u00f3 ma is <strong>gy\u00f3gy\u00edt\u00f3 erej\u0171<\/strong> \u2013 kapcsolatokban, \u00f6nkifejez\u00e9sben, gy\u00f3gyul\u00e1sban.<\/p>\n\n\n\n<p><\/p>\n\n\n\n<p><\/p>\n\n\n\n<h3 class=\"wp-block-heading\"><strong>4. Az istenek \u00e9l\u0151 min\u0151s\u00e9gek \u2013 benn\u00fcnk is<\/strong><\/h3>\n\n\n\n<p style=\"font-size:18px\">A modern ember gyakran k\u00edv\u00fclre helyezi az isteneket \u2013 t\u00f6rt\u00e9nelmi alakokk\u00e9nt, mitol\u00f3giai figur\u00e1kk\u00e9nt vagy t\u00e1voli er\u0151k\u00e9nt szeml\u00e9li \u0151ket. Az egyiptomi felfog\u00e1s azonban <strong>az isteneket min\u0151s\u00e9geknek<\/strong> tekintette: <strong>\u00e9l\u0151, benn\u00fcnk is l\u00e9tez\u0151 er\u0151knek<\/strong>.<\/p>\n\n\n\n<ul class=\"wp-block-list\">\n<li style=\"font-size:18px\">H\u00f3rusz = \u00e9bers\u00e9g, l\u00e1t\u00e1s, igazs\u00e1g.<\/li>\n\n\n\n<li style=\"font-size:18px\">\u00cdzisz = szeretet, gy\u00f3gy\u00edt\u00e1s, v\u00e9delmez\u00e9s.<\/li>\n\n\n\n<li style=\"font-size:18px\">R\u00e9 = vil\u00e1goss\u00e1g, \u00fajj\u00e1sz\u00fclet\u00e9s, kitart\u00e1s.<\/li>\n\n\n\n<li style=\"font-size:18px\">Szekhmet = harag \u00e9s gy\u00f3gyul\u00e1s, a rend vissza\u00e1ll\u00edt\u00e1sa.<\/li>\n\n\n\n<li style=\"font-size:18px\">Thot = tud\u00e1s, b\u00f6lcsess\u00e9g, bels\u0151 hang.<\/li>\n<\/ul>\n\n\n\n<p style=\"font-size:18px\">Ezekkel az er\u0151kkel az ember <strong>kapcsolatba l\u00e9phet<\/strong>, nemcsak im\u00e1ban, hanem viselked\u00e9s\u00e9ben is. Ha p\u00e9ld\u00e1ul valaki igazs\u00e1gtalans\u00e1g ellen \u00e1ll ki \u2013 H\u00f3rusz erej\u00e9ben cselekszik. Ha m\u00e1sokat gy\u00f3gy\u00edt vagy megvigasztal \u2013 \u00cdzisz f\u00e9ny\u00e9t k\u00f6zvet\u00edti.<\/p>\n\n\n\n<h3 class=\"wp-block-heading\"><strong>Ezt \u00fczenik nek\u00fcnk: <\/strong><\/h3>\n\n\n\n<p style=\"font-size:18px\"><strong>Ne k\u00edv\u00fcl keresd az istenit \u2013 hanem magadban, \u00e9s \u00e9ld meg.<\/strong> <\/p>\n\n\n\n<p style=\"font-size:18px\">Engedd, hogy H\u00f3rusz tekintete vezessen, R\u00e9 ereje keltsen \u00fajra naponta, \u00e9s Thot hangja s\u00fagjon a d\u00f6nt\u00e9seidn\u00e9l. Az istenek nem csak ott vannak, <strong>itt vannak \u2013 benned<\/strong>.<\/p>\n\n\n\n<p><\/p>\n\n\n\n<p><\/p>\n\n\n\n<h3 class=\"wp-block-heading\"><strong>5. A harm\u00f3nia nem statikus: Ma\u2019at dinamikus t\u00e1nca<\/strong><\/h3>\n\n\n\n<p style=\"font-size:18px\">A mai ember sokszor \u00fagy k\u00e9pzeli el a lelki egyens\u00falyt, mint egy v\u00e9gc\u00e9lt: ha egyszer el\u00e9rj\u00fck, ott m\u00e1r nincs v\u00e1ltoz\u00e1s, nincs zavar. De az egyiptomiak szerint <strong>a rend nem merev \u2013 hanem \u00e9l\u0151, l\u00e9legz\u0151, \u00e1lland\u00f3an \u00fajj\u00e1teremtend\u0151<\/strong>.<\/p>\n\n\n\n<p style=\"font-size:18px\">Minden reggel \u00faj nap sz\u00fcletik. Minden d\u00f6nt\u00e9s \u00faj lehet\u0151s\u00e9g a rend meg\u0151rz\u00e9s\u00e9re \u2013 vagy megs\u00e9rt\u00e9s\u00e9re. Ez\u00e9rt az \u00e9let nem \u00e1llapot, hanem <strong>ritu\u00e1lis t\u00e1nc<\/strong>, amelyet naponta \u00fajra kell j\u00e1rnunk.<\/p>\n\n\n\n<h3 class=\"wp-block-heading\"><strong>Mit jelent ez nek\u00fcnk?<\/strong><\/h3>\n\n\n\n<p style=\"font-size:18px\">Nem baj, ha n\u00e9ha hib\u00e1zunk. A kulcs az, hogy <strong>minden nap lehet\u0151s\u00e9g a visszat\u00e9r\u00e9sre<\/strong>. Ahogy R\u00e9 \u00fajra \u00e9s \u00fajra felkel a k\u00e1osz vizei f\u00f6l\u00f6tt, \u00fagy mi is \u00fajrakezdhetj\u00fck. A harm\u00f3nia nem t\u00f6k\u00e9letess\u00e9g \u2013 hanem <strong>tudatos jelenl\u00e9t \u00e9s ir\u00e1nytart\u00e1s.<\/strong><\/p>\n\n\n\n<p><\/p>\n\n\n\n<p><\/p>\n\n\n\n<h3 class=\"wp-block-heading\"><strong>6. Hogyan tehetj\u00fck jobb\u00e1 a vil\u00e1got Ma\u2019at szerint?<\/strong><\/h3>\n\n\n\n<p style=\"font-size:18px\">Az egyiptomi tan\u00edt\u00e1s szerint a vil\u00e1g jobb\u00e1 t\u00e9tele <strong>nem nagyszab\u00e1s\u00fa forradalmakon<\/strong> m\u00falik, hanem <strong>bels\u0151 \u00e1talakul\u00e1son<\/strong>.<\/p>\n\n\n\n<h3 class=\"wp-block-heading\"><strong>Mit tehet\u00fcnk Ma\u2019at szerint?<\/strong><\/h3>\n\n\n\n<ul class=\"wp-block-list\">\n<li class=\"has-vivid-cyan-blue-color has-text-color has-link-color wp-elements-49cf54ded9d25b81cbcc8e5b7031be2d\" style=\"font-size:18px\"><strong>\u00c9lj\u00fcnk igazul<\/strong>: az igazs\u00e1g kimond\u00e1sa, a sz\u00e1nd\u00e9k tisztas\u00e1ga gy\u00f3gy\u00edt\u00f3 erej\u0171.<\/li>\n\n\n\n<li class=\"has-vivid-cyan-blue-color has-text-color has-link-color wp-elements-5190fdbfcd63c02b637879beb77d6c86\" style=\"font-size:18px\"><strong>Tisztelj\u00fck az \u00e9letet<\/strong>: emberek\u00e9t, \u00e1llatok\u00e9t, a term\u00e9szet\u00e9t.<\/li>\n\n\n\n<li class=\"has-vivid-cyan-blue-color has-text-color has-link-color wp-elements-cf5d02c94c9444d3a44f03c24fc8ca81\" style=\"font-size:18px\"><strong>M\u00e9rs\u00e9kelj\u00fck az \u00f6nz\u00e9st<\/strong>: vegy\u00fck \u00e9szre, mikor hozunk z\u0171rzavart (Isfet) a vil\u00e1gba.<\/li>\n\n\n\n<li class=\"has-vivid-cyan-blue-color has-text-color has-link-color wp-elements-4c24e19db54eac1b7be0e79fb5ed4271\" style=\"font-size:18px\"><strong>V\u00e1llaljunk felel\u0151ss\u00e9get<\/strong>: ne m\u00e1sokat hib\u00e1ztassunk \u2013 k\u00e9rdezz\u00fck meg magunkat: \u00e9n mit tehetek jobban?<\/li>\n\n\n\n<li class=\"has-vivid-cyan-blue-color has-text-color has-link-color wp-elements-79bf66dc898d0e409544a40122cf1872\" style=\"font-size:18px\"><strong>\u00c1ldozzunk id\u0151t a szentnek<\/strong>: napi csend, ima, figyelem, m\u0171v\u00e9szet \u2013 mind a szellem t\u00e1pl\u00e1l\u00e9kai.<\/li>\n\n\n\n<li class=\"has-vivid-cyan-blue-color has-text-color has-link-color wp-elements-526c1ea039614fa8377fe16bd7e13e28\" style=\"font-size:18px\"><strong>Tan\u00edtsunk p\u00e9ld\u00e1val<\/strong>: a Ma\u2019at szerint \u00e9l\u0151 ember \u201etemplomm\u00e1 v\u00e1lik\u201d a vil\u00e1gban.<\/li>\n<\/ul>\n\n\n\n<div class=\"wp-block-columns is-layout-flex wp-container-core-columns-is-layout-9d6595d7 wp-block-columns-is-layout-flex\">\n<div class=\"wp-block-column is-layout-flow wp-block-column-is-layout-flow\"><div class=\"wp-block-image\">\n<figure class=\"aligncenter size-large\"><img loading=\"lazy\" decoding=\"async\" width=\"1024\" height=\"683\" src=\"https:\/\/www.egyptforever.hu\/ildiko\/wp-content\/uploads\/2025\/08\/muro-egiziano-con-geroglifici-2-1024x683.jpg\" alt=\"\" class=\"wp-image-15277\" srcset=\"https:\/\/www.egyptforever.hu\/ildiko\/wp-content\/uploads\/2025\/08\/muro-egiziano-con-geroglifici-2-1024x683.jpg 1024w, https:\/\/www.egyptforever.hu\/ildiko\/wp-content\/uploads\/2025\/08\/muro-egiziano-con-geroglifici-2-300x200.jpg 300w, https:\/\/www.egyptforever.hu\/ildiko\/wp-content\/uploads\/2025\/08\/muro-egiziano-con-geroglifici-2-768x512.jpg 768w, https:\/\/www.egyptforever.hu\/ildiko\/wp-content\/uploads\/2025\/08\/muro-egiziano-con-geroglifici-2-1536x1024.jpg 1536w, https:\/\/www.egyptforever.hu\/ildiko\/wp-content\/uploads\/2025\/08\/muro-egiziano-con-geroglifici-2-2048x1366.jpg 2048w\" sizes=\"auto, (max-width: 1024px) 100vw, 1024px\" \/><\/figure>\n<\/div><\/div>\n<\/div>\n\n\n\n<p><\/p>\n\n\n\n<h2 class=\"wp-block-heading\"><strong>Ma\u2019at m\u00e9g mindig figyel<\/strong>&#8230;<\/h2>\n\n\n\n<p style=\"font-size:18px\">A vil\u00e1g gyors, hars\u00e1ny \u00e9s gyakran kisz\u00e1m\u00edthatatlan. De az \u00f3kori egyiptomiak tan\u00edt\u00e1sa ma is csendesen sz\u00f3l hozz\u00e1nk \u2013 <strong>a bels\u0151 rend, az igaz sz\u00f3, az isteni jelenl\u00e9t, a tiszta sz\u00e1nd\u00e9k nyelv\u00e9n<\/strong>.<\/p>\n\n\n\n<p style=\"font-size:18px\">A k\u00e9rd\u00e9s nem az, hogy elhissz\u00fck-e a piramisokat vagy a t\u00falvil\u00e1got. Hanem az, hogy <strong>hajland\u00f3ak vagyunk-e \u00fajra \u00f6sszehangol\u00f3dni azzal a renddel, amely \u00e9vezredeken \u00e1t hordozta az \u00e9letet \u2013 \u00e9s ma is ott rejlik benn\u00fcnk, a sz\u00edv\u00fcnk m\u00e9ly\u00e9n.hogyan fejl\u0151dhet\u00fcnk a modern vil\u00e1gban<\/strong> az <strong>\u00f3kori egyiptomi spiritualit\u00e1s<\/strong> t\u00fckr\u00e9ben, <strong>\u00fagy, hogy az id\u0151tlen elvek ment\u00e9n<\/strong> \u00e9l\u00fcnk, de a jelen vil\u00e1g kih\u00edv\u00e1saira v\u00e1laszolunk? Az al\u00e1bbiakban h\u00e9t ir\u00e1nyt mutatok, amelyeket az egyiptomi b\u00f6lcsess\u00e9g ihletett, de teljesen alkalmazhat\u00f3k a 21. sz\u00e1zad ember\u00e9re is \u2013 legyen sz\u00f3 bels\u0151 munk\u00e1r\u00f3l, kapcsolatr\u00f3l vagy vil\u00e1gjobb\u00edt\u00f3 cselekv\u00e9sr\u0151l.<\/p>\n\n\n\n<p><\/p>\n\n\n\n<h2 class=\"wp-block-heading has-vivid-cyan-blue-color has-text-color has-link-color wp-elements-67a2c6d946cdcae7200356dd4af5998d\">Mit tegy\u00e9l, hogy val\u00f3ban a Ma&#8217;at \u00f6sv\u00e9ny\u00e9re l\u00e9pj?<\/h2>\n\n\n\n<p><\/p>\n\n\n\n<h3 class=\"wp-block-heading\"><strong>1. \u00c9lj tudatosan \u2013 mint aki &#8220;templomban j\u00e1r<\/strong>&#8220;<\/h3>\n\n\n\n<p style=\"font-size:18px\">Az egyiptomiak \u00fagy tartott\u00e1k: <strong>minden cselekedet ritu\u00e1l\u00e9<\/strong>, minden tett lenyomatot hagy az isteni rend sz\u00f6vet\u00e9n.<\/p>\n\n\n\n<p style=\"font-size:18px\">A mai ember sz\u00e1m\u00e1ra ez azt jelenti:<\/p>\n\n\n\n<ul class=\"wp-block-list\">\n<li style=\"font-size:18px\">Ne \u00e9lj g\u00e9piesen. Figyelj r\u00e1, <strong>mit mondasz, mit gondolsz, hogyan cselekszel.<\/strong><\/li>\n\n\n\n<li style=\"font-size:18px\">Miel\u0151tt d\u00f6ntesz, tedd fel magadnak a k\u00e9rd\u00e9st: <strong>ez k\u00f6zelebb visz Ma\u2019at-hoz, vagy t\u00e1vol\u00edt t\u0151le?<\/strong><\/li>\n\n\n\n<li style=\"font-size:18px\">Ha hib\u00e1zol, ne hib\u00e1ztass m\u00e1sokat \u2013 hanem k\u00e9rdezd meg: <strong>mit tanulhatok ebb\u0151l?<\/strong><\/li>\n<\/ul>\n\n\n\n<p style=\"font-size:18px\">Ez nem \u00f6nb\u00e1nt\u00e1s, hanem a val\u00f3di fejl\u0151d\u00e9s \u00fatja: <strong>a jelenl\u00e9t gyakorl\u00e1sa.<\/strong><\/p>\n\n\n\n<p><\/p>\n\n\n\n<h3 class=\"wp-block-heading\"><strong>2. A bels\u0151 rendet tartsd fontosabbnak, mint a k\u00fcls\u0151 zajt<\/strong><\/h3>\n\n\n\n<p style=\"font-size:18px\">Az egyiptomi vil\u00e1gban a rend (Ma\u2019at) nem a k\u00fcls\u0151 esem\u00e9nyekb\u0151l fakadt, hanem <strong>bel\u00fclr\u0151l kellett l\u00e9trehozni<\/strong> \u00e9s naponta fenntartani. A modern vil\u00e1g ezzel szemben <strong>inform\u00e1ci\u00f3kkal, elv\u00e1r\u00e1sokkal \u00e9s zajjal bomb\u00e1z<\/strong> minket.<\/p>\n\n\n\n<p style=\"font-size:18px\">Fejl\u0151d\u00e9sed kulcsa:<\/p>\n\n\n\n<ul class=\"wp-block-list\">\n<li style=\"font-size:18px\">Hozz l\u00e9tre <strong>bels\u0151 csendet<\/strong>, legyen az napi p\u00e1r perc medit\u00e1ci\u00f3, ima, napl\u00f3\u00edr\u00e1s vagy s\u00e9ta.<\/li>\n\n\n\n<li style=\"font-size:18px\">Gyakorold a <strong>tudatos befel\u00e9 figyel\u00e9st<\/strong> \u2013 hallgasd meg, mit s\u00fag a lelked.<\/li>\n\n\n\n<li style=\"font-size:18px\">Ne engedd, hogy a k\u00fclvil\u00e1g z\u0171rzavara (Isfet) <strong>bel\u00fcl is k\u00e1oszt teremtsen<\/strong>.<\/li>\n<\/ul>\n\n\n\n<p style=\"font-size:18px\">A csend nem a vil\u00e1g elutas\u00edt\u00e1sa \u2013 hanem <strong>az igaz hang meghall\u00e1sa<\/strong> \u00f6nmagadban.<\/p>\n\n\n\n<p><\/p>\n\n\n\n<h3 class=\"wp-block-heading\"><strong>3. \u00c9p\u00edts kapcsolatot a benned \u00e9l\u0151 isteni min\u0151s\u00e9gekkel<\/strong><\/h3>\n\n\n\n<p style=\"font-size:18px\">Az egyiptomiak nem k\u00edv\u00fcl kerest\u00e9k az isteneket, hanem <strong>bels\u0151 min\u0151s\u00e9gekk\u00e9nt \u00e9lt\u00e9k meg<\/strong> \u0151ket. Ez a mai spiritu\u00e1lis ember sz\u00e1m\u00e1ra rendk\u00edv\u00fcl inspir\u00e1l\u00f3 \u00fat:<\/p>\n\n\n\n<ul class=\"wp-block-list\">\n<li style=\"font-size:18px\">Amikor igazs\u00e1gtalans\u00e1g ellen l\u00e9psz fel: <strong>H\u00f3rusz sz\u00f3l bel\u0151led.<\/strong><\/li>\n\n\n\n<li style=\"font-size:18px\">Amikor seg\u00edtesz valakin, aki szenved: <strong>\u00cdzisz gy\u00f3gy\u00edt\u00f3 keze mozog \u00e1ltalad.<\/strong><\/li>\n\n\n\n<li style=\"font-size:18px\">Amikor \u00e1tl\u00e9psz a f\u00e9lelmen: <strong>R\u00e9 vil\u00e1goss\u00e1ga \u00e9bred benned.<\/strong><\/li>\n<\/ul>\n\n\n\n<p style=\"font-size:18px\">A spiritu\u00e1lis fejl\u0151d\u00e9s nem azt jelenti, hogy \u201evalamiv\u00e9\u201d v\u00e1lsz \u2013 hanem hogy <strong>felismered, m\u00e1r most is az vagy.<\/strong><\/p>\n\n\n\n<p><\/p>\n\n\n\n<h3 class=\"wp-block-heading\"><strong>4. Fejl\u0151dj az \u201eigaz sz\u00f3\u201d gyakorl\u00e1s\u00e1ban<\/strong><\/h3>\n\n\n\n<p style=\"font-size:18px\">Az \u00f3kori Egyiptomban a kimondott sz\u00f3 nem volt semleges \u2013 <strong>minden sz\u00f3 teremtett, vagy rombolt<\/strong>. Ez ma is igaz, csak elfelejtett\u00fck.<\/p>\n\n\n\n<p style=\"font-size:18px\">A fejl\u0151d\u00e9shez teh\u00e1t:<\/p>\n\n\n\n<ul class=\"wp-block-list\">\n<li style=\"font-size:18px\">Gyakorold az <strong>\u0151szinte, tiszta, felel\u0151s kommunik\u00e1ci\u00f3t<\/strong>.<\/li>\n\n\n\n<li style=\"font-size:18px\">Ne sz\u00f3lj, ha nem sz\u00fcks\u00e9ges \u2013 de ha sz\u00f3lsz, <strong>az szents\u00e9g legyen<\/strong>.<\/li>\n\n\n\n<li style=\"font-size:18px\">Ne pletyk\u00e1lj, ne b\u00e1nts m\u00e1sokat, ne torz\u00edts \u2013 mert minden ilyen sz\u00f3 <strong>Ma\u2019at mezej\u00e9t szennyezi.<\/strong><\/li>\n<\/ul>\n\n\n\n<p style=\"font-size:18px\">Gondolj r\u00e1 \u00edgy: <strong>a sz\u00f3 a modern vil\u00e1g var\u00e1zsp\u00e1lc\u00e1ja<\/strong> \u2013 haszn\u00e1ld b\u00f6lcsen.<\/p>\n\n\n\n<p><\/p>\n\n\n\n<h3 class=\"wp-block-heading\"><strong>5. V\u00e1lj \u00e9l\u0151 Ma\u2019at-t\u00e1 \u2013 \u00e9s l\u00e9gy p\u00e9lda m\u00e1soknak<\/strong><\/h3>\n\n\n\n<p style=\"font-size:18px\">Az egyiptomiak hite szerint nem kellett \u201emegv\u00e1ltani a vil\u00e1got\u201d. El\u00e9g volt, ha az ember <strong>\u00f6nmaga volt a rend hordoz\u00f3ja<\/strong>. Ez ma is \u00edgy van.<\/p>\n\n\n\n<p style=\"font-size:18px\">Fejl\u0151d\u00e9sed egyik legfontosabb l\u00e9p\u00e9se:<\/p>\n\n\n\n<ul class=\"wp-block-list\">\n<li style=\"font-size:18px\">Ne m\u00e1sokat akarj megv\u00e1ltoztatni \u2013 <strong>hanem<\/strong> <strong>mutass p\u00e9ld\u00e1t<\/strong>.<\/li>\n\n\n\n<li style=\"font-size:18px\">L\u00e9gy t\u00fcrelmes, igazs\u00e1gos, egy\u00fctt\u00e9rz\u0151 \u2013 <strong>de ne engedd, hogy m\u00e1sok z\u0171rzavara mag\u00e1val r\u00e1ntson.<\/strong><\/li>\n\n\n\n<li style=\"font-size:18px\">Amikor te magad rendben vagy, <strong>a k\u00f6rnyezeted is rezon\u00e1lni kezd erre.<\/strong><\/li>\n<\/ul>\n\n\n\n<p style=\"font-size:18px\">Ne feledd! Az isteni rend \u201efert\u0151z\u0151\u201d, csak <strong>nem er\u0151szakos, hanem ragyog\u00f3 m\u00f3don<\/strong>.<\/p>\n\n\n\n<p><\/p>\n\n\n\n<h3 class=\"wp-block-heading\"><strong>6. Ismerd fel: a vil\u00e1g szenved\u00e9se nem k\u00fcl\u00f6n van t\u0151led<\/strong><\/h3>\n\n\n\n<p style=\"font-size:18px\">A mai vil\u00e1g f\u00e1jdalmai \u2013 t\u00e1rsadalmi igazs\u00e1gtalans\u00e1g, k\u00f6rnyezeti v\u00e1ls\u00e1g, h\u00e1bor\u00fak, emberi elidegened\u00e9s \u2013 nem \u201et\u0151l\u00fcnk f\u00fcggetlen\u201d dolgok. Az egyiptomi felfog\u00e1s szerint: <strong>ha valami rossz t\u00f6rt\u00e9nik a vil\u00e1gban, az azt jelzi, hogy valahol Ma\u2019at s\u00e9r\u00fclt. \u00c9s lehet, hogy mi is r\u00e9szei vagyunk ennek.<\/strong><\/p>\n\n\n\n<p style=\"font-size:18px\">A fejl\u0151d\u00e9s azt jelenti:<\/p>\n\n\n\n<ul class=\"wp-block-list\">\n<li style=\"font-size:18px\"><strong>Vedd \u00e9szre a kapcsolatot<\/strong>: mit teszel nap mint nap, amivel er\u0151s\u00edted vagy gyeng\u00edted Ma\u2019at rendj\u00e9t?<\/li>\n\n\n\n<li style=\"font-size:18px\">Figyelj arra: Hogyan b\u00e1nsz az \u00e1llatokkal? A term\u00e9szet aj\u00e1nd\u00e9kaival? M\u00e1s emberekkel?<\/li>\n\n\n\n<li style=\"font-size:18px\">A napi d\u00f6nt\u00e9seid (v\u00e1s\u00e1rl\u00e1s, figyelem, kommunik\u00e1ci\u00f3) <strong>vil\u00e1gform\u00e1l\u00f3 tettek<\/strong>.<\/li>\n<\/ul>\n\n\n\n<p style=\"font-size:18px\">Ez nem b\u0171ntudatr\u00f3l sz\u00f3l \u2013 hanem <strong>tudatoss\u00e1gr\u00f3l \u00e9s felel\u0151ss\u00e9gr\u0151l<\/strong>. A b\u00f6lcs ember felismeri: <strong>a vil\u00e1g nem t\u0151le k\u00fcl\u00f6n\u00e1ll\u00f3, hanem benne t\u00fckr\u00f6z\u0151d\u0151.<\/strong><\/p>\n\n\n\n<p><\/p>\n\n\n\n<h3 class=\"wp-block-heading\"><strong>7. Tanulj \u00fajra \u201e\u00e9lni\u201d \u2013 ne csak t\u00fal\u00e9lni<\/strong><\/h3>\n\n\n\n<p style=\"font-size:18px\">A modern vil\u00e1g hajlamos a fejl\u0151d\u00e9st puszt\u00e1n hat\u00e9konys\u00e1gban, teljes\u00edtm\u00e9nyben, vagy sikerben m\u00e9rni. De az egyiptomi ember tudta: <strong>az igazi fejl\u0151d\u00e9s a l\u00e9lek nyitotts\u00e1g\u00e1ban, a sz\u00edv tisztas\u00e1g\u00e1ban \u00e9s az \u00e9let sz\u00e9ps\u00e9g\u00e9nek meg\u00e9l\u00e9s\u00e9ben rejlik.<\/strong><\/p>\n\n\n\n<p style=\"font-size:18px\">Ez\u00e9rt fejl\u0151dj \u00fagy, hogy:<\/p>\n\n\n\n<ul class=\"wp-block-list\">\n<li style=\"font-size:18px\"><strong>Nevess, alkoss, t\u00e1ncolj, figyelj a term\u00e9szetre<\/strong>.<\/li>\n\n\n\n<li style=\"font-size:18px\">Ne csak rohanj a c\u00e9l fel\u00e9 \u2013 \u00e9rezd, <strong>milyen \u00e1ld\u00e1s, hogy itt lehetsz.<\/strong><\/li>\n\n\n\n<li style=\"font-size:18px\">Tiszteld a mindennapi dolgokat: a keny\u00e9r illat\u00e1t, egy mad\u00e1r \u00e9nek\u00e9t, a bar\u00e1ti besz\u00e9lget\u00e9st \u2013 mert ezekben is <strong>Ma\u2019at \u00e9l<\/strong>.<\/li>\n<\/ul>\n\n\n\n<p style=\"font-size:18px\">Az \u00e9let nem akad\u00e1lyp\u00e1lya, hanem <strong>szent zar\u00e1ndoklat<\/strong>. Minden nap lehet\u0151s\u00e9g a bels\u0151 templomod d\u00edsz\u00edt\u00e9s\u00e9re.<\/p>\n\n\n\n<p><\/p>\n\n\n\n<h3 class=\"wp-block-heading\"><strong>Az igazi fejl\u0151d\u00e9s nem  a \u201etov\u00e1bb\u201d, \u00e9s nem az &#8220;isteni szintre l\u00e9p\u00e9s&#8221;, hanem a \u201evissza&#8230;\u201d<\/strong><\/h3>\n\n\n\n<p style=\"font-size:18px\">.<strong>..Vissza ahhoz, ami \u00f6r\u00f6k \u00e9s id\u0151tlen.<\/strong> Vissza a bels\u0151 csendhez, az igaz sz\u00edvhez, a felel\u0151s sz\u00f3hoz, a szent jelenl\u00e9thez.<\/p>\n\n\n\n<p style=\"font-size:18px\">Az \u00f3kori egyiptomiak nem t\u00f6rekedtek arra, hogy halhatatlanok legyenek \u2013 csak arra, hogy <strong>a vil\u00e1g rendje fennmaradjon<\/strong>. Ha valaki Ma\u2019at szerint \u00e9lt, a t\u00falvil\u00e1g nem b\u00fcntet\u00e9s volt, hanem <strong>hazat\u00e9r\u00e9s<\/strong>&#8230; visszat\u00e9r\u00e9s az istenek f\u00f6ldj\u00e9re az \u00d6r\u00f6kk\u00e9val\u00f3s\u00e1gba.<\/p>\n\n\n\n<p class=\"has-vivid-cyan-blue-color has-text-color has-link-color wp-elements-f2045cf9c8a75c7d7dc7d04dd6bbd5ed\" style=\"font-size:21px\"><strong>A modern ember tal\u00e1n \u00fajra megtal\u00e1lhatja ezt az utat \u2013 ha bel\u00fclr\u0151l kifel\u00e9 fejl\u0151dik.<\/strong><\/p>\n\n\n\n<p style=\"font-size:18px\"><\/p>\n\n\n\n<p><\/p>\n\n\n\n<p><em><strong>K\u00f3sa Ildik\u00f3 idegenvezet\u0151 &#8211; Egypt Forever<\/strong><\/em><\/p>\n<div style='text-align:right' class='yasr-auto-insert-overall'><\/div><div style='text-align:right' class='yasr-auto-insert-visitor'><\/div>","protected":false},"excerpt":{"rendered":"<p>A legt\u00f6bb\u00fcnk sz\u00e1m\u00e1ra az \u00f3kori Egyiptom a piramisokat, f\u00e1ra\u00f3kat \u00e9s rejt\u00e9lyes hieroglif\u00e1kat jelenti. De akik m\u00e9lyebbre \u00e1snak, egy leny\u0171g\u00f6z\u0151, id\u0151tlen vil\u00e1gszeml\u00e9letre lelnek \u2013 egy olyan spiritu\u00e1lis hagyom\u00e1nyra, amely nem vesztette el aktualit\u00e1s\u00e1t.<a class=\"moretag\" href=\"https:\/\/www.egyptforever.hu\/ildiko\/?p=15273\">Tov\u00e1bbi inform\u00e1ci\u00f3\u2026<\/a><\/p>\n","protected":false},"author":1,"featured_media":15276,"comment_status":"closed","ping_status":"open","sticky":false,"template":"","format":"standard","meta":{"om_disable_all_campaigns":false,"_monsterinsights_skip_tracking":false,"_monsterinsights_sitenote_active":false,"_monsterinsights_sitenote_note":"","_monsterinsights_sitenote_category":0,"yasr_overall_rating":0,"yasr_post_is_review":"","yasr_auto_insert_disabled":"","yasr_review_type":"","footnotes":""},"categories":[489],"tags":[492,363,516,414,169,48,490,515,182],"class_list":["post-15273","post","type-post","status-publish","format-standard","has-post-thumbnail","hentry","category-spiritualis-egyiptom","tag-az-okori-egyiptom-szellemisege","tag-egyiptomi-mitologia","tag-ezoterikus-haladzsa-helyett-valodi-spiritualitas","tag-hitvilag","tag-mitologia","tag-okori-egyiptom","tag-spiritualitas","tag-szellemi-orokseg","tag-vallas"],"aioseo_notices":[],"yasr_visitor_votes":{"stars_attributes":{"read_only":false,"span_bottom":false},"number_of_votes":1,"sum_votes":5},"_links":{"self":[{"href":"https:\/\/www.egyptforever.hu\/ildiko\/index.php?rest_route=\/wp\/v2\/posts\/15273","targetHints":{"allow":["GET"]}}],"collection":[{"href":"https:\/\/www.egyptforever.hu\/ildiko\/index.php?rest_route=\/wp\/v2\/posts"}],"about":[{"href":"https:\/\/www.egyptforever.hu\/ildiko\/index.php?rest_route=\/wp\/v2\/types\/post"}],"author":[{"embeddable":true,"href":"https:\/\/www.egyptforever.hu\/ildiko\/index.php?rest_route=\/wp\/v2\/users\/1"}],"replies":[{"embeddable":true,"href":"https:\/\/www.egyptforever.hu\/ildiko\/index.php?rest_route=%2Fwp%2Fv2%2Fcomments&post=15273"}],"version-history":[{"count":5,"href":"https:\/\/www.egyptforever.hu\/ildiko\/index.php?rest_route=\/wp\/v2\/posts\/15273\/revisions"}],"predecessor-version":[{"id":15909,"href":"https:\/\/www.egyptforever.hu\/ildiko\/index.php?rest_route=\/wp\/v2\/posts\/15273\/revisions\/15909"}],"wp:featuredmedia":[{"embeddable":true,"href":"https:\/\/www.egyptforever.hu\/ildiko\/index.php?rest_route=\/wp\/v2\/media\/15276"}],"wp:attachment":[{"href":"https:\/\/www.egyptforever.hu\/ildiko\/index.php?rest_route=%2Fwp%2Fv2%2Fmedia&parent=15273"}],"wp:term":[{"taxonomy":"category","embeddable":true,"href":"https:\/\/www.egyptforever.hu\/ildiko\/index.php?rest_route=%2Fwp%2Fv2%2Fcategories&post=15273"},{"taxonomy":"post_tag","embeddable":true,"href":"https:\/\/www.egyptforever.hu\/ildiko\/index.php?rest_route=%2Fwp%2Fv2%2Ftags&post=15273"}],"curies":[{"name":"wp","href":"https:\/\/api.w.org\/{rel}","templated":true}]}}