{"id":15286,"date":"2025-08-12T12:06:44","date_gmt":"2025-08-12T10:06:44","guid":{"rendered":"https:\/\/www.egyptforever.hu\/ildiko\/?p=15286"},"modified":"2025-08-12T12:06:47","modified_gmt":"2025-08-12T10:06:47","slug":"heti-spiritualis-naptar","status":"publish","type":"post","link":"https:\/\/www.egyptforever.hu\/ildiko\/?p=15286","title":{"rendered":"Heti spiritu\u00e1lis napt\u00e1r"},"content":{"rendered":"\n<p style=\"font-size:18px\">Az al\u00e1bbi <strong>heti spiritu\u00e1lis napt\u00e1r<\/strong> egyben egy <strong>bels\u0151 fejl\u0151d\u00e9si \u00fatmutat\u00f3<\/strong> is, amely az \u00f3kori egyiptomi <strong>Ma\u2019at rendj\u00e9re<\/strong> \u00e9s spiritu\u00e1lis tan\u00edt\u00e1saira \u00e9p\u00fcl. C\u00e9lja, hogy minden napra adjak egy <strong>elm\u00e9ly\u00fcl\u00e9si ir\u00e1nyt, egy bels\u0151 munk\u00e1t<\/strong>, \u00e9s egy <strong>gyakorlati cselekv\u00e9st<\/strong> \u2013 hogy ne csak gondolkodjunk a harm\u00f3ni\u00e1r\u00f3l, hanem \u00e9lj\u00fck is.<\/p>\n\n\n\n<h3 class=\"wp-block-heading\"><strong>A H\u00c9T TEMATIK\u00c1JA \u2013 EGYIPTOMI SPIRITU\u00c1LIS KORSZAKOK SZERINT<\/strong><\/h3>\n\n\n\n<figure class=\"wp-block-table\"><table class=\"has-fixed-layout\"><thead><tr><td><strong>Nap<\/strong><\/td><td><strong>Min\u0151s\u00e9g<\/strong><\/td><td><strong>Kulcsisten<\/strong><\/td><td><strong>Alapelv<\/strong><\/td><\/tr><\/thead><tbody><tr><td>H\u00e9tf\u0151<\/td><td>Bels\u0151 csend \u00e9s igazs\u00e1g<\/td><td>Ma\u2019at<\/td><td>Igaz sz\u00f3<\/td><\/tr><tr><td>Kedd<\/td><td>Akarat, tiszta tett<\/td><td>H\u00f3rusz<\/td><td>B\u00e1tors\u00e1g<\/td><\/tr><tr><td>Szerda<\/td><td>Tud\u00e1s, tanul\u00e1s, meg\u00e9rt\u00e9s<\/td><td>Thot<\/td><td>B\u00f6lcsess\u00e9g<\/td><\/tr><tr><td>Cs\u00fct\u00f6rt\u00f6k<\/td><td>Kapcsolatok, gondoskod\u00e1s<\/td><td>\u00cdzisz<\/td><td>Egy\u00fctt\u00e9rz\u00e9s<\/td><\/tr><tr><td>P\u00e9ntek<\/td><td>Teremt\u00e9s, alkot\u00e1s, sz\u00e9ps\u00e9g<\/td><td>Ptah<\/td><td>Teremt\u0151 er\u0151<\/td><\/tr><tr><td>Szombat<\/td><td>\u00d6nvizsg\u00e1lat, megtisztul\u00e1s<\/td><td>Anubisz<\/td><td>Tisztul\u00e1s<\/td><\/tr><tr><td>Vas\u00e1rnap<\/td><td>Egys\u00e9g, szents\u00e9g, vil\u00e1goss\u00e1g<\/td><td>R\u00e9<\/td><td>Isteni rend<\/td><\/tr><\/tbody><\/table><\/figure>\n\n\n\n<p><\/p>\n\n\n\n<h3 class=\"wp-block-heading\"><strong>SPIRITU\u00c1LIS NAPT\u00c1R \u2013 GYAKORLATI \u00daTMUTAT\u00d3<\/strong><\/h3>\n\n\n\n<p><\/p>\n\n\n\n<p style=\"font-size:18px\">Kezdj el napl\u00f3t vezetni, mindegy milyet&#8230; ak\u00e1r csak egy jegyzetf\u00fczetet, vagy egy t\u00e1bl\u00e1zatot, amiben r\u00f6gz\u00edtheted a gondolataidat, \u00e9rz\u00e9seidet&#8230;  Hidd el fontos lesz, hogy visszaolvashat\u00f3 legyen&#8230; hogy megl\u00e1sd az \u00f6sszef\u00fcgg\u00e9seket, az utat, amin l\u00e9pdelsz&#8230;<\/p>\n\n\n\n<p style=\"font-size:18px\">Al\u00e1bb minden naphoz felsorol\u00e1st tal\u00e1sz&#8230; ezek a pontok egyfajta ment\u00e1lis seg\u00edt\u0151k, mire f\u00f3kusz\u00e1lj az adott napokon a k\u00fcl\u00f6nb\u00f6z\u0151 &#8220;gondolat-sz\u00f3-tett&#8221; s\u00edkokon.<\/p>\n\n\n\n<p><\/p>\n\n\n\n<h3 class=\"wp-block-heading\"><strong>H\u00c9TF\u0150 \u2013 A csend \u00e9s az igazs\u00e1g napja (Ma\u2019at)<\/strong><\/h3>\n\n\n\n<ul class=\"wp-block-list\">\n<li style=\"font-size:18px\"><strong>Elm\u00e9lked\u00e9s<\/strong>: Hol nem vagyok \u0151szinte magammal vagy m\u00e1sokkal?<\/li>\n\n\n\n<li style=\"font-size:18px\"><strong>Gyakorlat<\/strong>: Napi 10 perc csend \u2013 figyeld a gondolataidat an\u00e9lk\u00fcl, hogy beavatkozn\u00e1l.<\/li>\n\n\n\n<li style=\"font-size:18px\"><strong>Cselekv\u00e9s<\/strong>: Egyetlen besz\u00e9lget\u00e9sben ma tudatosan gyakorold az igaz sz\u00f3t, amikor igaz\u00e1n sz\u00edvb\u0151l tisz\u00e1n, \u00f6nzetlen\u00fcl, \u00e9rdek n\u00e9lk\u00fcl igazat sz\u00f3lsz: &#8220;ne t\u00fal sokat, ne t\u00fal keveset&#8221; \u2013 csak azt, ami l\u00e9nyeges \u00e9s tiszta.<\/li>\n<\/ul>\n\n\n\n<h3 class=\"wp-block-heading\"><strong>KEDD \u2013 A b\u00e1tors\u00e1g \u00e9s cselekv\u00e9s napja (H\u00f3rusz)<\/strong><\/h3>\n\n\n\n<ul class=\"wp-block-list\">\n<li style=\"font-size:18px\"><strong>Elm\u00e9lked\u00e9s<\/strong>: Mit\u0151l f\u00e9lek, \u00e9s mit halogatok?<\/li>\n\n\n\n<li style=\"font-size:18px\"><strong>Gyakorlat<\/strong>: \u00cdrj le egy dolgot, amit eddig a f\u00e9lelem miatt nem tett\u00e9l meg \u2013 \u00e9s ma tegy\u00e9l egy apr\u00f3 l\u00e9p\u00e9st fel\u00e9.<\/li>\n\n\n\n<li style=\"font-size:18px\"><strong>Cselekv\u00e9s<\/strong>: \u00c1llj ki valami vagy valaki mellett \u2013 akkor is, ha k\u00e9nyelmetlen. Ez Ma\u2019at v\u00e9delme.<\/li>\n<\/ul>\n\n\n\n<h3 class=\"wp-block-heading\"><strong>SZERDA \u2013 A tud\u00e1s \u00e9s tanul\u00e1s napja (Thot)<\/strong><\/h3>\n\n\n\n<ul class=\"wp-block-list\">\n<li style=\"font-size:18px\"><strong>Elm\u00e9lked\u00e9s<\/strong>: Mit kellene most megtanulnom \u2013 nemcsak az elm\u00e9vel, hanem a sz\u00edvemmel is?<\/li>\n\n\n\n<li style=\"font-size:18px\"><strong>Gyakorlat<\/strong>: Olvass el egy bekezd\u00e9st egy spiritu\u00e1lis vagy filoz\u00f3fiai sz\u00f6vegb\u0151l, \u00e9s \u00edrj hozz\u00e1 saj\u00e1t gondolatokat.<\/li>\n\n\n\n<li style=\"font-size:18px\"><strong>Cselekv\u00e9s<\/strong>: Oszd meg egy bar\u00e1ttal vagy ismer\u0151ssel, amit ma tanult\u00e1l \u2013 a tud\u00e1s akkor \u00e9l, ha \u00e1ramlik.<\/li>\n<\/ul>\n\n\n\n<h3 class=\"wp-block-heading\"><strong>CS\u00dcT\u00d6RT\u00d6K \u2013 A kapcsolatok \u00e9s gondoskod\u00e1s napja (\u00cdzisz)<\/strong><\/h3>\n\n\n\n<ul class=\"wp-block-list\">\n<li style=\"font-size:18px\"><strong>Elm\u00e9lked\u00e9s<\/strong>: Kinek lenne most sz\u00fcks\u00e9ge a szeretetemre, figyelmemre?<\/li>\n\n\n\n<li style=\"font-size:18px\"><strong>Gyakorlat<\/strong>: K\u00fcldj \u00fczenetet vagy h\u00edvd fel azt, akire gondolt\u00e1l \u2013 csak \u00fagy, sz\u00edvb\u0151l.<\/li>\n\n\n\n<li style=\"font-size:18px\"><strong>Cselekv\u00e9s<\/strong>: Valakinek ma <strong>\u00f6nzetlen\u00fcl seg\u00edts<\/strong> \u2013 ne v\u00e1rj viszonz\u00e1st. Ez a l\u00e9lek tiszt\u00edt\u00f3ja.<\/li>\n<\/ul>\n\n\n\n<h3 class=\"wp-block-heading\"><strong>P\u00c9NTEK \u2013 A teremt\u00e9s \u00e9s sz\u00e9ps\u00e9g napja (Ptah)<\/strong><\/h3>\n\n\n\n<ul class=\"wp-block-list\">\n<li style=\"font-size:18px\"><strong>Elm\u00e9lked\u00e9s<\/strong>: Mit szeretn\u00e9k l\u00e9trehozni, amit eddig halogattam?<\/li>\n\n\n\n<li style=\"font-size:18px\"><strong>Gyakorlat<\/strong>: K\u00e9sz\u00edts valamit: vers, rajz, f\u0151z\u00e9s, rendrak\u00e1s \u2013 b\u00e1rmi, ami <strong>sz\u00e9pp\u00e9<\/strong> teszi a vil\u00e1g egy darabj\u00e1t.<\/li>\n\n\n\n<li style=\"font-size:18px\"><strong>Cselekv\u00e9s<\/strong>: Dics\u00e9rj meg valakit \u0151szint\u00e9n \u2013 mutasd meg, hogy l\u00e1tod benne a f\u00e9nyt.<\/li>\n<\/ul>\n\n\n\n<h3 class=\"wp-block-heading\"><strong>SZOMBAT \u2013 A megtisztul\u00e1s \u00e9s \u00f6nvizsg\u00e1lat napja (Anubisz)<\/strong><\/h3>\n\n\n\n<ul class=\"wp-block-list\">\n<li style=\"font-size:18px\"><strong>Elm\u00e9lked\u00e9s<\/strong>: Mi tart vissza? Mit kellene elengednem?<\/li>\n\n\n\n<li style=\"font-size:18px\"><strong>Gyakorlat<\/strong>: \u00cdrj egy list\u00e1t mindarr\u00f3l, ami nyomaszt vagy visszah\u00faz \u2013 majd <strong>ritu\u00e1l\u00e9szer\u0171en t\u00e9pd sz\u00e9t vagy \u00e9gesd el<\/strong>.<\/li>\n\n\n\n<li style=\"font-size:18px\"><strong>Cselekv\u00e9s<\/strong>: Takar\u00edts meg valamit a k\u00f6rnyezetedben \u2013 a k\u00fcls\u0151 rend <strong>bels\u0151t is hoz<\/strong>.<\/li>\n<\/ul>\n\n\n\n<h3 class=\"wp-block-heading\"><strong>VAS\u00c1RNAP \u2013 Az egys\u00e9g \u00e9s vil\u00e1goss\u00e1g napja (R\u00e9)<\/strong><\/h3>\n\n\n\n<ul class=\"wp-block-list\">\n<li style=\"font-size:18px\"><strong>Elm\u00e9lked\u00e9s<\/strong>: Mi az, ami\u00e9rt ma h\u00e1l\u00e1s lehetek?<\/li>\n\n\n\n<li style=\"font-size:18px\"><strong>Gyakorlat<\/strong>: T\u00f6lts id\u0151t a term\u00e9szetben, figyeld a napf\u00e9nyt, vizet, leveleket \u2013 \u00e9s <strong>l\u00e9legezd be az isteni jelenl\u00e9tet<\/strong>.<\/li>\n\n\n\n<li style=\"font-size:18px\"><strong>Cselekv\u00e9s<\/strong>: Adj valamit a vil\u00e1gnak ma \u2013 ak\u00e1r egy mosolyt, egy kedves gesztust, vagy csak csendes jelenl\u00e9tet. L\u00e9gy <strong>f\u00e9nyforr\u00e1s.<\/strong><\/li>\n<\/ul>\n\n\n\n<p><\/p>\n\n\n\n<h3 class=\"wp-block-heading\"><strong>HETI Z\u00c1R\u00c1S: A SZ\u00cdV M\u00c9RLEGE<\/strong><\/h3>\n\n\n\n<p style=\"font-size:18px\">Vas\u00e1rnap este tedd fel magadnak az al\u00e1bbi k\u00e9rd\u00e9seket \u00e9s teljes \u0151sz\u00edntes\u00e9ggel v\u00e1laszold meg a k\u00e9rd\u00e9seket. (Ne feledd, magadt\u00f3l k\u00e9rdezel \u00e9s magadnak v\u00e1laszolsz, \u00edgy nincs \u00e9rtelme kifog\u00e1sokat keresni, hazudni, sz\u00e9p\u00edtgetni.) <strong>L\u00e9gy \u0151szinte \u00f6nmagaddal!<\/strong>:<\/p>\n\n\n\n<ol start=\"1\" class=\"wp-block-list\">\n<li style=\"font-size:18px\"><strong>Hol cselekedtem j\u00f3t a Ma\u2019at szerint \u2013 \u00e9s hol cselekedtem rosszat Isfet szerint?<\/strong><\/li>\n\n\n\n<li style=\"font-size:18px\"><strong>Melyik nap volt a leger\u0151sebb a h\u00e9ten \u00e9s mi\u00e9rt? <\/strong><\/li>\n\n\n\n<li style=\"font-size:18px\"><strong>Mit tanultam a h\u00e9ten?<\/strong> <strong>Melyik tan\u00edt\u00e1s sz\u00f3lt a legm\u00e9lyebben hozz\u00e1m?<\/strong><\/li>\n\n\n\n<li style=\"font-size:18px\"><strong>Mit szeretn\u00e9k jobban gyakorolni a j\u00f6v\u0151 h\u00e9ten?<\/strong><\/li>\n<\/ol>\n\n\n\n<p style=\"font-size:18px\">Ez a \u201em\u00e9rlegel\u00e9s\u201d az \u00f3kori egyiptomi <strong>sz\u00edv m\u00e9rlegel\u00e9s\u00e9nek<\/strong> szimbolikus megfelel\u0151je \u2013 egyfajta <strong>bels\u0151 \u00edt\u00e9letnap<\/strong>, amely nem b\u00fcntet, hanem <strong>ir\u00e1nyt mutat<\/strong>, fejleszt \u00e9s seg\u00edt.<\/p>\n\n\n\n<p style=\"font-size:18px\">Gyakorold az igaz besz\u00e9det&#8230; Nincs mit\u0151l f\u00e9lned, hiszen ezt a besz\u00e9get\u00e9st, ezt a sz\u00e1mvet\u00e9st \u00f6nmagadnak teszed. <\/p>\n\n\n\n<p style=\"font-size:18px\"><strong>\u201eA legfontosabb, hogy l\u00e9gy \u0151szinte  \u2013 els\u0151sorban \u00f6nmagaddal, \u00e9s pr\u00f3b\u00e1lj meg mindenkivel az lenni. <\/strong>Gyakorold az igaz besz\u00e9det, a bels\u0151 tisztas\u00e1g nyelv\u00e9t. Nem kell f\u00e9lned, hiszen ez a besz\u00e9lget\u00e9s \u00f6nmagaddal t\u00f6rt\u00e9nik: egy csendes sz\u00e1mvet\u00e9s, amelyben szemben\u00e9zel azzal, aki \u00e9ppen vagy, \u00e9s azzal, aki lenni szeretn\u00e9l.<\/p>\n\n\n\n<p style=\"font-size:18px\"><strong>V\u00e1llald a felel\u0151ss\u00e9get a gondolataid\u00e9rt, szavaid\u00e9rt, tetteid\u00e9rt \u2013 akkor is, ha hib\u00e1zt\u00e1l. <\/strong>Mindannyian \u00faton vagyunk, \u00e9s a t\u00f6k\u00e9letlens\u00e9g nem b\u0171n, hanem lehet\u0151s\u00e9g a n\u00f6veked\u00e9sre. A l\u00e9nyeg nem az, hogy hib\u00e1tlan l\u00e9gy, hanem az, hogy napr\u00f3l napra tudatosabban, tiszt\u00e1bban, szebben \u00e9lj.<\/p>\n\n\n\n<p style=\"font-size:18px\"><strong>Ha valami f\u00e9lresiklott a h\u00e9ten, ne b\u00e1ntsd magad \u2013 hiszen j\u00f6n egy \u00fajabb h\u00e9t, \u00faj lehet\u0151s\u00e9gekkel, \u00faj d\u00f6nt\u00e9sekkel. <\/strong>Haszn\u00e1ld ki, \u00e9s t\u00f6rekedj arra, hogy tiszt\u00e1bbak legyenek a gondolataid, szel\u00eddebbek a szavaid, nemesebbek a tetteid.<\/p>\n\n\n\n<p style=\"font-size:18px\"><strong>Ne feledd: a hib\u00e1kat nem elrejteni kell, hanem fel\u00fcl\u00edrni, jobb\u00e1 tenni \u2013 egyre t\u00f6bb j\u00f3val, f\u00e9nnyel, igazs\u00e1ggal \u00e9s szeretettel. <\/strong>\u00cdgy v\u00e1lik \u00e9leted egyre ink\u00e1bb a bels\u0151 j\u00f3s\u00e1g \u00e9s harm\u00f3nia t\u00fckr\u00e9v\u00e9. \u00cdgy j\u00e1rhatod Ma\u2019at \u00f6sv\u00e9ny\u00e9t: lassan, de biztosan, a rend, az igazs\u00e1g \u00e9s a sz\u00edv tisztas\u00e1g\u00e1nak erej\u00e9vel.\u201d<\/p>\n\n\n\n<p><\/p>\n\n\n\n<p>A Heti Napt\u00e1r itt let\u00f6lthet\u0151:    <\/p>\n\n\n\n<div class=\"wp-block-columns is-layout-flex wp-container-core-columns-is-layout-9d6595d7 wp-block-columns-is-layout-flex\">\n<div class=\"wp-block-column is-layout-flow wp-block-column-is-layout-flow\">\n<div data-wp-interactive=\"core\/file\" class=\"wp-block-file\"><object data-wp-bind--hidden=\"!state.hasPdfPreview\" hidden class=\"wp-block-file__embed\" data=\"https:\/\/www.egyptforever.hu\/ildiko\/wp-content\/uploads\/2025\/08\/Heti-Spiritualis-naptar-egyptforever.pdf\" type=\"application\/pdf\" style=\"width:100%;height:600px\" aria-label=\"Heti Spiritualis naptar egyptforever be\u00e1gyaz\u00e1sa\"><\/object><a id=\"wp-block-file--media-64565f23-d030-41fa-a7f4-ceedf8939455\" href=\"https:\/\/www.egyptforever.hu\/ildiko\/wp-content\/uploads\/2025\/08\/Heti-Spiritualis-naptar-egyptforever.pdf\">Heti Spiritualis naptar egyptforever<\/a><a href=\"https:\/\/www.egyptforever.hu\/ildiko\/wp-content\/uploads\/2025\/08\/Heti-Spiritualis-naptar-egyptforever.pdf\" class=\"wp-block-file__button wp-element-button\" download aria-describedby=\"wp-block-file--media-64565f23-d030-41fa-a7f4-ceedf8939455\">Let\u00f6lt\u00e9s<\/a><\/div>\n<\/div>\n<\/div>\n\n\n\n<p><\/p>\n\n\n\n<p><em><strong>K\u00f3sa Ildik\u00f3 idegenvezet\u0151 &#8211; Egypt Forever<\/strong><\/em><\/p>\n\n\n\n<p><\/p>\n\n\n\n<p><\/p>\n<div style='text-align:right' class='yasr-auto-insert-overall'><\/div><div style='text-align:right' class='yasr-auto-insert-visitor'><\/div>","protected":false},"excerpt":{"rendered":"<p>Az al\u00e1bbi heti spiritu\u00e1lis napt\u00e1r egyben egy bels\u0151 fejl\u0151d\u00e9si \u00fatmutat\u00f3 is, amely az \u00f3kori egyiptomi Ma\u2019at rendj\u00e9re \u00e9s spiritu\u00e1lis tan\u00edt\u00e1saira \u00e9p\u00fcl. C\u00e9lja, hogy minden napra adjak egy elm\u00e9ly\u00fcl\u00e9si ir\u00e1nyt, egy bels\u0151 munk\u00e1t,<a class=\"moretag\" href=\"https:\/\/www.egyptforever.hu\/ildiko\/?p=15286\">Tov\u00e1bbi inform\u00e1ci\u00f3\u2026<\/a><\/p>\n","protected":false},"author":1,"featured_media":15287,"comment_status":"closed","ping_status":"open","sticky":false,"template":"","format":"standard","meta":{"om_disable_all_campaigns":false,"_monsterinsights_skip_tracking":false,"_monsterinsights_sitenote_active":false,"_monsterinsights_sitenote_note":"","_monsterinsights_sitenote_category":0,"yasr_overall_rating":0,"yasr_post_is_review":"","yasr_auto_insert_disabled":"","yasr_review_type":"","footnotes":""},"categories":[489],"tags":[492,516,414,48,490],"class_list":["post-15286","post","type-post","status-publish","format-standard","has-post-thumbnail","hentry","category-spiritualis-egyiptom","tag-az-okori-egyiptom-szellemisege","tag-ezoterikus-haladzsa-helyett-valodi-spiritualitas","tag-hitvilag","tag-okori-egyiptom","tag-spiritualitas"],"aioseo_notices":[],"yasr_visitor_votes":{"stars_attributes":{"read_only":false,"span_bottom":false},"number_of_votes":1,"sum_votes":5},"_links":{"self":[{"href":"https:\/\/www.egyptforever.hu\/ildiko\/index.php?rest_route=\/wp\/v2\/posts\/15286","targetHints":{"allow":["GET"]}}],"collection":[{"href":"https:\/\/www.egyptforever.hu\/ildiko\/index.php?rest_route=\/wp\/v2\/posts"}],"about":[{"href":"https:\/\/www.egyptforever.hu\/ildiko\/index.php?rest_route=\/wp\/v2\/types\/post"}],"author":[{"embeddable":true,"href":"https:\/\/www.egyptforever.hu\/ildiko\/index.php?rest_route=\/wp\/v2\/users\/1"}],"replies":[{"embeddable":true,"href":"https:\/\/www.egyptforever.hu\/ildiko\/index.php?rest_route=%2Fwp%2Fv2%2Fcomments&post=15286"}],"version-history":[{"count":5,"href":"https:\/\/www.egyptforever.hu\/ildiko\/index.php?rest_route=\/wp\/v2\/posts\/15286\/revisions"}],"predecessor-version":[{"id":15320,"href":"https:\/\/www.egyptforever.hu\/ildiko\/index.php?rest_route=\/wp\/v2\/posts\/15286\/revisions\/15320"}],"wp:featuredmedia":[{"embeddable":true,"href":"https:\/\/www.egyptforever.hu\/ildiko\/index.php?rest_route=\/wp\/v2\/media\/15287"}],"wp:attachment":[{"href":"https:\/\/www.egyptforever.hu\/ildiko\/index.php?rest_route=%2Fwp%2Fv2%2Fmedia&parent=15286"}],"wp:term":[{"taxonomy":"category","embeddable":true,"href":"https:\/\/www.egyptforever.hu\/ildiko\/index.php?rest_route=%2Fwp%2Fv2%2Fcategories&post=15286"},{"taxonomy":"post_tag","embeddable":true,"href":"https:\/\/www.egyptforever.hu\/ildiko\/index.php?rest_route=%2Fwp%2Fv2%2Ftags&post=15286"}],"curies":[{"name":"wp","href":"https:\/\/api.w.org\/{rel}","templated":true}]}}