{"id":15452,"date":"2025-08-21T16:49:21","date_gmt":"2025-08-21T14:49:21","guid":{"rendered":"https:\/\/www.egyptforever.hu\/ildiko\/?p=15452"},"modified":"2025-08-21T16:49:24","modified_gmt":"2025-08-21T14:49:24","slug":"re-a-napisten","status":"publish","type":"post","link":"https:\/\/www.egyptforever.hu\/ildiko\/?p=15452","title":{"rendered":"R\u00e9, a Napisten"},"content":{"rendered":"\n<h2 class=\"wp-block-heading\"><strong>A f\u00e9ny sz\u00fclet\u00e9se \u2013 R\u00e9 keletkez\u00e9se a m\u00edtoszokban<\/strong><\/h2>\n\n\n\n<p style=\"font-size:18px\">Az \u00f3kori Egyiptom vil\u00e1gk\u00e9p\u00e9nek k\u00f6z\u00e9ppontj\u00e1ban a Nap \u00e1llt. A napkelt\u00e9t \u00e9s a napnyugt\u00e1t nem csup\u00e1n term\u00e9szeti jelens\u00e9gk\u00e9nt szeml\u00e9lt\u00e9k, hanem <strong>a kozmikus rend, az \u00e9let \u00e9s hal\u00e1l, valamint az isteni er\u0151 k\u00f6rforg\u00e1sak\u00e9nt<\/strong>. Ennek a mindent \u00e1that\u00f3 er\u0151nek az ura volt R\u00e9, a napisten, akit a vil\u00e1goss\u00e1g, az id\u0151 \u00e9s a teremt\u00e9s megszem\u00e9lyes\u00edt\u0151jek\u00e9nt tiszteltek.<\/p>\n\n\n\n<p style=\"font-size:18px\">A m\u00edtoszok szerint R\u00e9 <strong>Nun \u0151sviz\u00e9b\u0151l<\/strong> emelkedett ki, abban a pillanatban, amikor a k\u00e1osz s\u00f6t\u00e9ts\u00e9ge f\u00f6l\u00f6tt el\u0151sz\u00f6r megjelent a f\u00e9ny. Egyes hagyom\u00e1nyokban \u00fagy tartj\u00e1k, hogy a napkorong egy l\u00f3tuszvir\u00e1gb\u00f3l bukkant el\u0151 H\u00e9liopolisz \u0151si szent\u00e9ly\u00e9ben:<br><em>\u201e\u00c9n vagyok az, aki a l\u00f3tuszb\u00f3l kiemelkedve vil\u00e1gra hoztam a f\u00e9nyt.\u201d<\/em> \u2013 olvashat\u00f3 a Piramissz\u00f6vegekben. R\u00e9 \u00edgy lett a mindens\u00e9g kezdet\u00e9nek istene: \u0151 az, aki vil\u00e1goss\u00e1got teremtett, \u00e9s aki a k\u00e1osz, az isteni s\u00f6t\u00e9ts\u00e9g felett uralkodott. Az \u0151 sz\u00fclet\u00e9se az id\u0151 kezdet\u00e9t is jelentette. A vil\u00e1g att\u00f3l kezdve m\u00e9rhet\u0151 lett: nappal \u00e9s \u00e9jszaka v\u00e1ltakoz\u00e1sa, \u00e9vszakok ritmusa, \u00e9let \u00e9s hal\u00e1l k\u00f6rforg\u00e1sa.<\/p>\n\n\n\n<p style=\"font-size:18px\">R\u00e9, Egyiptom t\u00f6rt\u00e9nelm\u00e9nek egyik legkiemelked\u0151bb istene, a Nap megtestes\u00edt\u0151je, az \u00e9g, a f\u00f6ld \u00e9s a t\u00falvil\u00e1g ura. Az id\u0151k sor\u00e1n t\u00f6rt\u00e9nete sor\u00e1n t\u00f6bb m\u00e1s istennel egybeolvadt: Atummal, H\u00f3russzal \u00e9s \u00c1monnal, \u00e9s az egyiptomi kir\u00e1lyok isteni apjak\u00e9nt tisztelt\u00e9k. R\u00e9 a nap \u00f6sszes megjelen\u00e9si form\u00e1j\u00e1nak l\u00e9nyege; jelen van a vil\u00e1g h\u00e1rom tartom\u00e1ny\u00e1ban: az \u00e9gen, a f\u00f6ld\u00f6n \u00e9s a t\u00falvil\u00e1gon, \u00e9s minden teremt\u00e9sm\u00edtoszban kiemelt szerepet t\u00f6lt be.<\/p>\n\n\n\n<p style=\"font-size:18px\">R\u00e9 az egyiptomi \u201enap\u201d sz\u00f3. Napistens\u00e9gk\u00e9nt R\u00e9 a nap erej\u00e9t testes\u00edtette meg, de \u00fagy is gondolt\u00e1k, hogy \u0151 maga a nap, akit a nagy istenk\u00e9nt k\u00e9pzeltek el, aki napk\u00f6zben b\u00e1rk\u00e1j\u00e1n lovagol az \u00e9gen, \u00e9s naplementekor lesz\u00e1ll az alvil\u00e1gba. Mik\u00f6zben a f\u00f6ld alatti s\u00f6t\u00e9ts\u00e9gen haladt \u00e1t, \u00e9jszak\u00e1nk\u00e9nt megt\u00e1madta az \u00f3ri\u00e1sk\u00edgy\u00f3, Apophisz (m\u00e1s n\u00e9ven Apep), aki megpr\u00f3b\u00e1lta megakad\u00e1lyozni a napfelkelt\u00e9t, \u00e9s \u00edgy elpuszt\u00edtani az \u00f6sszes \u00e9letet a F\u00f6ld\u00f6n.<\/p>\n\n\n\n<p style=\"font-size:18px\">R\u00e9-t az \u00d6nteremt\u0151k\u00e9nt ismert\u00e9k, aki a teremt\u00e9sm\u00edtoszokban istens\u00e9gk\u00e9nt (egyes teremt\u0151m\u00edtoszokben felcser\u00e9lhet\u0151en Atumk\u00e9nt) jelenik meg, aki a k\u00e1osz kavarg\u00f3 vizei k\u00f6z\u00f6tt az \u0151si halmon \u00e1ll, \u00e9s rendet teremt, \u00e9letet ad a t\u00f6bbi istennek, \u00e9s megteremti a vil\u00e1got. R\u00e9-t ebben Heka ereje teszi k\u00e9pess\u00e9, aki egyszerre volt a m\u00e1gia \u00e9s maga a m\u00e1gia istene. Az \u00f3kori egyiptomiak sz\u00e1m\u00e1ra a m\u00e1gia egy isteni er\u0151 volt, amely lehet\u0151v\u00e9 tette minden l\u00e9tez\u0151 l\u00e9tez\u00e9s\u00e9t, \u00e9s lehet\u0151v\u00e9 tette az \u00e1talakul\u00e1st is. R\u00e9, mint els\u0151 isten, megteremtette a hek\u00e1t, \u00e9s kihaszn\u00e1lta azt, aminek eredm\u00e9nyek\u00e9nt megsz\u00fcletett Heka, aki ezut\u00e1n fenntartotta \u00e9s ir\u00e1ny\u00edtotta az isteni m\u00e1gi\u00e1t.<\/p>\n\n\n\n<p style=\"font-size:18px\">R\u00e9-t ez\u00e9rt ehhez az \u00e1talak\u00edt\u00f3 er\u0151h\u00f6z k\u00f6tik, amely a n\u00f6veked\u00e9st lehet\u0151v\u00e9 tev\u0151 nappal k\u00f6t\u00f6tte \u00f6ssze. Egykor a nappal hozt\u00e1k \u00f6sszef\u00fcgg\u00e9sbe, H\u00f3russzal, az \u00e9gistennel \u00e9s a napistens\u00e9ggel (\u00e9s ebben a kapcsolatban R\u00e9-Horakhty n\u00e9ven im\u00e1dt\u00e1k), m\u00edg teremt\u0151 istenk\u00e9nt szinte szinonim\u00e1ja volt Atumnak, \u00e9s v\u00e9g\u00fcl a rend \u00e9s a l\u00e1that\u00f3 \u00e9s l\u00e1thatatlan vil\u00e1g bajnok\u00e1nak, Amunnak, a l\u00e9tez\u00e9s term\u00e9szet\u00e9nek kimondhatatlan k\u00e9pvisel\u0151j\u00e9nek; ebben a min\u0151s\u00e9g\u00e9ben Amun-R\u00e9 n\u00e9ven ismert\u00e9k. Szinte mindig s\u00f3lyomfej\u0171 h\u00edm R\u00e9-Horakhtyk\u00e9nt \u00e1br\u00e1zolj\u00e1k, feje f\u00f6l\u00f6tt a napkoronggal, b\u00e1r n\u00e9ha szkarabeuszk\u00e9nt is \u00e1br\u00e1zolj\u00e1k a napkorong alatt (ebben a form\u00e1ban R\u00e9-Khepri n\u00e9ven ismert).<\/p>\n\n\n\n<h3 class=\"wp-block-heading\"><strong>R\u00e9 helye az istenek k\u00f6z\u00f6tt \u2013 a vil\u00e1g kir\u00e1lya<\/strong><\/h3>\n\n\n\n<p style=\"font-size:18px\">Az egyiptomi vall\u00e1sban R\u00e9 nem egyszer\u0171en a nap jelk\u00e9pe volt, hanem <strong>a kozmikus rend \u00e9s kir\u00e1lyi hatalom forr\u00e1sa<\/strong>. \u0150 a f\u0151isten, akinek hatalm\u00e1t m\u00e1s istens\u00e9gek is elismert\u00e9k, s\u0151t, gyakran al\u00e1rendelt\u00e9k neki saj\u00e1t szerep\u00fcket.<\/p>\n\n\n\n<p style=\"font-size:18px\">A klasszikus m\u00edtoszokban R\u00e9 a vil\u00e1gegyetem kir\u00e1lyak\u00e9nt uralkodott az istenek \u00e9s az emberek felett. A kir\u00e1ly, a f\u00e1ra\u00f3 is \u201eR\u00e9 fia\u201d volt, vagyis f\u00f6ldi megtestes\u00edt\u0151je a napistennek. A f\u00e1ra\u00f3 ez\u00e9rt volt szakr\u00e1lis uralkod\u00f3: az \u0151 feladata volt, hogy a Maat \u2013 az isteni rend \u2013 \u00e9rv\u00e9nyes\u00fclj\u00f6n az orsz\u00e1gban. A napisten hatalm\u00e1t mutatja az is, hogy m\u00e1s istenekkel is gyakran \u00f6sszeolvadt. \u00cdgy lett <strong>R\u00e9-Atum<\/strong> (a teremt\u0151 isten H\u00e9liopoliszban), <strong>R\u00e9-Harakhty<\/strong> (H\u00f3rusz horizontja), vagy a th\u00e9bai f\u0151isten szintj\u00e9n <strong>\u00c1mon-R\u00e9<\/strong>, aki a birodalom k\u00e9s\u0151bbi korszak\u00e1ban a legf\u0151bb isteni hatalmat testes\u00edtette meg.<\/p>\n\n\n\n<h3 class=\"wp-block-heading\"><strong>R\u00e9 csal\u00e1dja \u2013 az isteni dinasztia<\/strong><\/h3>\n\n\n\n<p style=\"font-size:18px\">R\u00e9 isteni csal\u00e1dja szorosan kapcsol\u00f3dik a vil\u00e1g teremt\u00e9s\u00e9nek t\u00f6rt\u00e9net\u00e9hez. A h\u00e9liopoliszi kozmog\u00f3nia szerint \u0151 az, aki vil\u00e1gra hozta az istenek els\u0151 nemzed\u00e9k\u00e9t.<\/p>\n\n\n\n<ul class=\"wp-block-list\">\n<li style=\"font-size:18px\"><strong>Gyermekei<\/strong>: R\u00e9-Atum k\u00e9t isteni p\u00e1rt hozott l\u00e9tre: Su (a leveg\u0151 istene) \u00e9s Tefnut (a nedvess\u00e9g istenn\u0151je) voltak az els\u0151k. \u0150k pedig Gebet (a f\u00f6ld) \u00e9s Nuttot (az \u00e9g) nemzett\u00e9k. T\u0151l\u00fck sz\u00e1rmazik Ozirisz, \u00cdzisz, Szet \u00e9s Nephth\u00fcsz. \u00cdgy Oz\u00edrisz \u00e9s \u00cdzisz, akikr\u0151l m\u00e1r besz\u00e9lt\u00fcnk, tulajdonk\u00e9ppen R\u00e9 unok\u00e1i.<\/li>\n\n\n\n<li style=\"font-size:18px\"><strong>Feles\u00e9gei \u00e9s n\u0151i &#8220;k\u00eds\u00e9r\u0151i&#8221;, h\u00edres l\u00e1nyai<\/strong>: a hagyom\u00e1ny nem egys\u00e9ges. R\u00e9 t\u00e1rsa\/feles\u00e9ge avagy l\u00e1nya lehetett Hathor (mint az \u00f6r\u00f6m \u00e9s szerelem istenn\u0151je), id\u0151nk\u00e9nt Ma&#8217;at (az igazs\u00e1g megszem\u00e9lyes\u00edt\u0151je), \u00e9s Szekhmet (a h\u00e1bor\u00fa, a bossz\u00fa \u00e9s az orvosl\u00e1s istenn\u0151je). Sok m\u00edtosz szerint a Nap maga n\u0151i k\u00eds\u00e9r\u0151kkel \u2013 az \u00fan. \u201enapisten szemeivel\u201d \u2013 m\u0171k\u00f6dik egy\u00fctt. Ezek a szemek n\u00e9ha szel\u00edd istenn\u0151k (Hathor), m\u00e1skor puszt\u00edt\u00f3 er\u0151k (Szehmet)&#8230;<\/li>\n<\/ul>\n\n\n\n<p style=\"font-size:18px\">A napisten csal\u00e1df\u00e1ja teh\u00e1t nemcsak szimbolikus, hanem a vil\u00e1g kozmikus rendj\u00e9t is le\u00edrja: a Nap f\u00e9ny\u00e9b\u0151l sarjad a leveg\u0151, a v\u00edz, a f\u00f6ld \u00e9s az \u00e9g \u2013 vagyis minden, ami k\u00f6r\u00fclvesz minket.<\/p>\n\n\n\n<p><\/p>\n\n\n\n<h3 class=\"wp-block-heading\"><strong>R\u00e9 ikonogr\u00e1fi\u00e1ja \u2013 a napkorong istene<\/strong><\/h3>\n\n\n\n<p style=\"font-size:18px\">R\u00e9 ikonogr\u00e1fi\u00e1ja az egyik leggazdagabb \u00e9s legismertebb az egyiptomi panteonban. \u00c1ltal\u00e1ban <strong>s\u00f3lyomfej\u0171 f\u00e9rfik\u00e9nt<\/strong> \u00e1br\u00e1zolt\u00e1k, fej\u00e9n a napkoronggal, amelyet a kir\u00e1lyi k\u00edgy\u00f3, az uraeus \u00f6vez. Ez a k\u00edgy\u00f3 az isteni hatalom \u00e9s a v\u00e9delem jelk\u00e9pe.<\/p>\n\n\n\n<p style=\"font-size:18px\">A nap h\u00e1rom arc\u00e1t is megk\u00fcl\u00f6nb\u00f6ztett\u00e9k:<\/p>\n\n\n\n<ul class=\"wp-block-list\">\n<li style=\"font-size:18px\">Reggel, amikor a Nap gyermekk\u00e9nt sz\u00fcletik: <strong>Khepri \/ Heper<\/strong> a szkarabeusz bog\u00e1r alakj\u00e1ban.<\/li>\n\n\n\n<li style=\"font-size:18px\">D\u00e9lben, amikor a Nap teljes erej\u00e9ben ragyog: <strong>R\u00e9<\/strong> maga, s\u00f3lyomfej\u0171 f\u00e9rfi.<\/li>\n\n\n\n<li style=\"font-size:18px\">Este, amikor a Nap elhal \u00e9s \u00fajj\u00e1sz\u00fclet\u00e9sre k\u00e9sz\u00fcl: <strong>Atum<\/strong>, az \u00f6reg isten.<\/li>\n<\/ul>\n\n\n\n<p style=\"font-size:18px\">Ez a h\u00e1rmass\u00e1g a napisten \u00f6r\u00f6k k\u00f6rforg\u00e1s\u00e1t mutatja: sz\u00fclet\u00e9s, \u00e9retts\u00e9g, elm\u00fal\u00e1s \u2013 majd \u00fajrasz\u00fclet\u00e9s.<\/p>\n\n\n\n<p><\/p>\n\n\n\n<h3 class=\"wp-block-heading\"><strong>A nap haj\u00f3ja \u00e9s a s\u00f6t\u00e9ts\u00e9g elleni k\u00fczdelem<\/strong><\/h3>\n\n\n\n<p style=\"font-size:18px\">Az egyiptomi m\u00edtosz egyik legdr\u00e1maibb mozzanata R\u00e9 \u00e9jszakai \u00fatja. Amikor a Nap lenyugszik, <strong>R\u00e9<\/strong> <strong>az alvil\u00e1g foly\u00f3j\u00e1n haj\u00f3zik \u00e1t<\/strong>, ahol minden \u00e9jjel sz\u00f6rnyek \u00e9s d\u00e9monok t\u00e1madj\u00e1k. Legvesz\u00e9lyesebb ellenfele <strong>Ap\u00f3phisz<\/strong>, a k\u00e1osz k\u00edgy\u00f3ja, aki el akarja nyelni a napkorongot.<\/p>\n\n\n\n<p style=\"font-size:18px\">Minden hajnal tulajdonk\u00e9ppen gy\u0151zelem: R\u00e9 \u00e9s k\u00eds\u00e9rete \u2013 istenek \u00e9s \u00e1ldozati r\u00edtusok ereje \u2013 legy\u0151zi Ap\u00f3phiszt, \u00e9s a Nap \u00fajra felkel. Ez\u00e9rt a napkelt\u00e9t az egyiptomiak <strong>az \u00e9let gy\u0151zelm\u00e9nek<\/strong> tekintett\u00e9k a hal\u00e1l f\u00f6l\u00f6tt.<\/p>\n\n\n\n<p><\/p>\n\n\n\n<h3 class=\"wp-block-heading\"><strong>R\u00e9 kultusz\u00e1nak terjed\u00e9se \u00e9s szinkretizmusa<\/strong><\/h3>\n\n\n\n<p style=\"font-size:18px\">R\u00e9t el\u0151sz\u00f6r a Piramissz\u00f6vegekben (kb. Kr. e. 2400-2300) eml\u00edtik, amelyek a vil\u00e1g legr\u00e9gebbi vall\u00e1si m\u0171vei, \u00e9s amelyeket szakkarai s\u00edrok szarkof\u00e1gjaira \u00e9s falaira v\u00e9stek. Ezekben R\u00e9 mag\u00e1hoz veszi a kir\u00e1ly lelk\u00e9t, \u00e9s arany b\u00e1rk\u00e1j\u00e1n a N\u00e1dmez\u0151 paradicsom\u00e1ba viszi. R\u00e9 im\u00e1data m\u00e1r j\u00f3l bev\u00e1lt volt abban az id\u0151ben, amikor ezeket a sz\u00f6vegeket \u2013 amelyekr\u0151l \u00fagy gondolj\u00e1k, hogy egy sokkal kor\u00e1bbi sz\u00f3beli hagyom\u00e1nyb\u00f3l sz\u00e1rmaznak \u2013 feljegyezt\u00e9k. Kultuszk\u00f6zpontja Iunu v\u00e1ros\u00e1ban volt (ismertebb nev\u00e9n Heliopolisz, a g\u00f6r\u00f6g n\u00e9v, ami \u201ea napisten v\u00e1ros\u00e1t\u201d jelenti). R\u00e9t a Piramissz\u00f6vegek nemcsak az istenek legf\u0151bb uralkod\u00f3jak\u00e9nt, \u00e9s nem is egyszer\u0171en az \u00fajonnan \u00e9rkezett l\u00e9lek vigasztal\u00f3jak\u00e9nt \u00e1br\u00e1zolj\u00e1k a t\u00falvil\u00e1gon, hanem az isteni rend \u00e9s egyens\u00faly megtestes\u00edt\u0151jek\u00e9nt.<\/p>\n\n\n\n<p style=\"font-size:18px\">R\u00e9 kultusza az eg\u00e9sz egyiptomi t\u00f6rt\u00e9nelem sor\u00e1n jelen volt. A <strong>R\u00e9-f\u00e1ra\u00f3k<\/strong> (pl. a V. dinasztia uralkod\u00f3i) nev\u00fckben is hordozt\u00e1k a napisten erej\u00e9t. A K\u00f6z\u00e9pbirodalomban \u00e9s \u00dajbirodalomban pedig \u00f6sszeolvadt m\u00e1s istenekkel: \u00c1mon-R\u00e9 a th\u00e9bai istenvil\u00e1g cs\u00facspontja lett, aki a birodalom eg\u00e9sz\u00e9t \u00f6sszefogta. A g\u00f6r\u00f6g\u2013r\u00f3mai korban R\u00e9 azonosult <strong>H\u00e9liosszal<\/strong> \u00e9s <strong>Apoll\u00f3nnal<\/strong>, \u00edgy kultusza beleolvadt a mediterr\u00e1n vil\u00e1g nagy napisten-hagyom\u00e1nyaiba.<\/p>\n\n\n\n<div class=\"wp-block-columns is-layout-flex wp-container-core-columns-is-layout-9d6595d7 wp-block-columns-is-layout-flex\">\n<div class=\"wp-block-column is-layout-flow wp-block-column-is-layout-flow\"><div class=\"wp-block-image\">\n<figure class=\"aligncenter size-large is-resized\"><img loading=\"lazy\" decoding=\"async\" width=\"1024\" height=\"683\" src=\"https:\/\/www.egyptforever.hu\/ildiko\/wp-content\/uploads\/2025\/08\/Ancient-Egyptian-Gods-1024x683.jpg\" alt=\"\" class=\"wp-image-15466\" style=\"width:1138px;height:auto\" srcset=\"https:\/\/www.egyptforever.hu\/ildiko\/wp-content\/uploads\/2025\/08\/Ancient-Egyptian-Gods-1024x683.jpg 1024w, https:\/\/www.egyptforever.hu\/ildiko\/wp-content\/uploads\/2025\/08\/Ancient-Egyptian-Gods-300x200.jpg 300w, https:\/\/www.egyptforever.hu\/ildiko\/wp-content\/uploads\/2025\/08\/Ancient-Egyptian-Gods-768x512.jpg 768w, https:\/\/www.egyptforever.hu\/ildiko\/wp-content\/uploads\/2025\/08\/Ancient-Egyptian-Gods.jpg 1050w\" sizes=\"auto, (max-width: 1024px) 100vw, 1024px\" \/><\/figure>\n<\/div><\/div>\n<\/div>\n\n\n\n<hr class=\"wp-block-separator has-alpha-channel-opacity\"\/>\n\n\n\n<h2 class=\"wp-block-heading\"><strong>R\u00e9 napisten m\u00edtoszai \u00e9s jelent\u00e9s\u00fck<\/strong><\/h2>\n\n\n\n<h3 class=\"wp-block-heading\"><strong>1. R\u00e9 \u00f6nsz\u00fclet\u00e9se \u00e9s a vil\u00e1g teremt\u00e9se<\/strong><\/h3>\n\n\n\n<p style=\"font-size:18px\"><strong>M\u00edtosz:<\/strong><br>A h\u00e9liopoliszi teol\u00f3gia szerint kezdetben csak a k\u00e1osz vize (Nun) l\u00e9tezett. Abb\u00f3l emelkedett ki a benben-k\u0151 (az els\u0151 f\u00f6ldsziget), \u00e9s rajta R\u00e9 (vagy Atum-R\u00e9), aki \u201e\u00f6nmag\u00e1t nemzette\u201d. A <em>P\u00fcramis-sz\u00f6vegek<\/em> \u00edgy fogalmaznak:<\/p>\n\n\n\n<p style=\"font-size:18px\"><em>\u201e\u00c9n vagyok az, aki \u00f6nmag\u00e1b\u00f3l lett, \u00e9n vagyok, aki mindent l\u00e9trehozott.<br>K\u00e9z \u00e1ltal nem sz\u00fclettem, anyam\u00e9hben nem fogantam.\u201d<\/em><\/p>\n\n\n\n<p style=\"font-size:18px\">R\u00e9 el\u0151sz\u00f6r \u00f6nmag\u00e1t hozta l\u00e9tre, majd az \u0151 k\u00f6h\u00f6g\u00e9s\u00e9b\u0151l (vagy k\u00f6p\u00e9s\u00e9b\u0151l, vagy v\u00e9rcseppekb\u0151l&#8230;. k\u00fcl\u00f6nb\u00f6z\u0151 v\u00e1ltozatok szerint) sz\u00fcletett Su (leveg\u0151) \u00e9s Tefnut (nedvess\u00e9g). Bel\u0151l\u00fck sz\u00e1rmazott Geb (f\u00f6ld) \u00e9s Nut (\u00e9g), majd az \u0151 gyermekeikb\u0151l a nagy istenek sora.<\/p>\n\n\n\n<p style=\"font-size:18px\"><strong>Spiritu\u00e1lis jelent\u00e9s:<\/strong><br>Ez a m\u00edtosz azt fejezi ki, hogy a f\u00e9ny \u00e9s a tudatoss\u00e1g (R\u00e9) emelkedik ki el\u0151sz\u00f6r a k\u00e1oszb\u00f3l. A vil\u00e1g kezdet\u00e9n nem k\u00fcls\u0151 teremt\u0151 van, hanem az isten \u00f6nmag\u00e1b\u00f3l sz\u00fcl mindent. Az emberi szellem \u00fatja hasonl\u00f3: a k\u00e1oszb\u00f3l val\u00f3 \u00f6nfelismer\u00e9s r\u00e9v\u00e9n keletkezik tudat, amelyb\u0151l minden m\u00e1s tapasztalat sz\u00fcletik.<\/p>\n\n\n\n<hr class=\"wp-block-separator has-alpha-channel-opacity\"\/>\n\n\n\n<h3 class=\"wp-block-heading\"><strong>2. R\u00e9 napb\u00e1rk\u00e1ja \u00e9s az alvil\u00e1gi utaz\u00e1s<\/strong><\/h3>\n\n\n\n<p style=\"font-size:18px\"><strong>M\u00edtosz:<\/strong><br>A Napisten k\u00e9t b\u00e1rk\u00e1n haj\u00f3zik:<\/p>\n\n\n\n<ul class=\"wp-block-list\">\n<li style=\"font-size:18px\"><strong>Mandzset-b\u00e1rka<\/strong> (hajnal\u2013d\u00e9l): ez viszi az \u00e9gen.<\/li>\n\n\n\n<li style=\"font-size:18px\"><strong>Meszketet-b\u00e1rka<\/strong> (napnyugta\u2013\u00e9jjel): ezzel halad az alvil\u00e1gon \u00e1t.<\/li>\n<\/ul>\n\n\n\n<p style=\"font-size:18px\">Minden \u00e9jjel R\u00e9 a Duatban utazik, ahol tal\u00e1lkozik az alvil\u00e1gi istenekkel, \u00e9s minden \u00e9jjel szembe kell n\u00e9znie Apopisszal, a k\u00e1osz k\u00edgy\u00f3j\u00e1val, aki el akarja nyelni a f\u00e9nyt. A haj\u00f3 leg\u00e9nys\u00e9g\u00e9ben ott van Sz\u00e9th is, aki l\u00e1ndzs\u00e1val k\u00fczd Apopisz ellen.<\/p>\n\n\n\n<p style=\"font-size:18px\"><strong>Spiritu\u00e1lis jelent\u00e9s:<\/strong><br>Ez a m\u00edtosz az \u00f6r\u00f6k ciklus jelk\u00e9pe. A nappali f\u00e9ny \u00e9s az \u00e9jjeli s\u00f6t\u00e9ts\u00e9g nem puszt\u00e1n term\u00e9szetes v\u00e1ltakoz\u00e1s, hanem kozmikus harc a rend (Maat) \u00e9s a k\u00e1osz (Iszefet) k\u00f6z\u00f6tt. Az emberi \u00e9letben ugyanez jelenik meg: minden \u00e9jszaka, minden kr\u00edzis a saj\u00e1t \u201ealvil\u00e1gi utaz\u00e1sunk\u201d, ahol a bels\u0151 s\u00f6t\u00e9ts\u00e9g k\u00edgy\u00f3j\u00e1val kell szemben\u00e9zni. Ha a f\u00e9ny gy\u0151z, m\u00e1snap \u00faj \u00e9let kezd\u0151dik.<\/p>\n\n\n\n<hr class=\"wp-block-separator has-alpha-channel-opacity\"\/>\n\n\n\n<h3 class=\"wp-block-heading\"><strong>3. R\u00e9 \u00e9s az emberek l\u00e1zad\u00e1sa<\/strong><\/h3>\n\n\n\n<p style=\"font-size:18px\"><strong>M\u00edtosz:<\/strong><br>Egy k\u00e9s\u0151i, h\u00edres t\u00f6rt\u00e9net a \u201eT\u00e1voli Istenn\u0151 m\u00edtosza\u201d. Amikor R\u00e9 meg\u00f6regedett, az emberek l\u00e1zadni kezdtek ellene. Az isten tan\u00e1csot k\u00e9rt a t\u00f6bbi istent\u0151l, \u00e9s \u00fagy d\u00f6nt\u00f6tt, hogy megb\u00fcnteti az embereket. A Nap szeme (amely \u00f6n\u00e1ll\u00f3 isteni er\u0151) Sz\u00e9khmet, az oroszl\u00e1nfej\u0171 istenn\u0151 alakj\u00e1ban puszt\u00edtotta az embereket. V\u00e9rengz\u00e9se olyan f\u00e9lelmetes lett, hogy R\u00e9 megb\u00e1nta d\u00f6nt\u00e9s\u00e9t. Borral \u00e9s v\u00e9rre eml\u00e9keztet\u0151 v\u00f6r\u00f6s sz\u00edn\u0171 s\u00f6rrel r\u00e9szeg\u00edtett\u00e9k le Sz\u00e9khmetet, \u00edgy az megnyugodott \u00e9s Hathorr\u00e1, a szeretet \u00e9s sz\u00e9ps\u00e9g istenn\u0151j\u00e9v\u00e9 szel\u00edd\u00fclt.<\/p>\n\n\n\n<p style=\"font-size:18px\"><strong>Spiritu\u00e1lis jelent\u00e9s:<\/strong><br>Ez a t\u00f6rt\u00e9net k\u00e9t nagy tan\u00edt\u00e1st hordoz:<\/p>\n\n\n\n<ul class=\"wp-block-list\">\n<li style=\"font-size:18px\">Az isteni hatalom, ha f\u00e9ktelen, puszt\u00edt\u00f3v\u00e1 v\u00e1lhat \u2013 az isteni er\u0151 irgalom n\u00e9lk\u00fcl rombol.<\/li>\n\n\n\n<li style=\"font-size:18px\">Az emberi k\u00f6z\u00f6ss\u00e9g fennmarad\u00e1sa a megbocs\u00e1t\u00e1s \u00e9s a szeretet \u00e1ltal lehets\u00e9ges.<\/li>\n<\/ul>\n\n\n\n<p style=\"font-size:16px\">R\u00e9 \u00f6reged\u00e9se az isteni energia hanyatl\u00e1s\u00e1ra utal: m\u00e9g a Nap isten\u00e9nek hatalma is al\u00e1 van vetve a muland\u00f3s\u00e1g t\u00f6rv\u00e9ny\u00e9nek. Ez k\u00e9s\u0151bb hozz\u00e1j\u00e1rult ahhoz, hogy az istenek soraib\u00f3l Amon, Ozirisz \u00e9s m\u00e1s alakok \u00e1tvegy\u00e9k R\u00e9 szerep\u00e9t.<\/p>\n\n\n\n<hr class=\"wp-block-separator has-alpha-channel-opacity\"\/>\n\n\n\n<h3 class=\"wp-block-heading\"><strong>4. R\u00e9 visszavonul\u00e1sa az \u00e9gbe<\/strong><\/h3>\n\n\n\n<p style=\"font-size:18px\"><strong>M\u00edtosz:<\/strong><br>Egy m\u00e1sik v\u00e1ltozat szerint, amikor R\u00e9 meg\u00f6regedett, nem tudta t\u00f6bb\u00e9 korm\u00e1nyozni a f\u00f6ldet. A vil\u00e1g zavaross\u00e1 v\u00e1lt, \u00e9s ez\u00e9rt az \u00e9gbe emelkedett, ahol a Napkorongban telepedett meg. Onnant\u00f3l kezdve nem k\u00f6zvetlen\u00fcl uralkodott az embereken, hanem a kir\u00e1ly (f\u00e1ra\u00f3) lett a f\u00f6ldi helytart\u00f3ja, \u201eR\u00e9 fia\u201d.<\/p>\n\n\n\n<p style=\"font-size:18px\"><strong>Spiritu\u00e1lis jelent\u00e9s:<\/strong><br>Ez a m\u00edtosz a hatalom transzcend\u00e1l\u00f3d\u00e1s\u00e1t mutatja. A Napisten m\u00e1r nem emberk\u00f6zeli uralkod\u00f3, hanem kozmikus princ\u00edpium. A f\u00f6ld\u00f6n a f\u00e1ra\u00f3 k\u00e9pviseli, de az isteni f\u00e9ny a magasban marad. Ez a k\u00e9p az isteni \u00e9s emberi szf\u00e9ra k\u00fcl\u00f6nv\u00e1l\u00e1s\u00e1t t\u00fckr\u00f6zi: a haland\u00f3nak t\u00f6rekednie kell felfel\u00e9, a f\u00e9nyhez.<\/p>\n\n\n\n<hr class=\"wp-block-separator has-alpha-channel-opacity\"\/>\n\n\n\n<h3 class=\"wp-block-heading\"><strong>5. R\u00e9 szeme, mint \u00f6n\u00e1ll\u00f3 istens\u00e9g<\/strong><\/h3>\n\n\n\n<p style=\"font-size:18px\"><strong>M\u00edtosz:<\/strong><br>R\u00e9 szeme nem puszt\u00e1n testr\u00e9sz, hanem \u00f6n\u00e1ll\u00f3 istenn\u0151. Hol Sz\u00e9khmetk\u00e9nt, hol Hathork\u00e9nt, hol B\u00e1sztetk\u00e9nt jelenik meg. \u0150 a harag \u00e9s a v\u00e9delem, a szerelem \u00e9s a term\u00e9kenys\u00e9g megtestes\u00edt\u0151je. A m\u00edtosz szerint egyszer R\u00e9 szeme elsz\u00f6k\u00f6tt t\u0151le, elbujdosott N\u00fabia f\u00f6ldj\u00e9n. A vil\u00e1g els\u00f6t\u00e9tedett, m\u00edg R\u00e9 k\u00f6vetei vissza nem csalogatt\u00e1k.<\/p>\n\n\n\n<p style=\"font-size:18px\"><strong>Spiritu\u00e1lis jelent\u00e9s:<\/strong><br>A \u201eNap szeme\u201d az isteni energia aspektusa, amely hol puszt\u00edt\u00f3, hol \u00e9letad\u00f3. Az emberi l\u00e9lekben ez a szenved\u00e9ly, a harag, a szeretet ereje \u2013 ha elv\u00e9sz, az \u00e9let els\u00f6t\u00e9t\u00fcl, ha visszat\u00e9r, \u00fajra f\u00e9ny \u00e9s \u00f6r\u00f6m lesz.<\/p>\n\n\n\n<hr class=\"wp-block-separator has-alpha-channel-opacity\"\/>\n\n\n\n<h3 class=\"wp-block-heading\"><strong>\u00d6sszegz\u00e9s: R\u00e9 m\u00edtoszainak tan\u00edt\u00e1sa<\/strong><\/h3>\n\n\n\n<ol start=\"1\" class=\"wp-block-list\">\n<li style=\"font-size:18px\"><strong>Teremt\u0151<\/strong> \u2013 minden l\u00e9t t\u0151le sz\u00e1rmazik.<\/li>\n\n\n\n<li style=\"font-size:18px\"><strong>Harcos<\/strong> \u2013 minden \u00e9jjel szembesz\u00e1ll a k\u00e1osszal.<\/li>\n\n\n\n<li style=\"font-size:18px\"><strong>\u00d6reged\u0151 kir\u00e1ly<\/strong> \u2013 hatalma muland\u00f3, mint az emberi \u00e9let.<\/li>\n\n\n\n<li style=\"font-size:18px\"><strong>T\u00e1voli isten<\/strong> \u2013 f\u00e9nyben lakozik, de k\u00f6zvetlen\u00fcl nem \u00e9rhet\u0151 el, csak r\u00edtusokon kereszt\u00fcl.<\/li>\n\n\n\n<li style=\"font-size:18px\"><strong>Kett\u0151ss\u00e9g<\/strong> \u2013 egyszerre puszt\u00edt\u00f3 \u00e9s \u00e9letad\u00f3, mint a Nap maga.<\/li>\n<\/ol>\n\n\n\n<p style=\"font-size:18px\">Az ember sz\u00e1m\u00e1ra R\u00e9 m\u00edtoszai azt \u00fczenik: a f\u00e9ny \u00e9s s\u00f6t\u00e9ts\u00e9g \u00f6r\u00f6k harcban \u00e1ll, a muland\u00f3s\u00e1g t\u00f6rv\u00e9nye mindenre kiterjed, de az isteni rend (Maat) k\u00f6vet\u00e9se \u00e1ltal a l\u00e9lek r\u00e9szesedhet az isteni f\u00e9nyb\u0151l.<\/p>\n\n\n\n<hr class=\"wp-block-separator has-alpha-channel-opacity\"\/>\n\n\n\n<h2 class=\"wp-block-heading\"><strong>R\u00e9 alakv\u00e1ltoz\u00e1sai \u00e9s kultuszai az egyiptomi vall\u00e1sban<\/strong><\/h2>\n\n\n\n<h3 class=\"wp-block-heading\"><strong>A klasszikus R\u00e9 \u2013 H\u00e9liopolisz napistene<\/strong><\/h3>\n\n\n\n<p style=\"font-size:18px\">A leg\u0151sibb, \u201eklasszikus\u201d R\u00e9 a H\u00e9liopoliszban tisztelt napisten. \u0150 az, aki a Nun \u0151s\u00f3ce\u00e1nj\u00e1b\u00f3l kiemelkedve els\u0151k\u00e9nt vil\u00e1goss\u00e1got hozott, \u00e9s aki a kozmikus rendet megteremtette.<\/p>\n\n\n\n<p style=\"font-size:18px\"><strong>Ikonogr\u00e1fia \u00e9s kultusz:<\/strong><\/p>\n\n\n\n<ul class=\"wp-block-list\">\n<li style=\"font-size:18px\">S\u00f3lyomfej\u0171 f\u00e9rfik\u00e9nt \u00e1br\u00e1zolt\u00e1k, fej\u00e9n napkoronggal \u00e9s az uraeus k\u00edgy\u00f3val.<\/li>\n\n\n\n<li style=\"font-size:18px\">Kultusza k\u00f6zpontja H\u00e9liopolisz volt, ahol az \u201e\u0151si obeliszkek\u201d (az egyiptomi nev\u00fck: <em>tekhenu<\/em>) a nap sugarait szimboliz\u00e1lt\u00e1k.<\/li>\n\n\n\n<li style=\"font-size:18px\">Papjai minden reggel napfelkeltekor v\u00e9gezt\u00e9k a r\u00edtusokat: himnuszokat \u00e9nekeltek, \u00e1ldozatokat mutattak be, hogy a Nap haj\u00f3ja biztons\u00e1gosan v\u00e9gighaladhasson az \u00e9gen.<\/li>\n<\/ul>\n\n\n\n<p style=\"font-size:18px\"><strong>Szerepe:<\/strong><\/p>\n\n\n\n<p style=\"font-size:18px\">R\u00e9 ekkor m\u00e9g az <strong>isteni monarchia megtestes\u00edt\u0151je<\/strong>. \u0150 a vil\u00e1g kir\u00e1lya, aki felett nincs m\u00e1s istens\u00e9g. A f\u00e1ra\u00f3 is az \u0151 f\u00f6ldi k\u00e9pvisel\u0151je: a kir\u00e1ly maga volt a \u201eR\u00e9 fia\u201d.<\/p>\n\n\n\n<p><\/p>\n\n\n\n<h3 class=\"wp-block-heading\"><strong>A klasszikus R\u00e9 kultusza H\u00e9liopoliszban<\/strong><\/h3>\n\n\n\n<p style=\"font-size:18px\"><strong>A szent k\u00f6zpont<\/strong><\/p>\n\n\n\n<p style=\"font-size:18px\">R\u00e9 kultusza az \u00f3birodalom kor\u00e1ra ny\u00falik vissza: a II. dinasztia idej\u00e9b\u0151l maradt fenn az els\u0151 nyoma, amikor a f\u00e1ra\u00f3 nev\u00e9t Ranebnek (\u201eA Nap az \u00far\u201d) adt\u00e1k. A IV. dinasztia idej\u00e9re R\u00e9 kultusza tet\u0151pontj\u00e1ra \u00e9rt: a f\u00e1ra\u00f3k titulusaiban megjelent a \u201eR\u00e9 fia\u201d c\u00edm, a piramisok \u00e9p\u00edt\u00e9se szorosan kapcsol\u00f3dott a napkultuszhoz, a piramisok t\u00e1jol\u00e1sa \u00e9s a bels\u0151 templomi elrendez\u00e9s az \u00e9gi rendet \u00e9s a Nap j\u00e1r\u00e1s\u00e1t t\u00fckr\u00f6zte. Az V. dinasztia idej\u00e9n R\u00e9 hivatalos \u00e1llami istens\u00e9gg\u00e9 v\u00e1lt, templomai \u00e9s naptemplomai a h\u00e9liopoliszi nagy templom mint\u00e1j\u00e1t k\u00f6vett\u00e9k, b\u00e1r mag\u00e1t a nagy templomot az \u00f3birodalomb\u00f3l nem ismerj\u00fck teljesen. <\/p>\n\n\n\n<p style=\"font-size:18px\">Kultuszk\u00f6zpontja H\u00e9liopolisz volt, ahol R\u00e9 alakja \u00f6sszefon\u00f3dott Atummal, az Enne\u00e1d els\u0151 isten\u00e9vel \u00e9s a teremt\u00e9s ur\u00e1val. H\u00f3russzal val\u00f3 egyes\u00fcl\u00e9s\u00e9b\u0151l sz\u00fcletett R\u00e9-Harahti (\u201eR\u00e9, a K\u00e9t Horizont H\u00f3rusza\u201d), Heper szkarabeusz alakja pedig a hajnali napot szimboliz\u00e1lta, m\u00edg Atum az id\u0151s, lenyugv\u00f3 napot jelk\u00e9pezte. A Nap minden f\u00e1zis\u00e1t e h\u00e1rom alak k\u00e9pviselte: Reggel Heper, d\u00e9lben R\u00e9, este Atum. H\u00e9liopolisz (<em>Iunu<\/em>, az \u201eoszlop v\u00e1rosa\u201d) volt R\u00e9 \u0151si k\u00f6zpontja. Itt \u00e1lltak a legels\u0151 obeliszkek, amelyek a nap sugarait \u00e9s az isteni f\u00e9ny \u00e9gb\u0151l al\u00e1sz\u00e1ll\u00f3 erej\u00e9t testes\u00edtett\u00e9k meg. Ezek nemcsak d\u00edszek voltak, hanem <strong>kozmikus antenn\u00e1k<\/strong>: a papok \u00fagy hitt\u00e9k, hogy az obeliszk cs\u00facs\u00e1n landol a Nap els\u0151 sugara, s \u00edgy az eg\u00e9sz templom ter\u00fclet\u00e9t megszenteli.<\/p>\n\n\n\n<p style=\"font-size:18px\">R\u00e9 h\u00e9liopoliszi f\u0151papj\u00e1nak c\u00edme \u201ea l\u00e1t\u00f3k legnagyobbika\u201d volt. Sz\u00e1mos templomot szenteltek neki, m\u00e1s istenek templomaiban is tisztelt\u00e9k, \u00e9s a n\u00e9pi vall\u00e1sban is fontos szerepet j\u00e1tszott. N\u00e9pszer\u0171s\u00e9g\u00e9t jelzi, hogy neve gyakran szerepelt szem\u00e9lynevekben: p\u00e9ld\u00e1ul a Ramszesz n\u00e9v jelent\u00e9se \u201eR\u00e9 gyermeke\u201d. <\/p>\n\n\n\n<p style=\"font-size:18px\"><strong>A napi szertart\u00e1sok<\/strong><\/p>\n\n\n\n<ul class=\"wp-block-list\">\n<li style=\"font-size:18px\"><strong>Hajnalban<\/strong>: a papok megnyitott\u00e1k a szent\u00e9lyt, \u00e9s el\u00e9nekelt\u00e9k a \u201eHajnali himnuszokat\u201d, amelyekben a Nap haj\u00f3j\u00e1nak indul\u00e1s\u00e1t dics\u0151\u00edtett\u00e9k:<br><em>\u201c\u00c9bredj, R\u00e9, kelj fel horizontodon, vil\u00e1g\u00edtsd be a f\u00f6ldeket f\u00e9nyeiddel, \u0171zd el a s\u00f6t\u00e9ts\u00e9get az \u00e9jr\u0151l!\u201d<\/em><\/li>\n\n\n\n<li style=\"font-size:18px\">Az isten szobr\u00e1t megmost\u00e1k, \u00f6lt\u00f6ztett\u00e9k, illatos ken\u0151cs\u00f6kkel kent\u00e9k be.<\/li>\n\n\n\n<li style=\"font-size:18px\">Friss \u00e9telt \u00e9s italokat (keny\u00e9r, s\u00f6r, liba, bor) helyeztek el\u00e9, hogy a Nap is erej\u00e9t meg\u00faj\u00edtsa.<\/li>\n<\/ul>\n\n\n\n<p style=\"font-size:18px\"><strong>T\u00e1rsadalmi jelent\u00e9s<\/strong><\/p>\n\n\n\n<p style=\"font-size:18px\">Minden napfelkelte nem puszt\u00e1n term\u00e9szeti esem\u00e9ny volt, hanem a <strong>vil\u00e1g \u00fajj\u00e1sz\u00fclet\u00e9se<\/strong>. Ha a papok elv\u00e9gezt\u00e9k a r\u00edtusokat, a Nap biztosan felkelt \u2013 vagyis a vil\u00e1g fennmaradt. Ha elmaradt volna, a k\u00e1osz (isefet) elnyelhette volna a kozmoszt.<\/p>\n\n\n\n<div class=\"wp-block-columns is-layout-flex wp-container-core-columns-is-layout-9d6595d7 wp-block-columns-is-layout-flex\">\n<div class=\"wp-block-column is-layout-flow wp-block-column-is-layout-flow\"><div class=\"wp-block-image\">\n<figure class=\"aligncenter size-full is-resized\"><img loading=\"lazy\" decoding=\"async\" width=\"749\" height=\"1000\" src=\"https:\/\/www.egyptforever.hu\/ildiko\/wp-content\/uploads\/2025\/08\/The-God-Nun-Raises-the-Sun.webp\" alt=\"\" class=\"wp-image-15465\" style=\"width:1140px;height:auto\" srcset=\"https:\/\/www.egyptforever.hu\/ildiko\/wp-content\/uploads\/2025\/08\/The-God-Nun-Raises-the-Sun.webp 749w, https:\/\/www.egyptforever.hu\/ildiko\/wp-content\/uploads\/2025\/08\/The-God-Nun-Raises-the-Sun-225x300.webp 225w\" sizes=\"auto, (max-width: 749px) 100vw, 749px\" \/><\/figure>\n<\/div><\/div>\n<\/div>\n\n\n\n<hr class=\"wp-block-separator has-alpha-channel-opacity\"\/>\n\n\n\n<h3 class=\"wp-block-heading\"><strong>\u00c1mon-R\u00e9 \u2013 a birodalom istene<\/strong><\/h3>\n\n\n\n<p style=\"font-size:18px\">Az \u00dajbirodalom (i. e. 16\u201311. sz\u00e1zad) idej\u00e9n Th\u00e9ba v\u00e1lt Egyiptom f\u0151v\u00e1ros\u00e1v\u00e1, \u00e9s ezzel egy\u00fctt a helyi istens\u00e9g, <strong>\u00c1mon<\/strong> kultusza is k\u00f6zponti szerepet kapott. \u00c1mon eredetileg rejtett, l\u00e1thatatlan leveg\u0151isten volt, de Th\u00e9ba felemelked\u00e9s\u00e9vel orsz\u00e1gos hatalm\u00fa f\u0151istenn\u00e9 v\u00e1lt. Az \u00dajbirodalomban \u00c1mon-R\u00e9 kultusza v\u00e1lt domin\u00e1nss\u00e1. \u00c1mon, eredetileg leveg\u0151isten \u00e9s teremt\u0151 elem, a R\u00e9vel val\u00f3 egyes\u00fcl\u00e9ssel v\u00e1lt szol\u00e1ris istens\u00e9gg\u00e9. <\/p>\n\n\n\n<p style=\"font-size:18px\"><strong>Az \u00f6sszeolvad\u00e1s:<\/strong><\/p>\n\n\n\n<p style=\"font-size:18px\">\u00c1mont a napisten fens\u00e9g\u00e9vel azonos\u00edtott\u00e1k, \u00e9s megsz\u00fcletett az <strong>\u00c1mon-R\u00e9<\/strong> alakja. Ez a szinkretizmus lehet\u0151v\u00e9 tette, hogy az egyiptomiak \u00faj f\u0151v\u00e1ros\u00e1nak istene \u00e1tvegye a h\u00e9liopoliszi hagyom\u00e1ny tekint\u00e9ly\u00e9t.<\/p>\n\n\n\n<p style=\"font-size:18px\"><strong>\u00c1mon-R\u00e9 ikonogr\u00e1fi\u00e1ja:<\/strong><\/p>\n\n\n\n<ul class=\"wp-block-list\">\n<li style=\"font-size:18px\">Emberi alakban jelenik meg, fej\u00e9n magas, k\u00e9t tollb\u00f3l \u00e1ll\u00f3 korona.<\/li>\n\n\n\n<li style=\"font-size:18px\">Gyakran a napkoronggal azonos\u00edtj\u00e1k, amely R\u00e9 \u00f6r\u00f6ks\u00e9ge.<\/li>\n<\/ul>\n\n\n\n<p style=\"font-size:18px\"><strong>Jelent\u0151s\u00e9ge:<\/strong><\/p>\n\n\n\n<p style=\"font-size:18px\">\u00c1mon-R\u00e9 m\u00e1r nemcsak a f\u00e9ny \u00e9s az isteni rend ura volt, hanem <strong>politikai er\u0151<\/strong>, amely az eg\u00e9sz birodalmat \u00f6sszefogta. A f\u00e1ra\u00f3 hatalm\u00e1t is al\u00e1 kellett rendelni az \u00c1mon-paps\u00e1g tekint\u00e9ly\u00e9nek.<\/p>\n\n\n\n<p><\/p>\n\n\n\n<h3 class=\"wp-block-heading\"><strong>\u00c1mon-R\u00e9 kultusza Th\u00e9ba sz\u00edv\u00e9ben<\/strong><\/h3>\n\n\n\n<p style=\"font-size:18px\"><strong>Karnak \u00e9s Luxor templomai<\/strong><\/p>\n\n\n\n<p style=\"font-size:18px\">Az \u00dajbirodalom idej\u00e9n Th\u00e9ba lett a birodalom vall\u00e1si k\u00f6zpontja. Itt \u00e1llt a <strong>karnaki templomegy\u00fcttes<\/strong>, amely a vil\u00e1g egyik legnagyobb szent\u00e9lykomplexuma volt. A paps\u00e1g sz\u00e1zezres nagys\u00e1grendben szolg\u00e1lt benne. Az isten f\u0151alakja \u00c1mon-R\u00e9 volt, akit hatalmas gazdags\u00e1g \u00f6vezett. Az \u00c1mon-R\u00e9-kultusz hatalmas gazdas\u00e1gi er\u0151t k\u00e9pviselt: templomai f\u00f6ldbirtokokkal, haj\u00f3flott\u00e1kkal \u00e9s \u00f3ri\u00e1si papr\u00e9teggel rendelkeztek. Az istenhez pomp\u00e1s felvonul\u00e1sokat, haj\u00f3s k\u00f6rmeneteket rendeztek, amelyek sor\u00e1n szobr\u00e1t kivitt\u00e9k a templomb\u00f3l, \u00e9s m\u00e1s szent helyekhez vitt\u00e9k (pl. az Opet-\u00fcnnep).<\/p>\n\n\n\n<p style=\"font-size:18px\"><strong>Szertart\u00e1sok<\/strong><\/p>\n\n\n\n<ul class=\"wp-block-list\">\n<li style=\"font-size:18px\"><strong>Napi r\u00edtusok<\/strong>: hasonl\u00f3ak voltak a h\u00e9liopoliszihoz \u2013 mosdat\u00e1s, \u00f6lt\u00f6ztet\u00e9s, \u00e9tel-ital \u00e1ldozatok \u2013, de sokkal f\u00e9ny\u0171z\u0151bb kivitelben.<\/li>\n\n\n\n<li style=\"font-size:18px\"><strong>\u00c9ves \u00fcnnepek<\/strong>: a legnagyobb a <em>Opet-\u00fcnnep<\/em>, amikor \u00c1mon szobr\u00e1t Karnakb\u00f3l Luxor templom\u00e1ba vitt\u00e9k haj\u00f3n, a N\u00edluson. Ez az isten \u201e\u00fajj\u00e1sz\u00fclet\u00e9s\u00e9t\u201d \u00e9s a f\u00e1ra\u00f3 hatalm\u00e1nak meger\u0151s\u00edt\u00e9s\u00e9t jelentette.<\/li>\n<\/ul>\n\n\n\n<p style=\"font-size:18px\"><strong>A paps\u00e1g<\/strong><\/p>\n\n\n\n<p style=\"font-size:18px\">Az \u00c1mon-paps\u00e1g az \u00dajbirodalomban elk\u00e9peszt\u0151 hatalomra tett szert. \u0150k ir\u00e1ny\u00edtott\u00e1k a templomok gazdas\u00e1g\u00e1t, f\u00f6ldbirtokokat, m\u0171helyeket, haj\u00f3flott\u00e1kat birtokoltak. Egyiptom val\u00f3j\u00e1ban kett\u0151s hatalom alatt \u00e1llt: a f\u00e1ra\u00f3 \u00e9s az \u00c1mon-paps\u00e1g egyar\u00e1nt isteni jogokat gyakorolt.<\/p>\n\n\n\n<p style=\"font-size:18px\"><strong>Vall\u00e1si jelent\u00e9s<\/strong><\/p>\n\n\n\n<p style=\"font-size:18px\">\u00c1mon-R\u00e9 kultusza m\u00e1r nemcsak a Nap f\u00e9ny\u00e9r\u0151l sz\u00f3lt, hanem az <strong>\u00e1llam fenntart\u00e1s\u00e1r\u00f3l<\/strong>. Az \u00fcnnepek \u00e9s szertart\u00e1sok a birodalom erej\u00e9t, a f\u00e1ra\u00f3 isteni legitimit\u00e1s\u00e1t \u00e9s az isten k\u00f6zels\u00e9g\u00e9t biztos\u00edtott\u00e1k.<\/p>\n\n\n\n<div class=\"wp-block-columns is-layout-flex wp-container-core-columns-is-layout-9d6595d7 wp-block-columns-is-layout-flex\">\n<div class=\"wp-block-column is-layout-flow wp-block-column-is-layout-flow\"><div class=\"wp-block-image\">\n<figure class=\"aligncenter size-large is-resized\"><img loading=\"lazy\" decoding=\"async\" width=\"1024\" height=\"699\" src=\"https:\/\/www.egyptforever.hu\/ildiko\/wp-content\/uploads\/2025\/08\/Egyptian_19th_Dynasty_-_The_sun_god_Ra_in_his_solar_barque_protected_by_the_coils_of_a_serpent_from_the_-_MeisterDrucke-417579-1024x699.jpg\" alt=\"\" class=\"wp-image-15461\" style=\"width:1176px;height:auto\" srcset=\"https:\/\/www.egyptforever.hu\/ildiko\/wp-content\/uploads\/2025\/08\/Egyptian_19th_Dynasty_-_The_sun_god_Ra_in_his_solar_barque_protected_by_the_coils_of_a_serpent_from_the_-_MeisterDrucke-417579-1024x699.jpg 1024w, https:\/\/www.egyptforever.hu\/ildiko\/wp-content\/uploads\/2025\/08\/Egyptian_19th_Dynasty_-_The_sun_god_Ra_in_his_solar_barque_protected_by_the_coils_of_a_serpent_from_the_-_MeisterDrucke-417579-300x205.jpg 300w, https:\/\/www.egyptforever.hu\/ildiko\/wp-content\/uploads\/2025\/08\/Egyptian_19th_Dynasty_-_The_sun_god_Ra_in_his_solar_barque_protected_by_the_coils_of_a_serpent_from_the_-_MeisterDrucke-417579-768x524.jpg 768w, https:\/\/www.egyptforever.hu\/ildiko\/wp-content\/uploads\/2025\/08\/Egyptian_19th_Dynasty_-_The_sun_god_Ra_in_his_solar_barque_protected_by_the_coils_of_a_serpent_from_the_-_MeisterDrucke-417579.jpg 1260w\" sizes=\"auto, (max-width: 1024px) 100vw, 1024px\" \/><\/figure>\n<\/div><\/div>\n<\/div>\n\n\n\n<hr class=\"wp-block-separator has-alpha-channel-opacity\"\/>\n\n\n\n<h3 class=\"wp-block-heading\"><strong>R\u00e9-Harakhty \u2013 H\u00f3rusz \u00e9s R\u00e9 egyes\u00fcl\u00e9se<\/strong><\/h3>\n\n\n\n<p style=\"font-size:18px\">A napisten harmadik nagy alakja a <strong>R\u00e9-Harakhty<\/strong> (\u201eR\u00e9, aki H\u00f3ruszk\u00e9nt uralkodik a k\u00e9t horizonton\u201d). Ez az istenalak azt hangs\u00falyozza, hogy a Nap az \u00e9gbolt k\u00e9t v\u00e9g\u00e9n \u2013 a napkelte \u00e9s napnyugta horizontj\u00e1n \u2013 sz\u00fcletik \u00e9s hal meg, m\u00e9gis \u00f6r\u00f6k k\u00f6rforg\u00e1sban uralja az eget.<\/p>\n\n\n\n<p style=\"font-size:18px\"><strong>Ikonogr\u00e1fia:<\/strong><\/p>\n\n\n\n<ul class=\"wp-block-list\">\n<li style=\"font-size:18px\">S\u00f3lyomtest\u0171 isten, fej\u00e9n napkoronggal \u00e9s az uraeusszal.<\/li>\n\n\n\n<li style=\"font-size:18px\">Gyakran \u00fcl\u0151 alakban \u00e1br\u00e1zolj\u00e1k a napb\u00e1rk\u00e1n, amint v\u00e9gighalad az \u00e9gbolton.<\/li>\n<\/ul>\n\n\n\n<p style=\"font-size:18px\"><strong>Kultusz:<\/strong><\/p>\n\n\n\n<ul class=\"wp-block-list\">\n<li style=\"font-size:18px\">K\u00f6zponti helysz\u00edne H\u00e9liopolisz maradt, de R\u00e9-Harakhty alakja k\u00fcl\u00f6n\u00f6sen fontos lett az \u00dajbirodalomban.<\/li>\n\n\n\n<li style=\"font-size:18px\">Szorosan kapcsol\u00f3dott a kir\u00e1lys\u00e1g ideol\u00f3gi\u00e1j\u00e1hoz: a f\u00e1ra\u00f3 volt az, aki \u201ea k\u00e9t horizont ura\u201d, vagyis a vil\u00e1g mindk\u00e9t hat\u00e1r\u00e1t birtokolja.<\/li>\n<\/ul>\n\n\n\n<p><\/p>\n\n\n\n<h3 class=\"wp-block-heading\"><strong>R\u00e9-Harakhty kultusza \u2013 a horizont ura<\/strong><\/h3>\n\n\n\n<p style=\"font-size:18px\"><strong>A napb\u00e1rka r\u00edtusai<\/strong><\/p>\n\n\n\n<p style=\"font-size:18px\">R\u00e9-Harakhty k\u00fcl\u00f6n\u00f6sen a Nap \u00fatj\u00e1val kapcsolatos r\u00edtusokban kapott hangs\u00falyt. Az egyiptomiak hitt\u00e9k, hogy a Nap minden nap egy b\u00e1rk\u00e1n kel \u00fatra:<\/p>\n\n\n\n<ul class=\"wp-block-list\">\n<li style=\"font-size:18px\"><strong>Nappal<\/strong>: a \u201eMandzset-b\u00e1rka\u201d vitte a keleti horizontt\u00f3l a nyugatiig.<\/li>\n\n\n\n<li style=\"font-size:18px\"><strong>\u00c9jjel<\/strong>: a \u201eMeseztet-b\u00e1rka\u201d haj\u00f3zott az alvil\u00e1g s\u00f6t\u00e9t vizein, ahol R\u00e9 minden \u00e9jjel megk\u00fczd\u00f6tt Apopisszal, a k\u00e1osz k\u00edgy\u00f3j\u00e1val.<\/li>\n<\/ul>\n\n\n\n<p style=\"font-size:18px\">A papok ritu\u00e1lis sz\u00f6vegekkel seg\u00edtett\u00e9k, hogy az isten legy\u0151zze a s\u00f6t\u00e9ts\u00e9g er\u0151it. A \u201eHalottak k\u00f6nyve\u201d sz\u00e1mos fejezete val\u00f3j\u00e1ban ezeknek a r\u00edtusoknak a kozmikus kivet\u00edt\u00e9se.<\/p>\n\n\n\n<p style=\"font-size:18px\"><strong>Ikonogr\u00e1fia<\/strong><\/p>\n\n\n\n<p style=\"font-size:18px\">A templomok fal\u00e1n R\u00e9-Harakhty s\u00f3lyomfej\u0171 alakban jelenik meg, a napkoronggal \u00e9s az uraeus k\u00edgy\u00f3val. Gyakran l\u00e1thatjuk \u0151t amint a napb\u00e1rk\u00e1n \u00fcl, m\u00f6g\u00f6tte \u00e9s el\u0151tte m\u00e1s istenek seg\u00edtik \u00fatj\u00e1n.<\/p>\n\n\n\n<p style=\"font-size:18px\"><strong>Vall\u00e1si \u00fczenet<\/strong><\/p>\n\n\n\n<p style=\"font-size:18px\">R\u00e9-Harakhty kultusza azt hangs\u00falyozza, hogy a vil\u00e1g fennmarad\u00e1sa <strong>\u00f6r\u00f6k harc<\/strong>: minden nap meg kell k\u00fczdeni a k\u00e1osz ellen, \u00e9s minden hajnal a f\u00e9ny diadal\u00e1t hirdeti. Ez az \u00fczenet k\u00fcl\u00f6n\u00f6sen az \u00dajbirodalom idej\u00e9n kapott hangs\u00falyt, amikor a birodalom hat\u00e1rain is \u00e1lland\u00f3 katonai fenyeget\u00e9s volt jelen.<\/p>\n\n\n\n<div class=\"wp-block-columns is-layout-flex wp-container-core-columns-is-layout-9d6595d7 wp-block-columns-is-layout-flex\">\n<div class=\"wp-block-column is-layout-flow wp-block-column-is-layout-flow\"><div class=\"wp-block-image\">\n<figure class=\"aligncenter size-large is-resized\"><img loading=\"lazy\" decoding=\"async\" width=\"802\" height=\"1024\" src=\"https:\/\/www.egyptforever.hu\/ildiko\/wp-content\/uploads\/2025\/08\/4260.jpg-802x1024.webp\" alt=\"\" class=\"wp-image-15464\" style=\"width:1148px;height:auto\" srcset=\"https:\/\/www.egyptforever.hu\/ildiko\/wp-content\/uploads\/2025\/08\/4260.jpg-802x1024.webp 802w, https:\/\/www.egyptforever.hu\/ildiko\/wp-content\/uploads\/2025\/08\/4260.jpg-235x300.webp 235w, https:\/\/www.egyptforever.hu\/ildiko\/wp-content\/uploads\/2025\/08\/4260.jpg-768x980.webp 768w, https:\/\/www.egyptforever.hu\/ildiko\/wp-content\/uploads\/2025\/08\/4260.jpg.webp 1175w\" sizes=\"auto, (max-width: 802px) 100vw, 802px\" \/><\/figure>\n<\/div><\/div>\n<\/div>\n\n\n\n<hr class=\"wp-block-separator has-alpha-channel-opacity\"\/>\n\n\n\n<p><\/p>\n\n\n\n<h3 class=\"wp-block-heading\"><strong>A h\u00e1rom napisten k\u00fcl\u00f6nbs\u00e9gei \u00e9s egyez\u00e9sei<\/strong><\/h3>\n\n\n\n<ul class=\"wp-block-list\">\n<li style=\"font-size:18px\"><strong>R\u00e9 (klasszikus)<\/strong>: hangs\u00faly a teremt\u00e9sen, a vil\u00e1g hajnal\u00e1n.<\/li>\n\n\n\n<li style=\"font-size:18px\"><strong>\u00c1mon-R\u00e9<\/strong>: hangs\u00faly a politikai hatalmon, a birodalom fenntart\u00e1s\u00e1n.<\/li>\n\n\n\n<li style=\"font-size:18px\"><strong>R\u00e9-Harakhty<\/strong>: hangs\u00faly a kozmikus harcon, a Nap napi k\u00f6rforg\u00e1s\u00e1n.<\/li>\n<\/ul>\n\n\n\n<p style=\"font-size:18px\">Ezek nem egym\u00e1st kiz\u00e1r\u00f3 szerepek, hanem egym\u00e1st kieg\u00e9sz\u00edt\u0151 arcok. Egy egyiptomi ember sz\u00e1m\u00e1ra R\u00e9 lehetett egyszerre a teremt\u0151 isten, a birodalom ura \u00e9s a horizont napistene \u2013 att\u00f3l f\u00fcgg\u0151en, melyik templomba l\u00e9pett be, vagy melyik im\u00e1t mondta el.<\/p>\n\n\n\n<figure class=\"wp-block-table\"><table class=\"has-fixed-layout\"><thead><tr><td><\/td><td><strong>Klasszikus R\u00e9<\/strong><\/td><td><strong>\u00c1mon-R\u00e9<\/strong><\/td><td><strong>R\u00e9-Harakhty<\/strong><\/td><\/tr><\/thead><tbody><tr><td><strong>K\u00f6zpont<\/strong><\/td><td>H\u00e9liopolisz<\/td><td>Th\u00e9ba<\/td><td>H\u00e9liopolisz<\/td><\/tr><tr><td><strong>Szerep<\/strong><\/td><td>Teremt\u0151, kozmikus kir\u00e1ly<\/td><td>Birodalmi f\u0151isten, politikai hatalom t\u00e1masza<\/td><td>A horizont urak\u00e9nt a Nap \u00f6r\u00f6k k\u00f6rforg\u00e1s\u00e1nak szimb\u00f3luma<\/td><\/tr><tr><td><strong>Ikonogr\u00e1fia<\/strong><\/td><td>S\u00f3lyomfej, napkorong<\/td><td>Ember alak, k\u00e9t tollkorona, napkorong<\/td><td>S\u00f3lyomtest, napb\u00e1rk\u00e1n \u00fcl\u0151 isten<\/td><\/tr><tr><td><strong>Kultusz<\/strong><\/td><td>Hajnali \u00e9s napi \u00e1ldozatok, obeliszkek<\/td><td>Karnak \u00e9s Luxor templomai, Opet-\u00fcnnep<\/td><td>\u00c9gbolton \u00e1thalad\u00f3 nap haj\u00f3j\u00e1nak r\u00edtusai<\/td><\/tr><tr><td><strong>Hangs\u00faly<\/strong><\/td><td>Kozmosz teremt\u00e9se, isteni rend<\/td><td>\u00c1llamhatalom, papok gazdas\u00e1gi befoly\u00e1sa<\/td><td>Nap k\u00f6rforg\u00e1sa, a kir\u00e1lys\u00e1g kozmikus igazol\u00e1sa<\/td><\/tr><\/tbody><\/table><\/figure>\n\n\n\n<h3 class=\"wp-block-heading\"><strong>Mitol\u00f3giai \u00e9s vall\u00e1si szinkretizmus<\/strong><\/h3>\n\n\n\n<p style=\"font-size:18px\">Ezek az alakv\u00e1ltoz\u00e1sok nem ellentmond\u00e1sok, hanem az egyiptomi vall\u00e1s <strong>rugalmas szinkretizmus\u00e1nak<\/strong> bizony\u00edt\u00e9kai. Az egyiptomiak sz\u00e1m\u00e1ra ugyanaz az isteni er\u0151 k\u00fcl\u00f6nb\u00f6z\u0151 form\u00e1kban nyilv\u00e1nulhatott meg:<\/p>\n\n\n\n<ul class=\"wp-block-list\">\n<li style=\"font-size:18px\">A klasszikus R\u00e9 a mindens\u00e9g \u0151serej\u00e9t, a f\u00e9ny sz\u00fclet\u00e9s\u00e9t jelk\u00e9pezte.<\/li>\n\n\n\n<li style=\"font-size:18px\">\u00c1mon-R\u00e9 az \u00e1llam istenek\u00e9nt a birodalmat \u00f6sszetart\u00f3, szinte politikai \u201elegf\u0151bb hatalom\u201d lett.<\/li>\n\n\n\n<li style=\"font-size:18px\">R\u00e9-Harakhty pedig a Nap \u00f6r\u00f6k meg\u00fajul\u00e1s\u00e1nak kozmikus \u00fczenet\u00e9t hordozta.<\/li>\n<\/ul>\n\n\n\n<p style=\"font-size:18px\">Mindh\u00e1rom alakban k\u00f6z\u00f6s, hogy <strong>a Nap legy\u0151zi a s\u00f6t\u00e9ts\u00e9get, a rend legy\u0151zi a k\u00e1oszt<\/strong> \u2013 \u00e9s minden reggel \u00fajra megsz\u00fcletik a vil\u00e1g.<\/p>\n\n\n\n<hr class=\"wp-block-separator has-alpha-channel-opacity\"\/>\n\n\n\n<div class=\"wp-block-columns is-layout-flex wp-container-core-columns-is-layout-9d6595d7 wp-block-columns-is-layout-flex\">\n<div class=\"wp-block-column is-layout-flow wp-block-column-is-layout-flow\">\n<figure class=\"wp-block-image size-full\"><img loading=\"lazy\" decoding=\"async\" width=\"960\" height=\"718\" src=\"https:\/\/www.egyptforever.hu\/ildiko\/wp-content\/uploads\/2023\/04\/172292222_2158987947570218_8418957017269693569_n.jpg\" alt=\"\" class=\"wp-image-4248\" srcset=\"https:\/\/www.egyptforever.hu\/ildiko\/wp-content\/uploads\/2023\/04\/172292222_2158987947570218_8418957017269693569_n.jpg 960w, https:\/\/www.egyptforever.hu\/ildiko\/wp-content\/uploads\/2023\/04\/172292222_2158987947570218_8418957017269693569_n-300x224.jpg 300w, https:\/\/www.egyptforever.hu\/ildiko\/wp-content\/uploads\/2023\/04\/172292222_2158987947570218_8418957017269693569_n-768x574.jpg 768w\" sizes=\"auto, (max-width: 960px) 100vw, 960px\" \/><figcaption class=\"wp-element-caption\">Karnak Templom<\/figcaption><\/figure>\n<\/div>\n\n\n\n<div class=\"wp-block-column is-layout-flow wp-block-column-is-layout-flow\">\n<figure class=\"wp-block-image size-large\"><img loading=\"lazy\" decoding=\"async\" width=\"1024\" height=\"768\" src=\"https:\/\/www.egyptforever.hu\/ildiko\/wp-content\/uploads\/2025\/08\/Great-Temple-of-Ramses-II-temples-larger-1024x768.jpg\" alt=\"\" class=\"wp-image-15470\" srcset=\"https:\/\/www.egyptforever.hu\/ildiko\/wp-content\/uploads\/2025\/08\/Great-Temple-of-Ramses-II-temples-larger-1024x768.jpg 1024w, https:\/\/www.egyptforever.hu\/ildiko\/wp-content\/uploads\/2025\/08\/Great-Temple-of-Ramses-II-temples-larger-300x225.jpg 300w, https:\/\/www.egyptforever.hu\/ildiko\/wp-content\/uploads\/2025\/08\/Great-Temple-of-Ramses-II-temples-larger-768x576.jpg 768w, https:\/\/www.egyptforever.hu\/ildiko\/wp-content\/uploads\/2025\/08\/Great-Temple-of-Ramses-II-temples-larger-1536x1152.jpg 1536w, https:\/\/www.egyptforever.hu\/ildiko\/wp-content\/uploads\/2025\/08\/Great-Temple-of-Ramses-II-temples-larger.jpg 1600w\" sizes=\"auto, (max-width: 1024px) 100vw, 1024px\" \/><figcaption class=\"wp-element-caption\">Abu Simbel Temploma<\/figcaption><\/figure>\n<\/div>\n<\/div>\n\n\n\n<h2 class=\"wp-block-heading\"><strong>A Napisten templomai \u00e9s szent helyei<\/strong><\/h2>\n\n\n\n<p><\/p>\n\n\n\n<h3 class=\"wp-block-heading\"><strong>1. H\u00e9liopolisz \u2013 R\u00e9 \u0151si k\u00f6zpontja<\/strong><\/h3>\n\n\n\n<p style=\"font-size:18px\">H\u00e9liopolisz (<em>Iunu<\/em>, \u201eOszlopok v\u00e1rosa\u201d) m\u00e1r az \u00d3birodalom el\u0151tt a Napisten f\u0151 kultuszk\u00f6zpontja volt. Itt \u00e1lltak a legels\u0151 <strong>naptemplomok<\/strong>, amelyek saj\u00e1toss\u00e1ga, hogy nem fedett szent\u00e9lyek voltak, hanem <strong>nyitott udvarok<\/strong>, hogy a Nap sugarai k\u00f6zvetlen\u00fcl el\u00e9rhess\u00e9k a szent tereket.<\/p>\n\n\n\n<p style=\"font-size:18px\"><strong>Az obeliszkek v\u00e1rosa<\/strong><\/p>\n\n\n\n<p style=\"font-size:18px\">Az obeliszkek H\u00e9liopolisz tal\u00e1lm\u00e1nyai. Ezek a hatalmas k\u0151t\u0171k a <strong>benben-k\u0151<\/strong> (az a piramisszer\u0171 alakzat, amelyre a m\u00edtosz szerint el\u0151sz\u00f6r lesz\u00e1llt a Nap) megnagy\u00edtott v\u00e1ltozatai. A cs\u00facson aranyozott piramidion \u00fclt, amely hajnalban felragyogott a Nap f\u00e9ny\u00e9ben. Ezek nemcsak a Nap sugarait testes\u00edtett\u00e9k meg, hanem a <strong>vil\u00e1g tengely\u00e9t<\/strong> is: ahogy a Nap minden reggel felkel, \u00fagy az obeliszk a f\u00f6ld \u00e9s \u00e9g k\u00f6zti kapcsolatot jelen\u00edtette meg.<\/p>\n\n\n\n<p style=\"font-size:18px\"><strong>Szertart\u00e1sok<\/strong><\/p>\n\n\n\n<p style=\"font-size:18px\">H\u00e9liopoliszban a papok minden hajnalban himnuszokkal \u00fcdv\u00f6z\u00f6lt\u00e9k R\u00e9 felkel\u00e9s\u00e9t. A v\u00e1ros b\u00f6lcsess\u00e9ge h\u00edres volt \u2013 a g\u00f6r\u00f6g\u00f6k k\u00e9s\u0151bb itt tal\u00e1lkoztak az egyiptomi \u201enapb\u00f6lcsess\u00e9ggel\u201d. Az itt szolg\u00e1l\u00f3 f\u0151papok hatalmas befoly\u00e1ssal b\u00edrtak: H\u00e9liopolisz szellemi k\u00f6zpont volt, ahol a teremt\u00e9s-m\u00edtoszokat is lejegyezt\u00e9k.<\/p>\n\n\n\n<p><\/p>\n\n\n\n<h3 class=\"wp-block-heading\"><strong>2. Karnak \u2013 \u00c1mon-R\u00e9 f\u00f6ldi palot\u00e1ja<\/strong><\/h3>\n\n\n\n<p style=\"font-size:18px\">A th\u00e9bai Karnak templomegy\u00fcttese minden bizonnyal az \u00f3kori vil\u00e1g legnagyobb vall\u00e1si \u00e9p\u00edtkez\u00e9se volt. F\u0151istene \u00c1mon-R\u00e9, akit itt a Napisten \u00e9s a birodalom patr\u00f3nusak\u00e9nt tiszteltek.<\/p>\n\n\n\n<p style=\"font-size:18px\"><strong>A templom m\u00e9retei<\/strong><\/p>\n\n\n\n<ul class=\"wp-block-list\">\n<li style=\"font-size:18px\">Hatalmas oszlopcsarnok (134 oszloppal, melyek 15-18 m\u00e9ter magas), melyet \u00fagy \u00e9p\u00edtettek, hogy a napf\u00e9ny bizonyos sz\u00f6gekben sz\u0171r\u0151dj\u00f6n be.<\/li>\n\n\n\n<li style=\"font-size:18px\">Szent tavak, ahol a papok megtisztul\u00e1si r\u00edtusokat v\u00e9geztek, miel\u0151tt az istenhez j\u00e1rultak.<\/li>\n\n\n\n<li style=\"font-size:18px\">Templomok eg\u00e9sz sora, amelyek \u00e9vsz\u00e1zadok alatt \u00e9p\u00fcltek egym\u00e1sra, a mindenkori f\u00e1ra\u00f3k dics\u0151s\u00e9g\u00e9re.<\/li>\n<\/ul>\n\n\n\n<p style=\"font-size:18px\"><strong>R\u00edtusok<\/strong><\/p>\n\n\n\n<p style=\"font-size:18px\">A napi szertart\u00e1sok itt is a Nap felkelt\u00e9vel kezd\u0151dtek. A papok mosdatt\u00e1k, \u00f6lt\u00f6ztett\u00e9k az isten szobr\u00e1t, majd \u00e9telt-italt aj\u00e1nlottak neki. A legnagyobb \u00fcnnep az <strong>Opet-\u00fcnnep<\/strong> volt: \u00c1mon-R\u00e9 szobr\u00e1t haj\u00f3val vitt\u00e9k Karnakb\u00f3l Luxor templom\u00e1ba, ahol a n\u00e9p ujjongva fogadta. Ez a r\u00edtus az isten \u00e9s a f\u00e1ra\u00f3 sz\u00f6vets\u00e9g\u00e9t er\u0151s\u00edtette meg \u2013 \u00c1mon-R\u00e9 \u00e1ld\u00e1sa n\u00e9lk\u00fcl a f\u00e1ra\u00f3 hatalma nem volt \u00e9rv\u00e9nyes.<\/p>\n\n\n\n<p style=\"font-size:18px\"><strong>Politikai er\u0151<\/strong> <\/p>\n\n\n\n<p style=\"font-size:18px\">Karnak templomai Egyiptom leggazdagabb int\u00e9zm\u00e9nyei voltak. F\u00f6ldeket, rakt\u00e1rakat, \u00e1llat\u00e1llom\u00e1nyt birtokoltak, \u00e9s a papok politikai t\u00e9nyez\u0151kk\u00e9 v\u00e1ltak. \u00c1mon-R\u00e9 kultusza \u00edgy nemcsak vall\u00e1si, hanem \u00e1llamfenntart\u00f3 er\u0151 is volt.<\/p>\n\n\n\n<p><\/p>\n\n\n\n<h3 class=\"wp-block-heading\"><strong>3. Luxor \u2013 a nap\u00e9ves ciklus temploma<\/strong><\/h3>\n\n\n\n<p style=\"font-size:18px\">Luxor templom\u00e1t III. Amenhotep \u00e9p\u00edttette, \u00e9s az Opet-\u00fcnnep c\u00e9l\u00e1llom\u00e1sak\u00e9nt szolg\u00e1lt.<\/p>\n\n\n\n<p style=\"font-size:18px\"><strong>Szimbolika<\/strong><\/p>\n\n\n\n<p style=\"font-size:18px\">M\u00edg Karnak a kozmikus teremt\u00e9st jelk\u00e9pezte, Luxor a <strong>meg\u00fajul\u00e1st<\/strong>: itt nyerte vissza \u00c1mon-R\u00e9 isteni energi\u00e1j\u00e1t minden \u00e9vben, amelyet azt\u00e1n a f\u00e1ra\u00f3 hatalm\u00e1nak meger\u0151s\u00edt\u00e9s\u00e9re ruh\u00e1zott \u00e1t. Luxor temploma teh\u00e1t nemcsak vall\u00e1si k\u00f6zpont volt, hanem a <strong>politikai legitim\u00e1ci\u00f3<\/strong> helysz\u00edne is.<\/p>\n\n\n\n<p><\/p>\n\n\n\n<h3 class=\"wp-block-heading\"><strong>4. Abu Szimbel \u2013 R\u00e9-Harakhty temploma a napf\u00e9ny csod\u00e1j\u00e1val<\/strong><\/h3>\n\n\n\n<p style=\"font-size:18px\">A Nubia szikl\u00e1i k\u00f6z\u00e9 v\u00e1jt <strong>Abu Szimbel temploma<\/strong> II. Ramszesz hatalm\u00e1t hirdette, \u00e9s R\u00e9-Harakhty tisztelet\u00e9re emelt\u00e9k.<\/p>\n\n\n\n<p style=\"font-size:18px\"><strong>A napf\u00e9ny miszt\u00e9riuma<\/strong><\/p>\n\n\n\n<p style=\"font-size:18px\">A templom bej\u00e1rata n\u00e9gy \u00f3ri\u00e1si \u00fcl\u0151szoborral \u00e1br\u00e1zolja Ramszeszt, f\u00f6l\u00f6tt\u00fck R\u00e9-Harakhty napkorongja l\u00e1that\u00f3. A templom belsej\u00e9ben \u00e9vente k\u00e9tszer (febru\u00e1r 22-\u00e9n \u00e9s okt\u00f3ber 22-\u00e9n) a felkel\u0151 nap sugarai egyenesen bevil\u00e1g\u00edtanak a szent\u00e9ly m\u00e9ly\u00e9re, \u00e9s megvil\u00e1g\u00edtj\u00e1k a f\u00e1ra\u00f3 isten\u00edtett szobr\u00e1t. Ez az \u00e9p\u00edt\u00e9szeti csoda a Napisten \u00e9s a f\u00e1ra\u00f3 k\u00f6zti <strong>\u00f6r\u00f6k sz\u00f6vets\u00e9get<\/strong> testes\u00edtette meg.<\/p>\n\n\n\n<p style=\"font-size:18px\"><\/p>\n\n\n\n<h3 class=\"wp-block-heading\"><strong>R\u00e9 templomainak paps\u00e1ga \u00e9s a r\u00edtusok jelent\u00e9se<\/strong><\/h3>\n\n\n\n<p style=\"font-size:18px\"><strong>Kik voltak a papok?<\/strong><\/p>\n\n\n\n<ul class=\"wp-block-list\">\n<li style=\"font-size:18px\">A papok (hem-netjer = \u201eaz isten szolg\u00e1i\u201d) szigor\u00fa tisztas\u00e1gi szab\u00e1lyok szerint \u00e9ltek. Naponta t\u00f6bbsz\u00f6r f\u00fcr\u00f6dtek, borotv\u00e1lt\u00e1k test\u00fcket, hogy semmi tiszt\u00e1talan ne \u00e9rintse az isteneket.<\/li>\n\n\n\n<li style=\"font-size:18px\">Nem minden pap volt teljes \u00e1ll\u00e1s\u00fa: sokan rot\u00e1ci\u00f3ban szolg\u00e1ltak, hogy vil\u00e1gi hivatalaikat is ell\u00e1thass\u00e1k.<\/li>\n<\/ul>\n\n\n\n<p style=\"font-size:18px\"><strong>A kultusz gyakorlatai<\/strong><\/p>\n\n\n\n<ul class=\"wp-block-list\">\n<li style=\"font-size:18px\"><strong>Napi szertart\u00e1s<\/strong>: mosdat\u00e1s, \u00f6lt\u00f6ztet\u00e9s, \u00e9tel-ital \u00e1ldozat, himnuszok.<\/li>\n\n\n\n<li style=\"font-size:18px\"><strong>\u00c9ves \u00fcnnepek<\/strong>: haj\u00f3s k\u00f6rmenetek (Opet, Szok\u00e1r-\u00fcnnep), amelyek az isten jelenl\u00e9t\u00e9t vitt\u00e9k ki a n\u00e9p k\u00f6z\u00e9.<\/li>\n\n\n\n<li style=\"font-size:18px\"><strong>Miszt\u00e9riumj\u00e1t\u00e9kok<\/strong>: p\u00e9ld\u00e1ul a Nap \u00e9jszakai utaz\u00e1s\u00e1nak dramatikus bemutat\u00e1sa, ahol a papok seg\u00edtettek legy\u0151zni Apopiszt.<\/li>\n<\/ul>\n\n\n\n<p style=\"font-size:18px\"><strong>Vall\u00e1si jelent\u00e9s<\/strong><\/p>\n\n\n\n<p style=\"font-size:18px\">Minden egyes r\u00edtus c\u00e9lja ugyanaz volt: <strong>fenntartani a vil\u00e1g rendj\u00e9t (Maat)<\/strong>. Ha az isteneket tisztelt\u00e9k, a Nap felkelt, a N\u00edlus \u00e1rad\u00e1sa id\u0151ben \u00e9rkezett, a f\u00f6ld term\u00e9keny maradt.<\/p>\n\n\n\n<hr class=\"wp-block-separator has-alpha-channel-opacity\"\/>\n\n\n\n<div class=\"wp-block-columns is-layout-flex wp-container-core-columns-is-layout-9d6595d7 wp-block-columns-is-layout-flex\">\n<div class=\"wp-block-column is-layout-flow wp-block-column-is-layout-flow\"><div class=\"wp-block-image\">\n<figure class=\"aligncenter size-full is-resized\"><img loading=\"lazy\" decoding=\"async\" width=\"966\" height=\"838\" src=\"https:\/\/www.egyptforever.hu\/ildiko\/wp-content\/uploads\/2025\/08\/ra_and_ra_horakhty_border.jpg\" alt=\"\" class=\"wp-image-15467\" style=\"width:1114px;height:auto\" srcset=\"https:\/\/www.egyptforever.hu\/ildiko\/wp-content\/uploads\/2025\/08\/ra_and_ra_horakhty_border.jpg 966w, https:\/\/www.egyptforever.hu\/ildiko\/wp-content\/uploads\/2025\/08\/ra_and_ra_horakhty_border-300x260.jpg 300w, https:\/\/www.egyptforever.hu\/ildiko\/wp-content\/uploads\/2025\/08\/ra_and_ra_horakhty_border-768x666.jpg 768w\" sizes=\"auto, (max-width: 966px) 100vw, 966px\" \/><\/figure>\n<\/div><\/div>\n<\/div>\n\n\n\n<h2 class=\"wp-block-heading\"><strong>R\u00e9 himnuszai \u00e9s magyar\u00e1zatuk<\/strong><\/h2>\n\n\n\n<h3 class=\"wp-block-heading\"><strong>1. A Hajnali Himnusz R\u00e9hez<\/strong><\/h3>\n\n\n\n<p style=\"font-size:17px\">(<em>Halottak K\u00f6nyve, 15. fejezet<\/em>)<\/p>\n\n\n\n<p style=\"font-size:17px\"><em>\u201e\u00dcdv\u00f6zl\u00e9gy, aki felkelsz a horizonton,<br>te, aki ragyogsz, mint arany a hajnalban,<br>szent napkorong, ki \u00e9ltet minden l\u00e9tez\u0151t!<br>Emberek \u00e9s istenek \u00f6rvendeznek el\u0151tted,<br>mikor f\u00e9nyed sz\u00e9t\u00e1rad a f\u00f6ld\u00f6n.<br>Minden arc fel\u00e9d fordul,<br>\u00e9s a sz\u00edv \u00f6r\u00f6mben f\u00fcrdik jelenl\u00e9tedben.\u201d<\/em><\/p>\n\n\n\n<p style=\"font-size:18px\"><strong>Magyar\u00e1zat<\/strong><\/p>\n\n\n\n<p style=\"font-size:18px\">Ez a himnusz minden nap hajnalban hangzott el a templomok udvar\u00e1n. A papok a Nap felkeltekor \u00e9nekelt\u00e9k, ezzel seg\u00edtve R\u00e9-t, hogy \u00fajra diadalmasan el\u0151bukkanjon az \u00e9jszaka s\u00f6t\u00e9tj\u00e9b\u0151l.<\/p>\n\n\n\n<ul class=\"wp-block-list\">\n<li style=\"font-size:18px\"><strong>K\u00e9pvil\u00e1ga<\/strong>: aranyf\u00e9ny, horizont, sz\u00edv\u00f6r\u00f6m \u2013 mind az \u00e9let \u00e9s a rem\u00e9ny jelk\u00e9pei.<\/li>\n\n\n\n<li style=\"font-size:18px\"><strong>Teol\u00f3giai \u00fczenete<\/strong>: A Nap felkel\u00e9se nem mag\u00e1t\u00f3l \u00e9rtet\u0151d\u0151 term\u00e9szeti jelens\u00e9g, hanem isteni aj\u00e1nd\u00e9k, az isten gy\u0151zelm\u00e9nek bizony\u00edt\u00e9ka a k\u00e1osz felett.<\/li>\n\n\n\n<li style=\"font-size:18px\"><strong>Emberi vonatkoz\u00e1s<\/strong>: A hajnali f\u00e9nyben minden ember szem\u00e9lyesen is r\u00e9szesedik az isteni kegyelemben.<\/li>\n<\/ul>\n\n\n\n<p><\/p>\n\n\n\n<h3 class=\"wp-block-heading\"><strong>2. Esti Himnusz R\u00e9hez<\/strong><\/h3>\n\n\n\n<p style=\"font-size:17px\">(<em>Halottak K\u00f6nyve, 133. fejezet<\/em>)<\/p>\n\n\n\n<p style=\"font-size:17px\"><em>\u201eLemen\u0151 Nap, ki a nyugati hegyek fel\u00e9 hajolsz,<br>nyugalmat hozol a sz\u00edvnek, b\u00e9k\u00e9t a f\u00f6ldnek.<br>Elrejt\u0151z\u00f6l arany b\u00e1rk\u00e1don,<br>s a holtak orsz\u00e1g\u00e1n kereszt\u00fcl haj\u00f3zol.<br>Legyen vil\u00e1goss\u00e1god az alvil\u00e1gban is,<br>hogy a gonosz k\u00edgy\u00f3 ne gy\u0151zhessen f\u00f6l\u00f6tted.\u201d<\/em><\/p>\n\n\n\n<p style=\"font-size:18px\"><strong>Magyar\u00e1zat<\/strong><\/p>\n\n\n\n<p style=\"font-size:18px\">Ez a himnusz az esti szertart\u00e1s r\u00e9sze volt. Amikor a Nap lebukott, az egyiptomiak tudt\u00e1k: R\u00e9 most vesz\u00e9lyes \u00fatra indul az alvil\u00e1gon \u00e1t, ahol Apopisz k\u00edgy\u00f3 minden \u00e9jjel megk\u00eds\u00e9rli elnyelni.<\/p>\n\n\n\n<ul class=\"wp-block-list\">\n<li style=\"font-size:18px\"><strong>K\u00e9pvil\u00e1ga<\/strong>: aranyb\u00e1rka, nyugati hegyek (a hal\u00e1l szimb\u00f3lumai), s\u00f6t\u00e9ts\u00e9g.<\/li>\n\n\n\n<li style=\"font-size:18px\"><strong>Teol\u00f3giai \u00fczenete<\/strong>: A hal\u00e1l \u00e9s a f\u00e9ny diadala \u00f6sszekapcsol\u00f3dik \u2013 a Napisten sorsa azonos az emberi l\u00e9lek sors\u00e1val, aki szint\u00e9n \u00e1t kell, hogy haladjon a s\u00f6t\u00e9ts\u00e9gen.<\/li>\n\n\n\n<li style=\"font-size:18px\"><strong>Emberi vonatkoz\u00e1s<\/strong>: a h\u00edv\u0151 rem\u00e9li, hogy R\u00e9hez csatlakozva \u0151 is sikeresen \u00e1tjut az \u00e9jszak\u00e1n, vagyis a hal\u00e1l ut\u00e1ni l\u00e9t pr\u00f3b\u00e1in.<\/li>\n<\/ul>\n\n\n\n<p><\/p>\n\n\n\n<h3 class=\"wp-block-heading\"><strong>3. A Nagy H\u00e9liopoliszi Himnusz R\u00e9hez<\/strong><\/h3>\n\n\n\n<p style=\"font-size:17px\">(<em>Papirusz Leiden I. 350 \u2013 \u00dajbirodalom idej\u00e9n<\/em>)<\/p>\n\n\n\n<p style=\"font-size:17px\"><em>\u201eTe vagy a Teremt\u0151, ki magad sz\u00fclted \u00f6nmagadat,<br>te vagy a Benben-k\u0151, ki els\u0151k\u00e9nt \u00e1llt a k\u00e1osz viz\u00e9n.<br>Te form\u00e1ltad az eget, a f\u00f6ldet, az embereket, az isteneket.<br>Te vagy az, ki minden \u00e9let lehelet\u00e9t adod,<br>s ha elfordulsz, a vil\u00e1g megsz\u0171nik l\u00e9tezni.<br>F\u00e9nyed az istenek vil\u00e1goss\u00e1ga,<br>\u00e1rny\u00e9kod a haland\u00f3k mened\u00e9ke.\u201d<\/em><\/p>\n\n\n\n<p style=\"font-size:18px\"><strong>Magyar\u00e1zat<\/strong><\/p>\n\n\n\n<p style=\"font-size:18px\">Ez a himnusz teol\u00f3giai m\u00e9lys\u00e9g\u00e9ben az egyik legfontosabb. H\u00e9liopoliszban, a Nap v\u00e1ros\u00e1ban jegyezt\u00e9k le, ahol a Napisten teremt\u0151 aspektus\u00e1t hangs\u00falyozt\u00e1k.<\/p>\n\n\n\n<ul class=\"wp-block-list\">\n<li style=\"font-size:18px\"><strong>K\u00e9pvil\u00e1ga<\/strong>: \u00f6nsz\u00fclet\u00e9s, benben-k\u0151, \u00e9let lehelete \u2013 mind a teremt\u00e9s aktus\u00e1t id\u00e9zi.<\/li>\n\n\n\n<li style=\"font-size:18px\"><strong>Teol\u00f3giai \u00fczenete<\/strong>: R\u00e9 nem puszt\u00e1n a Nap, hanem maga a l\u00e9tez\u00e9s forr\u00e1sa. Nincs magasabb isten n\u00e1la.<\/li>\n\n\n\n<li style=\"font-size:18px\"><strong>Emberi vonatkoz\u00e1s<\/strong>: minden \u00e9let, bele\u00e9rtve a h\u00edv\u0151 saj\u00e1t l\u00e9tez\u00e9s\u00e9t is, t\u0151le sz\u00e1rmazik \u2013 \u00edgy a h\u0171s\u00e9g R\u00e9hez az \u00e9let meg\u0151rz\u00e9se.<\/li>\n<\/ul>\n\n\n\n<p><\/p>\n\n\n\n<h3 class=\"wp-block-heading\"><strong>4. Himnusz R\u00e9-Harakhtyhoz<\/strong><\/h3>\n\n\n\n<p style=\"font-size:17px\">(<em>Halottak K\u00f6nyve, 17. fejezet<\/em>)<\/p>\n\n\n\n<p style=\"font-size:17px\"><em>\u201e\u00dcdv\u00f6zl\u00e9gy, R\u00e9-Harakhty,<br>ki hajnalban kel, este lenyugszik,<br>ki f\u00e9nysugaraival beragyogja az eget.<br>H\u00f3rusz erej\u00e9vel v\u00e9delmezed az igazakat,<br>s a Maat \u00f6sv\u00e9ny\u00e9n vezeted a sz\u00edveket.<br>Te vagy az \u00e9l\u0151k istene,<br>te vagy a holtak \u00fatit\u00e1rsa.\u201d<\/em><\/p>\n\n\n\n<p style=\"font-size:18px\"><strong>Magyar\u00e1zat<\/strong><\/p>\n\n\n\n<p style=\"font-size:18px\">Ez a himnusz m\u00e1r mutatja a szinkretizmust: R\u00e9 \u00e9s H\u00f3rusz egyes\u00fcl\u00e9se. Itt R\u00e9-Harakhty a Nap diadalmas, harcos arca, aki nemcsak f\u00e9nyt ad, hanem igazs\u00e1got is szolg\u00e1ltat.<\/p>\n\n\n\n<ul class=\"wp-block-list\">\n<li style=\"font-size:18px\"><strong>K\u00e9pvil\u00e1ga<\/strong>: f\u00e9ny, \u00fat, H\u00f3rusz ereje.<\/li>\n\n\n\n<li style=\"font-size:18px\"><strong>Teol\u00f3giai \u00fczenete<\/strong>: A Napisten az igazs\u00e1g (Maat) let\u00e9tem\u00e9nyese. Nemcsak \u00e9letet ad, hanem \u00edt\u00e9l is.<\/li>\n\n\n\n<li style=\"font-size:18px\"><strong>Emberi vonatkoz\u00e1s<\/strong>: A h\u00edv\u0151 \u00fagy rem\u00e9l hal\u00e1la ut\u00e1n boldogulni, hogy sz\u00edve igazs\u00e1gban k\u00f6nny\u0171nek bizonyul, \u00e9s \u00edgy R\u00e9-Harakhty befogadja.<\/li>\n<\/ul>\n\n\n\n<p><\/p>\n\n\n\n<p style=\"font-size:18px\">E himnuszokb\u00f3l kider\u00fcl, hogy R\u00e9 egyszerre:<\/p>\n\n\n\n<ul class=\"wp-block-list\">\n<li style=\"font-size:18px\"><strong>term\u00e9szeti er\u0151<\/strong> (napfelkelte \u00e9s napnyugta),<\/li>\n\n\n\n<li style=\"font-size:18px\"><strong>teremt\u0151 isten<\/strong> (\u00f6nmaga sz\u00fcl\u0151je, minden \u00e9let forr\u00e1sa),<\/li>\n\n\n\n<li style=\"font-size:18px\"><strong>v\u00e9delmez\u0151 \u00e9s b\u00edr\u00f3<\/strong> (az alvil\u00e1gban k\u00fczd, Maat \u00f6sv\u00e9ny\u00e9n vezeti a lelkeket).<\/li>\n<\/ul>\n\n\n\n<p style=\"font-size:18px\">Az ember sz\u00e1m\u00e1ra a mindennapi himnuszok nem puszt\u00e1n dics\u0151\u00edt\u00e9sek voltak, hanem <strong>akt\u00edv r\u00e9szv\u00e9tel a kozmosz fenntart\u00e1s\u00e1ban<\/strong>. Ha a papok \u00e9s a n\u00e9p dics\u00e9rt\u00e9k R\u00e9-t, az seg\u00edtette a Napot legy\u0151zni a s\u00f6t\u00e9ts\u00e9get. Ha elmaradt volna a kultusz, a vil\u00e1g megsz\u0171nt volna m\u0171k\u00f6dni.<\/p>\n\n\n\n<div class=\"wp-block-columns is-layout-flex wp-container-core-columns-is-layout-9d6595d7 wp-block-columns-is-layout-flex\">\n<div class=\"wp-block-column is-layout-flow wp-block-column-is-layout-flow\"><div class=\"wp-block-image\">\n<figure class=\"aligncenter size-large is-resized\"><img loading=\"lazy\" decoding=\"async\" width=\"821\" height=\"1024\" src=\"https:\/\/www.egyptforever.hu\/ildiko\/wp-content\/uploads\/2025\/08\/Egyptian_21st_Dynasty_-_Hymn_to_the_god_Ra_and_to_the_sacred_bird_two_forms_of_the_Sun_detail_from_the_M_-_MeisterDrucke-1119750-821x1024.jpg\" alt=\"\" class=\"wp-image-15460\" style=\"width:1045px;height:auto\" srcset=\"https:\/\/www.egyptforever.hu\/ildiko\/wp-content\/uploads\/2025\/08\/Egyptian_21st_Dynasty_-_Hymn_to_the_god_Ra_and_to_the_sacred_bird_two_forms_of_the_Sun_detail_from_the_M_-_MeisterDrucke-1119750-821x1024.jpg 821w, https:\/\/www.egyptforever.hu\/ildiko\/wp-content\/uploads\/2025\/08\/Egyptian_21st_Dynasty_-_Hymn_to_the_god_Ra_and_to_the_sacred_bird_two_forms_of_the_Sun_detail_from_the_M_-_MeisterDrucke-1119750-240x300.jpg 240w, https:\/\/www.egyptforever.hu\/ildiko\/wp-content\/uploads\/2025\/08\/Egyptian_21st_Dynasty_-_Hymn_to_the_god_Ra_and_to_the_sacred_bird_two_forms_of_the_Sun_detail_from_the_M_-_MeisterDrucke-1119750-768x958.jpg 768w, https:\/\/www.egyptforever.hu\/ildiko\/wp-content\/uploads\/2025\/08\/Egyptian_21st_Dynasty_-_Hymn_to_the_god_Ra_and_to_the_sacred_bird_two_forms_of_the_Sun_detail_from_the_M_-_MeisterDrucke-1119750.jpg 1010w\" sizes=\"auto, (max-width: 821px) 100vw, 821px\" \/><\/figure>\n<\/div><\/div>\n<\/div>\n\n\n\n<hr class=\"wp-block-separator has-alpha-channel-opacity\"\/>\n\n\n\n<p><\/p>\n\n\n\n<h2 class=\"wp-block-heading\"><strong>R\u00e9 mindennapi k\u00fczdelm\u00e9nek spiritu\u00e1lis jelent\u0151s\u00e9ge<\/strong><\/h2>\n\n\n\n<h3 class=\"wp-block-heading\"><strong>A ciklikus id\u0151 szakr\u00e1lis ritmusa<\/strong><\/h3>\n\n\n\n<p style=\"font-size:18px\">Az egyiptomiak szerint a vil\u00e1g nem egyszeri teremt\u00e9s volt, hanem <strong>\u00f6r\u00f6k ism\u00e9tl\u0151d\u00e9s<\/strong>. Minden reggel, amikor a Nap felkelt, a teremt\u00e9s \u00fajra megt\u00f6rt\u00e9nt. Minden nap, amikor a Nap elnyugodott, az isten al\u00e1sz\u00e1llt a s\u00f6t\u00e9ts\u00e9gbe, hogy \u00fajra szemben\u00e9zzen a k\u00e1osszal.<\/p>\n\n\n\n<p style=\"font-size:18px\">Spiritu\u00e1lis \u00e9rtelemben ez azt tan\u00edtja:<\/p>\n\n\n\n<ul class=\"wp-block-list\">\n<li style=\"font-size:18px\">Az \u00e9let nem line\u00e1ris, hanem k\u00f6rforg\u00e1s.<\/li>\n\n\n\n<li style=\"font-size:18px\">A teremt\u00e9s, pusztul\u00e1s \u00e9s \u00fajj\u00e1sz\u00fclet\u00e9s minden pillanatban jelen van.<\/li>\n\n\n\n<li style=\"font-size:18px\">A vil\u00e1g csak akkor marad fenn, ha az ember \u00e9s az istenek egy\u00fcttm\u0171k\u00f6dnek ebben a ciklusban.<\/li>\n<\/ul>\n\n\n\n<p><\/p>\n\n\n\n<h3 class=\"wp-block-heading\"><strong>A f\u00e9ny \u00e9s a s\u00f6t\u00e9ts\u00e9g \u00f6r\u00f6k harca<\/strong><\/h3>\n\n\n\n<p style=\"font-size:18px\">R\u00e9 \u00e9jszakai ellenfele Apopisz, az \u00f3ri\u00e1si k\u00edgy\u00f3, a k\u00e1osz megtestes\u00edt\u0151je. Nem lehet v\u00e9gleg legy\u0151zni, mert minden \u00e9jjel \u00fajra felbukkan. Ez\u00e9rt a harc v\u00e9gtelen.<\/p>\n\n\n\n<p style=\"font-size:18px\"><strong>Spiritu\u00e1lis jelent\u00e9se:<\/strong><\/p>\n\n\n\n<ul class=\"wp-block-list\">\n<li style=\"font-size:18px\">A s\u00f6t\u00e9ts\u00e9g (k\u00e1osz, tudatlans\u00e1g, f\u00e9lelem) soha nem semmis\u00fcl meg v\u00e9glegesen.<\/li>\n\n\n\n<li style=\"font-size:18px\">Az emberi l\u00e9lekben ugyan\u00fagy jelen van, mint a kozmikus rendben.<\/li>\n\n\n\n<li style=\"font-size:18px\">A f\u00e9ny gy\u0151zelme sosem mag\u00e1t\u00f3l \u00e9rtet\u0151d\u0151: minden nap \u00fajra ki kell harcolni.<\/li>\n<\/ul>\n\n\n\n<p style=\"font-size:18px\">Ez\u00e9rt v\u00e9geztek az egyiptomi papok minden hajnalban \u00e9s este szertart\u00e1sokat, hogy seg\u00edts\u00e9k R\u00e9 k\u00fczdelm\u00e9t. Az im\u00e1k, himnuszok \u00e9s m\u00e1gikus formul\u00e1k c\u00e9lja az volt, hogy \u201emegb\u00e9n\u00edts\u00e1k\u201d Apopisz k\u00edgy\u00f3j\u00e1t, \u00e9s biztos\u00edts\u00e1k a Nap \u00fajabb gy\u0151zelm\u00e9t.<\/p>\n\n\n\n<p><\/p>\n\n\n\n<h3 class=\"wp-block-heading\"><strong>Az ember lelki p\u00e1rhuzama<\/strong><\/h3>\n\n\n\n<p style=\"font-size:18px\">Az \u00e9jszakai utaz\u00e1s nemcsak kozmikus dr\u00e1ma, hanem <strong>bels\u0151 utaz\u00e1s<\/strong> is. Az ember hal\u00e1la ut\u00e1n lelke szint\u00e9n a Duaton halad kereszt\u00fcl, \u00e9s ott ugyanazokkal az akad\u00e1lyokkal tal\u00e1lkozik, mint R\u00e9. Ha a l\u00e9lek k\u00f6veti Maat t\u00f6rv\u00e9ny\u00e9t (az isteni rendet, igazs\u00e1got, tisztas\u00e1got), akkor a Napisten haj\u00f3j\u00e1ra sz\u00e1llhat, \u00e9s v\u00e9g\u00fcl r\u00e9szes\u00fclhet az \u00fajj\u00e1sz\u00fclet\u00e9sben.<\/p>\n\n\n\n<p style=\"font-size:18px\">\u00cdgy a m\u00edtosz \u00fczenete:<\/p>\n\n\n\n<ul class=\"wp-block-list\">\n<li style=\"font-size:18px\">Minden \u00e9jjel, amikor \u00e1lomba mer\u00fcl\u00fcnk, saj\u00e1t kis \u201eDuat-utaz\u00e1sunk\u201d kezd\u0151dik.<\/li>\n\n\n\n<li style=\"font-size:18px\">Minden nap, amikor fel\u00e9bred\u00fcnk, az \u00fajrasz\u00fclet\u00e9s kegyelme \u00e9r benn\u00fcnket.<\/li>\n\n\n\n<li style=\"font-size:18px\">A hal\u00e1lban is ugyanaz t\u00f6rt\u00e9nik nagyban, ami minden nap t\u00f6rt\u00e9nik kicsiben.<\/li>\n<\/ul>\n\n\n\n<p><\/p>\n\n\n\n<h3 class=\"wp-block-heading\"><strong>A rend (Ma&#8217;at) fenntart\u00e1s\u00e1nak felel\u0151ss\u00e9ge<\/strong><\/h3>\n\n\n\n<p style=\"font-size:18px\">Az egyiptomi vall\u00e1s szerint a vil\u00e1g csak addig l\u00e9tezhet, am\u00edg az istenek \u00e9s emberek egy\u00fctt fenntartj\u00e1k a rendet. Ha az emberek b\u0171nt k\u00f6vetnek el, megszegik Ma&#8217;at t\u00f6rv\u00e9nyeit, \u00e9s ez gyeng\u00edti a Napot \u00e9s er\u0151s\u00edti Apopiszt.<\/p>\n\n\n\n<p style=\"font-size:18px\">Ez \u00f3ri\u00e1si spiritu\u00e1lis felel\u0151ss\u00e9get jelentett:<\/p>\n\n\n\n<ul class=\"wp-block-list\">\n<li style=\"font-size:18px\">Az egy\u00e9n erk\u00f6lcs\u00f6s \u00e9lete is r\u00e9sze a kozmikus k\u00fczdelemnek.<\/li>\n\n\n\n<li style=\"font-size:18px\">Ha valaki a Maat ellen cselekszik, val\u00f3j\u00e1ban a s\u00f6t\u00e9ts\u00e9gnek seg\u00edt.<\/li>\n<\/ul>\n\n\n\n<p style=\"font-size:18px\">Ha igazs\u00e1gosan \u00e9l\u00fcnk, akkor a f\u00e9ny oldal\u00e1n \u00e1llunk, \u00e9s hozz\u00e1j\u00e1rulunk ahhoz, hogy R\u00e9 m\u00e1snap is felkeljen.<\/p>\n\n\n\n<p><\/p>\n\n\n\n<h3 class=\"wp-block-heading\"><strong>A f\u00e9ny diadala mint \u00f6r\u00f6k rem\u00e9ny<\/strong><\/h3>\n\n\n\n<p style=\"font-size:18px\">A legfontosabb spiritu\u00e1lis tan\u00edt\u00e1s: <strong>b\u00e1r a s\u00f6t\u00e9ts\u00e9g mindig visszat\u00e9r, a f\u00e9ny is mindig gy\u0151zedelmeskedik.<\/strong> A Nap minden reggel felk\u00e9l \u2013 \u00e9s ezzel az isteni \u00edg\u00e9ret nap mint nap meg\u00fajul. Ez\u00e9rt az egyiptomi ember sz\u00e1m\u00e1ra a hajnal nem puszt\u00e1n fizikai jelens\u00e9g volt, hanem a teremt\u00e9s \u00fajj\u00e1sz\u00fclet\u00e9se, a bizony\u00edt\u00e9k, hogy az isteni rend fennmarad.<\/p>\n\n\n\n<hr class=\"wp-block-separator has-alpha-channel-opacity\"\/>\n\n\n\n<div class=\"wp-block-columns is-layout-flex wp-container-core-columns-is-layout-9d6595d7 wp-block-columns-is-layout-flex\">\n<div class=\"wp-block-column is-layout-flow wp-block-column-is-layout-flow\"><div class=\"wp-block-image\">\n<figure class=\"aligncenter size-large is-resized\"><img loading=\"lazy\" decoding=\"async\" width=\"1024\" height=\"805\" src=\"https:\/\/www.egyptforever.hu\/ildiko\/wp-content\/uploads\/2025\/08\/il_full-1024x805.jpg\" alt=\"\" class=\"wp-image-15468\" style=\"width:1172px;height:auto\" srcset=\"https:\/\/www.egyptforever.hu\/ildiko\/wp-content\/uploads\/2025\/08\/il_full-1024x805.jpg 1024w, https:\/\/www.egyptforever.hu\/ildiko\/wp-content\/uploads\/2025\/08\/il_full-300x236.jpg 300w, https:\/\/www.egyptforever.hu\/ildiko\/wp-content\/uploads\/2025\/08\/il_full-768x603.jpg 768w, https:\/\/www.egyptforever.hu\/ildiko\/wp-content\/uploads\/2025\/08\/il_full.jpg 1050w\" sizes=\"auto, (max-width: 1024px) 100vw, 1024px\" \/><\/figure>\n<\/div><\/div>\n<\/div>\n\n\n\n<h2 class=\"wp-block-heading\">A Napisten mitol\u00f3gi\u00e1j\u00e1nak <strong>\u00fczenete a mai embernek<\/strong><\/h2>\n\n\n\n<p style=\"font-size:18px\">R\u00e9 mindennapi k\u00fczdelm\u00e9nek \u00fczenete a modern ember sz\u00e1m\u00e1ra is \u00e9rv\u00e9nyes:<\/p>\n\n\n\n<ul class=\"wp-block-list\">\n<li style=\"font-size:18px\"><strong>A s\u00f6t\u00e9ts\u00e9g benn\u00fcnk van<\/strong> \u2013 f\u00e9lelmeink, szorong\u00e1saink, k\u00e1oszunk.<\/li>\n\n\n\n<li style=\"font-size:18px\"><strong>A f\u00e9ny benn\u00fcnk van<\/strong> \u2013 tudatunk, szeretet\u00fcnk, teremt\u0151 er\u0151nk.<\/li>\n\n\n\n<li style=\"font-size:18px\"><strong>A k\u00fczdelem \u00f6r\u00f6k<\/strong> \u2013 nem lehet v\u00e9gleg \u201elegy\u0151zni\u201d a s\u00f6t\u00e9tet, de minden nap \u00fajra fel\u00fclkerekedhet\u00fcnk rajta.<\/li>\n\n\n\n<li style=\"font-size:18px\"><strong>A rend felel\u0151ss\u00e9ge k\u00f6z\u00f6s<\/strong> \u2013 a vil\u00e1g csak addig \u00e1ll fenn, am\u00edg az emberek a f\u00e9ny oldal\u00e1n \u00e9lnek, igazs\u00e1gosan \u00e9s tiszt\u00e1n.<\/li>\n<\/ul>\n\n\n\n<p style=\"font-size:18px\">\u00cdgy R\u00e9 m\u00edtosza nem puszt\u00e1n kozmikus mese, hanem <strong>bels\u0151 miszt\u00e9riumdr\u00e1ma<\/strong>, amely az emberi \u00e9let \u00e9rtelm\u00e9t \u00e9s ir\u00e1ny\u00e1t mutatja: a f\u00e9ny fel\u00e9 val\u00f3 t\u00f6rekv\u00e9st.<\/p>\n\n\n\n<h3 class=\"wp-block-heading\"><strong>R\u00e9 \u00f6r\u00f6k k\u00fczdelm\u00e9nek tan\u00edt\u00e1sa<\/strong><\/h3>\n\n\n\n<p style=\"font-size:18px\">Ha elgondolkodunk R\u00e9 mindennapos utaz\u00e1s\u00e1n, hamar r\u00e1ismerhet\u00fcnk arra, hogy val\u00f3j\u00e1ban a mi \u00e9let\u00fcnk alleg\u00f3ri\u00e1j\u00e1t hordozza. Az \u00f3kori egyiptomiak sz\u00e1m\u00e1ra a Nap \u00e9jjeli k\u00fczdelme nem puszta mitol\u00f3gia volt, hanem a l\u00e9t legm\u00e9lyebb igazs\u00e1g\u00e1nak k\u00e9pe: a s\u00f6t\u00e9ts\u00e9g mindig visszat\u00e9r, de a f\u00e9ny is minden nap \u00fajra megsz\u00fcletik. A mai ember sz\u00e1m\u00e1ra ez azt \u00fczeni, hogy b\u00e1rmilyen neh\u00e9zs\u00e9g, v\u00e1ls\u00e1g vagy f\u00e1jdalom t\u00f6r is r\u00e1nk, az nem a v\u00e9g, hanem egy \u00faj kezdet el\u0151j\u00e1t\u00e9ka. Ahogy a Nap minden hajnalban \u00e1tt\u00f6r a horizonton, \u00fagy benn\u00fcnk is ott van a lehet\u0151s\u00e9g, hogy \u00fajrakezdj\u00fck, hogy fel\u00fclkerekedj\u00fcnk saj\u00e1t f\u00e9lelmeinken, \u00e9s a k\u00e1oszb\u00f3l \u00faj rendet teremts\u00fcnk.<\/p>\n\n\n\n<p style=\"font-size:18px\">R\u00e9 m\u00edtosza arra tan\u00edt, hogy a s\u00f6t\u00e9ts\u00e9get sosem lehet v\u00e9gleg sz\u00e1m\u0171zni. Ott bujk\u00e1l benn\u00fcnk \u2013 k\u00e9ts\u00e9geinkben, szorong\u00e1sainkban, haragunkban. De ahogy a Napisten minden \u00e9jjel legy\u0151zi Apopisz k\u00edgy\u00f3j\u00e1t, \u00fagy mi is minden nap k\u00e9pesek vagyunk meghaladni a benn\u00fcnk munk\u00e1l\u00f3 \u00e1rnyakat. Ez a k\u00fczdelem sosem \u00e9r v\u00e9get, de nem is kell, hogy v\u00e9get \u00e9rjen: a folytonos meg\u00fajul\u00e1s adja az \u00e9let \u00e9rtelm\u00e9t.<\/p>\n\n\n\n<p style=\"font-size:18px\">Ugyanakkor R\u00e9 t\u00f6rt\u00e9nete felel\u0151ss\u00e9get is r\u00f3 r\u00e1nk. Az \u00f3kori egyiptomi ember hitt abban, hogy az \u0151 tettei \u2013 az igazs\u00e1gos cselekv\u00e9s, a tiszta sz\u00f3, a rend tisztelete \u2013 mind hozz\u00e1j\u00e1rulnak ahhoz, hogy a Nap \u00fajra felkeljen. Ez a gondolat ma is \u00e9rv\u00e9nyes: ha mi magunk f\u00e9nyt gy\u00fajtunk a mindennapokban \u2013 j\u00f3s\u00e1ggal, igazs\u00e1goss\u00e1ggal, szeretettel \u2013 akkor nemcsak a saj\u00e1t \u00e9let\u00fcnket tessz\u00fck jobb\u00e1, hanem a vil\u00e1g rendj\u00e9t is er\u0151s\u00edtj\u00fck.<\/p>\n\n\n\n<p style=\"font-size:18px\">Ez az \u00fczenet teh\u00e1t egyszerre ad rem\u00e9nyt \u00e9s kih\u00edv\u00e1st: nem kell f\u00e9ln\u00fcnk a s\u00f6t\u00e9tt\u0151l, mert a f\u00e9ny mindig visszat\u00e9r; de k\u00f6teless\u00e9g\u00fcnk minden nap seg\u00edteni ennek a f\u00e9nynek a diadal\u00e1t. \u00c9s ahogy az \u00f3kori ember a Nap els\u0151 sugar\u00e1t a teremt\u00e9s \u00fajj\u00e1sz\u00fclet\u00e9s\u00e9nek \u00e9lte meg, \u00fagy mi is megtanulhatjuk minden hajnalban megl\u00e1tni a bizony\u00edt\u00e9kot: a vil\u00e1g, minden neh\u00e9zs\u00e9ge ellen\u00e9re, \u00fajra \u00e9s \u00fajra megsz\u00fcletik \u2013 \u00e9s vele egy\u00fctt mi magunk is.<\/p>\n\n\n\n<p><\/p>\n\n\n\n<p><\/p>\n\n\n\n<p><em><strong>K\u00f3sa Ildik\u00f3 idegenvezet\u0151 &#8211; Egypt Forever<\/strong><\/em><\/p>\n<div style='text-align:right' class='yasr-auto-insert-overall'><\/div><div style='text-align:right' class='yasr-auto-insert-visitor'><\/div>","protected":false},"excerpt":{"rendered":"<p>A f\u00e9ny sz\u00fclet\u00e9se \u2013 R\u00e9 keletkez\u00e9se a m\u00edtoszokban Az \u00f3kori Egyiptom vil\u00e1gk\u00e9p\u00e9nek k\u00f6z\u00e9ppontj\u00e1ban a Nap \u00e1llt. A napkelt\u00e9t \u00e9s a napnyugt\u00e1t nem csup\u00e1n term\u00e9szeti jelens\u00e9gk\u00e9nt szeml\u00e9lt\u00e9k, hanem a kozmikus rend, az \u00e9let<a class=\"moretag\" href=\"https:\/\/www.egyptforever.hu\/ildiko\/?p=15452\">Tov\u00e1bbi inform\u00e1ci\u00f3\u2026<\/a><\/p>\n","protected":false},"author":1,"featured_media":15463,"comment_status":"closed","ping_status":"open","sticky":false,"template":"","format":"standard","meta":{"om_disable_all_campaigns":false,"_monsterinsights_skip_tracking":false,"_monsterinsights_sitenote_active":false,"_monsterinsights_sitenote_note":"","_monsterinsights_sitenote_category":0,"yasr_overall_rating":0,"yasr_post_is_review":"","yasr_auto_insert_disabled":"","yasr_review_type":"","footnotes":""},"categories":[366,489],"tags":[120,363,414,362,169,490,182],"class_list":["post-15452","post","type-post","status-publish","format-standard","has-post-thumbnail","hentry","category-egyiptom-mitologiaja","category-spiritualis-egyiptom","tag-egyiptomi-istenek","tag-egyiptomi-mitologia","tag-hitvilag","tag-istenek","tag-mitologia","tag-spiritualitas","tag-vallas"],"aioseo_notices":[],"yasr_visitor_votes":{"stars_attributes":{"read_only":false,"span_bottom":false},"number_of_votes":1,"sum_votes":5},"_links":{"self":[{"href":"https:\/\/www.egyptforever.hu\/ildiko\/index.php?rest_route=\/wp\/v2\/posts\/15452","targetHints":{"allow":["GET"]}}],"collection":[{"href":"https:\/\/www.egyptforever.hu\/ildiko\/index.php?rest_route=\/wp\/v2\/posts"}],"about":[{"href":"https:\/\/www.egyptforever.hu\/ildiko\/index.php?rest_route=\/wp\/v2\/types\/post"}],"author":[{"embeddable":true,"href":"https:\/\/www.egyptforever.hu\/ildiko\/index.php?rest_route=\/wp\/v2\/users\/1"}],"replies":[{"embeddable":true,"href":"https:\/\/www.egyptforever.hu\/ildiko\/index.php?rest_route=%2Fwp%2Fv2%2Fcomments&post=15452"}],"version-history":[{"count":6,"href":"https:\/\/www.egyptforever.hu\/ildiko\/index.php?rest_route=\/wp\/v2\/posts\/15452\/revisions"}],"predecessor-version":[{"id":15471,"href":"https:\/\/www.egyptforever.hu\/ildiko\/index.php?rest_route=\/wp\/v2\/posts\/15452\/revisions\/15471"}],"wp:featuredmedia":[{"embeddable":true,"href":"https:\/\/www.egyptforever.hu\/ildiko\/index.php?rest_route=\/wp\/v2\/media\/15463"}],"wp:attachment":[{"href":"https:\/\/www.egyptforever.hu\/ildiko\/index.php?rest_route=%2Fwp%2Fv2%2Fmedia&parent=15452"}],"wp:term":[{"taxonomy":"category","embeddable":true,"href":"https:\/\/www.egyptforever.hu\/ildiko\/index.php?rest_route=%2Fwp%2Fv2%2Fcategories&post=15452"},{"taxonomy":"post_tag","embeddable":true,"href":"https:\/\/www.egyptforever.hu\/ildiko\/index.php?rest_route=%2Fwp%2Fv2%2Ftags&post=15452"}],"curies":[{"name":"wp","href":"https:\/\/api.w.org\/{rel}","templated":true}]}}