{"id":15542,"date":"2025-09-03T13:34:19","date_gmt":"2025-09-03T11:34:19","guid":{"rendered":"https:\/\/www.egyptforever.hu\/ildiko\/?p=15542"},"modified":"2026-04-10T19:32:30","modified_gmt":"2026-04-10T17:32:30","slug":"unnepnapok-egyiptomban","status":"publish","type":"post","link":"https:\/\/www.egyptforever.hu\/ildiko\/?p=15542","title":{"rendered":"\u00dcnnepnapok Egyiptomban"},"content":{"rendered":"\n<p><\/p>\n\n\n\n<h2 class=\"wp-block-heading\">A hagyom\u00e1nyos &#8220;h\u00e9tv\u00e9ge&#8221;:<\/h2>\n\n\n\n<p style=\"font-size:20px\">P\u00e9ntek \u00e9s szombat szabadnap Egyiptomban, amikor a k\u00f6zhivatalok, bankok \u00e9s iskol\u00e1k z\u00e1rva tartanak.<\/p>\n\n\n\n<p><\/p>\n\n\n\n<h2 class=\"wp-block-heading\">\u00c1llami \u00fcnnepnapok: <\/h2>\n\n\n\n<ul class=\"wp-block-list\">\n<li class=\"has-medium-font-size\">Janu\u00e1r 7. (keleti ortodox kar\u00e1csony)<\/li>\n\n\n\n<li class=\"has-medium-font-size\">Janu\u00e1r 25. (Egyiptomi forradalom napja)<\/li>\n\n\n\n<li class=\"has-medium-font-size\">\u00c1prilis 25. (S\u00ednai-f\u00e9lsziget felszabadul\u00e1s\u00e1nak napja)<\/li>\n\n\n\n<li class=\"has-medium-font-size\">M\u00e1jus 1. (Munka \u00fcnnepe)<\/li>\n\n\n\n<li class=\"has-medium-font-size\">J\u00fanius 30. (Forradalom napja)<\/li>\n\n\n\n<li class=\"has-medium-font-size\">J\u00falius 23. (1952-es J\u00faliusi Forradalom Napja)<\/li>\n\n\n\n<li class=\"has-medium-font-size\">Okt\u00f3ber 6. (Fegyveres Er\u0151k Napja)<\/li>\n<\/ul>\n\n\n\n<p><\/p>\n\n\n\n<p style=\"font-size:20px\">Ezeken a napokon a bankok, int\u00e9zm\u00e9nyek, iskol\u00e1k, \u00fczletek \u00e9s v\u00e1llalkoz\u00e1sok (polg\u00e1ri \u00e9s vall\u00e1si) z\u00e1rva tartanak, \u00e9s a t\u00f6megk\u00f6zleked\u00e9s csak korl\u00e1tozottan k\u00f6zlekedik.<\/p>\n\n\n\n<p><\/p>\n\n\n\n<h2 class=\"wp-block-heading\">Az iszl\u00e1m \u00fcnnepnapok:<\/h2>\n\n\n\n<p style=\"font-size:20px\">Mivel az iszl\u00e1m \u00fcnnepek a holdnapt\u00e1ron alapulnak, a pontos d\u00e1tumuk \u00e9vente v\u00e1ltozik.<\/p>\n\n\n\n<p><\/p>\n\n\n\n<h3 class=\"wp-block-heading\"><strong>Ramad\u00e1n<\/strong><\/h3>\n\n\n\n<p style=\"font-size:20px\">A ramad\u00e1n a kilencedik \u00e9s egyben legszentebb h\u00f3nap az iszl\u00e1m napt\u00e1rban, \u00e9s 29-30 napig tart. Ezen id\u0151szak alatt a muszlimok minden nap b\u00f6jt\u00f6lnek a nap teljes id\u0151tartama alatt, napkelt\u00e9t\u0151l napnyugt\u00e1ig. Ilyenkor a legt\u00f6bb \u00e9tterem z\u00e1rva tart, am\u00edg alkonyatkor meg nem sz\u0171nik a b\u00f6jt. A b\u00f6jt\u00f6l\u00e9s teljes \u00e9tel- \u00e9s folyad\u00e9kmegvon\u00e1st jelent, hajnalt\u00f3l napnyugt\u00e1ig semmit (bele\u00e9rtve a cigarett\u00e1t is) nem fogyasztanak a helyiek.  A nem muszlimok mentes\u00fclnek ez al\u00f3l, de tov\u00e1bbra is tart\u00f3zkodniuk kell a nyilv\u00e1nos helyen t\u00f6rt\u00e9n\u0151 ev\u00e9st\u0151l \u00e9s iv\u00e1st\u00f3l, mivel ezt nagyon udvariatlan a t\u00f6bbi b\u00f6jt\u00f6l\u0151vel szemben. Az \u00fczleti vil\u00e1gban is cs\u00f6kken a munkaid\u0151. A ramad\u00e1n pontos d\u00e1tumai a helyi csillag\u00e1szati \u200b\u200bmegfigyel\u00e9sekt\u0151l f\u00fcggenek, \u00e9s orsz\u00e1gonk\u00e9nt n\u00e9mileg elt\u00e9rhetnek. A ramad\u00e1n az\u00a0<em>Eid al-Fitr<\/em>\u00a0fesztiv\u00e1llal z\u00e1rul, amely t\u00f6bb napig is eltarthat, a legt\u00f6bb orsz\u00e1gban \u00e1ltal\u00e1ban h\u00e1rom napig tart.<\/p>\n\n\n\n<p style=\"font-size:20px\"><strong>A ramad\u00e1n id\u0151pontjai a k\u00f6vetkez\u0151 id\u0151szakban:<\/strong><\/p>\n\n\n\n<ul class=\"wp-block-list\">\n<li class=\"has-medium-font-size\">2025. m\u00e1rcius 1.\u00a0\u00a0\u2013 m\u00e1rcius 29. (\u00a0<em>1446 AH<\/em>\u00a0)<\/li>\n\n\n\n<li class=\"has-medium-font-size\">2026. febru\u00e1r 18.\u00a0\u00a0\u2013 m\u00e1rcius 19. (\u00a0<em>1447 AH<\/em>\u00a0)<\/li>\n\n\n\n<li class=\"has-medium-font-size\">2027. febru\u00e1r 8.\u00a0\u00a0\u2013 m\u00e1rcius 8. (\u00a0<em>1448 AH<\/em>\u00a0)<\/li>\n\n\n\n<li class=\"has-medium-font-size\">2028. janu\u00e1r 28.\u00a0\u00a0\u2013 febru\u00e1r 25. (\u00a0<em>1449 AH<\/em>\u00a0)<\/li>\n<\/ul>\n\n\n\n<p><\/p>\n\n\n\n<h3 class=\"wp-block-heading\">Eid el- Fitr<\/h3>\n\n\n\n<p class=\"has-medium-font-size\">A ramad\u00e1n v\u00e9g\u00e9n h\u00e1romnapos\u00a0\u00fcnnep az Eid el-Fitr. Egyiptom f\u0151v\u00e1ros\u00e1ban, Kair\u00f3ban tartj\u00e1k a legnagyobb \u00fcnneps\u00e9geket, de a kisebb v\u00e1rosokban az \u00fcnneps\u00e9gek is hangulatosak. Ilyenkor az egyiptomiak parkokba, botanikus kertekbe, csal\u00e1di parkokba, \u00e1llatkertekbe \u00f6z\u00f6nlenek, \u00e9s megl\u00e1togatj\u00e1k csal\u00e1dtagjaikat \u00e9s bar\u00e1taikat. A gyerekek ilyenkor a legboldogabbak, mivel \u00faj ruh\u00e1kat, cip\u0151ket \u00e9s kisebb \u00f6sszeg\u0171 p\u00e9nzt kapnak a csal\u00e1dtagokt\u00f3l. Az egyiptomiak ilyenkor k\u00fcl\u00f6nleges, a ramad\u00e1n v\u00e9g\u00e9n \u00e9dess\u00e9geket \u00e9s s\u00fctem\u00e9nyeket esznek. Ez az egyiptomi \u00fcnnep nagyon csal\u00e1dcentrikus.<\/p>\n\n\n\n<p><\/p>\n\n\n\n<h3 class=\"wp-block-heading\">Eid el-Adha<\/h3>\n\n\n\n<p class=\"has-medium-font-size\">A muszlim napt\u00e1rban ugyanilyen fontos a negyedik \u00e1ldozati nap, amely \u00c1brah\u00e1m Isten ir\u00e1nti engedelmess\u00e9g\u00e9t \u00e9s fi\u00e1nak fel\u00e1ldoz\u00e1s\u00e1ra val\u00f3 hajland\u00f3s\u00e1g\u00e1t \u00fcnnepli. Ekkor zajlik a mekkai zar\u00e1ndoklat (haddzs) is. Minden muszlim arr\u00f3l \u00e1lmodik, hogy Mekk\u00e1ban lehet ezen az \u00fcnnepen, mert ez az iszl\u00e1m egyik pill\u00e9re. A gazdag egyiptomiak r\u00e9szt vesznek ezen a zar\u00e1ndoklaton, \u00e9s akik ezt nem tehetik meg, Egyiptomban \u00fcnnepelnek egy juh vagy borj\u00fa fel\u00e1ldoz\u00e1s\u00e1val, a h\u00fast pedig felosztj\u00e1k a csal\u00e1dtagok, szomsz\u00e9dok, bar\u00e1tok \u00e9s szeg\u00e9nyek k\u00f6z\u00f6tt. Az \u00e1llatokat h\u00e1zak el\u0151tt \u00e9s az utc\u00e1kon \u00f6lik le. Ez\u00e9rt az \u00cdd al-Adha el\u0151tti h\u00e9ten sok juhot lehet l\u00e1tni az egyiptomi v\u00e1rosok utc\u00e1in.<\/p>\n\n\n\n<p><\/p>\n\n\n\n<h3 class=\"wp-block-heading\">Egyiptomi iszl\u00e1m \u00faj\u00e9v<\/h3>\n\n\n\n<p class=\"has-medium-font-size\">K\u00f6r\u00fclbel\u00fcl h\u00e1rom h\u00e9ttel az \u00c1ldozati \u00dcnnep ut\u00e1n \u00e9rkezik a Ras as-Sana al-Hajj, a muszlim \u00faj\u00e9v, amely Muharram h\u00f3nap els\u0151 napj\u00e1ra esik. (A janu\u00e1r 1-j\u00e9re es\u0151 \u00faj\u00e9v napj\u00e1t \u00e1ltal\u00e1ban nem \u00fcnneplik.) N\u00e9h\u00e1ny korm\u00e1nyhivatal \u00e9s \u00e1llami iskola ilyenkor nyitva tart, k\u00fcl\u00f6n\u00f6sen Egyiptom d\u00e9li r\u00e9sz\u00e9n.<\/p>\n\n\n\n<p><\/p>\n\n\n\n<h3 class=\"wp-block-heading\">Mohamed pr\u00f3f\u00e9ta sz\u00fclet\u00e9snapja<\/h3>\n\n\n\n<p class=\"has-medium-font-size\">Egyiptom negyedik fontos \u00fcnnepe Mohamed pr\u00f3f\u00e9ta (Mawlid an-Nabi) sz\u00fclet\u00e9snapja. Ezt a napot a korai iszl\u00e1mban nem \u00fcnnepelt\u00e9k. A nap meg\u00fcnnepl\u00e9s\u00e9nek szok\u00e1sa a 10-11. sz\u00e1zadban alakult ki Egyiptomban, tal\u00e1n a kereszt\u00e9nyek hat\u00e1s\u00e1ra, akik nagy jelent\u0151s\u00e9get tulajdon\u00edtottak Krisztus sz\u00fclet\u00e9snapj\u00e1nak. Azonban nem minden muszlim hat\u00f3s\u00e1g ismeri el ezt az \u00fcnnepet. A vahhabit\u00e1k szerint ez az \u00fcnnep ellentmond a Kor\u00e1nnak, mert Allahon (Istenen) k\u00edv\u00fcl m\u00e1st im\u00e1d. A muszlim misztikusok, a sz\u00fafik sz\u00e1m\u00e1ra, akik Mohamed pr\u00f3f\u00e9t\u00e1t \u201et\u00f6k\u00e9letes embernek\u201d tartj\u00e1k, ez az \u00fcnnep nagy jelent\u0151s\u00e9ggel b\u00edr. Ezen a napon a mecsetekben a pr\u00f3f\u00e9t\u00e1t dics\u00e9r\u0151 verseket szavalnak. Emellett felvonul\u00e1sok haladnak \u00e1t az utc\u00e1kon, \u00e9s \u00fcnnepi v\u00e1s\u00e1rokat tartanak.<\/p>\n\n\n\n<p class=\"has-medium-font-size\">Egyiptomban minden gyerek v\u00e1rja a <strong>Mawlid an-Nabi <\/strong>\u00fcnnep\u00e9t, mivel ezen a napon az ap\u00e1k k\u00fcl\u00f6nleges \u00e9dess\u00e9geket hoznak haza. Ezek az \u00fcnnepi \u00e9dess\u00e9gek 2-3 h\u00e9ttel a Mawlid an-Nabi el\u0151tt \u00e9s n\u00e9h\u00e1ny nappal az \u00fcnnep ut\u00e1na kaphat\u00f3k a p\u00e9ks\u00e9gekben \u00e9s az utcai \u00e1rusokn\u00e1l. Ezen id\u0151szakon k\u00edv\u00fcl nem k\u00e9sz\u00edtik ezeket a s\u00fctem\u00e9nyeket. Ez\u00e9rt olyan k\u00fcl\u00f6nleges, mert az egyiptomiak \u00e9vente csak n\u00e9h\u00e1ny napon \u00e9lvezhetik \u0151ket az egyiptomi \u00fcnnep alatt. A Mawlid an-Nabi \u00e9dess\u00e9geinek f\u0151 \u00f6sszetev\u0151je a cukorm\u00e1z, amelyet sz\u00e1r\u00edtott k\u00f3kuszreszel\u00e9kkel, mazsol\u00e1val, f\u00f6ldimogyor\u00f3val vagy zsel\u00e9vel kevernek. Ezek az \u00e9dess\u00e9gek szez\u00e1mmagos, di\u00f3s \u00e9s mandul\u00e1s szeleteket is tartalmaznak. A t\u00e9glalap \u00e9s kerek form\u00e1k mellett a halala (\u00e9dess\u00e9g) kakasok, lovak, bab\u00e1k stb. form\u00e1j\u00e1ban is megjelenhet. Mindez az\u00e9rt van, hogy az egyiptomi \u00fcnnep legfiatalabb rajong\u00f3i sz\u00e1m\u00e1ra a lehet\u0151 legsz\u00f3rakoztat\u00f3bb legyen.<\/p>\n\n\n\n<p class=\"has-medium-font-size\">Az egyiptomiak k\u00edv\u00e1ns\u00e1gokat\/\u00edg\u00e9reteket tesznek, \u00e9s tov\u00e1bbi im\u00e1kkal \u00fcnneplik ezt a napot, gyakran b\u00f6jt\u00f6l\u00e9ssel, a n\u0151k pedig finomabb vacsor\u00e1t k\u00e9sz\u00edtenek. Hagyom\u00e1nyosan az eg\u00e9sz csal\u00e1d d\u00e9lut\u00e1n tal\u00e1lkozik otthon, \u00e9ttermekben vagy k\u00e1v\u00e9z\u00f3kban. A szabadban mini-pikniket szerveznek \u00e9dess\u00e9gekkel. Kisv\u00e1rosokban \u00e9s falvakban a menyasszony \u00e9s a v\u0151leg\u00e9ny \u00e9dess\u00e9get \u00e9s egy bizonyos \u00f6sszeget aj\u00e1nd\u00e9koz a vend\u00e9geinek.<\/p>\n\n\n\n<div class=\"wp-block-columns is-layout-flex wp-container-core-columns-is-layout-9d6595d7 wp-block-columns-is-layout-flex\">\n<div class=\"wp-block-column is-layout-flow wp-block-column-is-layout-flow\"><div class=\"wp-block-image\">\n<figure class=\"aligncenter size-large is-resized\"><img loading=\"lazy\" decoding=\"async\" width=\"1024\" height=\"656\" src=\"https:\/\/www.egyptforever.hu\/ildiko\/wp-content\/uploads\/2025\/09\/1--1024x656.jpg\" alt=\"\" class=\"wp-image-15544\" style=\"width:1183px;height:auto\" srcset=\"https:\/\/www.egyptforever.hu\/ildiko\/wp-content\/uploads\/2025\/09\/1--1024x656.jpg 1024w, https:\/\/www.egyptforever.hu\/ildiko\/wp-content\/uploads\/2025\/09\/1--300x192.jpg 300w, https:\/\/www.egyptforever.hu\/ildiko\/wp-content\/uploads\/2025\/09\/1--768x492.jpg 768w, https:\/\/www.egyptforever.hu\/ildiko\/wp-content\/uploads\/2025\/09\/1-.jpg 1280w\" sizes=\"auto, (max-width: 1024px) 100vw, 1024px\" \/><\/figure>\n<\/div>\n\n\n<h2 class=\"wp-block-heading\">Kopt \u00dcnnepek<\/h2>\n\n\n\n<p class=\"has-medium-font-size\">A kereszt\u00e9nyek a Juli\u00e1n-napt\u00e1r szerint tartj\u00e1k az \u00fcnnepeiket, amelyet az ortodox egyh\u00e1z is haszn\u00e1l. Ez vonatkozi minden vall\u00e1si \u00fcnnepekre Egyiptomban.<\/p>\n\n\n\n<ul class=\"wp-block-list\">\n<li class=\"has-medium-font-size\">kar\u00e1csony (<strong>janu\u00e1r 7.<\/strong>\u00a0), <\/li>\n\n\n\n<li class=\"has-medium-font-size\">v\u00edzkereszt (janu\u00e1r 19.), <\/li>\n\n\n\n<li class=\"has-medium-font-size\">Boldogs\u00e1gos Sz\u0171z M\u00e1ria \u00fcdv\u00f6zlete (m\u00e1rcius 21.)<\/li>\n\n\n\n<li class=\"has-medium-font-size\">Vir\u00e1gvas\u00e1rnap<\/li>\n\n\n\n<li class=\"has-medium-font-size\">H\u00fasv\u00e9t<\/li>\n<\/ul>\n\n\n\n<p class=\"has-medium-font-size\">A vir\u00e1gvas\u00e1rnap, a h\u00fasv\u00e9tot megel\u0151z\u0151 nagyh\u00e9t \u00e9s a kapcsol\u00f3d\u00f3 \u00fcnnepek d\u00e1tum\u00e1t a kopt napt\u00e1r alapj\u00e1n sz\u00e1m\u00edtj\u00e1k ki. Ennek eredm\u00e9nyek\u00e9nt a kopt h\u00fasv\u00e9ti \u00fcnnep d\u00e1tuma egy h\u00f3nappal elt\u00e9rhet mind az ortodox, mind a katolikus hagyom\u00e1nyok \u00e1ltal \u00fcnnepelt h\u00fasv\u00e9ti d\u00e1tumokt\u00f3l.<\/p>\n\n\n\n<h3 class=\"wp-block-heading\">S\u00e1m el-Nesszim &#8211; Tavaszfesztiv\u00e1l<\/h3>\n\n\n\n<p class=\"has-medium-font-size\">Sz\u00e1mos jelenlegi egyiptomi \u00fcnnepi szok\u00e1s eg\u00e9szen az \u0151si id\u0151kig ny\u00falik vissza, bele\u00e9rtve a <strong>Sham el Nessim<\/strong> n\u00e9ven ismert fesztiv\u00e1lt is. A Sham el Nessim sz\u00f3 szerint azt jelenti, hogy \u201ea sz\u00e9l szippant\u00e1sa\u201d, \u00e9s a tavasz kezdet\u00e9t jelzi. A kopt h\u00fasv\u00e9t ut\u00e1ni els\u0151 h\u00e9tf\u0151n \u00fcnneplik. Az egyiptomi \u00fcnnep az \u00f3kori Egyiptom mez\u0151gazdas\u00e1g\u00e1hoz, konkr\u00e9tan a term\u00e9kenys\u00e9gi r\u00edtusokhoz kapcsol\u00f3dik, amelyeket k\u00e9s\u0151bb a kereszt\u00e9nys\u00e9ghez \u00e9s a h\u00fasv\u00e9ti \u00fcnnepekhez is hozz\u00e1adtak. \u00dagy tartj\u00e1k, hogy az egyiptomiak \u00fcnnepelt\u00e9k el\u0151sz\u00f6r ezt az esem\u00e9nyt. Az egyiptomi \u00fcnnep neve val\u00f3j\u00e1ban az \u00f3kori egyiptomi arat\u00e1si id\u0151szakb\u00f3l sz\u00e1rmazik, amit &#8220;Shamo&#8221;-nak h\u00edvtak. Az \u00f3kori egyiptomiak el\u0151sz\u00f6r Kr. e. 2700-ban, a Harmadik Dinasztia v\u00e9ge fel\u00e9 \u00fcnnepelt\u00e9k a Shamo-t. Plutarkhosz kr\u00f3nik\u00e1i szerint az \u00f3kori egyiptomiak s\u00f3zott halat, sal\u00e1t\u00e1t \u00e9s hagym\u00e1t aj\u00e1nlottak fel isteneiknek ezen a napon. A tavaszi \u00fcnnep egybeesett a tavaszi nap\u00e9jegyenl\u0151s\u00e9ggel, \u00e9s az \u00f3kori emberek \u00fagy k\u00e9pzelt\u00e9k, hogy ez a nap a teremt\u00e9s kezdet\u00e9t szimboliz\u00e1lja. A Sham El Nessim d\u00e1tuma ez\u00e9rt nem volt szigor\u00faan meghat\u00e1rozott. A &#8220;Shamo&#8221; sz\u00f3 jelent\u00e9se &#8220;\u00e9let meg\u00fajul\u00e1sa&#8221;, ezt a jelent\u00e9st k\u00e9s\u0151bb a koptok &#8220;shamm&#8221;-ra (szagolgat\u00e1s vagy bel\u00e9gz\u00e9s) v\u00e1ltoztatt\u00e1k, \u00e9s hozz\u00e1adt\u00e1k a &#8220;nessim&#8221; (sz\u00e9l) sz\u00f3t.  <\/p>\n\n\n\n<p class=\"has-medium-font-size\">A Sham el Nessim \u00fcnnepet hagyom\u00e1nyos \u00e9telekkel, azaz s\u00f3zott hal (makr\u00e9la, szard\u00ednia), f\u0151tt festett toj\u00e1s, \u00fajhagyma \u00e9s sal\u00e1ta fogyaszt\u00e1s\u00e1val \u00fcnneplik. Az \u00e9telt a term\u00e9szet \u00f6lel\u00e9s\u00e9ben, egy f\u0171re kiter\u00edtett takar\u00f3n vagy sz\u0151nyegen \u00fclve fogyasztj\u00e1k. <\/p>\n\n\n\n<ul class=\"wp-block-list\">\n<li class=\"has-medium-font-size\">Az \u00f3kori Egyiptomban \u00fagy hitt\u00e9k, hogy a halak isteneknek val\u00f3 felaj\u00e1nl\u00e1sa j\u00f3 term\u00e9st biztos\u00edt. A s\u00f3zott hal a term\u00e9kenys\u00e9get \u00e9s a j\u00f3l\u00e9tet jelk\u00e9pezte. A hal\u00e1szat b\u0151s\u00e9ges volt, amikor a N\u00edlus vize a tavaszi \u00e1rad\u00e1sok ut\u00e1n visszah\u00faz\u00f3dott, \u00edgy a halak sek\u00e9ly vizekben maradtak, ahol k\u00f6nnyen ki lehetett fogni \u0151ket. <\/li>\n\n\n\n<li class=\"has-medium-font-size\">A f\u00e1ra\u00f3k idej\u00e9ben a toj\u00e1sokat festett\u00e9k \u00e9s a templomokban akasztott\u00e1k fel az \u00e9let \u00fajj\u00e1sz\u00fclet\u00e9s\u00e9nek szimb\u00f3lumak\u00e9nt. A sz\u00ednes toj\u00e1sok nemcsak az \u00faj \u00e9let szimb\u00f3lumai, hanem apr\u00f3 m\u0171alkot\u00e1sok is voltak, amelyek gy\u00f6ny\u00f6rk\u00f6dtett\u00e9k a tavaszi egyiptomi \u00fcnnepi piknikek r\u00e9sztvev\u0151it. A f\u00e1ra\u00f3k kor\u00e1b\u00f3l sz\u00e1rmaz\u00f3 festett toj\u00e1sok a mai h\u00fasv\u00e9ti toj\u00e1sok k\u00f6zvetlen el\u0151fut\u00e1rai. <\/li>\n\n\n\n<li class=\"has-medium-font-size\">A z\u00f6ldhagym\u00e1nak (\u00fajhagym\u00e1nak) is k\u00fcl\u00f6nleges jelent\u00e9se van a Tavaszi Fesztiv\u00e1lon. Felfedezt\u00e9k, hogy az \u00f3korban a m\u00fami\u00e1k szem\u00e9be t\u00f6mt\u00e9k a hagym\u00e1t, \u00e9s ezt a z\u00f6lds\u00e9get a s\u00edrok fal\u00e1ra is rajzolt\u00e1k. A mai egyiptomiak sz\u00e1m\u00e1ra a hagyma m\u00e1s szimbolikus jelent\u00e9ssel b\u00edr. V\u00e9d a szemmel ver\u00e9s \u00e9s az irigys\u00e9g ellen, emellett gy\u00f3gy\u00edt\u00f3 tulajdons\u00e1gokkal is rendelkezik. <\/li>\n\n\n\n<li class=\"has-medium-font-size\">A sal\u00e1ta ezzel szemben optimizmust k\u00f6lcs\u00f6n\u00f6z a tavasz kezdet\u00e9n.<\/li>\n<\/ul>\n\n\n\n<p class=\"has-medium-font-size\">A Sham el Nessim egyiptomi \u00fcnnep, amely mentes a munk\u00e1t\u00f3l \u00e9s a tanul\u00e1st\u00f3l. Nem minden muszlim \u00fcnnepli a tavasz els\u0151 napj\u00e1t, mivel a Sham el Nessim-et Egyiptomban kereszt\u00e9ny, nem iszl\u00e1m \u00fcnnepnek tekintik. Sok muszlim azonban kifog\u00e1st keres arra, hogy megt\u00f6rje a h\u00e9t megszokott rutinj\u00e1t, \u00e9s ezen a napon elmenjen a csal\u00e1dj\u00e1val a v\u00e1rosb\u00f3l, id\u0151t t\u00f6lts\u00f6n a term\u00e9szetben, \u00e9tkezzen a szabadban, \u00e9s \u00e9lvezze a tavaszi szell\u0151t.<\/p>\n\n\n\n<p class=\"has-medium-font-size\">Az \u00fcnnep r\u00e9gi\u00f3nk\u00e9nt v\u00e1ltozik. Alexandri\u00e1ban a Montazah-palota ezen a napon megnyitja meg kertj\u00e9t a nagyk\u00f6z\u00f6ns\u00e9g el\u0151tt. N\u00e9pt\u00e1nccsoportok l\u00e9pnek fel a szabadban, katonai bemutat\u00f3k, felvonul\u00e1sok \u00e9s koncertek zajlanak.\u00a0A N\u00edlus ment\u00e9n fekv\u0151 v\u00e1rosokban piknikeket rendeznek a foly\u00f3 partj\u00e1n. Akik a tengerparton \u00e9lnek, aznap a tengerparton reggeliznek. M\u00e1s helyeken azonban az egyiptomiak parkokban, botanikus kertekben tal\u00e1lkoznak, s\u0151t, \u00e1llatkerti kir\u00e1ndul\u00e1sokat is szerveznek. <\/p>\n\n\n\n<div class=\"wp-block-columns is-layout-flex wp-container-core-columns-is-layout-9d6595d7 wp-block-columns-is-layout-flex\">\n<div class=\"wp-block-column is-layout-flow wp-block-column-is-layout-flow\"><div class=\"wp-block-image\">\n<figure class=\"aligncenter size-large is-resized\"><img loading=\"lazy\" decoding=\"async\" width=\"1024\" height=\"682\" src=\"https:\/\/www.egyptforever.hu\/ildiko\/wp-content\/uploads\/2025\/09\/124-1024x682.jpg\" alt=\"\" class=\"wp-image-15545\" style=\"width:1078px;height:auto\" srcset=\"https:\/\/www.egyptforever.hu\/ildiko\/wp-content\/uploads\/2025\/09\/124-1024x682.jpg 1024w, https:\/\/www.egyptforever.hu\/ildiko\/wp-content\/uploads\/2025\/09\/124-300x200.jpg 300w, https:\/\/www.egyptforever.hu\/ildiko\/wp-content\/uploads\/2025\/09\/124-768x512.jpg 768w, https:\/\/www.egyptforever.hu\/ildiko\/wp-content\/uploads\/2025\/09\/124.jpg 1280w\" sizes=\"auto, (max-width: 1024px) 100vw, 1024px\" \/><\/figure>\n<\/div><\/div>\n<\/div>\n\n\n\n<h2 class=\"wp-block-heading\">Vil\u00e1gi \u00fcnnepek<\/h2>\n\n\n\n<h3 class=\"wp-block-heading\">Any\u00e1k napja<\/h3>\n\n\n\n<p class=\"has-medium-font-size\">Az any\u00e1k napja fontos \u00fcnnep Egyiptomban.&nbsp;<strong>M\u00e1rcius 21-<\/strong>&nbsp;\u00e9n minden egyiptomi anya \u00fcnnepli a napt\u00e1r egyik legszebb \u00fcnnep\u00e9t, az \u00cdd al-Umm-ot. Ez a nap k\u00fcl\u00f6nleges, \u00fcnnep\u00e9lyes \u00e9s egyed\u00fcl\u00e1ll\u00f3, mert minden any\u00e1nak szentelt nap. 1956. m\u00e1rcius 21-\u00e9n \u00fcnnepelte Egyiptom az els\u0151 nemzeti any\u00e1k napj\u00e1t, ezzel kezdet\u00e9t v\u00e9ve ennek a becses hagyom\u00e1nynak. Az \u00fcnneps\u00e9get k\u00e9peslapok, vir\u00e1gok, j\u00f3k\u00edv\u00e1ns\u00e1gok \u00e9s csal\u00e1di \u00f6sszej\u00f6vetelek k\u00eds\u00e9rik. Apr\u00f3 aj\u00e1nd\u00e9kokat nemcsak a gyerekek, hanem a f\u00e9rjek is adnak az any\u00e1knak, akik gyakran aj\u00e1nd\u00e9koznak a feles\u00e9g\u00fcknek. Ily m\u00f3don kifejezik tisztelet\u00fcket, szeretet\u00fcket \u00e9s h\u00e1l\u00e1jukat a gyermeknevel\u00e9sbe fektetett er\u0151fesz\u00edt\u00e9sek\u00e9rt. Az \u00f3vod\u00e1kban \u00e9s iskol\u00e1kban m\u0171v\u00e9szeti programokat k\u00e9sz\u00edtenek az any\u00e1k napj\u00e1ra, amelyek sor\u00e1n a di\u00e1kok dalokat \u00e9nekelnek, verseket szavalnak \u00e9s t\u00e1ncokat adnak el\u0151. Ezeknek az el\u0151ad\u00e1soknak a d\u00edszvend\u00e9gei term\u00e9szetesen az any\u00e1k.<\/p>\n\n\n\n<h3 class=\"wp-block-heading\">Valentin-nap<\/h3>\n\n\n\n<p class=\"has-medium-font-size\">Egyre n\u00e9pszer\u0171bb \u00fcnnep Egyiptomban az Eur\u00f3p\u00e1ban \u00e9s Amerik\u00e1ban ismert, febru\u00e1r 14-\u00e9n \u00fcnnepelt romantikus \u00fcnnepnak, a Valentin-nap. A k\u00f6z\u00f6ss\u00e9gi m\u00e9dia \u00e1ltal v\u00e1lt n\u00e9pszer\u0171v\u00e9 ez az \u00fcnnepnap. A nagyv\u00e1rosokban, mint Kair\u00f3 \u00e9s Alexandria, febru\u00e1r 14.-\u00e9n a vir\u00e1gboltok zs\u00fafol\u00e1sig megtelnek, \u00e9s a f\u00e9rfiak vir\u00e1ggal kedveskednek a szeretett h\u00f6lgyeknek. Ilyenkor v\u00f6r\u00f6s r\u00f3zs\u00e1t \u00e9s piros luftballonokat aj\u00e1nd\u00e9koznak. S\u0151t k\u00f6z\u00f6ss\u00e9gi \u00e9lm\u00e9nyk\u00e9nt ak\u00e1r k\u00f6z\u00f6s lufireptet\u00e9st is tartanak. T\u00f6bbnyire a fiatalok \u00fcnneplik ezt a napot. <\/p>\n\n\n\n<hr class=\"wp-block-separator has-alpha-channel-opacity\"\/>\n\n\n\n<p><\/p>\n\n\n\n<p class=\"has-medium-font-size\">A f\u00e1ra\u00f3k f\u00f6ldj\u00e9n minden egyiptomi hagyom\u00e1ny \u00e9s \u00fcnnepnap csal\u00e1di jelleg\u0171, m\u00e9lyen gy\u00f6kerez\u0151 csal\u00e1di k\u00f6tel\u00e9kekkel, a hagyom\u00e1nyok r\u00e9sz\u00e9t k\u00e9pezik. Neh\u00e9z elk\u00e9pzelni, hogy a muszlimok vagy a kereszt\u00e9nyek a csal\u00e1djukt\u00f3l t\u00e1vol \u00fcnnepeln\u00e9k az \u00fcnnepeiket.<\/p>\n\n\n\n<p class=\"has-medium-font-size\">Az egyiptomi vall\u00e1si \u00fcnnepek, mind a muszlim, mind a kereszt\u00e9ny \u00fcnnepek, az \u00f6r\u00f6mteli nyilv\u00e1nos egyiptomi \u00fcnnepl\u00e9s id\u0151szakai, \u00e9s r\u00e9sz\u00e9t k\u00e9pezik az egyiptomi kultur\u00e1lis \u00e9lm\u00e9ny\u00e9nek. <strong>Ilyen napokon egyed\u00fcl\u00e1ll\u00f3 vend\u00e9gszeretet uralkodik Egyiptomban<\/strong>, <strong>amit \u00e9rdemes megtapasztalni.<\/strong><\/p>\n<\/div>\n<\/div>\n\n\n\n<p><strong><em>K\u00f3sa Ildik\u00f3 idegenvezet\u0151 &#8211; Egypt Forever <\/em><\/strong><\/p>\n<div style='text-align:right' class='yasr-auto-insert-overall'><\/div><div style='text-align:right' class='yasr-auto-insert-visitor'><\/div>","protected":false},"excerpt":{"rendered":"<p>A hagyom\u00e1nyos &#8220;h\u00e9tv\u00e9ge&#8221;: P\u00e9ntek \u00e9s szombat szabadnap Egyiptomban, amikor a k\u00f6zhivatalok, bankok \u00e9s iskol\u00e1k z\u00e1rva tartanak. \u00c1llami \u00fcnnepnapok: Ezeken a napokon a bankok, int\u00e9zm\u00e9nyek, iskol\u00e1k, \u00fczletek \u00e9s v\u00e1llalkoz\u00e1sok (polg\u00e1ri \u00e9s vall\u00e1si) z\u00e1rva<a class=\"moretag\" href=\"https:\/\/www.egyptforever.hu\/ildiko\/?p=15542\">Tov\u00e1bbi inform\u00e1ci\u00f3\u2026<\/a><\/p>\n","protected":false},"author":1,"featured_media":15543,"comment_status":"closed","ping_status":"open","sticky":false,"template":"","format":"standard","meta":{"om_disable_all_campaigns":false,"_monsterinsights_skip_tracking":false,"_monsterinsights_sitenote_active":false,"_monsterinsights_sitenote_note":"","_monsterinsights_sitenote_category":0,"yasr_overall_rating":0,"yasr_post_is_review":"","yasr_auto_insert_disabled":"","yasr_review_type":"","footnotes":""},"categories":[150,508],"tags":[179,178,62,527,191],"class_list":["post-15542","post","type-post","status-publish","format-standard","has-post-thumbnail","hentry","category-altalanos-informaciok","category-utazas-elott-2","tag-altalanos-informaciok","tag-egyiptom","tag-modern-egyiptom","tag-unnepnapok","tag-utazas-elott"],"aioseo_notices":[],"yasr_visitor_votes":{"stars_attributes":{"read_only":false,"span_bottom":false},"number_of_votes":1,"sum_votes":5},"_links":{"self":[{"href":"https:\/\/www.egyptforever.hu\/ildiko\/index.php?rest_route=\/wp\/v2\/posts\/15542","targetHints":{"allow":["GET"]}}],"collection":[{"href":"https:\/\/www.egyptforever.hu\/ildiko\/index.php?rest_route=\/wp\/v2\/posts"}],"about":[{"href":"https:\/\/www.egyptforever.hu\/ildiko\/index.php?rest_route=\/wp\/v2\/types\/post"}],"author":[{"embeddable":true,"href":"https:\/\/www.egyptforever.hu\/ildiko\/index.php?rest_route=\/wp\/v2\/users\/1"}],"replies":[{"embeddable":true,"href":"https:\/\/www.egyptforever.hu\/ildiko\/index.php?rest_route=%2Fwp%2Fv2%2Fcomments&post=15542"}],"version-history":[{"count":1,"href":"https:\/\/www.egyptforever.hu\/ildiko\/index.php?rest_route=\/wp\/v2\/posts\/15542\/revisions"}],"predecessor-version":[{"id":15546,"href":"https:\/\/www.egyptforever.hu\/ildiko\/index.php?rest_route=\/wp\/v2\/posts\/15542\/revisions\/15546"}],"wp:featuredmedia":[{"embeddable":true,"href":"https:\/\/www.egyptforever.hu\/ildiko\/index.php?rest_route=\/wp\/v2\/media\/15543"}],"wp:attachment":[{"href":"https:\/\/www.egyptforever.hu\/ildiko\/index.php?rest_route=%2Fwp%2Fv2%2Fmedia&parent=15542"}],"wp:term":[{"taxonomy":"category","embeddable":true,"href":"https:\/\/www.egyptforever.hu\/ildiko\/index.php?rest_route=%2Fwp%2Fv2%2Fcategories&post=15542"},{"taxonomy":"post_tag","embeddable":true,"href":"https:\/\/www.egyptforever.hu\/ildiko\/index.php?rest_route=%2Fwp%2Fv2%2Ftags&post=15542"}],"curies":[{"name":"wp","href":"https:\/\/api.w.org\/{rel}","templated":true}]}}