{"id":15716,"date":"2025-11-10T22:08:38","date_gmt":"2025-11-10T21:08:38","guid":{"rendered":"https:\/\/www.egyptforever.hu\/ildiko\/?p=15716"},"modified":"2026-04-09T20:43:03","modified_gmt":"2026-04-09T18:43:03","slug":"az-egyiptomi-alvilag","status":"publish","type":"post","link":"https:\/\/www.egyptforever.hu\/ildiko\/?p=15716","title":{"rendered":"Az egyiptomi alvil\u00e1g"},"content":{"rendered":"\n<h3 class=\"wp-block-heading\"><strong>Az utaz\u00e1s a Duatban \u2013 Az \u00e1talakul\u00e1s birodalma<\/strong><\/h3>\n\n\n\n<p style=\"font-size:18px\">Az \u00f3kori egyiptomiak sz\u00e1m\u00e1ra a hal\u00e1l nem lez\u00e1r\u00e1s, hanem \u00e1tmenet volt: a l\u00e9lek egy \u00faj, nagyobb val\u00f3s\u00e1g fel\u00e9 indult \u00fatnak. Ezt a birodalmat nevezt\u00e9k <strong>Duatnak<\/strong>, amelyet gyakran nevez\u00fcnk \u201ealvil\u00e1gnak\u201d, \u00e1m ez nem az \u00f6r\u00f6k s\u00f6t\u00e9ts\u00e9g \u00e9s retteg\u00e9s helye volt, mint sok m\u00e1s kult\u00far\u00e1ban. A Duat egy <strong>szakr\u00e1lis \u00e1tj\u00e1r\u00f3<\/strong>, a l\u00e9t rejtett r\u00e9tege, ahol a l\u00e9lek megm\u00e9rettetik, megtisztul \u00e9s\u2014ha \u00e9rdemesnek bizonyul\u2014<strong>\u00fajj\u00e1sz\u00fcletik<\/strong>.<\/p>\n\n\n\n<p style=\"font-size:18px\">Az \u00f3kori egyiptomiak hihetetlen hiedelemrendszert vallottak a hal\u00e1l ut\u00e1ni \u00e9lettel kapcsolatban, amelynek k\u00f6z\u00e9ppontj\u00e1ban a duat, vagyis az alvil\u00e1gi utaz\u00e1s \u00e1llt, ahol a lelkek pr\u00f3b\u00e1kon, megpr\u00f3b\u00e1ltat\u00e1sokon, \u0151rz\u0151k\u00f6n \u00e9s egyebeken mentek kereszt\u00fcl, miel\u0151tt el\u00e9rt\u00e9k volna v\u00e9gs\u0151 \u00fati c\u00e9ljukat. \u00datjuk sor\u00e1n 12 kapun haladtak \u00e1t, amelyek az \u00e1talakul\u00e1s k\u00fcl\u00f6nb\u00f6z\u0151 szakaszait szimboliz\u00e1lt\u00e1k, miel\u0151tt el\u00e9rt\u00e9k volna a t\u00falvil\u00e1got. Mer\u00fclj\u00fcnk el m\u00e9lyen az&nbsp;<strong>egyiptomi alvil\u00e1g 12 kapuj\u00e1ban,<\/strong>&nbsp;\u00e9s fedezz\u00fck fel a m\u00f6g\u00f6tt\u00fck rejl\u0151 mitol\u00f3giai jelent\u00e9seket.<\/p>\n\n\n\n<p style=\"font-size:18px\">Az egyiptomi kult\u00far\u00e1ban nagy hangs\u00falyt fektettek a t\u00falvil\u00e1gba vetett hitre, ez\u00e9rt mindent megtettek, hogy felk\u00e9sz\u00edts\u00e9k halottaikat erre. A bonyolult s\u00edreml\u00e9kek, a mumifik\u00e1ci\u00f3 \u00e9s a szent sz\u00f6vegek, mint p\u00e9ld\u00e1ul a <em>Halottak k\u00f6nyve<\/em>, mind \u00fatmutat\u00f3k\u00e9nt szolg\u00e1ltak elhunyt szeretteik sz\u00e1m\u00e1ra, amikor egy m\u00e1sik birodalomba l\u00e9ptek.<\/p>\n\n\n\n<p><\/p>\n\n\n\n<h3 class=\"wp-block-heading\"><strong>A Duat fogalma: Az egyiptomi alvil\u00e1g<\/strong><\/h3>\n\n\n\n<p style=\"font-size:18px\">Az egyiptomi alvil\u00e1g (Duat) nem a s\u00f6t\u00e9ts\u00e9g \u00e9s a k\u00e9ts\u00e9gbees\u00e9s ar\u00e9n\u00e1ja volt, ahogyan azt sok m\u00e1s m\u00faltbeli kult\u00fara elk\u00e9pzelte; ink\u00e1bb egy olyan birodalom volt, amelyben minden l\u00e9lek sorsa eld\u0151lt, \u00e9s amely el\u00e9ri az \u00f6r\u00f6kk\u00e9val\u00f3s\u00e1got, ha m\u00e9lt\u00f3nak \u00edt\u00e9lik. Az egyiptomiak a Duatot az \u00e1tmeneti helynek tekintett\u00e9k &#8211; egy lehet\u0151s\u00e9gnek az \u00fajj\u00e1sz\u00fclet\u00e9s \u00e9s az \u00e1talakul\u00e1s megtapasztal\u00e1s\u00e1ra, mik\u00f6zben \u0151r\u00f6kkel \u00e9s pr\u00f3b\u00e1kkal kell szemben\u00e9zni\u00fck, hogy megmutass\u00e1k m\u00e9lt\u00f3s\u00e1gukat. 12 kapun kellett \u00e1thaladniuk, szembesz\u00e1llniuk \u0151r\u00f6kkel, \u00e9s pr\u00f3b\u00e1kat kellett elviselni\u00fck, hogy pr\u00f3b\u00e1ra tegy\u00e9k az \u00f6r\u00f6k \u00e9letre val\u00f3 alkalmass\u00e1gukat.&nbsp;&nbsp;<\/p>\n\n\n\n<p style=\"font-size:18px\">A Duatot <strong>12 szakaszra vagy \u201ekapura\u201d<\/strong> osztott\u00e1k, amelyek az \u00e9jszaka 12 \u00f3r\u00e1j\u00e1nak felelnek meg. Ezeken a kapukon halad v\u00e9gig <strong>R\u00e9 napisten<\/strong> is minden \u00e9jjel, amikor naplemente ut\u00e1n al\u00e1sz\u00e1ll az \u00e9gi b\u00e1rk\u00e1n, hogy hajnalban ism\u00e9t megsz\u00fclessen. R\u00e9 \u00e9jszakai utaz\u00e1sa nem csup\u00e1n kozmikus k\u00f6rforg\u00e1s, hanem <strong>a meg\u00fajul\u00e1s \u00f6r\u00f6k mint\u00e1ja<\/strong>: ahogyan \u0151 \u00e1thalad a s\u00f6t\u00e9ts\u00e9gen, hogy \u00faj f\u00e9nyt hozzon, \u00fagy j\u00e1rja be a l\u00e9lek is a Duat pr\u00f3b\u00e1it, hogy <strong>az \u00f6r\u00f6k \u00e9let hajnal\u00e1t el\u00e9rhesse<\/strong>.<\/p>\n\n\n\n<div class=\"wp-block-columns is-layout-flex wp-container-core-columns-is-layout-9d6595d7 wp-block-columns-is-layout-flex\">\n<div class=\"wp-block-column is-layout-flow wp-block-column-is-layout-flow\">\n<figure class=\"wp-block-image size-large\"><img loading=\"lazy\" decoding=\"async\" width=\"1024\" height=\"535\" src=\"https:\/\/www.egyptforever.hu\/ildiko\/wp-content\/uploads\/2025\/11\/ras-journey-through-the-12-gates-1730016902M7sqT-1-1024x535.jpg\" alt=\"\" class=\"wp-image-15717\" srcset=\"https:\/\/www.egyptforever.hu\/ildiko\/wp-content\/uploads\/2025\/11\/ras-journey-through-the-12-gates-1730016902M7sqT-1-1024x535.jpg 1024w, https:\/\/www.egyptforever.hu\/ildiko\/wp-content\/uploads\/2025\/11\/ras-journey-through-the-12-gates-1730016902M7sqT-1-300x157.jpg 300w, https:\/\/www.egyptforever.hu\/ildiko\/wp-content\/uploads\/2025\/11\/ras-journey-through-the-12-gates-1730016902M7sqT-1-768x401.jpg 768w, https:\/\/www.egyptforever.hu\/ildiko\/wp-content\/uploads\/2025\/11\/ras-journey-through-the-12-gates-1730016902M7sqT-1.jpg 1200w\" sizes=\"auto, (max-width: 1024px) 100vw, 1024px\" \/><\/figure>\n<\/div>\n\n\n\n<div class=\"wp-block-column is-layout-flow wp-block-column-is-layout-flow\">\n<figure class=\"wp-block-image size-full\"><img loading=\"lazy\" decoding=\"async\" width=\"600\" height=\"338\" src=\"https:\/\/www.egyptforever.hu\/ildiko\/wp-content\/uploads\/2025\/11\/the-book-of-gates-an-ancient-guide-to-the-afterlife-1730019059wRnm9.jpg\" alt=\"\" class=\"wp-image-15718\" srcset=\"https:\/\/www.egyptforever.hu\/ildiko\/wp-content\/uploads\/2025\/11\/the-book-of-gates-an-ancient-guide-to-the-afterlife-1730019059wRnm9.jpg 600w, https:\/\/www.egyptforever.hu\/ildiko\/wp-content\/uploads\/2025\/11\/the-book-of-gates-an-ancient-guide-to-the-afterlife-1730019059wRnm9-300x169.jpg 300w\" sizes=\"auto, (max-width: 600px) 100vw, 600px\" \/><\/figure>\n<\/div>\n<\/div>\n\n\n\n<h3 class=\"wp-block-heading\"><strong>A kapuk \u00e9s a megpr\u00f3b\u00e1ltat\u00e1sok<\/strong><\/h3>\n\n\n\n<p style=\"font-size:18px\">Az \u0151si civiliz\u00e1ci\u00f3k a Duatot egy olyan birodalomk\u00e9nt tartott\u00e1k sz\u00e1mon, ahol a lelkek megpr\u00f3b\u00e1ltat\u00e1sokon mennek kereszt\u00fcl, miel\u0151tt el\u00e9rn\u00e9k a N\u00e1dmez\u0151 \u00f6r\u00f6k paradicsom\u00e1t. Ozirisz, a hal\u00e1l istene \u00e9s e birodalom ura d\u00f6nt a sors\u00e1r\u00f3l; az \u00e1tkel\u00e9se vesz\u00e9lyesnek bizonyulhat, mivel a lelkek sz\u00f6rnyekkel, \u00e1lnok foly\u00f3kkal, perzsel\u0151 t\u00fczekkel \u00e9s sok m\u00e1ssal tal\u00e1lkozhatnak Duaton kereszt\u00fcl vezet\u0151 \u00fatjuk sor\u00e1n.<\/p>\n\n\n\n<p style=\"font-size:18px\">A t\u00falvil\u00e1g kapui <strong>szent ismeretet \u00e9s erk\u00f6lcsi tisztas\u00e1got k\u00f6veteltek<\/strong>. Minden kaput egy-egy <strong>\u0151r<\/strong> vagy isteni-d\u00e9monikus l\u00e9ny v\u00e9dett, akik nem puszt\u00e1n fizikai akad\u00e1lyt jelentettek, hanem <strong>erk\u00f6lcsi \u00e9s szellemi vizsg\u00e1ztat\u00f3k<\/strong> voltak.<br>Az egyiptomi hit szerint:<\/p>\n\n\n\n<ul class=\"wp-block-list\">\n<li style=\"font-size:18px\">A l\u00e9leknek <strong>ismernie kellett a kapu nev\u00e9t<\/strong>,<\/li>\n\n\n\n<li style=\"font-size:18px\">tudnia kellett <strong>az \u0151rz\u0151 nev\u00e9t \u00e9s term\u00e9szet\u00e9t<\/strong>,<\/li>\n\n\n\n<li style=\"font-size:18px\">\u00e9s rendelkeznie kellett <strong>Ma&#8217;at<\/strong>, az isteni igazs\u00e1g \u00e9s rend bels\u0151 harm\u00f3ni\u00e1j\u00e1val.<\/li>\n\n\n\n<li style=\"font-size:18px\">A tud\u00e1s, a helyes sz\u00edv \u00e9s a helyes sz\u00f3 (azaz a <strong>var\u00e1zssz\u00f3<\/strong>, <em>heka<\/em>) egy\u00fctt nyitotta meg az utat.<\/li>\n<\/ul>\n\n\n\n<p style=\"font-size:18px\">A Duat nem csup\u00e1n szimbolikus t\u00e9r volt: k\u00edgy\u00f3kkal teli barlangok, l\u00e1ngol\u00f3 tavak, ford\u00edtott \u00e1raml\u00e1s\u00fa foly\u00f3k, csillagokkal kirakott rejtett kamr\u00e1k \u00e9s s\u00f6t\u00e9t termek v\u00e1ltakoznak benne. A l\u00e9lek tal\u00e1lkozhat <strong>sz\u00f6rnyekkel, k\u00eds\u00e9rtetekkel, kozmikus l\u00e9nyekkel<\/strong>, \u00e9s minden kih\u00edv\u00e1s arra szolg\u00e1l, hogy megmutassa: <strong>val\u00f3ban k\u00e9pes-e tov\u00e1bb l\u00e9pni az \u00f6r\u00f6kk\u00e9val\u00f3s\u00e1g fel\u00e9<\/strong>.<\/p>\n\n\n\n<p><\/p>\n\n\n\n<h3 class=\"wp-block-heading\"><strong>Ozirisz \u00e9s az \u00edt\u00e9let terme<\/strong><\/h3>\n\n\n\n<p style=\"font-size:18px\">A Duat k\u00f6zponti alakja <strong>Ozirisz<\/strong>, a felt\u00e1mad\u00e1s \u00e9s az \u00f6r\u00f6k \u00e9let ura. A m\u00edtosz szerint hal\u00e1l\u00e1t testv\u00e9r\u00e9nek, Sz\u00e9thnek \u00e1rul\u00e1sa okozta, \u00e1m feles\u00e9ge, <strong>\u00cdzisz<\/strong> var\u00e1zslata \u00e9s hite visszahozta \u0151t a l\u00e9tez\u00e9sbe \u2013 nem a f\u00f6ldi vil\u00e1gba, hanem a <strong>t\u00falvil\u00e1g ura \u00e9s b\u00edr\u00e1ja<\/strong> lett. <strong>Ozirisz<\/strong>&nbsp;nem egy tehetetlen er\u0151 volt az alvil\u00e1gban; k\u00f6zponti szerepet j\u00e1tszott az egyiptomi hal\u00e1l \u00e9s felt\u00e1mad\u00e1s meg\u00e9rt\u00e9s\u00e9ben. Ozirisz m\u00edtosza az egyiptomiak t\u00falvil\u00e1gi hit\u00e9t t\u00fckr\u00f6zi, Sz\u00e9th meggyilkol\u00e1s\u00e1val, \u00cdzisz felt\u00e1mad\u00e1s\u00e1val \u00e9s Ozirisz alvil\u00e1gi uralkod\u00f3v\u00e1 v\u00e1l\u00e1s\u00e1val. Miut\u00e1n \u00e1thaladtak az egyiptomi alvil\u00e1g 12 kapuj\u00e1n, a lelkek Ozirisz el\u00e9 ker\u00fcltek \u00edt\u00e9letre, miel\u0151tt visszat\u00e9rtek volna haza.<\/p>\n\n\n\n<p style=\"font-size:18px\">A l\u00e9lek v\u00e9g\u00fcl <strong>Ozirisz tr\u00f3nja<\/strong> el\u00e9 ker\u00fcl, ahol megt\u00f6rt\u00e9nik a h\u00edres <strong>\u201esz\u00edvm\u00e9rlegel\u00e9s\u201d<\/strong>:<\/p>\n\n\n\n<ul class=\"wp-block-list\">\n<li style=\"font-size:18px\"><strong>Anubisz<\/strong> a sakalfej\u0171 isten m\u00e9ri meg a sz\u00edvet,<\/li>\n\n\n\n<li style=\"font-size:18px\"><strong>Ma&#8217;at toll\u00e1hoz<\/strong> viszony\u00edtva,<\/li>\n\n\n\n<li style=\"font-size:18px\">m\u00edg <strong>Thot<\/strong> \u00edrnokisten jegyzi a m\u00e9rleg eredm\u00e9ny\u00e9t.<\/li>\n<\/ul>\n\n\n\n<p style=\"font-size:18px\">Ha a sz\u00edv k\u00f6nnyebb, mint a toll \u2013 a l\u00e9lek tiszta, igaz \u00e9s m\u00e9lt\u00f3 volt. Ha viszont a sz\u00edv neh\u00e9z, b\u0171n\u00f6kkel terhes \u2013 <strong>Ammut<\/strong>, a \u201eL\u00e9lekev\u0151\u201d (krokodilfej\u0171, oroszl\u00e1n- \u00e9s v\u00edzil\u00f3test\u0171 sz\u00f6rny) elnyeli, \u00e9s a l\u00e9lek <strong>megsemmis\u00fcl<\/strong> \u2013 nem gy\u00f6tr\u0151dik \u00f6r\u00f6kk\u00e9, hanem egyszer\u0171en <strong>megsz\u0171nik<\/strong>. Az egyiptomiak sz\u00e1m\u00e1ra teh\u00e1t az igazi f\u00e9lelem <strong>nem a pokol<\/strong>, hanem <strong>a l\u00e9tez\u00e9s elveszt\u00e9se<\/strong> volt.<\/p>\n\n\n\n<p><\/p>\n\n\n\n<h3 class=\"wp-block-heading\"><strong>A v\u00e9gs\u0151 c\u00e9l: Aaru \u2013 a N\u00e1dmez\u0151k<\/strong><\/h3>\n\n\n\n<p style=\"font-size:18px\">A pr\u00f3bat\u00e9teleken gy\u0151ztes lelkek bel\u00e9phettek <strong>Aaru<\/strong> (A\u2019aru), a <strong>N\u00e1dmez\u0151k<\/strong> birodalm\u00e1ba. Ez a paradicsom nem t\u00e9tlens\u00e9get jelentett, hanem:<\/p>\n\n\n\n<ul class=\"wp-block-list\">\n<li style=\"font-size:18px\">b\u00e9k\u00e9t,<\/li>\n\n\n\n<li style=\"font-size:18px\">harm\u00f3ni\u00e1t,<\/li>\n\n\n\n<li style=\"font-size:18px\">\u00e9s azt, hogy a l\u00e9lek <strong>r\u00e9szes\u00fcl a kozmikus rend fenntart\u00e1s\u00e1ban<\/strong>.<\/li>\n<\/ul>\n\n\n\n<p class=\"has-vivid-cyan-blue-color has-text-color has-link-color wp-elements-52806f28052895bd9840683106a2dbb3\" style=\"font-size:18px\">Az egyiptomi sz\u00e1m\u00e1ra az \u00f6r\u00f6kk\u00e9val\u00f3s\u00e1g <strong>mindig akt\u00edv, \u00e9rtelmes, l\u00e9tez\u0151 \u00e1llapot<\/strong> volt.<\/p>\n\n\n\n<p><\/p>\n\n\n\n<div class=\"wp-block-columns is-layout-flex wp-container-core-columns-is-layout-9d6595d7 wp-block-columns-is-layout-flex\">\n<div class=\"wp-block-column is-layout-flow wp-block-column-is-layout-flow\">\n<figure class=\"wp-block-image size-large\"><img loading=\"lazy\" decoding=\"async\" width=\"1024\" height=\"644\" src=\"https:\/\/www.egyptforever.hu\/ildiko\/wp-content\/uploads\/2025\/11\/El_pesado_del_corazon_en_el_Papiro_de_Hunefer-1024x644.jpg\" alt=\"\" class=\"wp-image-15723\" srcset=\"https:\/\/www.egyptforever.hu\/ildiko\/wp-content\/uploads\/2025\/11\/El_pesado_del_corazon_en_el_Papiro_de_Hunefer-1024x644.jpg 1024w, https:\/\/www.egyptforever.hu\/ildiko\/wp-content\/uploads\/2025\/11\/El_pesado_del_corazon_en_el_Papiro_de_Hunefer-300x189.jpg 300w, https:\/\/www.egyptforever.hu\/ildiko\/wp-content\/uploads\/2025\/11\/El_pesado_del_corazon_en_el_Papiro_de_Hunefer-768x483.jpg 768w, https:\/\/www.egyptforever.hu\/ildiko\/wp-content\/uploads\/2025\/11\/El_pesado_del_corazon_en_el_Papiro_de_Hunefer.jpg 1035w\" sizes=\"auto, (max-width: 1024px) 100vw, 1024px\" \/><\/figure>\n<\/div>\n\n\n\n<div class=\"wp-block-column is-layout-flow wp-block-column-is-layout-flow\">\n<figure class=\"wp-block-image size-full\"><img loading=\"lazy\" decoding=\"async\" width=\"636\" height=\"300\" src=\"https:\/\/www.egyptforever.hu\/ildiko\/wp-content\/uploads\/2025\/11\/27.12_Gatekeeper_Underworld.tif.jpg\" alt=\"\" class=\"wp-image-15724\" srcset=\"https:\/\/www.egyptforever.hu\/ildiko\/wp-content\/uploads\/2025\/11\/27.12_Gatekeeper_Underworld.tif.jpg 636w, https:\/\/www.egyptforever.hu\/ildiko\/wp-content\/uploads\/2025\/11\/27.12_Gatekeeper_Underworld.tif-300x142.jpg 300w\" sizes=\"auto, (max-width: 636px) 100vw, 636px\" \/><\/figure>\n<\/div>\n<\/div>\n\n\n\n<h3 class=\"wp-block-heading\"><strong>R\u00e9 utaz\u00e1sa a 12 kapun kereszt\u00fcl<\/strong><\/h3>\n\n\n\n<p style=\"font-size:18px\">R\u00e9, az egyiptomi kozmol\u00f3gia napistene, alapvet\u0151 szerepet j\u00e1tszott a mindennapi \u00e9letben. Minden este R\u00e9 \u00e1tutazott az egyiptomi alvil\u00e1gon, \u00e1tkelve annak 12 kapuj\u00e1n, hogy f\u00e9nyt \u00e9s meg\u00fajul\u00e1st hozzon Duatnak (m\u00e1s n\u00e9ven \u201eDuat\u201d, ami Duatot jelent). R\u00e9 az \u00e9letet szimboliz\u00e1lta; a Duatba val\u00f3 lesz\u00e1ll\u00e1sa a naplement\u00e9t, m\u00edg hajnali megjelen\u00e9se a felt\u00e1mad\u00e1st \u00e9s a meg\u00fajul\u00e1st jelk\u00e9pezte \u2013 ez m\u00e9lyrehat\u00f3 p\u00e1rhuzamot von R\u00e9 Duaton \u00e1t\u00edvel\u0151 utaz\u00e1sa \u00e9s lelke hal\u00e1l ut\u00e1ni utaz\u00e1sa k\u00f6z\u00f6tt; tov\u00e1bb \u00f6sszekapcsolva az&nbsp;<strong>egyiptomi alvil\u00e1g 12 kapuj\u00e1t<\/strong>&nbsp;az \u00e1talakul\u00e1s \u00e9s az \u00f6r\u00f6k \u00e9let eszm\u00e9ivel.<\/p>\n\n\n\n<p><\/p>\n\n\n\n<h3 class=\"wp-block-heading\"><strong>A 12 kapu szimbolik\u00e1ja \u2013 A l\u00e9lek \u00e1talakul\u00e1s\u00e1nak st\u00e1ci\u00f3i<\/strong><\/h3>\n\n\n\n<p style=\"font-size:18px\">Az <strong>egyiptomi alvil\u00e1g tizenk\u00e9t kapuja<\/strong> nem csup\u00e1n t\u00e9rbeli hat\u00e1rokat jel\u00f6lt, hanem a l\u00e9lek <strong>fokozatos fejl\u0151d\u00e9s\u00e9nek<\/strong> \u00e1llom\u00e1sait. Minden kapu egy <strong>pr\u00f3bat\u00e9telt<\/strong>, egy <strong>bels\u0151 leck\u00e9t<\/strong> k\u00e9pviselt, amelyet a l\u00e9leknek meg kellett \u00e9rtenie \u00e9s meg kellett haladnia ahhoz, hogy tov\u00e1bb haladhasson az <strong>\u00f6r\u00f6k \u00e9let<\/strong> fel\u00e9 vezet\u0151 \u00faton.<\/p>\n\n\n\n<p style=\"font-size:18px\">A kapuk \u0151rz\u0151i gyakran <strong>k\u00edgy\u00f3k<\/strong>, <strong>t\u00f6bbarc\u00fa d\u00e9monok<\/strong>, vagy <strong>\u00f6sszetett isteni l\u00e9nyek<\/strong> voltak, akik nem fizikai er\u0151szakkal \u00e1llt\u00e1k \u00fatj\u00e1t a l\u00e9leknek, hanem <strong>szellemi vizsg\u00e1kat<\/strong> t\u00e1masztottak:<\/p>\n\n\n\n<ul class=\"wp-block-list\">\n<li style=\"font-size:18px\">tudnia kellett <strong>nev\u00fcket<\/strong>,<\/li>\n\n\n\n<li style=\"font-size:18px\">ismernie kellett <strong>term\u00e9szet\u00fcket<\/strong>,<\/li>\n\n\n\n<li style=\"font-size:18px\">\u00e9s <strong>a helyes szavakat<\/strong> is ki kellett ejtenie (a <em>heka<\/em>, azaz \u201evar\u00e1zs-sz\u00f3\u201d erej\u00e9vel).<\/li>\n<\/ul>\n\n\n\n<p style=\"font-size:18px\">A kapuk teh\u00e1t <strong>a l\u00e9lek \u00f6nismereti \u00fatj\u00e1nak m\u00e9rf\u00f6ldk\u00f6vei<\/strong> voltak. Csak az l\u00e9phetett tov\u00e1bb, aki <strong>nem csup\u00e1n tud\u00e1st birtokolt<\/strong>, hanem <strong>Ma&#8217;at<\/strong>, az isteni igazs\u00e1g \u00e9s rend szerinti \u00e9letet \u00e9lt.<\/p>\n\n\n\n<p style=\"font-size:18px\">A t\u00falvil\u00e1gi utaz\u00e1s siker\u00e9nek alapj\u00e1t m\u00e1r az \u00e9l\u0151k vil\u00e1g\u00e1ban kellett megteremteni:<\/p>\n\n\n\n<ul class=\"wp-block-list\">\n<li style=\"font-size:18px\"><strong>a mumifik\u00e1ci\u00f3<\/strong> biztos\u00edtotta a test identit\u00e1s\u00e1t \u00e9s a l\u00e9lek visszat\u00e9r\u00e9s\u00e9nek lehet\u0151s\u00e9g\u00e9t,<\/li>\n\n\n\n<li style=\"font-size:18px\"><strong>a temetkez\u00e9si sz\u00f6vegek<\/strong> (var\u00e1zsig\u00e9k) biztos\u00edtott\u00e1k a tud\u00e1st,<\/li>\n\n\n\n<li style=\"font-size:18px\"><strong>a sz\u00edvm\u00e9rlegel\u00e9s<\/strong> igazolta az erk\u00f6lcsi tisztas\u00e1got.<\/li>\n<\/ul>\n\n\n\n<p class=\"has-vivid-cyan-blue-color has-text-color has-link-color wp-elements-7f6bc68e320c37c9de452ff2b344b22d\" style=\"font-size:18px\"><strong>Az \u00f6r\u00f6k \u00e9let nem jutalom volt, hanem azon l\u00e9lek \u00e1llapota, aki minden pr\u00f3b\u00e1n t\u00faljutva harm\u00f3ni\u00e1ba ker\u00fclt az isteni kozmosszal.<\/strong><\/p>\n\n\n\n<div class=\"wp-block-columns is-layout-flex wp-container-core-columns-is-layout-9d6595d7 wp-block-columns-is-layout-flex\">\n<div class=\"wp-block-column is-layout-flow wp-block-column-is-layout-flow\"><div class=\"wp-block-image\">\n<figure class=\"aligncenter size-full is-resized\"><img loading=\"lazy\" decoding=\"async\" width=\"640\" height=\"211\" src=\"https:\/\/www.egyptforever.hu\/ildiko\/wp-content\/uploads\/2025\/11\/640px-Bookofthedead-144145.jpg\" alt=\"\" class=\"wp-image-15722\" style=\"width:1065px;height:auto\" srcset=\"https:\/\/www.egyptforever.hu\/ildiko\/wp-content\/uploads\/2025\/11\/640px-Bookofthedead-144145.jpg 640w, https:\/\/www.egyptforever.hu\/ildiko\/wp-content\/uploads\/2025\/11\/640px-Bookofthedead-144145-300x99.jpg 300w\" sizes=\"auto, (max-width: 640px) 100vw, 640px\" \/><\/figure>\n<\/div><\/div>\n<\/div>\n\n\n\n<h2 class=\"wp-block-heading\"><strong>Az egyiptomi alvil\u00e1g 12 kapuja<\/strong><\/h2>\n\n\n\n<p style=\"font-size:18px\">Fedezz\u00fck fel l\u00e9p\u00e9sr\u0151l l\u00e9p\u00e9sre az egyiptomi t\u00falvil\u00e1gi utaz\u00e1st&nbsp;az egyiptomi alvil\u00e1g 12 kapuj\u00e1n&nbsp;kereszt\u00fcl . Megvizsg\u00e1ljuk, hogy mivel tal\u00e1lkoztak az elhunyt utaz\u00f3k, \u00e9s hogyan gy\u0151zhetik le ezeket a kih\u00edv\u00e1sokat az \u00f6r\u00f6k \u00e9let elnyer\u00e9se \u00e9rdek\u00e9ben.<\/p>\n\n\n\n<h3 class=\"wp-block-heading\"><strong>Els\u0151 Kapu: Bel\u00e9p\u00e9s a Duatba<\/strong><\/h3>\n\n\n\n<p style=\"font-size:18px\">A Duatba val\u00f3 bel\u00e9p\u00e9s az Els\u0151 T\u00e1rsn\u00e1l kezd\u0151dik, ahol a r\u00e9sztvev\u0151k bel\u00e9pnek a Duatba. Ez a kapu jel\u00f6li az \u00e1tmenetet az \u00e9l\u0151k vil\u00e1ga \u00e9s az alvil\u00e1g birodalma k\u00f6z\u00f6tt, ahol a holtaknak bizonyos var\u00e1zslatok v\u00e9grehajt\u00e1s\u00e1val \u00e9s istenek v\u00e9delm\u00e9nek megid\u00e9z\u00e9s\u00e9vel kell bizony\u00edtaniuk odatartoz\u00e1sukat.&nbsp;&nbsp;&nbsp;<\/p>\n\n\n\n<h3 class=\"wp-block-heading\"><strong>M\u00e1sodik kapu: A holtak pr\u00f3b\u00e1i<\/strong><\/h3>\n\n\n\n<p style=\"font-size:18px\">&nbsp;A halottak pr\u00f3b\u00e1i Enn\u00e9l a m\u00e1sodik kapun\u00e1l a lelkek k\u00fcl\u00f6nf\u00e9le pr\u00f3b\u00e1kkal szembes\u00fclnek, amelyek c\u00e9lja, hogy bizony\u00edts\u00e1k r\u00e1termetts\u00e9g\u00fcket. R\u00e9miszt\u0151 l\u00e9nyek, az \u00fagynevezett \u201e\u00c1rul\u00e1sok\u201d \u0151rzik, \u00e9s csak azok l\u00e9phetnek \u00e1t ezen a kapun, akiket tiszta sz\u00edv\u0171nek tartanak.<\/p>\n\n\n\n<h3 class=\"wp-block-heading\"><strong>Harmadik Kapu: Az \u00c1tj\u00e1r\u00f3 \u0150rz\u0151i<\/strong><\/h3>\n\n\n\n<p style=\"font-size:18px\">A harmadik kapu egy hatalmas l\u00e9ny, akinek feladata, hogy megakad\u00e1lyozza a bejut\u00e1st azok el\u0151l, akik \u00e9rdemtelenek a harmadik kapun kereszt\u00fcl a t\u00falvil\u00e1gi \u0151rs\u00e9ghez bel\u00e9pni. Az elhunytnak a Kapuk K\u00f6nyv\u00e9b\u0151l vagy a Halottak K\u00f6nyv\u00e9b\u0151l sz\u00e1rmaz\u00f3 tud\u00e1st kell felhaszn\u00e1lnia, hogy megnyugtassa vagy megker\u00fclje ezeket az \u0151r\u00f6ket, \u00e9s bejut\u00e1st nyerjen.&nbsp;&nbsp;&nbsp;<\/p>\n\n\n\n<h3 class=\"wp-block-heading\"><strong>Negyedik kapu: Az alvil\u00e1g foly\u00f3ja&nbsp;&nbsp;&nbsp;<\/strong><\/h3>\n\n\n\n<p style=\"font-size:18px\">A negyedik kapun\u00e1l a lelkeknek \u00e1t kell kelni\u00fck az Alvil\u00e1g foly\u00f3j\u00e1n \u2013 hasonl\u00f3an a g\u00f6r\u00f6g mitol\u00f3gia Szt\u00fcx foly\u00f3j\u00e1hoz \u2013, amely a vil\u00e1gok k\u00f6z\u00f6tti hat\u00e1rt jel\u00f6li. Ilyen id\u0151kben egy cs\u00f3nak vagy v\u00e9delmez\u0151 amulett megid\u00e9z\u00e9se seg\u00edthet \u00e1tkelni rajta.&nbsp;&nbsp;&nbsp;<\/p>\n\n\n\n<h3 class=\"wp-block-heading\"><strong>\u00d6t\u00f6dik kapu: A T\u0171zkamra<\/strong><\/h3>\n\n\n\n<p style=\"font-size:18px\">Az \u00f6t\u00f6dik kapu egy t\u00fczes l\u00e1ngokkal teli kamr\u00e1ba vezet, amely a megtisztul\u00e1st jelk\u00e9pezi azok sz\u00e1m\u00e1ra, akik tiszt\u00e1k maradnak, \u00e9s nem riadnak vissza a l\u00e1ngok intenzit\u00e1s\u00e1t\u00f3l. Csak azok garant\u00e1lj\u00e1k az \u00e1tjut\u00e1sukat an\u00e9lk\u00fcl, hogy k\u00e1rt szenvedn\u00e9nek az intenzit\u00e1st\u00f3l, akik tiszt\u00e1k tudnak maradni.&nbsp;&nbsp;&nbsp;<\/p>\n\n\n\n<h3 class=\"wp-block-heading\"><strong>Hatodik Kapu: A K\u00edgy\u00f3 Barlangja&nbsp;&nbsp;&nbsp;&nbsp;&nbsp;<\/strong><\/h3>\n\n\n\n<p style=\"font-size:18px\">Miel\u0151tt folytatn\u00e1 \u00fatj\u00e1t, szembe kell n\u00e9znie \u00e9s le kell gy\u0151znie a hatodik kaput \u0151rz\u0151 f\u00e9lelmetes k\u00edgy\u00f3t, amely az egyiptomi mitol\u00f3gi\u00e1ban gyakran a k\u00e1oszt jelk\u00e9pezi. Ahhoz, hogy tov\u00e1bbhaladhasson.<\/p>\n\n\n\n<h3 class=\"wp-block-heading\"><strong>Hetedik Kapu: Az \u00cdt\u00e9let Csarnoka&nbsp;&nbsp;&nbsp;&nbsp;&nbsp;<\/strong><\/h3>\n\n\n\n<p>A hetedik kapu az \u00cdt\u00e9let Csarnok\u00e1ba vezet, ahol a halottaknak el kell sz\u00e1molniuk v\u00e9gs\u0151 soron, miel\u0151tt az \u00f6r\u00f6k \u00e9let vagy Ammit f\u00e9lelmetes \u00e9tv\u00e1gya v\u00e1r r\u00e1juk. Ozirisz eln\u00f6k\u00f6l enn\u00e9l a kapun\u00e1l, hogy eld\u00f6ntse, lelk\u00fck meg\u00e9rdemli-e az \u00f6r\u00f6k \u00e9letet, vagy el kell pusztulnia a kez\u00e9ben.&nbsp;&nbsp;<\/p>\n\n\n\n<h3 class=\"wp-block-heading\"><strong>Nyolcadik kapu: \u00c1talakul\u00e1s \u00e9s meg\u00fajul\u00e1s<\/strong><\/h3>\n\n\n\n<p style=\"font-size:18px\">Ahogy a lelkek \u00e1thaladnak a nyolcadik kapun, megkezd\u0151dik az \u00e1talakul\u00e1suk. Ez a kapu a meg\u00fajul\u00e1st jelk\u00e9pezi, ahogy a lelkek levetk\u0151zik a f\u00f6ldi form\u00e1kat, hogy k\u00f6zelebb ker\u00fcljenek az istenihez hazafel\u00e9 vezet\u0151 \u00fatjukon.&nbsp;&nbsp;<\/p>\n\n\n\n<h3 class=\"wp-block-heading\"><strong>Kilencedik Kapu: A Csillagos M\u00e9lys\u00e9g&nbsp;&nbsp;&nbsp;&nbsp;&nbsp;<\/strong><\/h3>\n\n\n\n<p style=\"font-size:18px\">A kilencedik kapun a l\u00e9lek egy hatalmas \u00e9s \u00f6r\u00f6k helyre l\u00e9p, amelyet Csillagos M\u00e9lys\u00e9gk\u00e9nt ismer\u00fcnk, \u00e9s amely a teret \u00e9s a hal\u00e1l ut\u00e1ni \u00e9let \u00f6r\u00f6kk\u00e9val\u00f3s\u00e1g\u00e1t szimboliz\u00e1lja. Itt az ember id\u0151t tal\u00e1l arra, hogy elgondolkodjon eddigi \u00fatj\u00e1n.&nbsp;&nbsp;&nbsp;<\/p>\n\n\n\n<h3 class=\"wp-block-heading\"><strong>Tizedik Kapu: Ozirisz rejtett tud\u00e1sa&nbsp;&nbsp;&nbsp;&nbsp;&nbsp;<\/strong><\/h3>\n\n\n\n<p style=\"font-size:18px\">A tizedik kapun kereszt\u00fcl lehet hozz\u00e1f\u00e9rni a rejtett tud\u00e1shoz \u00e9s b\u00f6lcsess\u00e9ghez. Ozirisz, mint az alvil\u00e1g uralkod\u00f3ja, csak azoknak adja \u00e1t a szent igazs\u00e1gokat, akik bizony\u00edtott\u00e1k r\u00e1termetts\u00e9g\u00fcket.<\/p>\n\n\n\n<h3 class=\"wp-block-heading\"><strong>Tizenegyedik Kapu: Az \u00d6r\u00f6k Mez\u0151k El\u00e9r\u00e9se<\/strong><\/h3>\n\n\n\n<p style=\"font-size:18px\">A tizenegyedik kapu a N\u00e1dasmez\u0151re vezet, egy \u00f6r\u00f6k paradicsomba, ahol a minden megpr\u00f3b\u00e1ltat\u00e1st legy\u0151z\u00f6tt lelkek \u00f6r\u00f6k nyugalomra lelnek. Itt a halottak vigaszt tal\u00e1lhatnak szeretteikt\u0151l, akik el\u0151tt\u00fck hunytak el, \u00e9s \u00fajra kapcsolatba l\u00e9phetnek egym\u00e1ssal.<\/p>\n\n\n\n<h3 class=\"wp-block-heading\"><strong>Tizenkettedik Kapu: V\u00e9gs\u0151 Felemelked\u00e9s<\/strong><\/h3>\n\n\n\n<p style=\"font-size:18px\">Az utols\u00f3 kapu, m\u00e1s n\u00e9ven a Felemelked\u00e9s kapuja, spiritu\u00e1lis utaz\u00e1sod cs\u00facspontj\u00e1t jelzi, amint lelked felemelkedik az istens\u00e9ggel val\u00f3 eggy\u00e9 v\u00e1l\u00e1s fel\u00e9 \u2013 az \u00f6r\u00f6k \u00e9let elnyer\u00e9se fel\u00e9 Isten birodalm\u00e1ban.&nbsp;&nbsp;&nbsp;<\/p>\n\n\n\n<p><\/p>\n\n\n\n<p class=\"has-vivid-cyan-blue-color has-text-color has-link-color wp-elements-054eab96217502d39d14f6561233c85a\" style=\"font-size:18px\"><strong>Az&nbsp;egyiptomi alvil\u00e1g 12 kapuja&nbsp;a halhatatlan \u00e9lethez sz\u00fcks\u00e9ges kih\u00edv\u00e1sokat \u00e9s tud\u00e1st jelk\u00e9pezte, utat nyitva az egyiptomiak \u00fajj\u00e1sz\u00fclet\u00e9s\u00e9hez. <\/strong><\/p>\n\n\n\n<p class=\"has-black-color has-text-color has-link-color wp-elements-58436d9d5957c58d4ddaa9e5c68cdac8\" style=\"font-size:18px\">Az egyiptomiak a halhatatlans\u00e1got nem passz\u00edv \u00e1llapotnak tekintett\u00e9k; hanem egy akt\u00edv, harm\u00f3nikus \u00e9s boldog \u00e9letnek, melynek el\u00e9r\u00e9s\u00e9hez minden kapu egy \u00fajabb l\u00e9p\u00e9st jelentett v\u00e9gs\u0151 c\u00e9ljuk \u2013 az \u00f6r\u00f6k \u00e9let a N\u00e1dmez\u0151n \u2013 el\u00e9r\u00e9se fel\u00e9.<\/p>\n\n\n\n<div class=\"wp-block-columns is-layout-flex wp-container-core-columns-is-layout-9d6595d7 wp-block-columns-is-layout-flex\">\n<div class=\"wp-block-column is-layout-flow wp-block-column-is-layout-flow\">\n<figure class=\"wp-block-image size-full\"><img loading=\"lazy\" decoding=\"async\" width=\"534\" height=\"640\" src=\"https:\/\/www.egyptforever.hu\/ildiko\/wp-content\/uploads\/2025\/11\/caf2ff0d-55ec-4ec3-8eac-b4a60e93e7d7.webp\" alt=\"\" class=\"wp-image-15725\" srcset=\"https:\/\/www.egyptforever.hu\/ildiko\/wp-content\/uploads\/2025\/11\/caf2ff0d-55ec-4ec3-8eac-b4a60e93e7d7.webp 534w, https:\/\/www.egyptforever.hu\/ildiko\/wp-content\/uploads\/2025\/11\/caf2ff0d-55ec-4ec3-8eac-b4a60e93e7d7-250x300.webp 250w\" sizes=\"auto, (max-width: 534px) 100vw, 534px\" \/><\/figure>\n<\/div>\n\n\n\n<div class=\"wp-block-column is-layout-flow wp-block-column-is-layout-flow\">\n<figure class=\"wp-block-image size-full\"><img loading=\"lazy\" decoding=\"async\" width=\"464\" height=\"640\" src=\"https:\/\/www.egyptforever.hu\/ildiko\/wp-content\/uploads\/2025\/11\/f791b83b-d7b9-4166-a5b9-388a3892af85.webp\" alt=\"\" class=\"wp-image-15726\" srcset=\"https:\/\/www.egyptforever.hu\/ildiko\/wp-content\/uploads\/2025\/11\/f791b83b-d7b9-4166-a5b9-388a3892af85.webp 464w, https:\/\/www.egyptforever.hu\/ildiko\/wp-content\/uploads\/2025\/11\/f791b83b-d7b9-4166-a5b9-388a3892af85-218x300.webp 218w\" sizes=\"auto, (max-width: 464px) 100vw, 464px\" \/><\/figure>\n<\/div>\n<\/div>\n\n\n\n<h2 class=\"wp-block-heading\"><strong>A Kapuk K\u00f6nyve \u2013 T\u00e9rk\u00e9p a l\u00e1thatatlan birodalomhoz<\/strong><\/h2>\n\n\n\n<p style=\"font-size:18px\">A 12 kapu megismer\u00e9s\u00e9nek els\u0151dleges forr\u00e1sa az \u00fan. <strong><em>Kapuk K\u00f6nyve<\/em><\/strong>, egy jelent\u0151s <strong>temetkez\u00e9si sz\u00f6veg<\/strong>, amely a <strong>\u00dajbirodalom<\/strong> idej\u00e9n, f\u0151k\u00e9nt kir\u00e1lyi s\u00edrok falain jelent meg (pl. a Kir\u00e1lyok V\u00f6lgy\u00e9ben).<\/p>\n\n\n\n<p style=\"font-size:18px\">Ez az \u00edr\u00e1s:<\/p>\n\n\n\n<ul class=\"wp-block-list\">\n<li style=\"font-size:18px\"><strong>le\u00edrja a Duat t\u00e9rk\u00e9p\u00e9t<\/strong> \u2013 foly\u00f3it, csarnokait, rejtett termeit,<\/li>\n\n\n\n<li style=\"font-size:18px\">r\u00e9szletesen ismerteti a <strong>12 kaput \u00e9s \u0151rz\u0151iket<\/strong>,<\/li>\n\n\n\n<li style=\"font-size:18px\">elmagyar\u00e1zza, milyen <strong>szavakkal \u00e9s cselekedetekkel<\/strong> haladhat tov\u00e1bb a l\u00e9lek,<\/li>\n\n\n\n<li style=\"font-size:18px\">\u00e9s k\u00e9pekben mutatja be <strong>R\u00e9 \u00e9jszakai utaz\u00e1s\u00e1t<\/strong>, amely p\u00e1rhuzamba \u00e1ll a l\u00e9lek \u00fatj\u00e1val.<\/li>\n<\/ul>\n\n\n\n<p style=\"font-size:18px\">A <em>Kapuk K\u00f6nyve<\/em> teh\u00e1t nem elm\u00e9leti mitol\u00f3gia volt, hanem <strong>gyakorlatias \u00fatmutat\u00f3<\/strong>, egyfajta <strong>ritu\u00e1lis atlasz<\/strong>, amely seg\u00edtette az elhunytat:<\/p>\n\n\n\n<ul class=\"wp-block-list\">\n<li style=\"font-size:18px\">felismerni, hol j\u00e1r,<\/li>\n\n\n\n<li style=\"font-size:18px\">meg\u00e9rteni, mit kell tennie,<\/li>\n\n\n\n<li style=\"font-size:18px\">\u00e9s elnyerni az <strong>\u00fajj\u00e1sz\u00fclet\u00e9s hajnal\u00e1t<\/strong>.<\/li>\n<\/ul>\n\n\n\n<p style=\"font-size:18px\">Az \u0151si egyiptomiak sz\u00e1m\u00e1ra a hal\u00e1l ut\u00e1ni \u00fat <strong>elk\u00e9pzelhet\u0151<\/strong>, <strong>tanulhat\u00f3<\/strong>, s\u0151t <strong>t\u00e1mogathat\u00f3<\/strong> volt. Ez a k\u00f6nyv pedig nem m\u00e1s, mint <strong>a l\u00e1thatatlan vil\u00e1g kapuin \u00e1t vezet\u0151 \u00f6sv\u00e9ny t\u00e9rk\u00e9pe<\/strong>.<\/p>\n\n\n\n<p><\/p>\n\n\n\n<hr class=\"wp-block-separator has-alpha-channel-opacity\"\/>\n\n\n\n<p><\/p>\n\n\n\n<p><\/p>\n\n\n\n<h2 class=\"wp-block-heading\"><strong>Az istenek szerepe a t\u00falvil\u00e1gi utaz\u00e1sban \u2013 A kozmikus rend \u0151rei<\/strong><\/h2>\n\n\n\n<p style=\"font-size:18px\">Az egyiptomiak sz\u00e1m\u00e1ra a hal\u00e1l ut\u00e1ni \u00fat <strong>nem mag\u00e1nyos v\u00e1ndorl\u00e1s<\/strong> volt. A Duatban, a t\u00falvil\u00e1g szent birodalm\u00e1ban, a l\u00e9lek <strong>isteni k\u00eds\u00e9r\u0151kkel \u00e9s \u0151rz\u0151kkel<\/strong> tal\u00e1lkozott, akik mind a kozmikus rend \u2013 <strong>Ma\u2019at<\/strong> \u2013 fenntart\u00f3i voltak. Az istenek nem csup\u00e1n hatalmas l\u00e9nyek voltak, hanem <strong>t\u00e1mogat\u00f3k, b\u00edr\u00e1k, vezet\u0151k<\/strong>, \u00e9s a l\u00e9lek sors\u00e1nak \u0151rz\u0151i. <\/p>\n\n\n\n<p style=\"font-size:18px\">Az istenek \u00e9s istenn\u0151k alapvet\u0151 szerepet j\u00e1tszottak az \u00f3kori Egyiptom alvil\u00e1g\u00e1ban \u00e9l\u0151 halottak,&nbsp;<strong>Ozirisz<\/strong>,&nbsp;<strong>a holtak isten\u00e9nek<\/strong>&nbsp;v\u00e9delm\u00e9ben \u00e9s vezet\u00e9s\u00e9ben a hal\u00e1l tizenk\u00e9t kapuj\u00e1n kereszt\u00fcli \u00fatj\u00e1n. M\u00e1s istens\u00e9gek, mint p\u00e9ld\u00e1ul&nbsp;<strong>Anubisz<\/strong>,&nbsp;<strong>Hathor<\/strong>&nbsp;\u00e9s Ma&#8217;at, az \u00e9let, a hal\u00e1l \u00e9s az \u00fajj\u00e1sz\u00fclet\u00e9s k\u00fcl\u00f6nb\u00f6z\u0151 aspektusait szimboliz\u00e1lt\u00e1k.&nbsp;<strong>Ozirisz<\/strong>&nbsp;volt k\u00f6z\u00fcl\u00fck a legkiemelked\u0151bb&#8230;<\/p>\n\n\n\n<div class=\"wp-block-columns is-layout-flex wp-container-core-columns-is-layout-9d6595d7 wp-block-columns-is-layout-flex\">\n<div class=\"wp-block-column is-layout-flow wp-block-column-is-layout-flow\">\n<figure class=\"wp-block-image size-large\"><img loading=\"lazy\" decoding=\"async\" width=\"1024\" height=\"576\" src=\"https:\/\/www.egyptforever.hu\/ildiko\/wp-content\/uploads\/2025\/11\/OI-1024x576.jpg\" alt=\"\" class=\"wp-image-15728\" srcset=\"https:\/\/www.egyptforever.hu\/ildiko\/wp-content\/uploads\/2025\/11\/OI-1024x576.jpg 1024w, https:\/\/www.egyptforever.hu\/ildiko\/wp-content\/uploads\/2025\/11\/OI-300x169.jpg 300w, https:\/\/www.egyptforever.hu\/ildiko\/wp-content\/uploads\/2025\/11\/OI-768x432.jpg 768w, https:\/\/www.egyptforever.hu\/ildiko\/wp-content\/uploads\/2025\/11\/OI.jpg 1380w\" sizes=\"auto, (max-width: 1024px) 100vw, 1024px\" \/><\/figure>\n<\/div>\n\n\n\n<div class=\"wp-block-column is-layout-flow wp-block-column-is-layout-flow\">\n<figure class=\"wp-block-image size-full\"><img loading=\"lazy\" decoding=\"async\" width=\"640\" height=\"360\" src=\"https:\/\/www.egyptforever.hu\/ildiko\/wp-content\/uploads\/2025\/11\/p050m46b.jpg\" alt=\"\" class=\"wp-image-15727\" srcset=\"https:\/\/www.egyptforever.hu\/ildiko\/wp-content\/uploads\/2025\/11\/p050m46b.jpg 640w, https:\/\/www.egyptforever.hu\/ildiko\/wp-content\/uploads\/2025\/11\/p050m46b-300x169.jpg 300w\" sizes=\"auto, (max-width: 640px) 100vw, 640px\" \/><\/figure>\n<\/div>\n<\/div>\n\n\n\n<h2 class=\"wp-block-heading\"><strong>Oz\u00edrisz<\/strong> az alvil\u00e1g uralkod\u00f3ja<\/h2>\n\n\n\n<p style=\"font-size:18px\">Az alvil\u00e1ggal kapcsolatos istenek k\u00f6z\u00fcl a legfontosabb <strong>Ozirisz<\/strong>, a t\u00falvil\u00e1g kir\u00e1lya \u00e9s a felt\u00e1mad\u00e1s istene. Az \u0151 m\u00edtosza \u2013 meggyilkol\u00e1sa, majd feles\u00e9ge, <strong>\u00cdzisz<\/strong> \u00e1ltali \u00fajb\u00f3li \u00e9letre h\u00edv\u00e1sa \u2013 az <strong>\u00f6r\u00f6k meg\u00fajul\u00e1s archet\u00edpusa<\/strong> lett. A l\u00e9lek v\u00e9g\u00fcl az \u0151 tr\u00f3nja el\u00e9 \u00e9rkezik \u00edt\u00e9letre, ahol sorsa eld\u0151l: <strong>\u00fajj\u00e1sz\u00fclet\u00e9s<\/strong>, vagy <strong>a l\u00e9tez\u00e9s megsz\u0171n\u00e9se<\/strong>. Az alvil\u00e1gi utaz\u00e1s k\u00f6zponti alakja k\u00e9ts\u00e9gk\u00edv\u00fcl <strong>Ozirisz<\/strong>, akit az egyiptomiak nem egyszer\u0171en \u201ea holtak istenek\u00e9nt\u201d tiszteltek, hanem <strong>a t\u00falvil\u00e1g igaz urak\u00e9nt, a felt\u00e1mad\u00e1s \u00e9s az \u00f6r\u00f6k meg\u00fajul\u00e1s elv\u00e9nek megtestes\u00fcl\u00e9sek\u00e9nt<\/strong>. A r\u00f3la sz\u00f3l\u00f3 m\u00edtosz nem csup\u00e1n isteni dr\u00e1ma \u2013 <strong>az emberi l\u00e9lek sors\u00e1nak kozmikus p\u00e9ld\u00e1zata<\/strong>.<\/p>\n\n\n\n<p style=\"font-size:18px\">A t\u00f6rt\u00e9net alapja ismert: Oziriszt testv\u00e9re, <strong>Sz\u00e9th<\/strong>, az er\u0151szak, k\u00e1osz \u00e9s er\u0151 uralma meg\u00f6li, feldarabolja, \u00e9s sz\u00e9tsz\u00f3rja test\u00e9t Egyiptom f\u00f6ldj\u00e9n. A gy\u00e1sz azonban nem a v\u00e9g, hanem a kezdet. Ozirisz hitvese, <strong>\u00cdzisz<\/strong>, akit a szeretet, odaad\u00e1s \u00e9s m\u00e1gikus tud\u00e1s istenn\u0151jek\u00e9nt tiszteltek, <strong>\u00f6sszegy\u0171jti \u00e9s \u00fajraegyes\u00edti a testet<\/strong>, majd olyan m\u00e9lys\u00e9g\u0171 \u00e9s tisztas\u00e1g\u00fa var\u00e1zst \u00e9nekel f\u00f6l\u00e9, hogy Ozirisz <strong>\u00fajra \u00e9letre kel<\/strong>. De ez <strong>nem a f\u00f6ldi \u00e9letbe val\u00f3 visszat\u00e9r\u00e9s<\/strong>. <\/p>\n\n\n\n<p style=\"font-size:18px\">Ozirisz nem t\u00e9r vissza a mi vil\u00e1gunkba uralkodni. Ehelyett: <strong>\u0151 lesz a Duat \u2014 az alvil\u00e1g \u2014 kir\u00e1lya, a holtak b\u00edr\u00e1ja, \u00e9s a meg\u00fajul\u00e1s \u00f6r\u00f6k m\u00e9rc\u00e9je.<\/strong><\/p>\n\n\n\n<p style=\"font-size:18px\">A m\u00edtosz \u00edgy egyetemes \u00fczenetet hordoz:<\/p>\n\n\n\n<ul class=\"wp-block-list\">\n<li style=\"font-size:18px\">Ami elbukott, az <strong>szakr\u00e1lis k\u00f6zrem\u0171k\u00f6d\u00e9ssel \u00fajra \u00e9letet kaphat<\/strong><\/li>\n\n\n\n<li style=\"font-size:18px\"><strong>Nem minden hal\u00e1l v\u00e9g<\/strong>, hanem <strong>\u00e1talakul\u00e1s<\/strong>, \u00e1tkel\u00e9s, \u00e1trendez\u0151d\u00e9s.<\/li>\n\n\n\n<li style=\"font-size:18px\">Ami sz\u00e9tesett, az <strong>\u00f6sszegy\u0171jthet\u0151<\/strong>.<\/li>\n<\/ul>\n\n\n\n<p><\/p>\n\n\n\n<h3 class=\"wp-block-heading\">A l\u00e9lek \u00fatj\u00e1nak cs\u00facspontja: az \u00edt\u00e9let Ozirisz el\u0151tt<\/h3>\n\n\n\n<p style=\"font-size:18px\">A t\u00falvil\u00e1gi utaz\u00e1s \u2014 a 12 kapun, \u0151rz\u0151k\u00f6n, pr\u00f3b\u00e1kon, t\u00fckr\u00f6k\u00f6n \u00e1t \u2014 v\u00e9g\u00fcl <strong>Ozirisz tr\u00f3nja el\u0151tt \u00e9r v\u00e9get<\/strong>. Itt d\u0151l el minden, nem k\u00fcls\u0151 \u00edt\u00e9lkez\u00e9s, hanem <strong>\u00f6nmagunk igaz form\u00e1ja<\/strong> alapj\u00e1n.<\/p>\n\n\n\n<p style=\"font-size:18px\">A Halottak K\u00f6nyv\u00e9ben le\u00edrt jelenet szerint:<\/p>\n\n\n\n<ul class=\"wp-block-list\">\n<li style=\"font-size:18px\">A l\u00e9lek <strong>el\u0151l\u00e9p a T\u00f6rv\u00e9nysz\u00e9k el\u00e9<\/strong>.<\/li>\n\n\n\n<li style=\"font-size:18px\">Mellette ott \u00e1ll <strong>Anubisz<\/strong>, aki a sz\u00edvet a m\u00e9rlegre helyezi.<\/li>\n\n\n\n<li style=\"font-size:18px\">A m\u00e9rleg m\u00e1sik serpeny\u0151j\u00e9ben <strong>Ma\u2019at toll\u00e1nak<\/strong> (az igazs\u00e1g \u00e9s kozmikus rend elv\u00e9nek) s\u00falytalan tisztas\u00e1ga.<\/li>\n<\/ul>\n\n\n\n<p style=\"font-size:18px\">\u00c9s itt j\u00f6n a d\u00f6nt\u0151 mozzanat: <strong>A sz\u00edv nem azt mutatja, hogy mit mondott az ember mag\u00e1r\u00f3l, hanem azt, amit val\u00f3j\u00e1ban volt.<\/strong> Minden tett, minden sz\u00e1nd\u00e9k, minden el nem v\u00e9gzett j\u00f3 is benne van.<\/p>\n\n\n\n<ul class=\"wp-block-list\">\n<li style=\"font-size:18px\">Ha a sz\u00edv <strong>k\u00f6nny\u0171<\/strong>, a l\u00e9lek <strong>bel\u00e9phet Ozirisz birodalm\u00e1ba<\/strong>, a meg\u00fajul\u00e1s \u00e9s az \u00f6r\u00f6k \u00e9let rendj\u00e9be.<\/li>\n\n\n\n<li style=\"font-size:18px\">Ha a sz\u00edv <strong>neh\u00e9z<\/strong>, a l\u00e9lek nem k\u00e9pes visszahangol\u00f3dni a kozmikus rendre, \u00e9s <strong>Ammit<\/strong> \u2014 a L\u00e9tez\u00e9s Fal\u00f3ja \u2014 elem\u00e9szti.<\/li>\n<\/ul>\n\n\n\n<p style=\"font-size:18px\">Ez <strong>nem b\u00fcntet\u00e9s<\/strong>, hanem <strong>a rend \u2014 Ma\u2019at \u2014 fenntart\u00e1sa.<\/strong> <\/p>\n\n\n\n<p class=\"has-vivid-cyan-blue-color has-text-color has-link-color wp-elements-97e5934100860c600e91ddd74f7850b0\" style=\"font-size:18px\"><strong>Hiszen, az, ami nem harm\u00f3ni\u00e1ban \u00e9l, nem folytathatja a l\u00e9tez\u00e9s ritmus\u00e1t<\/strong>.<\/p>\n\n\n\n<p><\/p>\n\n\n\n<h3 class=\"wp-block-heading\">Mi\u00e9rt lett Ozirisz az \u00f6r\u00f6k archetipikus minta?<\/h3>\n\n\n\n<p style=\"font-size:18px\">Mert sorsa <strong>az ember saj\u00e1t bels\u0151 \u00fatj\u00e1t<\/strong> t\u00fckr\u00f6zi:<\/p>\n\n\n\n<ul class=\"wp-block-list\">\n<li style=\"font-size:18px\">Az \u00e9letben mind meg\u00e9lj\u00fck a sz\u00e9tszakadts\u00e1g pillanatait.<\/li>\n\n\n\n<li style=\"font-size:18px\">\u00c9s mindannyiunkban ott \u00e9l \u00cdzisz \u2014 a sz\u00edv tud\u00e1sa, amely k\u00e9pes <strong>\u00fajra \u00f6sszerakni, ami sz\u00e9tt\u00f6rt<\/strong>.<\/li>\n\n\n\n<li style=\"font-size:18px\">\u00c9s Ozirisz, a kir\u00e1ly, aki <strong>nem er\u0151b\u0151l, hanem csendes jelenl\u00e9tb\u0151l<\/strong> uralkodik.<\/li>\n<\/ul>\n\n\n\n<p style=\"font-size:18px\">Az egyiptomi papok \u00fagy tan\u00edtott\u00e1k:<\/p>\n\n\n\n<p class=\"has-vivid-cyan-blue-color has-text-color has-link-color wp-elements-64dec2c9e6a60bc6f4e8ece6316c5310\" style=\"font-size:18px\"><strong>\u201eOzirisznak lenni\u201d annyi, mint \u00e1tkelni a hal\u00e1lon \u2014 m\u00e9g \u00e9let\u00fcnkben \u2014 \u00e9s felismerni az \u00f6r\u00f6k, v\u00e1ltozatlan l\u00e9lektartom\u00e1nyt \u00f6nmagunkban.<\/strong><\/p>\n\n\n\n<p><\/p>\n\n\n\n<h2 class=\"wp-block-heading\">R\u00e9 a napiten &#8211; &#8220;s\u00f6t\u00e9ts\u00e9gb\u0151l a f\u00e9nybe..&#8221;<\/h2>\n\n\n\n<p style=\"font-size:18px\"><strong>R\u00e9<\/strong>&nbsp;a lelkeket vezette a mennyen \u00e9s a pokolon kereszt\u00fcl vagyis <strong>R\u00e9 \u2013 A Napisten, aki \u00e1tk\u00eds\u00e9ri a lelkeket a vil\u00e1gok k\u00f6z\u00f6tt<\/strong>. R\u00e9 az \u00f3kori Egyiptom <strong>Napistene<\/strong>, az <strong>\u00e9let forr\u00e1sa \u00e9s a teremt\u00e9s f\u00e9nye<\/strong>. A nap <strong>nappali \u00e9gen tett \u00fatja<\/strong> \u00e9s az <strong>\u00e9jszakai alvil\u00e1gi utaz\u00e1s<\/strong> nem csup\u00e1n kozmikus jelens\u00e9g volt az egyiptomiak sz\u00e1m\u00e1ra, hanem egy <strong>szent t\u00f6rt\u00e9n\u00e9s<\/strong>, ami minden nap megism\u00e9tl\u0151d\u00f6tt.<\/p>\n\n\n\n<p style=\"font-size:18px\"><strong>Nappal \u2013 R\u00e9 az \u00e9gi b\u00e1rk\u00e1n<\/strong><\/p>\n\n\n\n<p style=\"font-size:18px\">Nappal R\u00e9 a <strong>Mennyek B\u00e1rk\u00e1j\u00e1n<\/strong> haladt v\u00e9gig az \u00e9gen. <\/p>\n\n\n\n<ul class=\"wp-block-list\">\n<li style=\"font-size:18px\">f\u00e9nyt \u00e9s \u00e9letet sug\u00e1rzott a vil\u00e1gra,<\/li>\n\n\n\n<li style=\"font-size:18px\">fel\u00fcgyelte az isteni \u00e9s emberi rendet (Ma\u2019at),<\/li>\n\n\n\n<li style=\"font-size:18px\">\u00e9s biztos\u00edtotta a vil\u00e1g folyamatos meg\u00fajul\u00e1s\u00e1t.<\/li>\n<\/ul>\n\n\n\n<p style=\"font-size:18px\">A vil\u00e1g <strong>akkor<\/strong> volt rendben, ha R\u00e9 <strong>felkelt<\/strong> \u00e9s <strong>legy\u0151zte az \u00e9jszak\u00e1t<\/strong>. Minden napfelkelte: <strong>\u00fajj\u00e1sz\u00fclet\u00e9s<\/strong>.<\/p>\n\n\n\n<p style=\"font-size:18px\"><strong>\u00c9jszaka \u2013 R\u00e9 \u00fatja a Duaton \u00e1t<\/strong><\/p>\n\n\n\n<p style=\"font-size:18px\">Amikor a Nap lenyugodott, R\u00e9 <strong>bel\u00e9pett az alvil\u00e1gba (Duat)<\/strong>. Itt <strong>nem f\u00e9nyesen ragyog\u00f3 isten<\/strong> volt, hanem <strong>harcos \u00e9s v\u00e1ndor<\/strong>, aki:<\/p>\n\n\n\n<ul class=\"wp-block-list\">\n<li style=\"font-size:18px\">v\u00e9gighaladt a t\u00falvil\u00e1g <strong>12 szakasz\u00e1n<\/strong> (ez felel meg a <em>12 \u00f3r\u00e1nak<\/em>),<\/li>\n\n\n\n<li style=\"font-size:18px\">tal\u00e1lkozott halott lelkekkel, szellemekkel, istenekkel \u00e9s d\u00e9monokkal,<\/li>\n\n\n\n<li style=\"font-size:18px\">\u00e9s minden \u00e9jjel <strong>szemben\u00e9zett egy \u0151si ellens\u00e9ggel<\/strong>.<\/li>\n<\/ul>\n\n\n\n<p class=\"has-black-color has-text-color has-link-color wp-elements-1b4506b2ce697dc7c30d460c01b26394\" style=\"font-size:18px\">Ez az ellens\u00e9g volt <strong>\u00c1pep (Apophisz)<\/strong>, a k\u00e1osz \u00e9s pusztul\u00e1s s\u00e1rk\u00e1nyk\u00edgy\u00f3ja, aki minden \u00e9jjel megpr\u00f3b\u00e1lta <strong>elnyelni a Napot<\/strong>. <\/p>\n\n\n\n<p class=\"has-vivid-cyan-blue-color has-text-color has-link-color wp-elements-f0e7db63cb72aea127fbcd0fb6475dc6\" style=\"font-size:18px\"><strong>R\u00e9 \u00e9jszakai \u00fatja teh\u00e1t nem b\u00e9k\u00e9s utaz\u00e1s, hanem kozmikus k\u00fczdelem volt az \u00e9let \u00e9s a hal\u00e1l, a f\u00e9ny \u00e9s a s\u00f6t\u00e9ts\u00e9g k\u00f6z\u00f6tt.<\/strong><\/p>\n\n\n\n<p style=\"font-size:18px\"><\/p>\n\n\n\n<div class=\"wp-block-columns is-layout-flex wp-container-core-columns-is-layout-9d6595d7 wp-block-columns-is-layout-flex\">\n<div class=\"wp-block-column is-layout-flow wp-block-column-is-layout-flow\">\n<figure class=\"wp-block-image size-large\"><img loading=\"lazy\" decoding=\"async\" width=\"1024\" height=\"512\" src=\"https:\/\/www.egyptforever.hu\/ildiko\/wp-content\/uploads\/2025\/11\/Mummy-History-GettyImages-1319322302-1024x512.jpg\" alt=\"\" class=\"wp-image-15729\" srcset=\"https:\/\/www.egyptforever.hu\/ildiko\/wp-content\/uploads\/2025\/11\/Mummy-History-GettyImages-1319322302-1024x512.jpg 1024w, https:\/\/www.egyptforever.hu\/ildiko\/wp-content\/uploads\/2025\/11\/Mummy-History-GettyImages-1319322302-300x150.jpg 300w, https:\/\/www.egyptforever.hu\/ildiko\/wp-content\/uploads\/2025\/11\/Mummy-History-GettyImages-1319322302-768x384.jpg 768w, https:\/\/www.egyptforever.hu\/ildiko\/wp-content\/uploads\/2025\/11\/Mummy-History-GettyImages-1319322302-1536x768.jpg 1536w, https:\/\/www.egyptforever.hu\/ildiko\/wp-content\/uploads\/2025\/11\/Mummy-History-GettyImages-1319322302-2048x1024.jpg 2048w, https:\/\/www.egyptforever.hu\/ildiko\/wp-content\/uploads\/2025\/11\/Mummy-History-GettyImages-1319322302-1600x800.jpg 1600w\" sizes=\"auto, (max-width: 1024px) 100vw, 1024px\" \/><\/figure>\n<\/div>\n\n\n\n<div class=\"wp-block-column is-layout-flow wp-block-column-is-layout-flow\">\n<figure class=\"wp-block-image size-large\"><img loading=\"lazy\" decoding=\"async\" width=\"1024\" height=\"639\" src=\"https:\/\/www.egyptforever.hu\/ildiko\/wp-content\/uploads\/2025\/11\/The-Art-of-Mummification-in-Ancient-Egypt-1080x674-1-1024x639.jpg\" alt=\"\" class=\"wp-image-15730\" srcset=\"https:\/\/www.egyptforever.hu\/ildiko\/wp-content\/uploads\/2025\/11\/The-Art-of-Mummification-in-Ancient-Egypt-1080x674-1-1024x639.jpg 1024w, https:\/\/www.egyptforever.hu\/ildiko\/wp-content\/uploads\/2025\/11\/The-Art-of-Mummification-in-Ancient-Egypt-1080x674-1-300x187.jpg 300w, https:\/\/www.egyptforever.hu\/ildiko\/wp-content\/uploads\/2025\/11\/The-Art-of-Mummification-in-Ancient-Egypt-1080x674-1-768x479.jpg 768w, https:\/\/www.egyptforever.hu\/ildiko\/wp-content\/uploads\/2025\/11\/The-Art-of-Mummification-in-Ancient-Egypt-1080x674-1.jpg 1080w\" sizes=\"auto, (max-width: 1024px) 100vw, 1024px\" \/><\/figure>\n<\/div>\n<\/div>\n\n\n\n<h2 class=\"wp-block-heading\"><strong>Anubisz \u2013 A hat\u00e1rj\u00e1r\u00f3 \u00e9s a halottak vezet\u0151je<\/strong><\/h2>\n\n\n\n<p style=\"font-size:18px\">Az utaz\u00e1s kezdet\u00e9n a l\u00e9lek azzal tal\u00e1lkozik, akit az egyiptomiak a kapuk \u0151rek\u00e9nt tiszteltek: <strong>Anubisz<\/strong>, a sak\u00e1lfej\u0171 isten.<\/p>\n\n\n\n<ul class=\"wp-block-list\">\n<li style=\"font-size:18px\">\u0150 fel\u00fcgyelte a <strong>mumifik\u00e1ci\u00f3t<\/strong>,<\/li>\n\n\n\n<li style=\"font-size:18px\">\u0151 vigy\u00e1zott a <strong>s\u00edrok s\u00e9rtetlens\u00e9g\u00e9re<\/strong>,<\/li>\n\n\n\n<li style=\"font-size:18px\">\u00e9s \u0151 k\u00eds\u00e9rte a lelket a Duat <strong>els\u0151 szakaszain<\/strong>.<\/li>\n<\/ul>\n\n\n\n<p style=\"font-size:18px\">Anubisz szerepe m\u00e9lyen szem\u00e9lyes volt: <strong>vezet\u0151, vigasztal\u00f3 \u00e9s \u00fatmutat\u00f3<\/strong>, aki nem hagyja, hogy az elhunyt elt\u00e9vedjen a l\u00e1thatatlan vil\u00e1g labirintus\u00e1ban. Az \u0151 fel\u00fcgyelete alatt zajlott a h\u00edres <strong>sz\u00edvm\u00e9rlegel\u00e9s<\/strong> is: a l\u00e9lek <strong>sz\u00edv\u00e9t<\/strong> Ma\u2019at toll\u00e1val vetett\u00e9k \u00f6ssze, hogy kider\u00fclj\u00f6n, vajon igazs\u00e1gos \u00e9s tiszta \u00e9letet \u00e9lt-e.<\/p>\n\n\n\n<ul class=\"wp-block-list\">\n<li style=\"font-size:18px\">Ha a sz\u00edv <strong>k\u00f6nny\u0171<\/strong> volt \u2192 a l\u00e9lek tov\u00e1bb l\u00e9phetett.<\/li>\n\n\n\n<li style=\"font-size:18px\">Ha <strong>nehezebb<\/strong> \u2192 <strong>Ammut<\/strong>, a \u201eLelkev\u0151\u201d elnyelte, \u00e9s a l\u00e9tez\u00e9s \u00fatja v\u00e9get \u00e9rt.<\/li>\n<\/ul>\n\n\n\n<p class=\"has-vivid-cyan-blue-color has-text-color has-link-color wp-elements-671ff5d154d3172618e8fe6d34904345\" style=\"font-size:18px\"><strong>Anubisz teh\u00e1t nem puszt\u00e1n \u0151r, hanem b\u00edr\u00f3 \u00e9s p\u00e1sztor: az \u0151 feladata az volt, hogy a rend \u00e9s a m\u00e9lt\u00f3s\u00e1g megmaradjon m\u00e9g a hal\u00e1l ut\u00e1n is.<\/strong><\/p>\n\n\n\n<p><\/p>\n\n\n\n<div class=\"wp-block-columns is-layout-flex wp-container-core-columns-is-layout-9d6595d7 wp-block-columns-is-layout-flex\">\n<div class=\"wp-block-column is-layout-flow wp-block-column-is-layout-flow\">\n<figure class=\"wp-block-image size-full\"><img loading=\"lazy\" decoding=\"async\" width=\"600\" height=\"338\" src=\"https:\/\/www.egyptforever.hu\/ildiko\/wp-content\/uploads\/2025\/11\/who-is-hathor-1729671277nyYXF.png\" alt=\"\" class=\"wp-image-15731\" srcset=\"https:\/\/www.egyptforever.hu\/ildiko\/wp-content\/uploads\/2025\/11\/who-is-hathor-1729671277nyYXF.png 600w, https:\/\/www.egyptforever.hu\/ildiko\/wp-content\/uploads\/2025\/11\/who-is-hathor-1729671277nyYXF-300x169.png 300w\" sizes=\"auto, (max-width: 600px) 100vw, 600px\" \/><\/figure>\n<\/div>\n\n\n\n<div class=\"wp-block-column is-layout-flow wp-block-column-is-layout-flow\">\n<figure class=\"wp-block-image size-large\"><img loading=\"lazy\" decoding=\"async\" width=\"1024\" height=\"561\" src=\"https:\/\/www.egyptforever.hu\/ildiko\/wp-content\/uploads\/2025\/11\/queen-nefertari-nefertari-tomb-1024x561.jpg\" alt=\"\" class=\"wp-image-15732\" srcset=\"https:\/\/www.egyptforever.hu\/ildiko\/wp-content\/uploads\/2025\/11\/queen-nefertari-nefertari-tomb-1024x561.jpg 1024w, https:\/\/www.egyptforever.hu\/ildiko\/wp-content\/uploads\/2025\/11\/queen-nefertari-nefertari-tomb-300x164.jpg 300w, https:\/\/www.egyptforever.hu\/ildiko\/wp-content\/uploads\/2025\/11\/queen-nefertari-nefertari-tomb-768x421.jpg 768w, https:\/\/www.egyptforever.hu\/ildiko\/wp-content\/uploads\/2025\/11\/queen-nefertari-nefertari-tomb.jpg 1300w\" sizes=\"auto, (max-width: 1024px) 100vw, 1024px\" \/><\/figure>\n<\/div>\n<\/div>\n\n\n\n<h2 class=\"wp-block-heading\">Hathor \u2013 A t\u00falvil\u00e1g \u00darn\u0151je, a L\u00e9lek Megszel\u00edd\u00edt\u0151je<\/h2>\n\n\n\n<p style=\"font-size:18px\">Hathor szerepe a t\u00falvil\u00e1gban gyakran h\u00e1tt\u00e9rbe szorul Ozirisz \u00e9s Anubisz alakja mellett, pedig <strong>\u0151 az alvil\u00e1gi \u00fat egyik legm\u00e9lyebb, legszem\u00e9lyesebb tapasztalati min\u0151s\u00e9g\u00e9t k\u00e9pviseli<\/strong>. Nem a b\u00edr\u00e1skod\u00e1s, nem a pr\u00f3bat\u00e9telek, nem a hat\u00e1r\u00e1tl\u00e9p\u00e9s istene \u2014 hanem <strong>az a pillanat, ahol a l\u00e9lek felismeri \u00f6nmaga val\u00f3di \u00e9rt\u00e9k\u00e9t, \u00e9s visszaeml\u00e9kszik arra, honnan j\u00f6tt.<\/strong><\/p>\n\n\n\n<p style=\"font-size:18px\">Hathor neve azt jelenti: <strong>\u201eHorusz H\u00e1za\u201d<\/strong>, vagyis <strong>az isteni sz\u00fclet\u00e9s \u00e9s \u00fajj\u00e1sz\u00fclet\u00e9s m\u00e9he<\/strong>. \u0150 az \u00e9gi teh\u00e9n, a tej\u00fat istenn\u0151je, <strong>a kozmikus anya<\/strong>, aki az isteneket is t\u00e1pl\u00e1lja. A t\u00falvil\u00e1gban bet\u00f6lt\u00f6tt szerepe <strong>nem f\u00e9lelemmel, hanem vigasztal\u00e1ssal<\/strong> kapcsolatos: <strong>\u0150 az, aki \u201cmeg\u00f6leli a lelket\u201d, amikor az \u00e1tkel a Duat s\u00f6t\u00e9t folyos\u00f3in.<\/strong><\/p>\n\n\n\n<p style=\"font-size:18px\">A papok \u00fagy tan\u00edtott\u00e1k:<\/p>\n\n\n\n<p style=\"font-size:18px\"><em>\u201eAki Hathort tal\u00e1lja a t\u00falvil\u00e1gban, annak sz\u00edve megk\u00f6nnyebb\u00fcl.\u201d<\/em><\/p>\n\n\n\n<p style=\"font-size:18px\">Ez nem metafora. A lelkek sz\u00e1m\u00e1ra <strong>a hal\u00e1l utaz\u00e1sa f\u00e1raszt\u00f3, kimer\u00edt\u0151 \u00e9s gyakran f\u00e9lelemmel teli<\/strong>. Hathor ebben a pillanatban jelenik meg:<\/p>\n\n\n\n<ul class=\"wp-block-list\">\n<li style=\"font-size:18px\"><strong>italad\u00f3k\u00e9nt<\/strong> (szent vizet vagy bort k\u00edn\u00e1l)<\/li>\n\n\n\n<li style=\"font-size:18px\"><strong>t\u00fck\u00f6rtart\u00f3k\u00e9nt<\/strong> (megmutatja a l\u00e9lek igazi arc\u00e1t)<\/li>\n\n\n\n<li style=\"font-size:18px\"><strong>az \u00c9let T\u00f6lcs\u00e9r\u00e9nek \u0151rz\u0151jek\u00e9nt<\/strong>, amelyen a l\u00e9lek \u00faj l\u00e9tform\u00e1ra \u00e9bredhet.<\/li>\n<\/ul>\n\n\n\n<p style=\"font-size:18px\">Hathor az, aki seg\u00edt, t\u00e1maszt ny\u00fajt a l\u00e9leknek az alvil\u00e1g f\u00e9lelmetes helyein. \u0150 az, aki:<\/p>\n\n\n\n<ul class=\"wp-block-list\">\n<li style=\"font-size:18px\">feloldja a f\u00e9lelmet<\/li>\n\n\n\n<li style=\"font-size:18px\">megszel\u00edd\u00edti a f\u00e1jdalmat<\/li>\n\n\n\n<li style=\"font-size:18px\">feloldja a b\u0171ntudatot \u00e9s a hi\u00e1ny \u00e9rz\u00e9s\u00e9t<\/li>\n\n\n\n<li style=\"font-size:18px\">eml\u00e9keztet a szeretetben \u00e1t\u00e9lt pillanatokra<\/li>\n<\/ul>\n\n\n\n<p class=\"has-black-color has-text-color has-link-color wp-elements-320487a93422195982abd152611efb11\" style=\"font-size:18px\">Az Hathor jelenl\u00e9te <strong>nem a rend fenntart\u00e1s\u00e1t szolg\u00e1lja<\/strong>, hanem a szeretet erej\u00e9t k\u00e9pviseli, mert a szeretet, a f\u00e9lelem \u00e9s f\u00e1jdalom n\u00e9lk\u00fcli \u00e1llapot seg\u00edti <strong>a l\u00e9lek bels\u0151 f\u00e9ny\u00e9nek helyre\u00e1ll\u00edt\u00e1s\u00e1t<\/strong>.<\/p>\n\n\n\n<p><\/p>\n\n\n\n<h3 class=\"wp-block-heading\"><strong>Az \u201eArany Egyiptomi Kapu\u201d Hathorral<\/strong><\/h3>\n\n\n\n<p style=\"font-size:18px\">A Halottak K\u00f6nyve szerint a 12 kapu egyik\u00e9n <strong>nem harcos \u0151r \u00e1ll<\/strong>, \u00e9s nem k\u00edgy\u00f3k vagy t\u00fczes istenek vigy\u00e1zz\u00e1k \u2014 hanem <strong>Hathor, a gyeng\u00e9d mosoly\u00fa, aranyb\u00f3l ragyog\u00f3 \u00darn\u0151.<\/strong><\/p>\n\n\n\n<p style=\"font-size:18px\">\u0150 azt k\u00e9rdezi a l\u00e9lekt\u0151l:<\/p>\n\n\n\n<p style=\"font-size:18px\"><strong><em>\u201eMit szerett\u00e9l igaz\u00e1n az \u00e9letedben?\u201d<\/em><\/strong><\/p>\n\n\n\n<p style=\"font-size:18px\">Ez a k\u00e9rd\u00e9s nem \u00edt\u00e9let \u2014 hanem:<\/p>\n\n\n\n<ul class=\"wp-block-list\">\n<li style=\"font-size:18px\"><strong>eml\u00e9keztet\u00e9s<\/strong><\/li>\n\n\n\n<li style=\"font-size:18px\"><strong>visszahangol\u00e1s<\/strong><\/li>\n\n\n\n<li style=\"font-size:18px\"><strong>a l\u00e9lek legm\u00e9lyebb \u00f6nazonoss\u00e1g\u00e1nak felt\u00e1r\u00e1sa<\/strong><\/li>\n<\/ul>\n\n\n\n<p class=\"has-vivid-cyan-blue-color has-text-color has-link-color wp-elements-e97c14fb9027df0117a5af347e8c01f5\" style=\"font-size:18px\"><strong>Mert csak az l\u00e9phet tov\u00e1bb a meg\u00fajul\u00e1s fel\u00e9, aki eml\u00e9kszik arra, mi\u00e9rt \u00e9rdemes l\u00e9tezni.<\/strong><\/p>\n\n\n\n<p><\/p>\n\n\n\n<h3 class=\"wp-block-heading\"><strong>A \u201eSzent Italad\u00f3 Hathor\u201d \u2013 a l\u00e9lek megtisztul\u00e1s\u00e1nak r\u00edtusa<\/strong><\/h3>\n\n\n\n<p style=\"font-size:18px\">Hathort gyakran \u00e1br\u00e1zolj\u00e1k \u00fagy, hogy <strong>kehelyb\u0151l vizet ny\u00fajt a l\u00e9leknek<\/strong>. Ez a v\u00edz <strong>nem fizikai ital<\/strong>, hanem:<\/p>\n\n\n\n<ul class=\"wp-block-list\">\n<li style=\"font-size:18px\">az <strong>elfogad\u00e1s vize<\/strong><\/li>\n\n\n\n<li style=\"font-size:18px\">a <strong>megbocs\u00e1t\u00e1s vize<\/strong><\/li>\n\n\n\n<li style=\"font-size:18px\">a <strong>hazatal\u00e1l\u00e1s vize<\/strong><\/li>\n<\/ul>\n\n\n\n<p style=\"font-size:18px\">A l\u00e9lek, miut\u00e1n \u00e1titta mag\u00e1t bel\u0151le, <strong>\u00fajra k\u00e9pes \u00e9rezni \u00f6nmag\u00e1t eg\u00e9szk\u00e9nt<\/strong>.<\/p>\n\n\n\n<p style=\"font-size:18px\">A pap-sz\u00f6vegek \u00edgy fogalmaznak: <\/p>\n\n\n\n<p style=\"font-size:18px\">\u201e<em>Aki meg\u00edt\u00e9ltetik, annak Hathor adja vissza a sz\u00edv\u00e9t, hogy \u00fajra szeretni tudjon.\u201d<\/em><\/p>\n\n\n\n<p style=\"font-size:18px\"><\/p>\n\n\n\n<p style=\"font-size:18px\">Hathor istenn\u0151, mint Nyugat \u00farn\u0151je az istenek j\u00f3s\u00e1g\u00e1t k\u00e9pviseli a t\u00falvil\u00e1gon:<\/p>\n\n\n\n<ul class=\"wp-block-list\">\n<li style=\"font-size:18px\"><strong>az isteni gyeng\u00e9ds\u00e9g jelenl\u00e9te a hal\u00e1l \u00e9s \u00fajj\u00e1sz\u00fclet\u00e9s kapuj\u00e1ban<\/strong><\/li>\n\n\n\n<li style=\"font-size:18px\"><strong>a l\u00e9lek \u00e9rzelmi seb\u00e9nek begy\u00f3gy\u00edt\u00f3ja<\/strong><\/li>\n\n\n\n<li style=\"font-size:18px\"><strong>a hazatal\u00e1l\u00e1s eml\u00e9ke<\/strong><\/li>\n<\/ul>\n\n\n\n<p class=\"has-vivid-cyan-blue-color has-text-color has-link-color wp-elements-1a1ec8bbba9713befd1bbabf7c610660\" style=\"font-size:18px\"><strong>Hathor az, aki megmutatja, hogy a hal\u00e1l utaz\u00e1sa nem sz\u00f6rny\u0171s\u00e9g \u2014 hanem visszat\u00e9r\u00e9s egy \u0151si, ismer\u0151s \u00f6lel\u00e9shez. Vagyis a hal\u00e1l \u00e9s a l\u00e9lek meg\u00edt\u00e9l\u00e9se a l\u00e9lek fejl\u0151d\u00e9s\u00e9t szolg\u00e1lja.<\/strong><\/p>\n\n\n\n<p><\/p>\n\n\n\n<div class=\"wp-block-columns is-layout-flex wp-container-core-columns-is-layout-9d6595d7 wp-block-columns-is-layout-flex\">\n<div class=\"wp-block-column is-layout-flow wp-block-column-is-layout-flow\">\n<figure class=\"wp-block-image size-full\"><img loading=\"lazy\" decoding=\"async\" width=\"980\" height=\"551\" src=\"https:\/\/www.egyptforever.hu\/ildiko\/wp-content\/uploads\/2025\/11\/ac4eff_3c8650a80568456b8e4b6d78fd141d18mv2.avif\" alt=\"\" class=\"wp-image-15733\" srcset=\"https:\/\/www.egyptforever.hu\/ildiko\/wp-content\/uploads\/2025\/11\/ac4eff_3c8650a80568456b8e4b6d78fd141d18mv2.avif 980w, https:\/\/www.egyptforever.hu\/ildiko\/wp-content\/uploads\/2025\/11\/ac4eff_3c8650a80568456b8e4b6d78fd141d18mv2-300x169.jpg 300w, https:\/\/www.egyptforever.hu\/ildiko\/wp-content\/uploads\/2025\/11\/ac4eff_3c8650a80568456b8e4b6d78fd141d18mv2-768x432.jpg 768w\" sizes=\"auto, (max-width: 980px) 100vw, 980px\" \/><\/figure>\n<\/div>\n\n\n\n<div class=\"wp-block-column is-layout-flow wp-block-column-is-layout-flow\">\n<figure class=\"wp-block-image size-full\"><img loading=\"lazy\" decoding=\"async\" width=\"980\" height=\"653\" src=\"https:\/\/www.egyptforever.hu\/ildiko\/wp-content\/uploads\/2025\/11\/ac4eff_2f45739e71f8471b81f19b12226797c0mv2.avif\" alt=\"\" class=\"wp-image-15734\" srcset=\"https:\/\/www.egyptforever.hu\/ildiko\/wp-content\/uploads\/2025\/11\/ac4eff_2f45739e71f8471b81f19b12226797c0mv2.avif 980w, https:\/\/www.egyptforever.hu\/ildiko\/wp-content\/uploads\/2025\/11\/ac4eff_2f45739e71f8471b81f19b12226797c0mv2-300x200.jpg 300w, https:\/\/www.egyptforever.hu\/ildiko\/wp-content\/uploads\/2025\/11\/ac4eff_2f45739e71f8471b81f19b12226797c0mv2-768x512.jpg 768w\" sizes=\"auto, (max-width: 980px) 100vw, 980px\" \/><\/figure>\n<\/div>\n<\/div>\n\n\n\n<h2 class=\"wp-block-heading\"><strong>Thot, \u00cdzisz \u00e9s Ma\u2019at \u2013 Az igazs\u00e1g \u00e9s az \u00fajj\u00e1sz\u00fclet\u00e9s er\u0151i<\/strong><\/h2>\n\n\n\n<p style=\"font-size:18px\">A t\u00falvil\u00e1gi \u00edt\u00e9let szent esem\u00e9ny\u00e9ben <strong>Thot<\/strong>, az \u00edrnokisten r\u00f6gz\u00edtette az eredm\u00e9nyt. Thot a tud\u00e1s \u00e9s az igaz sz\u00f3 mestere volt \u2013 <strong>a v\u00e9gs\u0151 igazs\u00e1g jegyz\u0151je<\/strong>, akinek feljegyz\u00e9seit m\u00e9g az istenek sem k\u00e9rd\u0151jelezt\u00e9k meg.<\/p>\n\n\n\n<p style=\"font-size:18px\"><strong>\u00cdzisz<\/strong>, Ozirisz t\u00e1rsa \u00e9s a var\u00e1zslat nagyasszonya, a v\u00e9delem, egy\u00fctt\u00e9rz\u00e9s \u00e9s gy\u00f3gy\u00edt\u00e1s erej\u00e9t k\u00e9pviselte. \u0150 volt az, aki megmutatta: <strong>a szeretet m\u00e9g a hal\u00e1lt is k\u00e9pes fel\u00fcl\u00edrni<\/strong>.<\/p>\n\n\n\n<p style=\"font-size:18px\"><strong>Ma\u2019at<\/strong> pedig nem istenn\u0151k\u00e9nt csup\u00e1n, hanem <strong>kozmikus t\u00f6rv\u00e9nyk\u00e9nt<\/strong> is jelen volt: a rend, igazs\u00e1g, egyens\u00faly \u00e9s erk\u00f6lcsi igazs\u00e1goss\u00e1g \u00e9l\u0151 megtestes\u00fcl\u00e9sek\u00e9nt.  Ma\u2019at nem egyszer\u0171en \u201eigazs\u00e1g\u201d vagy \u201eerk\u00f6lcs\u201d, <strong>\u0151 a vil\u00e1grend t\u00f6rv\u00e9nye<\/strong>:<\/p>\n\n\n\n<ul class=\"wp-block-list\">\n<li style=\"font-size:18px\"><strong>az igazs\u00e1g<\/strong><\/li>\n\n\n\n<li style=\"font-size:18px\"><strong>a helyes ar\u00e1ny<\/strong><\/li>\n\n\n\n<li style=\"font-size:18px\"><strong>az egyens\u00faly<\/strong><\/li>\n\n\n\n<li style=\"font-size:18px\"><strong>a harm\u00f3nia<\/strong><\/li>\n\n\n\n<li style=\"font-size:18px\"><strong>a val\u00f3s\u00e1g helyes \u00e1llapota<\/strong><\/li>\n<\/ul>\n\n\n\n<p style=\"font-size:18px\">Az egyiptomiak szerint <strong>a vil\u00e1g nem mag\u00e1t\u00f3l \u00e1ll fenn<\/strong>. A k\u00e1osz (<em>Iszefet<\/em>) mindig lesben \u00e1ll \u2014 a rendet, az \u00e9letet, a f\u00e9nyt minden pillanatban meg kell \u0151rizni. \u00c9s ez nem csak a vil\u00e1gra igaz \u2014 hanem <strong>a l\u00e9lekre<\/strong> is.<\/p>\n\n\n\n<p class=\"has-vivid-cyan-blue-color has-text-color has-link-color wp-elements-e1ee44f3c31f3c58edf635e4c5871091\" style=\"font-size:18px\"><strong>A t\u00falvil\u00e1gon csak az l\u00e9tezhet tov\u00e1bb, ami \u00f6sszhangban \u00e1ll Ma\u2019at rendj\u00e9vel.<\/strong><\/p>\n\n\n\n<p><\/p>\n\n\n\n<h3 class=\"wp-block-heading\"><strong>Ami nem igaz \u2014 nem tud megmaradni.<\/strong>..<\/h3>\n\n\n\n<p style=\"font-size:18px\">Az egyiptomiak szerint:<\/p>\n\n\n\n<ul class=\"wp-block-list\">\n<li style=\"font-size:18px\">A hazugs\u00e1g <em>nem tart\u00f3s<\/em>.<\/li>\n\n\n\n<li style=\"font-size:18px\">A szerep <em>nem tart\u00f3s<\/em>.<\/li>\n\n\n\n<li style=\"font-size:18px\">A f\u00e9lelemb\u0151l hozott d\u00f6nt\u00e9s <em>nem tart\u00f3s<\/em>.<\/li>\n\n\n\n<li style=\"font-size:18px\">A torzult identit\u00e1s <em>nem tart\u00f3s<\/em>.<\/li>\n<\/ul>\n\n\n\n<p class=\"has-vivid-cyan-blue-color has-text-color has-link-color wp-elements-1d92bf02a71e05ab2b9ec6685a87a541\" style=\"font-size:18px\"><strong>A hal\u00e1l nem b\u00fcntet\u00e9s&#8230; a hal\u00e1l csak t\u00fckr\u00f6t tart nek\u00fcnk, hogy megmutassa milyen \u00e9letet \u00e9lt\u00fcnk. A l\u00e9lek csak azt viszi tov\u00e1bb, ami val\u00f3di \u00e9s igaz.<\/strong><\/p>\n\n\n\n<p style=\"font-size:18px\">Ahogy a papok fogalmazt\u00e1k:<\/p>\n\n\n\n<p class=\"has-vivid-cyan-blue-color has-text-color has-link-color wp-elements-680eb35d9c689c87bae4a97de57cd1c5\" style=\"font-size:18px\"><em><strong>\u201eA sz\u00edv az, ami marad. A t\u00f6bbi, csak por.\u201d<\/strong><\/em><\/p>\n\n\n\n<p><\/p>\n\n\n\n<h2 class=\"wp-block-heading\">Mit is tesznek az istenek a t\u00falvil\u00e1gon?<\/h2>\n\n\n\n<ul class=\"wp-block-list\">\n<li style=\"font-size:18px\"><strong>Anubisz<\/strong> vezet,<\/li>\n\n\n\n<li style=\"font-size:18px\"><strong>Thot<\/strong> \u00f6sszegez,<\/li>\n\n\n\n<li style=\"font-size:18px\"><strong>Ma\u2019at<\/strong> m\u00e9r,<\/li>\n\n\n\n<li style=\"font-size:18px\"><strong>Hathor<\/strong> begy\u00f3gy\u00edtja a l\u00e9lek sebeit,<\/li>\n\n\n\n<li style=\"font-size:18px\"><strong>\u00cdzisz <\/strong>eml\u00e9keztet a szeretetre,<\/li>\n\n\n\n<li style=\"font-size:18px\"><strong>Ozirisz<\/strong> meg\u00edt\u00e9l,<\/li>\n\n\n\n<li style=\"font-size:18px\"><strong>Ammut<\/strong> v\u00e9grehajtja az \u00edt\u00e9letet.<\/li>\n<\/ul>\n\n\n\n<hr class=\"wp-block-separator has-alpha-channel-opacity\"\/>\n\n\n\n<p><\/p>\n\n\n\n<p class=\"has-black-color has-text-color has-link-color wp-elements-6b86a0cc89dec618265d2f18a26d30a5\" style=\"font-size:18px\">Az egyiptomiak sz\u00e1m\u00e1ra a hal\u00e1l ut\u00e1n k\u00f6vetkez\u0151 \u00fat <strong>nem f\u00e9lelem<\/strong>, hanem <strong>beavat\u00e1s<\/strong> volt. A Duatban minden l\u00e9lek azt tanulta meg, ami az \u00e9l\u0151k vil\u00e1g\u00e1ban tal\u00e1n rejtve maradt: <\/p>\n\n\n\n<p class=\"has-black-color has-text-color has-link-color wp-elements-b781feb16c9db68490519801d5f8ef92\" style=\"font-size:18px\"><strong>Az igaz \u00e9let nem \u00e9r v\u00e9get a hal\u00e1llal \u2013 csak \u00e1tl\u00e9p egy m\u00e1sik f\u00e9nybe<\/strong>.<\/p>\n\n\n\n<p class=\"has-vivid-cyan-blue-color has-text-color has-link-color wp-elements-9d7fa64670b0ae49cdc5e72e01965715\" style=\"font-size:18px\">Ahogy az \u00f3kori egyiptomi mond\u00e1s tartja: <em><strong>&#8221; A hal\u00e1l csup\u00e1n egy \u00faj kezdet&#8230;&#8221;<\/strong><\/em><\/p>\n\n\n\n<p><\/p>\n\n\n\n<h2 class=\"wp-block-heading\"><strong>Mit is jelent ez a ma \u00e9l\u0151 ember sz\u00e1m\u00e1ra?<\/strong><\/h2>\n\n\n\n<p style=\"font-size:18px\">Hogy <strong>a val\u00f3di \u201ehal\u00e1l ut\u00e1ni \u00e9letre val\u00f3 felk\u00e9sz\u00fcl\u00e9s\u201d nem temet\u00e9si r\u00edtusokkal kezd\u0151dik<\/strong>, hanem mindennapi tetteinkkel kezd\u0151dik az \u00e9let\u00fcnkben. Hogy mit \u00e9s hogyan cseleksz\u00fcnk:<\/p>\n\n\n\n<ul class=\"wp-block-list\">\n<li style=\"font-size:18px\">igaz besz\u00e9ddel, igazat sz\u00f3l\u00e1ssal,<\/li>\n\n\n\n<li style=\"font-size:18px\">igaz kapcsolatokkal,<\/li>\n\n\n\n<li style=\"font-size:18px\">igaz d\u00f6nt\u00e9sekkel,<\/li>\n\n\n\n<li style=\"font-size:18px\">igaz tettekkel,<\/li>\n\n\n\n<li style=\"font-size:18px\">igaz \u00f6nismerettel.<\/li>\n<\/ul>\n\n\n\n<p><\/p>\n\n\n\n<p class=\"has-vivid-cyan-blue-color has-text-color has-link-color wp-elements-46ae1a05bf0f8b707c4c6f110b26c54c\" style=\"font-size:18px\">Az ember val\u00f3j\u00e1ban minden nap a t\u00falvil\u00e1gi megmarad\u00e1s\u00e1n dolgozik \u2014 azzal, ahogyan l\u00e9tezik. A hal\u00e1l ut\u00e1ni \u00edt\u00e9let <strong>nem isteni vizsga<\/strong>, hanem <strong>a l\u00e9lek \u00f6nmag\u00e1val val\u00f3 szembes\u00fcl\u00e9se<\/strong>.<\/p>\n\n\n\n<p style=\"font-size:18px\">Ez\u00e9rt mondt\u00e1k az egyiptomi papok:<\/p>\n\n\n\n<p style=\"font-size:18px\"><em>\u201e\u00dagy \u00e9lj, hogy a sz\u00edved k\u00f6nny\u0171 legyen, \u00e9s l\u00e9pteid is k\u00f6nny\u0171ek lesznek.\u201d<br>\u201eA l\u00e9lek csak a saj\u00e1t igaz val\u00f3j\u00e1val l\u00e9phet be a t\u00falvil\u00e1gra.\u201d<br>\u201eAmit szeretettel tett\u00e9l, csak az marad&#8230;\u201d<\/em><\/p>\n\n\n\n<hr class=\"wp-block-separator has-alpha-channel-opacity\"\/>\n\n\n\n<p><\/p>\n\n\n\n<p><\/p>\n\n\n\n<p style=\"font-size:19px\">Hasonl\u00f3 t\u00e9m\u00e1j\u00fa cikkek:<\/p>\n\n\n\n<ul class=\"wp-block-list\">\n<li style=\"font-size:19px\"><a href=\"https:\/\/www.egyptforever.hu\/ildiko\/?p=15704\" title=\"\">Az egyiptomi t\u00falvil\u00e1g kapui \u00e9s \u0151rz\u0151i<\/a><\/li>\n\n\n\n<li style=\"font-size:19px\"><a href=\"https:\/\/www.egyptforever.hu\/ildiko\/?p=14979\" title=\"\">Ani papirusza<\/a><\/li>\n\n\n\n<li style=\"font-size:19px\"><a href=\"https:\/\/www.egyptforever.hu\/ildiko\/?p=14663\" title=\"\">A negat\u00edv gy\u00f3n\u00e1s&#8230;<\/a><\/li>\n\n\n\n<li style=\"font-size:19px\"><a href=\"https:\/\/www.egyptforever.hu\/ildiko\/?p=11246\" title=\"\">A kett\u0151s igazs\u00e1g csarnoka&#8230;<\/a><\/li>\n<\/ul>\n\n\n\n<p><\/p>\n\n\n\n<p><\/p>\n\n\n\n<p><em><strong>Egypt Forever<\/strong> &#8211; K\u00f3sa Ildik\u00f3 idegenvezet\u0151<\/em><\/p>\n<div style='text-align:right' class='yasr-auto-insert-overall'><\/div><div style='text-align:right' class='yasr-auto-insert-visitor'><\/div>","protected":false},"excerpt":{"rendered":"<p>Az utaz\u00e1s a Duatban \u2013 Az \u00e1talakul\u00e1s birodalma Az \u00f3kori egyiptomiak sz\u00e1m\u00e1ra a hal\u00e1l nem lez\u00e1r\u00e1s, hanem \u00e1tmenet volt: a l\u00e9lek egy \u00faj, nagyobb val\u00f3s\u00e1g fel\u00e9 indult \u00fatnak. Ezt a birodalmat nevezt\u00e9k<a class=\"moretag\" href=\"https:\/\/www.egyptforever.hu\/ildiko\/?p=15716\">Tov\u00e1bbi inform\u00e1ci\u00f3\u2026<\/a><\/p>\n","protected":false},"author":1,"featured_media":15738,"comment_status":"closed","ping_status":"open","sticky":false,"template":"","format":"standard","meta":{"om_disable_all_campaigns":false,"_monsterinsights_skip_tracking":false,"_monsterinsights_sitenote_active":false,"_monsterinsights_sitenote_note":"","_monsterinsights_sitenote_category":0,"yasr_overall_rating":0,"yasr_post_is_review":"","yasr_auto_insert_disabled":"","yasr_review_type":"","footnotes":""},"categories":[366,489],"tags":[120,363,516,258,414,362,169,48,490,182],"class_list":["post-15716","post","type-post","status-publish","format-standard","has-post-thumbnail","hentry","category-egyiptom-mitologiaja","category-spiritualis-egyiptom","tag-egyiptomi-istenek","tag-egyiptomi-mitologia","tag-ezoterikus-haladzsa-helyett-valodi-spiritualitas","tag-halottkultusz","tag-hitvilag","tag-istenek","tag-mitologia","tag-okori-egyiptom","tag-spiritualitas","tag-vallas"],"aioseo_notices":[],"yasr_visitor_votes":{"stars_attributes":{"read_only":false,"span_bottom":false},"number_of_votes":1,"sum_votes":5},"_links":{"self":[{"href":"https:\/\/www.egyptforever.hu\/ildiko\/index.php?rest_route=\/wp\/v2\/posts\/15716","targetHints":{"allow":["GET"]}}],"collection":[{"href":"https:\/\/www.egyptforever.hu\/ildiko\/index.php?rest_route=\/wp\/v2\/posts"}],"about":[{"href":"https:\/\/www.egyptforever.hu\/ildiko\/index.php?rest_route=\/wp\/v2\/types\/post"}],"author":[{"embeddable":true,"href":"https:\/\/www.egyptforever.hu\/ildiko\/index.php?rest_route=\/wp\/v2\/users\/1"}],"replies":[{"embeddable":true,"href":"https:\/\/www.egyptforever.hu\/ildiko\/index.php?rest_route=%2Fwp%2Fv2%2Fcomments&post=15716"}],"version-history":[{"count":6,"href":"https:\/\/www.egyptforever.hu\/ildiko\/index.php?rest_route=\/wp\/v2\/posts\/15716\/revisions"}],"predecessor-version":[{"id":16354,"href":"https:\/\/www.egyptforever.hu\/ildiko\/index.php?rest_route=\/wp\/v2\/posts\/15716\/revisions\/16354"}],"wp:featuredmedia":[{"embeddable":true,"href":"https:\/\/www.egyptforever.hu\/ildiko\/index.php?rest_route=\/wp\/v2\/media\/15738"}],"wp:attachment":[{"href":"https:\/\/www.egyptforever.hu\/ildiko\/index.php?rest_route=%2Fwp%2Fv2%2Fmedia&parent=15716"}],"wp:term":[{"taxonomy":"category","embeddable":true,"href":"https:\/\/www.egyptforever.hu\/ildiko\/index.php?rest_route=%2Fwp%2Fv2%2Fcategories&post=15716"},{"taxonomy":"post_tag","embeddable":true,"href":"https:\/\/www.egyptforever.hu\/ildiko\/index.php?rest_route=%2Fwp%2Fv2%2Ftags&post=15716"}],"curies":[{"name":"wp","href":"https:\/\/api.w.org\/{rel}","templated":true}]}}