{"id":1834,"date":"2023-02-28T22:21:38","date_gmt":"2023-02-28T21:21:38","guid":{"rendered":"https:\/\/www.egyptforever.hu\/ildiko\/?p=1834"},"modified":"2025-02-27T21:19:18","modified_gmt":"2025-02-27T20:19:18","slug":"erdekes-sztelek-1","status":"publish","type":"post","link":"https:\/\/www.egyptforever.hu\/ildiko\/?p=1834","title":{"rendered":"\u00c9rdekes szt\u00e9l\u00e9k &#8211; 1."},"content":{"rendered":"\n<div class=\"wp-block-columns is-layout-flex wp-container-core-columns-is-layout-9d6595d7 wp-block-columns-is-layout-flex\">\n<div class=\"wp-block-column is-layout-flow wp-block-column-is-layout-flow\">\n<p style=\"font-size:18px\"><strong>Ta-kai szt\u00e9l\u00e9je.<\/strong><\/p>\n\n\n\n<p style=\"font-size:18px\">Gipsszel fedett, f\u00e1b\u00f3l k\u00e9sz\u00fclt, festett szt\u00e9l\u00e9, melyen a H\u00e1z Asszonya, Ta-kai l\u00e1that\u00f3, aki a tr\u00f3nok \u00fcl\u0151 s\u00f3lyomfej\u0171 istennek, R\u00e9-Harakti-nak s\u00f3lyomfej\u0171 istennek mutat be \u00e1ldozatot.<\/p>\n<\/div>\n\n\n\n<div class=\"wp-block-column is-layout-flow wp-block-column-is-layout-flow\">\n<figure class=\"wp-block-gallery has-nested-images columns-default is-cropped wp-block-gallery-1 is-layout-flex wp-block-gallery-is-layout-flex\">\n<figure class=\"wp-block-image size-large\"><img loading=\"lazy\" decoding=\"async\" width=\"836\" height=\"960\" data-id=\"1841\" src=\"https:\/\/www.egyptforever.hu\/ildiko\/wp-content\/uploads\/2023\/02\/313256271_557436866384595_1725162024288727014_n.jpg\" alt=\"\" class=\"wp-image-1841\" srcset=\"https:\/\/www.egyptforever.hu\/ildiko\/wp-content\/uploads\/2023\/02\/313256271_557436866384595_1725162024288727014_n.jpg 836w, https:\/\/www.egyptforever.hu\/ildiko\/wp-content\/uploads\/2023\/02\/313256271_557436866384595_1725162024288727014_n-261x300.jpg 261w, https:\/\/www.egyptforever.hu\/ildiko\/wp-content\/uploads\/2023\/02\/313256271_557436866384595_1725162024288727014_n-768x882.jpg 768w\" sizes=\"auto, (max-width: 836px) 100vw, 836px\" \/><\/figure>\n<\/figure>\n<\/div>\n<\/div>\n\n\n\n<hr class=\"wp-block-separator has-alpha-channel-opacity\"\/>\n\n\n\n<div class=\"wp-block-columns is-layout-flex wp-container-core-columns-is-layout-9d6595d7 wp-block-columns-is-layout-flex\">\n<div class=\"wp-block-column is-layout-flow wp-block-column-is-layout-flow\">\n<figure class=\"wp-block-gallery has-nested-images columns-default is-cropped wp-block-gallery-2 is-layout-flex wp-block-gallery-is-layout-flex\">\n<figure class=\"wp-block-image size-large\"><img loading=\"lazy\" decoding=\"async\" width=\"817\" height=\"615\" data-id=\"1836\" src=\"https:\/\/www.egyptforever.hu\/ildiko\/wp-content\/uploads\/2023\/02\/328664911_1324257998421657_9004631443167936507_n.jpg\" alt=\"\" class=\"wp-image-1836\" srcset=\"https:\/\/www.egyptforever.hu\/ildiko\/wp-content\/uploads\/2023\/02\/328664911_1324257998421657_9004631443167936507_n.jpg 817w, https:\/\/www.egyptforever.hu\/ildiko\/wp-content\/uploads\/2023\/02\/328664911_1324257998421657_9004631443167936507_n-300x226.jpg 300w, https:\/\/www.egyptforever.hu\/ildiko\/wp-content\/uploads\/2023\/02\/328664911_1324257998421657_9004631443167936507_n-768x578.jpg 768w\" sizes=\"auto, (max-width: 817px) 100vw, 817px\" \/><\/figure>\n<\/figure>\n<\/div>\n\n\n\n<div class=\"wp-block-column is-layout-flow wp-block-column-is-layout-flow\">\n<p style=\"font-size:18px\"><strong>Noferhaut szt\u00e9l\u00e9je.<\/strong><\/p>\n\n\n\n<p style=\"font-size:18px\">Noferhaut a medjai csapatok f\u0151n\u00f6ke \u00e9s az idegen orsz\u00e1gok fel\u00fcgyel\u0151je volt III. Thotmesz uralkod\u00e1sa alatt, az \u00dajbirodalom 18. dinaszti\u00e1ja idej\u00e9n. A szt\u00e9l\u00e9 v\u00f6r\u00f6s homokk\u0151b\u0151l k\u00e9sz\u00fclt. A szt\u00e9l\u00e9 val\u00f3sz\u00edn\u0171leg Th\u00e9b\u00e1b\u00f3l sz\u00e1rmazik. Waldstein J\u00e1nos gr\u00f3f v\u00e1s\u00e1rolta meg 1869-ben Egyiptomban, majd 1870-ben a Magyar Nemzeti M\u00fazeumnak aj\u00e1nd\u00e9kozta. Ez a szt\u00e9l\u00e9 ma m\u00e1r a budapesti Sz\u00e9pm\u0171v\u00e9szeti M\u00fazeum egyiptomi gy\u0171jtem\u00e9ny\u00e9ben tekinthet\u0151 meg. A szt\u00e9l\u00e9 fels\u0151 r\u00e9sz\u00e9n egy sz\u00e1rnyas napkorong l\u00e1that\u00f3. Ez alatt Amun-Ra isten egy \u00e1ldoz\u00f3asztal el\u0151tt \u00fcl, kett\u0151s tollkoron\u00e1t visel, kez\u00e9ben pedig az \u00e9let \u00e9s az isteni er\u0151 szimb\u00f3lumait tartja. A szt\u00e9l\u00e9 sz\u00f6vege szerint az istens\u00e9g &#8220;\u00e9letet \u00e9s hatalmat aj\u00e1nd\u00e9koz&#8221; III. Thotmesz-nek. &#8220;A t\u00f6k\u00e9letes isten, a k\u00e9t f\u00f6ld ura, Menkheperra, aki \u00f6r\u00f6kk\u00e9 \u00e9l, mint Ra&#8221;. A szt\u00e9l\u00e9 als\u00f3 r\u00e9sz\u00e9n Noferhaut l\u00e1that\u00f3 a t\u00e1bla jobb oldal\u00e1n. Karjait im\u00e1datra emeli fel, v\u00e1ll\u00e1n sz\u00e1mos \u00e1llat \u2013 ty\u00fak, gazella, hal \u2013 l\u00f3g egy botr\u00f3l. Az \u00e1llatok felaj\u00e1nl\u00e1sok Amun istennek, melyek a mocsaras ter\u00fcletek, a sivatagok \u00e9s v\u00edz \u00e1llatszimb\u00f3lumai. Ezeket a ter\u00fcleteket az egyiptomiak a k\u00e1osz er\u0151inek otthon\u00e1nak tekintettek. Noferhaut a medjai csapatok f\u0151n\u00f6kek\u00e9nt \u00e9s az idegen orsz\u00e1gok fel\u00fcgyel\u0151jek\u00e9nt, ezeket a helysz\u00edneket fel\u00fcgyelte, vagyis a &#8220;k\u00e1osz ter\u00fcletein&#8221; l\u00e1tta el feladatait. Noferhaut alakja el\u00e9 \u00edrt sz\u00f6veg egy himnusz Amun.<\/p>\n<\/div>\n<\/div>\n\n\n\n<hr class=\"wp-block-separator has-alpha-channel-opacity\"\/>\n\n\n\n<figure class=\"wp-block-gallery has-nested-images columns-default is-cropped wp-block-gallery-3 is-layout-flex wp-block-gallery-is-layout-flex\">\n<figure class=\"wp-block-image size-large\"><img loading=\"lazy\" decoding=\"async\" width=\"614\" height=\"807\" data-id=\"1838\" src=\"https:\/\/www.egyptforever.hu\/ildiko\/wp-content\/uploads\/2023\/02\/330158030_532367732322855_7106448538708194243_n.jpg\" alt=\"\" class=\"wp-image-1838\" srcset=\"https:\/\/www.egyptforever.hu\/ildiko\/wp-content\/uploads\/2023\/02\/330158030_532367732322855_7106448538708194243_n.jpg 614w, https:\/\/www.egyptforever.hu\/ildiko\/wp-content\/uploads\/2023\/02\/330158030_532367732322855_7106448538708194243_n-228x300.jpg 228w\" sizes=\"auto, (max-width: 614px) 100vw, 614px\" \/><\/figure>\n\n\n\n<figure class=\"wp-block-image size-large\"><img loading=\"lazy\" decoding=\"async\" width=\"601\" height=\"824\" data-id=\"1837\" src=\"https:\/\/www.egyptforever.hu\/ildiko\/wp-content\/uploads\/2023\/02\/329700892_1254256495195660_1249814428875071859_n.jpg\" alt=\"\" class=\"wp-image-1837\" srcset=\"https:\/\/www.egyptforever.hu\/ildiko\/wp-content\/uploads\/2023\/02\/329700892_1254256495195660_1249814428875071859_n.jpg 601w, https:\/\/www.egyptforever.hu\/ildiko\/wp-content\/uploads\/2023\/02\/329700892_1254256495195660_1249814428875071859_n-219x300.jpg 219w\" sizes=\"auto, (max-width: 601px) 100vw, 601px\" \/><\/figure>\n<\/figure>\n\n\n\n<hr class=\"wp-block-separator has-alpha-channel-opacity\"\/>\n\n\n\n<div class=\"wp-block-columns is-layout-flex wp-container-core-columns-is-layout-9d6595d7 wp-block-columns-is-layout-flex\">\n<div class=\"wp-block-column is-layout-flow wp-block-column-is-layout-flow\">\n<p style=\"font-size:18px\"><strong>Mentuwoser int\u00e9z\u0151 szt\u00e9l\u00e9je<\/strong> (K\u00f6z\u00e9pbirodalom kora kb. i.e. 1944)<\/p>\n\n\n\n<p style=\"font-size:18px\"><br>Ez a t\u00e9glalap alak\u00fa k\u0151b\u0151l k\u00e9sz\u00fclt szt\u00e9l\u00e9, amit Mentuwoser nev\u0171 tisztvisel\u0151nek k\u00e9sz\u00fclt. Bal kez\u00e9ben egy \u00f6sszehajtogatott v\u00e1szondarabot szorongatva \u00fcl a halotti lakom\u00e1j\u00e1n, biztos\u00edtva, hogy mindig kapjon \u00e9tel\u00e1ldozatokat, \u00e9s hogy csal\u00e1dja \u00f6r\u00f6kk\u00e9 tisztelje \u00e9s eml\u00e9kezzen r\u00e1. Mentuwoser jobbj\u00e1n a fia megid\u00e9zi a szellem\u00e9t. L\u00e1nya egy l\u00f3tuszvir\u00e1got tart, apja pedig egy fedeles t\u00e1l \u00e9telt \u00e9s egy kors\u00f3t k\u00edn\u00e1l, amely alakj\u00e1b\u00f3l \u00edt\u00e9lve s\u00f6rt tartalmazott.<br>Hogy az egyes felaj\u00e1nlott \u00e9telek j\u00f3l l\u00e1that\u00f3ak legyenek, a szobr\u00e1sz a k\u00e9peket f\u00fcgg\u0151legesen helyezte el az asztal tetej\u00e9n. A lakoma kerek \u00e9s k\u00fapos keny\u00e9rb\u0151l, marhah\u00fasb\u00f3l, kos\u00e1rban l\u00e9v\u0151 hagym\u00e1b\u00f3l, l\u00f3tuszvir\u00e1gb\u00f3l \u00e9s p\u00f3r\u00e9hagym\u00e1b\u00f3l \u00e1ll. Az alacsony domborm\u0171v\u0171 farag\u00e1s nagyon finomoman megmunk\u00e1lt. A szobr\u00e1sz sz\u00e9pen \u00e1br\u00e1zolta Mentuwoser izmait, valamint \u00e1llkapcs\u00e1nak \u00e9s arc\u00e1nak form\u00e1j\u00e1t. A s\u00fcllyesztett domborm\u0171v\u0171 hieroglif feliratok szerint I. Senwosret kir\u00e1ly uralkod\u00e1sa tizenhetedik \u00e9v\u00e9ben aj\u00e1nd\u00e9kozta a szt\u00e9l\u00e9t Mentuwosernek h\u0171s\u00e9ges szolg\u00e1latai elismer\u00e9sek\u00e9nt. Mentuwoser tetteit hosszasan ismertetik. \u0150 volt az int\u00e9z\u0151, a magt\u00e1r tisztvisel\u0151je \u00e9s mindenf\u00e9le h\u00e1zi\u00e1llat fel\u00fcgyel\u0151je. J\u00f3 emberk\u00e9nt \u00edrj\u00e1k le, aki gondoskodott a szeg\u00e9nyekr\u0151l \u00e9s eltemette a halottakat. Val\u00f3sz\u00edn\u0171leg \u00c9szak-Fels\u0151-Egyiptomb\u00f3l, Ab\u00fcdoszb\u00f3l sz\u00e1rmazik a szt\u00e9l\u00e9, \u00e9s jelenleg a Metropolitan M\u00fazeumban l\u00e1that\u00f3.<\/p>\n<\/div>\n\n\n\n<div class=\"wp-block-column is-layout-flow wp-block-column-is-layout-flow\">\n<figure class=\"wp-block-gallery has-nested-images columns-default is-cropped wp-block-gallery-4 is-layout-flex wp-block-gallery-is-layout-flex\">\n<figure class=\"wp-block-image size-large\"><img loading=\"lazy\" decoding=\"async\" width=\"766\" height=\"1024\" data-id=\"1842\" src=\"https:\/\/www.egyptforever.hu\/ildiko\/wp-content\/uploads\/2023\/02\/323921561_919496355720147_5042260827395656278_n-766x1024.jpg\" alt=\"\" class=\"wp-image-1842\" srcset=\"https:\/\/www.egyptforever.hu\/ildiko\/wp-content\/uploads\/2023\/02\/323921561_919496355720147_5042260827395656278_n-766x1024.jpg 766w, https:\/\/www.egyptforever.hu\/ildiko\/wp-content\/uploads\/2023\/02\/323921561_919496355720147_5042260827395656278_n-224x300.jpg 224w, https:\/\/www.egyptforever.hu\/ildiko\/wp-content\/uploads\/2023\/02\/323921561_919496355720147_5042260827395656278_n-768x1027.jpg 768w, https:\/\/www.egyptforever.hu\/ildiko\/wp-content\/uploads\/2023\/02\/323921561_919496355720147_5042260827395656278_n-1148x1536.jpg 1148w, https:\/\/www.egyptforever.hu\/ildiko\/wp-content\/uploads\/2023\/02\/323921561_919496355720147_5042260827395656278_n.jpg 1531w\" sizes=\"auto, (max-width: 766px) 100vw, 766px\" \/><\/figure>\n<\/figure>\n<\/div>\n<\/div>\n\n\n\n<hr class=\"wp-block-separator has-alpha-channel-opacity\"\/>\n\n\n\n<div class=\"wp-block-columns is-layout-flex wp-container-core-columns-is-layout-9d6595d7 wp-block-columns-is-layout-flex\">\n<div class=\"wp-block-column is-layout-flow wp-block-column-is-layout-flow\">\n<figure class=\"wp-block-gallery has-nested-images columns-default is-cropped wp-block-gallery-5 is-layout-flex wp-block-gallery-is-layout-flex\">\n<figure class=\"wp-block-image size-large\"><img loading=\"lazy\" decoding=\"async\" width=\"458\" height=\"530\" data-id=\"1843\" src=\"https:\/\/www.egyptforever.hu\/ildiko\/wp-content\/uploads\/2023\/02\/328224439_5388066121297879_1736382730966774212_n.jpg\" alt=\"\" class=\"wp-image-1843\" srcset=\"https:\/\/www.egyptforever.hu\/ildiko\/wp-content\/uploads\/2023\/02\/328224439_5388066121297879_1736382730966774212_n.jpg 458w, https:\/\/www.egyptforever.hu\/ildiko\/wp-content\/uploads\/2023\/02\/328224439_5388066121297879_1736382730966774212_n-259x300.jpg 259w\" sizes=\"auto, (max-width: 458px) 100vw, 458px\" \/><\/figure>\n<\/figure>\n<\/div>\n\n\n\n<div class=\"wp-block-column is-layout-flow wp-block-column-is-layout-flow\">\n<p style=\"font-size:18px\">Ez egy igen \u00e9rdekes szt\u00e9l\u00e9, mert egy olyan istens\u00e9get mutat, aki m\u00e1shonnan nem ismer\u00fcnk. Ez egy kicsit titokzatos, persze j\u00f3 \u00e9rtelemben&#8230; k\u00fcl\u00f6n\u00f6sen ha szereted az oroszl\u00e1nokat.<br>Ez a szt\u00e9l\u00e9 az abydosi nekropoliszb\u00f3l ker\u00fclt el\u0151 \u00e9s a harmadik \u00e1tmeneti korban k\u00e9sz\u00fclt, egy olyan n\u0151 sz\u00e1m\u00e1ra k\u00e9sz\u00fclt, akinek a nev\u00e9t sajnos m\u00e1r nem lehet biztosan kiolvasni a feliratokb\u00f3l. A szt\u00e9l\u00e9 a tulajdonos\u00e1t \u00e1br\u00e1zolja l\u00e1nya, Aset-tanefret k\u00eds\u00e9ret\u00e9ben; mindketten hossz\u00fa \u00e1tl\u00e1tsz\u00f3 k\u00f6nt\u00f6st viselnek, ami csak k\u00f6rvonalakban jelenik meg. Az anya jobb kez\u00e9ben egy iv\u00f3v\u00e1z\u00e1t tart. A feje tetej\u00e9n l\u00e9v\u0151 s\u00e9rtetlen parf\u00fcmk\u00fapb\u00f3l egy l\u00f3tuszvir\u00e1g emelkedik ki. A h\u00f6lgyek felaj\u00e1nl\u00e1st\/ \u00e1ldozatot adnak az oroszl\u00e1nfej\u0171 Nut-Mestjet nev\u0171 istenn\u0151nek. A l\u00f3tuszvir\u00e1g alak\u00fa asztalon elhelyezett felaj\u00e1nl\u00e1sok \u00e9telb\u0151l \u00e9s egy nagy csokor l\u00f3tuszb\u00f3l \u00e1llnak. A tulajdonos im\u00e1dat\u00e1t mutatja az oroszl\u00e1nfej\u0171 istenn\u0151 fel\u00e9, akit nagy napkoronggal \u00e9s ureusz k\u00edgy\u00f3val \u00e1br\u00e1zolnak, ahogy Szekhmet istenn\u0151t szokt\u00e1k; de a felirat szerint az istens\u00e9get Henut-Mestjetnek h\u00edvj\u00e1k. M\u00e1s forr\u00e1sb\u00f3l nem ismert az istenn\u0151 n\u00e9ve.<\/p>\n<\/div>\n<\/div>\n\n\n\n<hr class=\"wp-block-separator has-alpha-channel-opacity\"\/>\n\n\n\n<div class=\"wp-block-columns is-layout-flex wp-container-core-columns-is-layout-9d6595d7 wp-block-columns-is-layout-flex\">\n<div class=\"wp-block-column is-layout-flow wp-block-column-is-layout-flow\">\n<p style=\"font-size:18px\"><strong>Aafenmut Szt\u00e9l\u00e9je<\/strong><\/p>\n\n\n\n<p style=\"font-size:18px\">Aafenmut, aki a kincst\u00e1r \u00edrnoka, t\u00f6mj\u00e9nt k\u00edn\u00e1l az \u00fcl\u0151 napistennek, Re-Harakhtynak, akit a szt\u00e9l\u00e9n s\u00f3lyomfej\u0171 m\u00famiak\u00e9nt \u00e1br\u00e1zolnak. Aafenmut fesztiv\u00e1lruh\u00e1t visel, vagyis red\u0151z\u00f6tt, \u00e1ttetsz\u0151 k\u00f6nt\u00f6st, sz\u00e9les gall\u00e9rt \u00e9s kark\u00f6t\u0151t visel. A fej\u00e9n egy illatos viaszk\u00fap \u00e9s egy l\u00f3tuszbimb\u00f3. A k\u00e9t figura k\u00f6z\u00f6tt keny\u00e9rrel, gy\u00fcm\u00f6lccsel \u00e9s vir\u00e1gokkal megrakott \u00e1ldozati asztal tal\u00e1lhat\u00f3.<\/p>\n<\/div>\n\n\n\n<div class=\"wp-block-column is-layout-flow wp-block-column-is-layout-flow\">\n<figure class=\"wp-block-gallery has-nested-images columns-default is-cropped wp-block-gallery-6 is-layout-flex wp-block-gallery-is-layout-flex\">\n<figure class=\"wp-block-image size-large\"><img loading=\"lazy\" decoding=\"async\" width=\"930\" height=\"1024\" data-id=\"1844\" src=\"https:\/\/www.egyptforever.hu\/ildiko\/wp-content\/uploads\/2023\/02\/328310187_505094628493318_5872271975077430707_n-930x1024.jpg\" alt=\"\" class=\"wp-image-1844\" srcset=\"https:\/\/www.egyptforever.hu\/ildiko\/wp-content\/uploads\/2023\/02\/328310187_505094628493318_5872271975077430707_n-930x1024.jpg 930w, https:\/\/www.egyptforever.hu\/ildiko\/wp-content\/uploads\/2023\/02\/328310187_505094628493318_5872271975077430707_n-272x300.jpg 272w, https:\/\/www.egyptforever.hu\/ildiko\/wp-content\/uploads\/2023\/02\/328310187_505094628493318_5872271975077430707_n-768x846.jpg 768w, https:\/\/www.egyptforever.hu\/ildiko\/wp-content\/uploads\/2023\/02\/328310187_505094628493318_5872271975077430707_n-1395x1536.jpg 1395w, https:\/\/www.egyptforever.hu\/ildiko\/wp-content\/uploads\/2023\/02\/328310187_505094628493318_5872271975077430707_n.jpg 1860w\" sizes=\"auto, (max-width: 930px) 100vw, 930px\" \/><\/figure>\n<\/figure>\n<\/div>\n<\/div>\n\n\n\n<hr class=\"wp-block-separator has-alpha-channel-opacity\"\/>\n\n\n\n<div class=\"wp-block-columns is-layout-flex wp-container-core-columns-is-layout-9d6595d7 wp-block-columns-is-layout-flex\">\n<div class=\"wp-block-column is-layout-flow wp-block-column-is-layout-flow\">\n<figure class=\"wp-block-gallery has-nested-images columns-default is-cropped wp-block-gallery-7 is-layout-flex wp-block-gallery-is-layout-flex\">\n<figure class=\"wp-block-image size-large\"><img loading=\"lazy\" decoding=\"async\" width=\"936\" height=\"1024\" data-id=\"1845\" src=\"https:\/\/www.egyptforever.hu\/ildiko\/wp-content\/uploads\/2023\/02\/328126138_1133222737338063_3793652673581741957_n-936x1024.jpg\" alt=\"\" class=\"wp-image-1845\" srcset=\"https:\/\/www.egyptforever.hu\/ildiko\/wp-content\/uploads\/2023\/02\/328126138_1133222737338063_3793652673581741957_n-936x1024.jpg 936w, https:\/\/www.egyptforever.hu\/ildiko\/wp-content\/uploads\/2023\/02\/328126138_1133222737338063_3793652673581741957_n-274x300.jpg 274w, https:\/\/www.egyptforever.hu\/ildiko\/wp-content\/uploads\/2023\/02\/328126138_1133222737338063_3793652673581741957_n-768x840.jpg 768w, https:\/\/www.egyptforever.hu\/ildiko\/wp-content\/uploads\/2023\/02\/328126138_1133222737338063_3793652673581741957_n-1404x1536.jpg 1404w, https:\/\/www.egyptforever.hu\/ildiko\/wp-content\/uploads\/2023\/02\/328126138_1133222737338063_3793652673581741957_n.jpg 1872w\" sizes=\"auto, (max-width: 936px) 100vw, 936px\" \/><\/figure>\n<\/figure>\n<\/div>\n\n\n\n<div class=\"wp-block-column is-layout-flow wp-block-column-is-layout-flow\">\n<p style=\"font-size:18px\"><strong>Inamennayefnebu szt\u00e9l\u00e9je<\/strong><\/p>\n\n\n\n<p style=\"font-size:18px\">Ez az egyike annak a n\u00e9gy szt\u00e9l\u00e9nek, melyet a 22. dinasztia m\u00e1sodik fel\u00e9ben \u00e9lt Saiah csal\u00e1dj\u00e1nak k\u00e1poln\u00e1j\u00e1nak k\u00f6zel\u00e9ben tal\u00e1ltak. Az eredeti s\u00edr a 11. dinasztia idej\u00e9b\u0151l sz\u00e1rmazik, t\u00f6bb mint egy \u00e9vezreddel kor\u00e1bban. \u00c1m a k\u00e1poln\u00e1t Saiah csal\u00e1dja haszn\u00e1lta sokkal k\u00e9s\u0151bbi korban. Valamennyi szt\u00e9l\u00e9 f\u00e1b\u00f3l k\u00e9sz\u00fclt, z\u00f6ld, piros, s\u00e1rga \u00e9s feket\u00e9re festve feh\u00e9r gesso alapra.<br>Inamennayefnebu (aki Saiah fia volt) Amun szolg\u00e1lat\u00e1ban \u00e1ll\u00f3 alacsony beoszt\u00e1s\u00fa tisztvisel\u0151 volt. A szt\u00e9l\u00e9n Inamennnayefnebu Re-Harakhty szobra el\u0151tt \u00e1ll, \u00e9s im\u00e1dattal felemeli a karj\u00e1t. A k\u00e9t figura k\u00f6z\u00f6tt \u00e1ldozati asztal \u00e1ll. Inamennayefnebu szt\u00e9l\u00e9j\u00e9nek st\u00edlusa kev\u00e9sb\u00e9 eleg\u00e1ns, a sz\u00edneket t\u00f6m\u00f6r t\u00f6mb\u00f6kbe festett\u00e9k vastag fekete k\u00f6rvonalakon bel\u00fcl. A tulajdonos red\u0151z\u00f6tt, \u00e1tl\u00e1tsz\u00f3 fesztiv\u00e1lk\u00f6nt\u00f6sbe \u00f6lt\u00f6z\u00f6tt alakja viszonylag sz\u00e9les \u00e9s s\u00falyos, ennek az id\u0151szaknak a k\u00f6z\u00f6s von\u00e1sa.<\/p>\n<\/div>\n<\/div>\n\n\n\n<hr class=\"wp-block-separator has-alpha-channel-opacity\"\/>\n\n\n\n<div class=\"wp-block-columns is-layout-flex wp-container-core-columns-is-layout-9d6595d7 wp-block-columns-is-layout-flex\">\n<div class=\"wp-block-column is-layout-flow wp-block-column-is-layout-flow\">\n<p style=\"font-size:18px\"><strong>Taperet szt\u00e9l\u00e9je<\/strong><\/p>\n\n\n\n<p style=\"font-size:18px\">A k\u00e9pen <strong>Lady Taperet<\/strong> fa szt\u00e9l\u00e9j\u00e9t l\u00e1thatjuk (kb. i.e. 740, XXII-XXIII. dinasztia).<br>Lady Taperet im\u00e1dattal emeli fel a kez\u00e9t R\u00e9-Harakhti napisten el\u0151tt. R\u00e9-Harakhti (s\u00f3lyomfejjel \u00e9s k\u00e9k b\u0151rrel \u00e1br\u00e1zolva) a Napkorongot viseli a fej\u00e9n, ami \u00e1ld\u00e1st ad\u00f3 l\u00f3tuszvir\u00e1g-szer\u0171 napsugarait sz\u00e9tter\u00edti Lady Taperet arc\u00e1n. K\u00f6z\u00e9pen az olt\u00e1r k\u00fcl\u00f6nf\u00e9le felaj\u00e1nl\u00e1sokkal van teli, mely aj\u00e1nd\u00e9kokkal Lady Taperet a napistent \u00f3hajtja megaj\u00e1nd\u00e9kozni. A szt\u00e9l\u00e9 tetej\u00e9n a Napkorongot l\u00e1thatjuk Urausz kobr\u00e1kkal, ankh-okkal, \u00e9s v\u00e9delmez\u0151, gy\u00f3gy\u00edt\u00f3 szem szimb\u00f3lumokkal.<\/p>\n<\/div>\n\n\n\n<div class=\"wp-block-column is-layout-flow wp-block-column-is-layout-flow\">\n<figure class=\"wp-block-gallery has-nested-images columns-default is-cropped wp-block-gallery-8 is-layout-flex wp-block-gallery-is-layout-flex\">\n<figure class=\"wp-block-image size-large\"><img loading=\"lazy\" decoding=\"async\" width=\"903\" height=\"960\" data-id=\"1846\" src=\"https:\/\/www.egyptforever.hu\/ildiko\/wp-content\/uploads\/2023\/02\/329285624_1021818612539799_7195738059244956775_n.jpg\" alt=\"\" class=\"wp-image-1846\" srcset=\"https:\/\/www.egyptforever.hu\/ildiko\/wp-content\/uploads\/2023\/02\/329285624_1021818612539799_7195738059244956775_n.jpg 903w, https:\/\/www.egyptforever.hu\/ildiko\/wp-content\/uploads\/2023\/02\/329285624_1021818612539799_7195738059244956775_n-282x300.jpg 282w, https:\/\/www.egyptforever.hu\/ildiko\/wp-content\/uploads\/2023\/02\/329285624_1021818612539799_7195738059244956775_n-768x816.jpg 768w\" sizes=\"auto, (max-width: 903px) 100vw, 903px\" \/><\/figure>\n<\/figure>\n<\/div>\n<\/div>\n\n\n\n<div class=\"wp-block-columns is-layout-flex wp-container-core-columns-is-layout-9d6595d7 wp-block-columns-is-layout-flex\">\n<div class=\"wp-block-column is-layout-flow wp-block-column-is-layout-flow\">\n<figure class=\"wp-block-image size-large\"><img loading=\"lazy\" decoding=\"async\" width=\"716\" height=\"1024\" src=\"https:\/\/www.egyptforever.hu\/ildiko\/wp-content\/uploads\/2023\/04\/339835582_767838871322606_4964766241945546091_n-716x1024.jpg\" alt=\"\" class=\"wp-image-3527\" srcset=\"https:\/\/www.egyptforever.hu\/ildiko\/wp-content\/uploads\/2023\/04\/339835582_767838871322606_4964766241945546091_n-716x1024.jpg 716w, https:\/\/www.egyptforever.hu\/ildiko\/wp-content\/uploads\/2023\/04\/339835582_767838871322606_4964766241945546091_n-210x300.jpg 210w, https:\/\/www.egyptforever.hu\/ildiko\/wp-content\/uploads\/2023\/04\/339835582_767838871322606_4964766241945546091_n-768x1098.jpg 768w, https:\/\/www.egyptforever.hu\/ildiko\/wp-content\/uploads\/2023\/04\/339835582_767838871322606_4964766241945546091_n-1074x1536.jpg 1074w, https:\/\/www.egyptforever.hu\/ildiko\/wp-content\/uploads\/2023\/04\/339835582_767838871322606_4964766241945546091_n.jpg 1258w\" sizes=\"auto, (max-width: 716px) 100vw, 716px\" \/><\/figure>\n<\/div>\n\n\n\n<div class=\"wp-block-column is-layout-flow wp-block-column-is-layout-flow\">\n<p style=\"font-size:18px\"><strong>Szisztrumot tart\u00f3 n\u0151<\/strong><\/p>\n\n\n\n<p style=\"font-size:18px\">A s\u00edrfalr\u00f3l k\u00e9sz\u00fclt t\u00f6red\u00e9kes festm\u00e9nyen l\u00e1that\u00f3 n\u0151nek hossz\u00fa, telt haj\u00fa par\u00f3k\u00e1ja van, melyet egy vir\u00e1gos fejp\u00e1nt tart a hely\u00e9n, tetej\u00e9n pedig ken\u0151csk\u00fap van, mely a par\u00f3k\u00e1kra helyezett illatos\u00edtott anyag, amely olvad\u00e1s k\u00f6zben illatos arom\u00e1t \u00e1raszt. A fejp\u00e1nt elej\u00e9t l\u00f3tuszvir\u00e1g d\u00edsz\u00edti. Egy cs\u00f6rg\u0151t tart a kez\u00e9ben, melyet szitrumnak neveznek, \u00e9s a n\u0151k gyakran j\u00e1tszottak a templomi szertart\u00e1sok sor\u00e1n. A felirat maradv\u00e1nyai arra utalnak, hogy \u00c1men isten templombotj\u00e1val szolg\u00e1lhatott. (i.e. 1250 \u00e9s k\u00f6r\u00fclbel\u00fcl 1200 k\u00f6z\u00f6tt, \u00dajbirodalom kora)<\/p>\n<\/div>\n<\/div>\n\n\n\n<div class=\"wp-block-columns is-layout-flex wp-container-core-columns-is-layout-9d6595d7 wp-block-columns-is-layout-flex\">\n<div class=\"wp-block-column is-layout-flow wp-block-column-is-layout-flow\">\n<p style=\"font-size:21px\"><strong>Ramose kir\u00e1lyi \u00edrnok szt\u00e9l\u00e9je <\/strong><\/p>\n\n\n\n<p style=\"font-size:18px\">Ez a szt\u00e9l\u00e9 Th\u00e9b\u00e1b\u00f3l ker\u00fclt a stockholmi Medelhavsmuseetbe&#8230;<\/p>\n\n\n\n<p style=\"font-size:18px\">A fels\u0151 regiszterben Ermouthi (Rnnwtt) istenn\u0151 szent uraeusz form\u00e1j\u00e1ban jelenik meg, teh\u00e9nszarv\u00fa napkorongot visel. Szemben l\u00e1thatjuk Thot-ot a Holdistent, \u00edbiszfejjel, Hold-koronggal \u00e9s \u00edrnokpalett\u00e1val. Az als\u00f3 regiszterben, Ramose t\u00e9rdel \u00e9s im\u00e1dattal felemelt kezekkel II. Ramszesz kir\u00e1ly kartusai el\u0151tt. (kb. i.e. 1279\u20131213, XIX. dinasztia)<\/p>\n<\/div>\n\n\n\n<div class=\"wp-block-column is-layout-flow wp-block-column-is-layout-flow\">\n<figure class=\"wp-block-image size-full\"><img loading=\"lazy\" decoding=\"async\" width=\"600\" height=\"835\" src=\"https:\/\/www.egyptforever.hu\/ildiko\/wp-content\/uploads\/2023\/09\/328334904_1381522722386913_915479323916579279_n.jpg\" alt=\"\" class=\"wp-image-7417\" srcset=\"https:\/\/www.egyptforever.hu\/ildiko\/wp-content\/uploads\/2023\/09\/328334904_1381522722386913_915479323916579279_n.jpg 600w, https:\/\/www.egyptforever.hu\/ildiko\/wp-content\/uploads\/2023\/09\/328334904_1381522722386913_915479323916579279_n-216x300.jpg 216w\" sizes=\"auto, (max-width: 600px) 100vw, 600px\" \/><\/figure>\n<\/div>\n<\/div>\n\n\n\n<div class=\"wp-block-columns is-layout-flex wp-container-core-columns-is-layout-9d6595d7 wp-block-columns-is-layout-flex\">\n<div class=\"wp-block-column is-layout-flow wp-block-column-is-layout-flow\">\n<figure class=\"wp-block-image size-large\"><img loading=\"lazy\" decoding=\"async\" width=\"710\" height=\"1024\" src=\"https:\/\/www.egyptforever.hu\/ildiko\/wp-content\/uploads\/2023\/02\/468267831_10220843804564578_2385167739151382988_n-710x1024.jpg\" alt=\"\" class=\"wp-image-12505\" srcset=\"https:\/\/www.egyptforever.hu\/ildiko\/wp-content\/uploads\/2023\/02\/468267831_10220843804564578_2385167739151382988_n-710x1024.jpg 710w, https:\/\/www.egyptforever.hu\/ildiko\/wp-content\/uploads\/2023\/02\/468267831_10220843804564578_2385167739151382988_n-208x300.jpg 208w, https:\/\/www.egyptforever.hu\/ildiko\/wp-content\/uploads\/2023\/02\/468267831_10220843804564578_2385167739151382988_n-768x1108.jpg 768w, https:\/\/www.egyptforever.hu\/ildiko\/wp-content\/uploads\/2023\/02\/468267831_10220843804564578_2385167739151382988_n-1064x1536.jpg 1064w, https:\/\/www.egyptforever.hu\/ildiko\/wp-content\/uploads\/2023\/02\/468267831_10220843804564578_2385167739151382988_n.jpg 1419w\" sizes=\"auto, (max-width: 710px) 100vw, 710px\" \/><\/figure>\n<\/div>\n\n\n\n<div class=\"wp-block-column is-layout-flow wp-block-column-is-layout-flow\">\n<p style=\"font-size:18px\"><strong>Temet\u00e9si szt\u00e9l\u00e9<\/strong><\/p>\n\n\n\n<p style=\"font-size:18px\">A sz\u00e1rnyas napkoronggal d\u00edsz\u00edtett szt\u00e9l\u00e9, \u00edv\u00e9ben k\u00e9t uraeuszk\u00edgy\u00f3val d\u00edsz\u00edtve, egy egyiptomi jelenetet \u00e1br\u00e1zol, melyben az elhunyt bemutatkozik Oz\u00edrisz isten \u00e9s \u00cdzisz istenn\u0151 el\u0151tt.<\/p>\n\n\n\n<p style=\"font-size:18px\">Az egyiptomi ikonogr\u00e1fia keveredik a g\u00f6r\u00f6g-r\u00f3mai hagyom\u00e1ny elemeivel, k\u00fcl\u00f6n\u00f6sen az elhunytak viselked\u00e9s\u00e9ben \u00e9s \u00f6lt\u00f6zk\u00f6d\u00e9s\u00e9ben, \u00e9s az elhunyt szemb\u0151l t\u00f6rt\u00e9n\u0151 \u00e1br\u00e1zol\u00e1s\u00e1ban l\u00e1that\u00f3 a r\u00f3mai kori m\u0171v\u00e9szeti behat\u00e1s.<\/p>\n\n\n\n<p style=\"font-size:18px\">Ozirisz tr\u00f3non \u00fcl, \u00cdzisz \u00e1ll, \u00e9s Hathor fejd\u00edsz\u00e9t viseli.<\/p>\n\n\n\n<p style=\"font-size:18px\">Az elhunyt m\u00f6g\u00f6tt k\u00e9t Anubisz is l\u00e1that\u00f3, akik Oziriszhez vezetik a halottat.<\/p>\n\n\n\n<p style=\"font-size:18px\">I.sz. 1. sz\u00e1zad 3. negyede.<\/p>\n\n\n\n<p style=\"font-size:18px\">Ezt a m\u00e9szk\u0151b\u0151l k\u00e9sz\u00fclt halotti szt\u00e9l\u00e9t Abydos-ban tal\u00e1lt\u00e1k \u00e9s jelenleg a Louvre M\u00fazeum l\u00e1that\u00f3<\/p>\n<\/div>\n<\/div>\n\n\n\n<div class=\"wp-block-columns is-layout-flex wp-container-core-columns-is-layout-9d6595d7 wp-block-columns-is-layout-flex\">\n<div class=\"wp-block-column is-layout-flow wp-block-column-is-layout-flow\">\n<p style=\"font-size:18px\"><strong>Temet\u00e9si szt\u00e9l\u00e9<\/strong><\/p>\n\n\n\n<p style=\"font-size:18px\">Ez a szt\u00e9l\u00e9 az elhunyt \u00fajj\u00e1sz\u00fclet\u00e9s\u00e9nek sz\u00e1mos szimb\u00f3lum\u00e1t gy\u0171jti \u00f6ssze, amik a napciklushoz, \u00e9s Oziriszhez kapcsol\u00f3dnak. <\/p>\n\n\n\n<p style=\"font-size:18px\">A fels\u0151 regiszterben az Oziriszk\u00e9nt \u00e1br\u00e1zolt elhunytat Anubisz \u00e9s egy s\u00f3lyomfej\u0171 isten, val\u00f3sz\u00edn\u0171leg H\u00f3rusz veszi k\u00f6r\u00fcl. A m\u00e1sodik regiszterben a m\u00famia l\u00e1that\u00f3 egy cs\u00f3nakban, a s\u00edrhoz vezet\u0151 \u00faton. Az als\u00f3 regiszterben k\u00e9t sak\u00e1l hordozza Ozirisz embl\u00e9m\u00e1j\u00e1t, a p\u00e1sztorbotot \u00e9s a l\u00e9gycsap\u00f3t (heka \u00e9s nekhekha).<\/p>\n\n\n\n<p style=\"font-size:18px\">Az als\u00f3 regiszter k\u00e9t oldal\u00e1n k\u00e9t nagyon hossz\u00fa Uraeusz k\u00edgy\u00f3 tekeredik a nagyon hossz\u00fa sz\u00e1ron l\u00e9v\u0151 l\u00f3tuszvir\u00e1gokra. Ezzel az \u00e1br\u00e1zol\u00e1ssal biztos\u00edtott egyfajta keretet a szt\u00e9l\u00e9n l\u00e1that\u00f3 jeleneteknek a m\u0171v\u00e9sz, \u00e9s emelte a l\u00e1tv\u00e1nyosabb\u00e1 ennek a szt\u00e9l\u00e9nek a d\u00edsz\u00edt\u00e9si \u00f6sszk\u00e9p\u00e9t.<\/p>\n\n\n\n<p style=\"font-size:18px\">Ezt a m\u00e9szk\u0151b\u0151l k\u00e9sz\u00fclt halotti szt\u00e9l\u00e9t Abydostan tal\u00e1lt\u00e1k \u00e9s jelenleg a Louvre M\u00fazeumban tekinthet\u0151 meg.<\/p>\n<\/div>\n\n\n\n<div class=\"wp-block-column is-layout-flow wp-block-column-is-layout-flow\">\n<figure class=\"wp-block-image size-full is-resized\"><img loading=\"lazy\" decoding=\"async\" width=\"526\" height=\"779\" src=\"https:\/\/www.egyptforever.hu\/ildiko\/wp-content\/uploads\/2023\/02\/468527696_10220843841965513_3804644528647326993_n.jpg\" alt=\"\" class=\"wp-image-12508\" style=\"width:584px;height:auto\" srcset=\"https:\/\/www.egyptforever.hu\/ildiko\/wp-content\/uploads\/2023\/02\/468527696_10220843841965513_3804644528647326993_n.jpg 526w, https:\/\/www.egyptforever.hu\/ildiko\/wp-content\/uploads\/2023\/02\/468527696_10220843841965513_3804644528647326993_n-203x300.jpg 203w\" sizes=\"auto, (max-width: 526px) 100vw, 526px\" \/><\/figure>\n<\/div>\n<\/div>\n\n\n\n<div class=\"wp-block-columns is-layout-flex wp-container-core-columns-is-layout-9d6595d7 wp-block-columns-is-layout-flex\">\n<div class=\"wp-block-column is-layout-flow wp-block-column-is-layout-flow\">\n<figure class=\"wp-block-image size-large\"><img loading=\"lazy\" decoding=\"async\" width=\"679\" height=\"1024\" src=\"https:\/\/www.egyptforever.hu\/ildiko\/wp-content\/uploads\/2023\/02\/465026145_8586501674762290_4021722962447260556_n-679x1024.jpg\" alt=\"\" class=\"wp-image-12916\" srcset=\"https:\/\/www.egyptforever.hu\/ildiko\/wp-content\/uploads\/2023\/02\/465026145_8586501674762290_4021722962447260556_n-679x1024.jpg 679w, https:\/\/www.egyptforever.hu\/ildiko\/wp-content\/uploads\/2023\/02\/465026145_8586501674762290_4021722962447260556_n-199x300.jpg 199w, https:\/\/www.egyptforever.hu\/ildiko\/wp-content\/uploads\/2023\/02\/465026145_8586501674762290_4021722962447260556_n-768x1158.jpg 768w, https:\/\/www.egyptforever.hu\/ildiko\/wp-content\/uploads\/2023\/02\/465026145_8586501674762290_4021722962447260556_n.jpg 1019w\" sizes=\"auto, (max-width: 679px) 100vw, 679px\" \/><\/figure>\n<\/div>\n\n\n\n<div class=\"wp-block-column is-layout-flow wp-block-column-is-layout-flow\">\n<p style=\"font-size:18px\"><strong>A testv\u00e9rek szt\u00e9l\u00e9je<\/strong><\/p>\n\n\n\n<p style=\"font-size:18px\">Ez a gy\u00f6ny\u00f6r\u0171 Szt\u00e9l\u00e9 k\u00e9t k\u00f6z\u00e9pbirodalmi l\u00e1nytestv\u00e9rt mutat, val\u00f3sz\u00edn\u0171leg a 12. Dinasztia idej\u00e9b\u0151l. \u0150k ketten Keti \u00e9s Senet.<\/p>\n\n\n\n<p style=\"font-size:18px\">El\u0151tt\u00fck gazdag \u00e1ldozati asztal, melyet az isteneknek aj\u00e1nlanak fel, mik\u00f6zben a l\u00f3tuszvir\u00e1gok illat\u00e1t \u00e9lvezik. Az \u00f3kori Egyiptomban a l\u00f3tuszvir\u00e1g az \u00fajj\u00e1sz\u00fclet\u00e9s szimb\u00f3luma volt.<\/p>\n\n\n\n<p style=\"font-size:18px\">F\u00f6l\u00f6tt\u00fck a \u201e\u1e25tp-\u1e0fj-nswt\u201d felaj\u00e1nl\u00e1s sz\u00f6veg, ahol \u00edrott form\u00e1ban is megjelen\u00edtik azokat az \u00e1ldozati aj\u00e1nd\u00e9kokat, melyeket az isteneknek sz\u00e1ntak.<\/p>\n<\/div>\n<\/div>\n\n\n\n<div class=\"wp-block-columns is-layout-flex wp-container-core-columns-is-layout-9d6595d7 wp-block-columns-is-layout-flex\">\n<div class=\"wp-block-column is-layout-flow wp-block-column-is-layout-flow\">\n<p style=\"font-size:18px\"><strong>Nakhtatum szt\u00e9l\u00e9je<\/strong><\/p>\n\n\n\n<p style=\"font-size:18px\">Gy\u00f6ny\u00f6r\u0171 szt\u00e9l\u00e9 19. Dinasztia idej\u00e9b\u0151l, ami a torin\u00f3i Egyiptomi M\u00fazeumban l\u00e1that\u00f3.<\/p>\n\n\n\n<p style=\"font-size:18px\">Nakhtatum l\u00e1tha a szt\u00e9l\u00e9n, ahogy az uralkod\u00f3t k\u00f6sz\u00f6nti, majd meghajol I. Amenhotep f\u00e1ra\u00f3 \u00e9s feles\u00e9ge, Ahmose Nefertari el\u0151tt. A f\u00e1ra\u00f3 \u00e9s feles\u00e9ge l\u00e1tv\u00e1nyosan d\u00edsz\u00edtett hordsz\u00e9kben \u00fcl, el\u0151tt\u00fck felaj\u00e1nl\u00e1si asztal, mely roskad\u00e1sig tele sokf\u00e9le aj\u00e1nd\u00e9kkal. <\/p>\n<\/div>\n\n\n\n<div class=\"wp-block-column is-layout-flow wp-block-column-is-layout-flow\">\n<figure class=\"wp-block-image size-large\"><img loading=\"lazy\" decoding=\"async\" width=\"734\" height=\"1024\" src=\"https:\/\/www.egyptforever.hu\/ildiko\/wp-content\/uploads\/2023\/02\/468449465_8746214578790998_3069418215047504789_n-734x1024.jpg\" alt=\"\" class=\"wp-image-12920\" srcset=\"https:\/\/www.egyptforever.hu\/ildiko\/wp-content\/uploads\/2023\/02\/468449465_8746214578790998_3069418215047504789_n-734x1024.jpg 734w, https:\/\/www.egyptforever.hu\/ildiko\/wp-content\/uploads\/2023\/02\/468449465_8746214578790998_3069418215047504789_n-215x300.jpg 215w, https:\/\/www.egyptforever.hu\/ildiko\/wp-content\/uploads\/2023\/02\/468449465_8746214578790998_3069418215047504789_n-768x1072.jpg 768w, https:\/\/www.egyptforever.hu\/ildiko\/wp-content\/uploads\/2023\/02\/468449465_8746214578790998_3069418215047504789_n.jpg 917w\" sizes=\"auto, (max-width: 734px) 100vw, 734px\" \/><\/figure>\n<\/div>\n<\/div>\n\n\n\n<div class=\"wp-block-columns is-layout-flex wp-container-core-columns-is-layout-9d6595d7 wp-block-columns-is-layout-flex\">\n<div class=\"wp-block-column is-layout-flow wp-block-column-is-layout-flow\">\n<figure class=\"wp-block-image size-large\"><img loading=\"lazy\" decoding=\"async\" width=\"710\" height=\"1024\" src=\"https:\/\/www.egyptforever.hu\/ildiko\/wp-content\/uploads\/2023\/02\/466880302_8686602434752213_3407046716735866932_n-710x1024.jpg\" alt=\"\" class=\"wp-image-12922\" srcset=\"https:\/\/www.egyptforever.hu\/ildiko\/wp-content\/uploads\/2023\/02\/466880302_8686602434752213_3407046716735866932_n-710x1024.jpg 710w, https:\/\/www.egyptforever.hu\/ildiko\/wp-content\/uploads\/2023\/02\/466880302_8686602434752213_3407046716735866932_n-208x300.jpg 208w, https:\/\/www.egyptforever.hu\/ildiko\/wp-content\/uploads\/2023\/02\/466880302_8686602434752213_3407046716735866932_n-768x1108.jpg 768w, https:\/\/www.egyptforever.hu\/ildiko\/wp-content\/uploads\/2023\/02\/466880302_8686602434752213_3407046716735866932_n-1065x1536.jpg 1065w, https:\/\/www.egyptforever.hu\/ildiko\/wp-content\/uploads\/2023\/02\/466880302_8686602434752213_3407046716735866932_n.jpg 1420w\" sizes=\"auto, (max-width: 710px) 100vw, 710px\" \/><\/figure>\n<\/div>\n\n\n\n<div class=\"wp-block-column is-layout-flow wp-block-column-is-layout-flow\">\n<p style=\"font-size:18px\"><strong>Huy szt\u00e9l\u00e9je<\/strong><\/p>\n\n\n\n<p style=\"font-size:18px\">Az itteni szt\u00e9l\u00e9 tulajdonosa Huy, aki egy magasrang\u00fa tisztvisel\u0151 volt a 18. dinasztia idej\u00e9ben. Huy tiszteleg a I. Amenhotep f\u00e1ra\u00f3 el\u0151tt. Az uralkod\u00f3 kartusa (Dzseszerk\u00e1r\u00e9) j\u00f3l l\u00e1that\u00f3 a sszt\u00e9l\u00e9 sz\u00f6veg\u00e9ben. A f\u00e1ra\u00f3 m\u00f6g\u00f6tt a bal oldalon a k\u00e9zm\u0171vesek istene, Ptah \u00e1ll.<\/p>\n\n\n\n<p style=\"font-size:18px\">Huy Deir el Medin\u00e1ban \u00e9l, a TT40 sz\u00e1m\u00fa nemesi s\u00edrban helyezt\u00e9k \u00f6r\u00f6k nyugalomra \u00e9s szt\u00e9l\u00e9je jelenleg a torin\u00f3i Egyiptomi M\u00fazeumban l\u00e1that\u00f3.<\/p>\n<\/div>\n<\/div>\n\n\n\n<div class=\"wp-block-columns is-layout-flex wp-container-core-columns-is-layout-9d6595d7 wp-block-columns-is-layout-flex\">\n<div class=\"wp-block-column is-layout-flow wp-block-column-is-layout-flow\">\n<p style=\"font-size:18px\"><strong>Meru szt\u00e9l\u00e9je<\/strong><\/p>\n\n\n\n<p style=\"font-size:18px\">Gy\u00f6ny\u00f6r\u0171 k\u00f6z\u00e9pbirodalmi szt\u00e9l\u00e9, ami Meru sz\u00e1m\u00e1ra k\u00e9sz\u00fclt. A szt\u00e9l\u00e9 nagyon j\u00f3 min\u0151s\u00e9gben fennmaradt, hiszen sok helyen az eredeti sz\u00ednek l\u00e1tszanak a t\u00e1bl\u00e1n. Meru II. Mentuhotep uralkod\u00e1sa alatt \u00e9lt. <\/p>\n\n\n\n<p style=\"font-size:18px\">A szt\u00e9l\u00e9 als\u00f3 traktus\u00e1ban Meru l\u00e1tha feles\u00e9g\u00e9vel, ahogy egy p\u00fapozottan megrakott felaj\u00e1nla asztal el\u0151tt \u00fclnek.<\/p>\n\n\n\n<p style=\"font-size:18px\">A szt\u00e9l\u00e9 az olaszorsz\u00e1gi Torin\u00f3i M\u00fazeumban tal\u00e1lhat\u00f3.<\/p>\n<\/div>\n\n\n\n<div class=\"wp-block-column is-layout-flow wp-block-column-is-layout-flow\">\n<figure class=\"wp-block-image size-large\"><img loading=\"lazy\" decoding=\"async\" width=\"478\" height=\"1024\" src=\"https:\/\/www.egyptforever.hu\/ildiko\/wp-content\/uploads\/2023\/02\/466549068_8664194360326354_1018938384805546726_n-478x1024.jpg\" alt=\"\" class=\"wp-image-12926\" srcset=\"https:\/\/www.egyptforever.hu\/ildiko\/wp-content\/uploads\/2023\/02\/466549068_8664194360326354_1018938384805546726_n-478x1024.jpg 478w, https:\/\/www.egyptforever.hu\/ildiko\/wp-content\/uploads\/2023\/02\/466549068_8664194360326354_1018938384805546726_n-140x300.jpg 140w, https:\/\/www.egyptforever.hu\/ildiko\/wp-content\/uploads\/2023\/02\/466549068_8664194360326354_1018938384805546726_n.jpg 598w\" sizes=\"auto, (max-width: 478px) 100vw, 478px\" \/><\/figure>\n<\/div>\n<\/div>\n\n\n\n<div class=\"wp-block-columns is-layout-flex wp-container-core-columns-is-layout-9d6595d7 wp-block-columns-is-layout-flex\">\n<div class=\"wp-block-column is-layout-flow wp-block-column-is-layout-flow\">\n<figure class=\"wp-block-image size-full\"><img loading=\"lazy\" decoding=\"async\" width=\"680\" height=\"522\" src=\"https:\/\/www.egyptforever.hu\/ildiko\/wp-content\/uploads\/2023\/02\/463909783_8520813297997795_8978391365819656999_n.jpg\" alt=\"\" class=\"wp-image-12929\" srcset=\"https:\/\/www.egyptforever.hu\/ildiko\/wp-content\/uploads\/2023\/02\/463909783_8520813297997795_8978391365819656999_n.jpg 680w, https:\/\/www.egyptforever.hu\/ildiko\/wp-content\/uploads\/2023\/02\/463909783_8520813297997795_8978391365819656999_n-300x230.jpg 300w\" sizes=\"auto, (max-width: 680px) 100vw, 680px\" \/><\/figure>\n<\/div>\n\n\n\n<div class=\"wp-block-column is-layout-flow wp-block-column-is-layout-flow\">\n<p style=\"font-size:18px\"><strong>Szobek szt\u00e9l\u00e9<\/strong><\/p>\n\n\n\n<p style=\"font-size:18px\">Az al\u00e1bbi gy\u00f6ny\u00f6r\u0171, de sajnos csak t\u00f6red\u00e9k\u00e9ben megmaradt szt\u00e9l\u00e9 Szobek isten el\u0151tt tiszteleg, az \u00f3kori Egyiptom Kom Ombo r\u00e9gi\u00f3j\u00e1nak istene el\u0151tt.<\/p>\n\n\n\n<p style=\"font-size:18px\">A szt\u00e9l\u00e9 a Brooklyn USA M\u00fazeumban tal\u00e1lhat\u00f3.<\/p>\n<\/div>\n<\/div>\n\n\n\n<div class=\"wp-block-columns is-layout-flex wp-container-core-columns-is-layout-9d6595d7 wp-block-columns-is-layout-flex\">\n<div class=\"wp-block-column is-layout-flow wp-block-column-is-layout-flow\">\n<p style=\"font-size:18px\"><strong>Perdua szt\u00e9l\u00e9je<\/strong><\/p>\n\n\n\n<p style=\"font-size:18px\">Ezen a 19. dinasztia idej\u00e9b\u0151l val\u00f3 a szt\u00e9l\u00e9n a Pendua a b\u0171neiket megb\u00e1n\u00f3k istenn\u0151je, Meretszeger istenn\u0151 el\u0151tt tiszteleg, akit a Csend Asszonyak\u00e9nt is ismernek.<\/p>\n\n\n\n<p style=\"font-size:18px\">Meretszeger istenn\u0151 lok\u00e1lis istenn\u0151k\u00e9nt n\u00e9pszer\u0171 volt Deir el Bahary-ban a th\u00e9bai Nyugati part munk\u00e1sai k\u00f6r\u00e9ben. F\u0151leg k\u00edgy\u00f3k\u00e9nt, \u00e1gaskod\u00f3 kobrak\u00e9nt \u00e1br\u00e1zolt\u00e1k, esetleg emberfejjel, vagy pedig n\u0151alakban k\u00edgy\u00f3fejjel. Vesz\u00e9lyes, de k\u00f6ny\u00f6r\u00fcletes istenn\u0151nek tartott\u00e1k; akik b\u0171nt k\u00f6vettek el, azokat vaks\u00e1ggal vagy m\u00e9rgez\u0151 cs\u00edp\u00e9ssel, mar\u00e1ssal b\u00fcntette, a b\u0171neit megb\u00e1n\u00f3kat azonban meggy\u00f3gy\u00edtotta.<\/p>\n<\/div>\n\n\n\n<div class=\"wp-block-column is-layout-flow wp-block-column-is-layout-flow\">\n<figure class=\"wp-block-image size-full\"><img loading=\"lazy\" decoding=\"async\" width=\"960\" height=\"948\" src=\"https:\/\/www.egyptforever.hu\/ildiko\/wp-content\/uploads\/2023\/02\/458780837_8170608856351576_4519464080780442096_n.jpg\" alt=\"\" class=\"wp-image-12932\" srcset=\"https:\/\/www.egyptforever.hu\/ildiko\/wp-content\/uploads\/2023\/02\/458780837_8170608856351576_4519464080780442096_n.jpg 960w, https:\/\/www.egyptforever.hu\/ildiko\/wp-content\/uploads\/2023\/02\/458780837_8170608856351576_4519464080780442096_n-300x296.jpg 300w, https:\/\/www.egyptforever.hu\/ildiko\/wp-content\/uploads\/2023\/02\/458780837_8170608856351576_4519464080780442096_n-768x758.jpg 768w\" sizes=\"auto, (max-width: 960px) 100vw, 960px\" \/><\/figure>\n<\/div>\n<\/div>\n<div style='text-align:right' class='yasr-auto-insert-overall'><\/div><div style='text-align:right' class='yasr-auto-insert-visitor'><\/div>","protected":false},"excerpt":{"rendered":"<p>Ta-kai szt\u00e9l\u00e9je. Gipsszel fedett, f\u00e1b\u00f3l k\u00e9sz\u00fclt, festett szt\u00e9l\u00e9, melyen a H\u00e1z Asszonya, Ta-kai l\u00e1that\u00f3, aki a tr\u00f3nok \u00fcl\u0151 s\u00f3lyomfej\u0171 istennek, R\u00e9-Harakti-nak s\u00f3lyomfej\u0171 istennek mutat be \u00e1ldozatot. Noferhaut szt\u00e9l\u00e9je. Noferhaut a medjai csapatok<a class=\"moretag\" href=\"https:\/\/www.egyptforever.hu\/ildiko\/?p=1834\">Tov\u00e1bbi inform\u00e1ci\u00f3\u2026<\/a><\/p>\n","protected":false},"author":1,"featured_media":1836,"comment_status":"closed","ping_status":"open","sticky":false,"template":"","format":"standard","meta":{"om_disable_all_campaigns":false,"_monsterinsights_skip_tracking":false,"_monsterinsights_sitenote_active":false,"_monsterinsights_sitenote_note":"","_monsterinsights_sitenote_category":0,"yasr_overall_rating":0,"yasr_post_is_review":"","yasr_auto_insert_disabled":"","yasr_review_type":"","footnotes":""},"categories":[36],"tags":[227,48,115],"class_list":["post-1834","post","type-post","status-publish","format-standard","has-post-thumbnail","hentry","category-egyiptom-muveszete","tag-mukincsek","tag-okori-egyiptom","tag-sztelek"],"aioseo_notices":[],"yasr_visitor_votes":{"stars_attributes":{"read_only":false,"span_bottom":false},"number_of_votes":1,"sum_votes":5},"_links":{"self":[{"href":"https:\/\/www.egyptforever.hu\/ildiko\/index.php?rest_route=\/wp\/v2\/posts\/1834","targetHints":{"allow":["GET"]}}],"collection":[{"href":"https:\/\/www.egyptforever.hu\/ildiko\/index.php?rest_route=\/wp\/v2\/posts"}],"about":[{"href":"https:\/\/www.egyptforever.hu\/ildiko\/index.php?rest_route=\/wp\/v2\/types\/post"}],"author":[{"embeddable":true,"href":"https:\/\/www.egyptforever.hu\/ildiko\/index.php?rest_route=\/wp\/v2\/users\/1"}],"replies":[{"embeddable":true,"href":"https:\/\/www.egyptforever.hu\/ildiko\/index.php?rest_route=%2Fwp%2Fv2%2Fcomments&post=1834"}],"version-history":[{"count":6,"href":"https:\/\/www.egyptforever.hu\/ildiko\/index.php?rest_route=\/wp\/v2\/posts\/1834\/revisions"}],"predecessor-version":[{"id":13443,"href":"https:\/\/www.egyptforever.hu\/ildiko\/index.php?rest_route=\/wp\/v2\/posts\/1834\/revisions\/13443"}],"wp:featuredmedia":[{"embeddable":true,"href":"https:\/\/www.egyptforever.hu\/ildiko\/index.php?rest_route=\/wp\/v2\/media\/1836"}],"wp:attachment":[{"href":"https:\/\/www.egyptforever.hu\/ildiko\/index.php?rest_route=%2Fwp%2Fv2%2Fmedia&parent=1834"}],"wp:term":[{"taxonomy":"category","embeddable":true,"href":"https:\/\/www.egyptforever.hu\/ildiko\/index.php?rest_route=%2Fwp%2Fv2%2Fcategories&post=1834"},{"taxonomy":"post_tag","embeddable":true,"href":"https:\/\/www.egyptforever.hu\/ildiko\/index.php?rest_route=%2Fwp%2Fv2%2Ftags&post=1834"}],"curies":[{"name":"wp","href":"https:\/\/api.w.org\/{rel}","templated":true}]}}