{"id":1955,"date":"2025-12-11T12:03:44","date_gmt":"2025-12-11T11:03:44","guid":{"rendered":"https:\/\/www.egyptforever.hu\/ildiko\/?p=1955"},"modified":"2025-12-11T12:11:13","modified_gmt":"2025-12-11T11:11:13","slug":"wadi-el-rayan-nemzeti-park","status":"publish","type":"post","link":"https:\/\/www.egyptforever.hu\/ildiko\/?p=1955","title":{"rendered":"Wadi el-Rayan Nemzeti Park"},"content":{"rendered":"\n<div class=\"wp-block-columns is-layout-flex wp-container-core-columns-is-layout-9d6595d7 wp-block-columns-is-layout-flex\">\n<div class=\"wp-block-column is-layout-flow wp-block-column-is-layout-flow\">\n<p style=\"font-size:18px\">A Wadi el-Rayan igaz\u00e1n k\u00fcl\u00f6nleges \u00e9s soksz\u00edn\u0171 helysz\u00edn a Fayoum-o\u00e1zis k\u00f6zel\u00e9ben. A Wadi el-Rayan a nyugati sivatag perem\u00e9n, Al-Fayoum tartom\u00e1ny d\u00e9li r\u00e9sz\u00e9n tal\u00e1lhat\u00f3, nagyj\u00e1b\u00f3l 65\u2013100 km-re d\u00e9lnyugatra a Fayoum v\u00e1rost\u00f3l. A ter\u00fclet egy term\u00e9szetes m\u00e9lyed\u00e9s \u00e9s egy komplex vizes-sivatagi \u00f6kosziszt\u00e9ma, melyet k\u00e9t egym\u00e1ssal \u00f6sszekapcsolt mesters\u00e9ges\/t\u00e1pl\u00e1lt t\u00f3 (fels\u0151 \u00e9s als\u00f3 t\u00f3), valamint szabad v\u00edzes\u00e9sek (a Wadi el-Rayan v\u00edzes\u00e9sek, melyeket Egyiptom \u201eegyetlen v\u00edzes\u00e9sei\u201d-k\u00e9nt emlegetnek), tov\u00e1bb\u00e1 s\u00f3forr\u00e1sok, mozg\u00f3 homokd\u0171n\u00e9k \u00e9s sivatagi fenns\u00edkok alkotnak.<\/p>\n\n\n\n<h2 class=\"wp-block-heading\">Mi\u00e9rt k\u00fcl\u00f6nleges a ter\u00fclet?<\/h2>\n\n\n\n<ul class=\"wp-block-list\">\n<li style=\"font-size:18px\"><strong>V\u00edz a sivatagban<\/strong>: a k\u00e9t t\u00f3, a k\u00f6zt\u00fck l\u00e9v\u0151 zuhatagok \u00e9s a forr\u00e1sok l\u00e1tv\u00e1nya rendk\u00edv\u00fcli kontrasztot alkot a k\u00f6rnyez\u0151 sz\u00e1raz, arany homokgal, ez\u00e9rt a hely l\u00e1tv\u00e1nya \u201emisztikus\u201d \u00e9rzetet kelt. Sok \u00fatik\u00f6nyv \u00e9s blog kiemeli, hogy a v\u00edzes\u00e9sek l\u00e1tv\u00e1nya \u2014 m\u00e9g ha r\u00e9szben emberi beavatkoz\u00e1s eredm\u00e9nye is \u2014 k\u00fcl\u00f6nleges az egyiptomi sivatagi k\u00f6rnyezetben.<\/li>\n\n\n\n<li style=\"font-size:18px\"><strong>F\u00f6ldtani \u00e9s paleontol\u00f3giai \u00e9rt\u00e9k<\/strong>: a Wadi Rayan k\u00f6rny\u00e9ke \u00e9s k\u00f6zeli Wadi el-Hitan (a Hita-v\u00f6lgy) jelent\u0151s \u0151smaradv\u00e1ny-lel\u0151hely. Eoc\u00e9n kori cetmaradv\u00e1nyok (\u0151si b\u00e1lnafosszili\u00e1k) ker\u00fcltek el\u0151 ezen a helyen, ez\u00e9rt a Wadi el-Hitan a Vil\u00e1g\u00f6r\u00f6ks\u00e9g r\u00e9sze. Ez a t\u00f6rt\u00e9neti-f\u00f6ldtani dimenzi\u00f3 adja a ter\u00fclet tudom\u00e1nyos k\u00fcl\u00f6nlegess\u00e9g\u00e9t.<\/li>\n\n\n\n<li style=\"font-size:18px\"><strong>V\u00e1ltozatos \u00e9l\u0151vil\u00e1g a peremsivatagban<\/strong>: a tavat \u00e9s partj\u00e1t mad\u00e1rvonul\u00e1si \u00e9s f\u00e9szkel\u00e9si helyk\u00e9nt haszn\u00e1lj\u00e1k, emellett t\u00f6bb eml\u0151s- \u00e9s h\u00fcll\u0151faj is el\u0151fordul; eml\u00edtik a kisgazell\u00e1kat, r\u00f3kaf\u00e9l\u00e9ket, t\u00f6bb ragadoz\u00f3t \u00e9s sok v\u00e1ndormad\u00e1r-fajt.<\/li>\n<\/ul>\n\n\n\n<div class=\"wp-block-columns is-layout-flex wp-container-core-columns-is-layout-9d6595d7 wp-block-columns-is-layout-flex\">\n<div class=\"wp-block-column is-layout-flow wp-block-column-is-layout-flow\">\n<figure class=\"wp-block-image size-large\"><img loading=\"lazy\" decoding=\"async\" width=\"1024\" height=\"683\" src=\"https:\/\/www.egyptforever.hu\/ildiko\/wp-content\/uploads\/2025\/12\/fayoum3-1024x683.jpg\" alt=\"\" class=\"wp-image-15915\" srcset=\"https:\/\/www.egyptforever.hu\/ildiko\/wp-content\/uploads\/2025\/12\/fayoum3-1024x683.jpg 1024w, https:\/\/www.egyptforever.hu\/ildiko\/wp-content\/uploads\/2025\/12\/fayoum3-300x200.jpg 300w, https:\/\/www.egyptforever.hu\/ildiko\/wp-content\/uploads\/2025\/12\/fayoum3-768x512.jpg 768w, https:\/\/www.egyptforever.hu\/ildiko\/wp-content\/uploads\/2025\/12\/fayoum3.jpg 1200w\" sizes=\"auto, (max-width: 1024px) 100vw, 1024px\" \/><\/figure>\n<\/div>\n\n\n\n<div class=\"wp-block-column is-layout-flow wp-block-column-is-layout-flow\">\n<figure class=\"wp-block-image size-large\"><img loading=\"lazy\" decoding=\"async\" width=\"1024\" height=\"683\" src=\"https:\/\/www.egyptforever.hu\/ildiko\/wp-content\/uploads\/2025\/12\/fayoum2-1024x683.jpg\" alt=\"\" class=\"wp-image-15916\" srcset=\"https:\/\/www.egyptforever.hu\/ildiko\/wp-content\/uploads\/2025\/12\/fayoum2-1024x683.jpg 1024w, https:\/\/www.egyptforever.hu\/ildiko\/wp-content\/uploads\/2025\/12\/fayoum2-300x200.jpg 300w, https:\/\/www.egyptforever.hu\/ildiko\/wp-content\/uploads\/2025\/12\/fayoum2-768x512.jpg 768w, https:\/\/www.egyptforever.hu\/ildiko\/wp-content\/uploads\/2025\/12\/fayoum2.jpg 1200w\" sizes=\"auto, (max-width: 1024px) 100vw, 1024px\" \/><\/figure>\n<\/div>\n<\/div>\n<\/div>\n<\/div>\n\n\n\n<p style=\"font-size:18px\">A Wadi el-Rayan v\u00e9dett ter\u00fclett\u00e9 nyilv\u00e1n\u00edt\u00e1sa (Wadi el-Rayan Protected Area) hivatalosan 1989-ben t\u00f6rt\u00e9nt minisztereln\u00f6ki rendelettel; k\u00e9s\u0151bb (1992 k\u00f6r\u00fcl) kiterjesztett\u00e9k \u00e9s \u00f6sszehangolt\u00e1k a k\u00f6rnyez\u0151 \u00e9rt\u00e9kes ter\u00fcletekkel, k\u00f6zt\u00fck a Wadi el-Hitan lel\u0151hellyel. A v\u00e9detts\u00e9g c\u00e9lja els\u0151sorban a ritka \u00e9l\u0151helyek, a vonul\u00f3 \u00e9s f\u00e9szkel\u0151 mad\u00e1rpopul\u00e1ci\u00f3k, a helyi eml\u0151sfajok \u00e9s a jelent\u0151s \u0151smaradv\u00e1ny-lel\u0151helyek meg\u00f3v\u00e1sa volt. A k\u00f6rnyezeti \u00e9s tudom\u00e1nyos \u00e9rt\u00e9kek v\u00e9delme mellett a ter\u00fclet idegenforgalmi potenci\u00e1lja is indokolta a st\u00e1tuszt. <\/p>\n\n\n\n<p><\/p>\n\n\n\n<div class=\"wp-block-columns is-layout-flex wp-container-core-columns-is-layout-9d6595d7 wp-block-columns-is-layout-flex\">\n<div class=\"wp-block-column is-layout-flow wp-block-column-is-layout-flow\">\n<div class=\"wp-block-columns is-layout-flex wp-container-core-columns-is-layout-9d6595d7 wp-block-columns-is-layout-flex\">\n<div class=\"wp-block-column is-layout-flow wp-block-column-is-layout-flow\">\n<figure class=\"wp-block-image size-full\"><img loading=\"lazy\" decoding=\"async\" width=\"960\" height=\"640\" src=\"https:\/\/www.egyptforever.hu\/ildiko\/wp-content\/uploads\/2025\/12\/15203408_10211360214306906_8881629066605867119_n.webp\" alt=\"\" class=\"wp-image-15924\" srcset=\"https:\/\/www.egyptforever.hu\/ildiko\/wp-content\/uploads\/2025\/12\/15203408_10211360214306906_8881629066605867119_n.webp 960w, https:\/\/www.egyptforever.hu\/ildiko\/wp-content\/uploads\/2025\/12\/15203408_10211360214306906_8881629066605867119_n-300x200.webp 300w, https:\/\/www.egyptforever.hu\/ildiko\/wp-content\/uploads\/2025\/12\/15203408_10211360214306906_8881629066605867119_n-768x512.webp 768w\" sizes=\"auto, (max-width: 960px) 100vw, 960px\" \/><\/figure>\n<\/div>\n\n\n\n<div class=\"wp-block-column is-layout-flow wp-block-column-is-layout-flow\">\n<figure class=\"wp-block-image size-full\"><img loading=\"lazy\" decoding=\"async\" width=\"768\" height=\"514\" src=\"https:\/\/www.egyptforever.hu\/ildiko\/wp-content\/uploads\/2025\/12\/169359_329168593836029_212280625_o.webp\" alt=\"\" class=\"wp-image-15925\" srcset=\"https:\/\/www.egyptforever.hu\/ildiko\/wp-content\/uploads\/2025\/12\/169359_329168593836029_212280625_o.webp 768w, https:\/\/www.egyptforever.hu\/ildiko\/wp-content\/uploads\/2025\/12\/169359_329168593836029_212280625_o-300x201.webp 300w\" sizes=\"auto, (max-width: 768px) 100vw, 768px\" \/><\/figure>\n<\/div>\n<\/div>\n<\/div>\n<\/div>\n\n\n\n<h2 class=\"wp-block-heading\">\u00c9l\u0151vil\u00e1g \u2014 kik \u00e9lnek itt?<\/h2>\n\n\n\n<p style=\"font-size:18px\">A ter\u00fclet \u00e9l\u0151vil\u00e1ga a v\u00edzk\u00f6zeli \u00e9s a sivatagi fajok kever\u00e9ke:<\/p>\n\n\n\n<ul class=\"wp-block-list\">\n<li style=\"font-size:18px\"><strong>Madarak<\/strong>: a tavak \u00e9s n\u00e1dasok vonul\u00f3 \u00e9s helyben telel\u0151 madarak ezreit vonzz\u00e1k; sz\u00e1mos ragadoz\u00f3 \u00e9s parti mad\u00e1r, valamint kisebb \u00e9nekesfajok figyelhet\u0151k meg. A hivatalos forr\u00e1sok t\u00f6bb tucat mad\u00e1rfajr\u00f3l sz\u00e1molnak be (rezidens \u00e9s vonul\u00f3 egyar\u00e1nt).<\/li>\n\n\n\n<li style=\"font-size:18px\"><strong>Eml\u0151s\u00f6k<\/strong>: a ter\u00fcleten el\u0151fordulnak k\u00fcl\u00f6nb\u00f6z\u0151 sivatagi eml\u0151s\u00f6k \u2013 p\u00e9ld\u00e1ul kisebb gazellafajt\u00e1k (dorcas\/egyiptomi gazella), r\u00f3kaf\u00e9l\u00e9k (fennec, homoki r\u00f3ka), szarvasf\u00e9l\u00e9k (feh\u00e9r \u00e9s n\u00edlusi szarvas) illetve egy\u00e9b sivatagi fajok.<\/li>\n\n\n\n<li style=\"font-size:18px\"><strong>H\u00fcll\u0151k \u00e9s gerinctelenek<\/strong>: t\u00f6bb k\u00edgy\u00f3- \u00e9s gy\u00edkfaj, valamint sivatagi gerinctelenek \u00e9lnek itt \u2014 ezek k\u00f6z\u00fcl egyesek a k\u00f6rnyezetre specializ\u00e1l\u00f3dtak.<\/li>\n<\/ul>\n\n\n\n<p><\/p>\n\n\n\n<p style=\"font-size:18px\">Wadi el-Rayan jelent\u0151s\u00e9g\u00e9t annak tulajdon\u00edtj\u00e1k, hogy term\u00e9szetes \u00e9l\u0151helyet biztos\u00edt a kihal\u00e1ssal fenyegetett \u00e1llatoknak, mint p\u00e9ld\u00e1ul a feh\u00e9r szarvas, az n\u00edlusi szarvas, a homoki r\u00f3ka, a farkas, valamint a ritka vonul\u00f3 madaraknak, mint p\u00e9ld\u00e1ul a s\u00f3lyom, a szarvass\u00f3lyom, a szabad s\u00f3lyom, \u00e9s m\u00e1s vonul\u00f3 madaraknak, mint p\u00e9ld\u00e1ul egyes kacsafajok, f\u00fcrjek, egyes g\u00e9mfajok, vadon \u00e9l\u0151 kecsk\u00e9k \u00e9s m\u00e1sok. Vadon \u00e9l\u0151 n\u00f6v\u00e9nyek, mint p\u00e9ld\u00e1ul: az aqool, a zygoghyllum, az athl tomarex, a halfa, a ghatdaa, a ghaab, a sammaar, a n\u00e1d \u00e9s m\u00e1sok.<\/p>\n\n\n\n<p><\/p>\n\n\n\n<div class=\"wp-block-columns is-layout-flex wp-container-core-columns-is-layout-9d6595d7 wp-block-columns-is-layout-flex\">\n<div class=\"wp-block-column is-layout-flow wp-block-column-is-layout-flow\">\n<figure class=\"wp-block-image size-full\"><img loading=\"lazy\" decoding=\"async\" width=\"768\" height=\"369\" src=\"https:\/\/www.egyptforever.hu\/ildiko\/wp-content\/uploads\/2025\/12\/d0f64d526933498dbee1cb4292aff0b1.jpg\" alt=\"\" class=\"wp-image-15919\" srcset=\"https:\/\/www.egyptforever.hu\/ildiko\/wp-content\/uploads\/2025\/12\/d0f64d526933498dbee1cb4292aff0b1.jpg 768w, https:\/\/www.egyptforever.hu\/ildiko\/wp-content\/uploads\/2025\/12\/d0f64d526933498dbee1cb4292aff0b1-300x144.jpg 300w\" sizes=\"auto, (max-width: 768px) 100vw, 768px\" \/><\/figure>\n<\/div>\n\n\n\n<div class=\"wp-block-column is-layout-flow wp-block-column-is-layout-flow\">\n<figure class=\"wp-block-image size-full\"><img loading=\"lazy\" decoding=\"async\" width=\"768\" height=\"347\" src=\"https:\/\/www.egyptforever.hu\/ildiko\/wp-content\/uploads\/2025\/12\/IMG_3284.jpg\" alt=\"\" class=\"wp-image-15920\" srcset=\"https:\/\/www.egyptforever.hu\/ildiko\/wp-content\/uploads\/2025\/12\/IMG_3284.jpg 768w, https:\/\/www.egyptforever.hu\/ildiko\/wp-content\/uploads\/2025\/12\/IMG_3284-300x136.jpg 300w\" sizes=\"auto, (max-width: 768px) 100vw, 768px\" \/><\/figure>\n<\/div>\n<\/div>\n\n\n\n<div class=\"wp-block-columns is-layout-flex wp-container-core-columns-is-layout-9d6595d7 wp-block-columns-is-layout-flex\">\n<div class=\"wp-block-column is-layout-flow wp-block-column-is-layout-flow\"><div class=\"wp-block-image\">\n<figure class=\"aligncenter size-full is-resized\"><img loading=\"lazy\" decoding=\"async\" width=\"1095\" height=\"821\" src=\"https:\/\/www.egyptforever.hu\/ildiko\/wp-content\/uploads\/2025\/12\/\u0648\u0627\u062f\u0649_\u0627\u0644\u0631\u064a\u0627\u0646_\u0627\u0644\u0641\u064a\u0648\u0645.jpg\" alt=\"\" class=\"wp-image-15926\" style=\"width:1174px;height:auto\" srcset=\"https:\/\/www.egyptforever.hu\/ildiko\/wp-content\/uploads\/2025\/12\/\u0648\u0627\u062f\u0649_\u0627\u0644\u0631\u064a\u0627\u0646_\u0627\u0644\u0641\u064a\u0648\u0645.jpg 1095w, https:\/\/www.egyptforever.hu\/ildiko\/wp-content\/uploads\/2025\/12\/\u0648\u0627\u062f\u0649_\u0627\u0644\u0631\u064a\u0627\u0646_\u0627\u0644\u0641\u064a\u0648\u0645-300x225.jpg 300w, https:\/\/www.egyptforever.hu\/ildiko\/wp-content\/uploads\/2025\/12\/\u0648\u0627\u062f\u0649_\u0627\u0644\u0631\u064a\u0627\u0646_\u0627\u0644\u0641\u064a\u0648\u0645-1024x768.jpg 1024w, https:\/\/www.egyptforever.hu\/ildiko\/wp-content\/uploads\/2025\/12\/\u0648\u0627\u062f\u0649_\u0627\u0644\u0631\u064a\u0627\u0646_\u0627\u0644\u0641\u064a\u0648\u0645-768x576.jpg 768w\" sizes=\"auto, (max-width: 1095px) 100vw, 1095px\" \/><\/figure>\n<\/div>\n\n\n<div class=\"wp-block-columns is-layout-flex wp-container-core-columns-is-layout-9d6595d7 wp-block-columns-is-layout-flex\">\n<div class=\"wp-block-column is-layout-flow wp-block-column-is-layout-flow\" style=\"flex-basis:33.33%\">\n<figure class=\"wp-block-image size-full\"><img loading=\"lazy\" decoding=\"async\" width=\"768\" height=\"768\" src=\"https:\/\/www.egyptforever.hu\/ildiko\/wp-content\/uploads\/2025\/12\/12669420_1021176084635273_870948035140263784_n.jpg\" alt=\"\" class=\"wp-image-15922\" srcset=\"https:\/\/www.egyptforever.hu\/ildiko\/wp-content\/uploads\/2025\/12\/12669420_1021176084635273_870948035140263784_n.jpg 768w, https:\/\/www.egyptforever.hu\/ildiko\/wp-content\/uploads\/2025\/12\/12669420_1021176084635273_870948035140263784_n-300x300.jpg 300w, https:\/\/www.egyptforever.hu\/ildiko\/wp-content\/uploads\/2025\/12\/12669420_1021176084635273_870948035140263784_n-150x150.jpg 150w\" sizes=\"auto, (max-width: 768px) 100vw, 768px\" \/><\/figure>\n<\/div>\n\n\n\n<div class=\"wp-block-column is-layout-flow wp-block-column-is-layout-flow\" style=\"flex-basis:66.66%\">\n<figure class=\"wp-block-image size-full\"><img loading=\"lazy\" decoding=\"async\" width=\"768\" height=\"512\" src=\"https:\/\/www.egyptforever.hu\/ildiko\/wp-content\/uploads\/2025\/12\/MHS_8837-X2.webp\" alt=\"\" class=\"wp-image-15923\" srcset=\"https:\/\/www.egyptforever.hu\/ildiko\/wp-content\/uploads\/2025\/12\/MHS_8837-X2.webp 768w, https:\/\/www.egyptforever.hu\/ildiko\/wp-content\/uploads\/2025\/12\/MHS_8837-X2-300x200.webp 300w\" sizes=\"auto, (max-width: 768px) 100vw, 768px\" \/><\/figure>\n<\/div>\n<\/div>\n\n\n\n<div class=\"wp-block-columns is-layout-flex wp-container-core-columns-is-layout-9d6595d7 wp-block-columns-is-layout-flex\">\n<div class=\"wp-block-column is-layout-flow wp-block-column-is-layout-flow\">\n<figure class=\"wp-block-image size-full\"><img loading=\"lazy\" decoding=\"async\" width=\"768\" height=\"513\" src=\"https:\/\/www.egyptforever.hu\/ildiko\/wp-content\/uploads\/2025\/12\/5-5.jpg\" alt=\"\" class=\"wp-image-15927\" srcset=\"https:\/\/www.egyptforever.hu\/ildiko\/wp-content\/uploads\/2025\/12\/5-5.jpg 768w, https:\/\/www.egyptforever.hu\/ildiko\/wp-content\/uploads\/2025\/12\/5-5-300x200.jpg 300w\" sizes=\"auto, (max-width: 768px) 100vw, 768px\" \/><\/figure>\n<\/div>\n\n\n\n<div class=\"wp-block-column is-layout-flow wp-block-column-is-layout-flow\">\n<figure class=\"wp-block-image size-full\"><img loading=\"lazy\" decoding=\"async\" width=\"768\" height=\"576\" src=\"https:\/\/www.egyptforever.hu\/ildiko\/wp-content\/uploads\/2025\/12\/DSCN0593-e1413725328606.jpg\" alt=\"\" class=\"wp-image-15928\" srcset=\"https:\/\/www.egyptforever.hu\/ildiko\/wp-content\/uploads\/2025\/12\/DSCN0593-e1413725328606.jpg 768w, https:\/\/www.egyptforever.hu\/ildiko\/wp-content\/uploads\/2025\/12\/DSCN0593-e1413725328606-300x225.jpg 300w\" sizes=\"auto, (max-width: 768px) 100vw, 768px\" \/><\/figure>\n<\/div>\n<\/div>\n<\/div>\n<\/div>\n\n\n\n<h2 class=\"wp-block-heading\">F\u00f6ldrajzi \u00e9rdekess\u00e9gek<\/h2>\n\n\n\n<ul class=\"wp-block-list\">\n<li style=\"font-size:18px\"><strong>K\u00e9t t\u00f3, egy zuhatag<\/strong>: a Wadi el-Rayan k\u00e9t nagy, sek\u00e9ly t\u00f3ja (Als\u00f3-t\u00f3 \u00e9s Fels\u0151-t\u00f3) \u00e9s a k\u00f6z\u00f6tt\u00fck kialakult v\u00edzes\u00e9srendszer a legismertebb t\u00e1ji elem. A tavak kiterjed\u00e9se t\u00edz- \u00e9s sz\u00e1zn\u00e9gyzetkilom\u00e9teres nagys\u00e1grend\u0171.<\/li>\n\n\n\n<li style=\"font-size:18px\"><strong>Mozg\u00f3 homokd\u0171n\u00e9k \u00e9s fenns\u00edkok<\/strong>: a ter\u00fclet jellegzetes homokdombjai \u00e9s d\u0171n\u00e9i ide\u00e1lis terepet adnak szafari-szer\u0171 s\u00e9t\u00e1khoz, naplemente-fot\u00f3z\u00e1shoz \u00e9s homokdeszk\u00e1z\u00e1shoz.<\/li>\n\n\n\n<li style=\"font-size:18px\"><strong>Forr\u00e1sok \u00e9s k\u00e9nes forr\u00f3 vizek<\/strong>: a d\u00e9li oldalon n\u00e9h\u00e1ny k\u00e9nes\/szulfidos tavas is tal\u00e1lhat\u00f3, amelyek helyi \u00f6kol\u00f3giai \u00e9s geok\u00e9miai \u00e9rdekess\u00e9get jelentenek.<\/li>\n<\/ul>\n\n\n\n<p><\/p>\n\n\n\n<h2 class=\"wp-block-heading\">Mit \u00e9rdemes megn\u00e9zni \/ program\u00f6tletek<\/h2>\n\n\n\n<p style=\"font-size:18px\">1.) <strong>A v\u00edzes\u00e9sek (Wadi el-Rayan Waterfalls)<\/strong> \u2014 a fot\u00f3sok \u00e9s a turist\u00e1k kedvence: a zuhatagok k\u00fcl\u00f6n\u00f6sen reggel \u00e9s naplementekor l\u00e1tv\u00e1nyosak. (Megjegyz\u00e9s: a v\u00edzes\u00e9sek v\u00edzhozama \u00e9vszakonk\u00e9nt v\u00e1ltozhat.) Az El Rayan-v\u00edzes\u00e9sek k\u00f6r\u00fclbel\u00fcl 15 km-re tal\u00e1lhat\u00f3k a rezerv\u00e1tum kapuj\u00e1t\u00f3l, az \u00fat bal oldal\u00e1n (ebb\u0151l k\u00f6zel k\u00e9t kilom\u00e9ternyi szakasz burkolatlan, sivatagi homok). A v\u00edzes\u00e9sek gy\u00f6ny\u00f6r\u0171ek, de a hat\u00f3s\u00e1gok sajn\u00e1latos figyelmetlens\u00e9ge miatt elhaszn\u00e1l\u00f3dottnak t\u0171nnek&#8230;<\/p>\n\n\n\n<p style=\"font-size:18px\">2.) <strong>Az Als\u00f3-t\u00f3 \u00e9s Fels\u0151-t\u00f3 partja<\/strong> \u2014 mad\u00e1rmegfigyel\u00e9s, nyugodt s\u00e9t\u00e1k, r\u00f6vid cs\u00f3nak\u00e1z\u00e1s\/kenuz\u00e1s helyi szervez\u00e9ssel lehets\u00e9ges. <\/p>\n\n\n\n<p style=\"font-size:18px\">3.) <strong>Wadi el-Hitan (Whale Valley)<\/strong> \u2014 jeept\u00fara a sivatagban l\u00e9v\u0151 fossz\u00edliamez\u0151re (UNESCO Vil\u00e1g\u00f6r\u00f6ks\u00e9gi helysz\u00edn). \u00c9rdemes ide k\u00fcl\u00f6n el\u0151re egyeztetett programot szervezni a jeep-ek miatt. Sivatagi t\u00far\u00e1val egybek\u00f6tve megtekinthet\u0151 a szabadt\u00e9ri paleontol\u00f3giai ki\u00e1ll\u00edt\u00e1s, valamint a Fossz\u00edlia M\u00fazeum is. <\/p>\n\n\n\n<p style=\"font-size:18px\">4.) <strong>D\u0171ne-szafarik \u00e9s naplemente a fenns\u00edkon<\/strong> \u2014 ak\u00e1r jeep-ekkel, vagy quad-os, tevegel\u0151s t\u00fara vagy gyalogt\u00fara az o\u00e1zis k\u00f6r\u00fcli homokd\u0171n\u00e9khez; remek fot\u00f3helyekkel. A Jabal el Modawara, a sz\u00e9ps\u00e9g megtestes\u00edt\u0151je. Amikor megm\u00e1ssza ezt a leny\u0171g\u00f6z\u0151 hegyet \u2013 ami egy\u00e9bk\u00e9nt nem magas \u2013, a kil\u00e1t\u00e1s fel\u00fclr\u0151l l\u00e9legzetel\u00e1ll\u00edt\u00f3. Mad\u00e1rmegfigyel\u00e9sre is remek hely, k\u00fcl\u00f6n\u00f6sen, ha sasokat vagy s\u00f3lymokat szeretne megpillantani.<\/p>\n\n\n\n<p style=\"font-size:18px\">5.) <strong>Fayoum o\u00e1zis L\u00e1togat\u00f3i k\u00f6zpont \/ helyi ki\u00e1ll\u00edt\u00e1sok<\/strong> \u2014 a v\u00e9dett ter\u00fclet menedzsmentj\u00e9nek k\u00e9pi \u00e9s \u00edr\u00e1sos anyagai \u00e9s valamint a helyi ki\u00e1ll\u00edt\u00e1sok adnak \u00f6kol\u00f3giai \u00e9s kultur\u00e1lis h\u00e1tteret egy l\u00e1togat\u00e1snak a L\u00e1togat\u00f3k\u00f6zpontban.<\/p>\n\n\n\n<p><\/p>\n\n\n\n<h2 class=\"wp-block-heading\">Praktikus tudnival\u00f3k:<\/h2>\n\n\n\n<ul class=\"wp-block-list\">\n<li style=\"font-size:18px\"><strong>Legjobb id\u0151szak az idel\u00e1togat\u00e1shoz: <\/strong>az \u0151szi\u2013tavaszi h\u00f3napok (okt\u00f3ber\u2013\u00e1prilis) kellemesebbek a h\u0151m\u00e9rs\u00e9klet \u00e9s a mad\u00e1rvonul\u00e1s miatt. Ny\u00e1ron nagy a meleg, \u00edgy az eg\u00e9sznapos szabadt\u00e9ri program sokaknak megterhel\u0151 lehet.<\/li>\n\n\n\n<li style=\"font-size:18px\"><strong>V\u00e9delmi szab\u00e1lyok<\/strong>: mint v\u00e9dett ter\u00fclet, bizonyos ter\u00fcletek lez\u00e1rtak vagy csak enged\u00e9llyel l\u00e1togathat\u00f3k; k\u00f6vesse a helyi ir\u00e1nyelveket, ne hagyjon szemetet a ter\u00fcleten, \u00e9s ne zavarja meg tev\u00e9kenys\u00e9geivel az itt \u00e9l\u0151 \u00e9l\u0151l\u00e9nyeket.<\/li>\n\n\n\n<li style=\"font-size:18px\"><strong>Hozz\u00e1f\u00e9r\u00e9s<\/strong>: aut\u00f3val vagy szervezett t\u00far\u00e1val j\u00f6nnek a legt\u00f6bben Fayoum o\u00e1zisb\u00f3l vagy Kair\u00f3b\u00f3l a term\u00e9szerv\u00e9delmi ter\u00fcletre. Kair\u00f3b\u00f3l indulva \u00e9rdemes kor\u00e1n elindulni, hiszen az oda \u00e9s vissza\u00fat miatt, illetve a term\u00e9szetv\u00e9delmi ter\u00fclet l\u00e1tnival\u00f3i \u00e9s nagys\u00e1ga miatt ez a program mindenk\u00e9pp egy eg\u00e9sznapos program.<\/li>\n<\/ul>\n\n\n\n<p><\/p>\n\n\n\n<p style=\"font-size:18px\">A <strong>Wadi el-Rayan <\/strong>\u2014 v\u00edz, d\u0171n\u00e9k \u00e9s \u0151smaradv\u00e1nyok furcsa, izgalmas elegye \u2014 egyszerre term\u00e9szeti \u00e9s tudom\u00e1nyos l\u00e1tv\u00e1nyoss\u00e1g. Ha k\u00fcl\u00f6nleges l\u00e1tnival\u00f3ra vagyik, ha szereti a fot\u00f3z\u00e1st, a mad\u00e1rmegfigyel\u00e9st vagy a \u201esivatagi o\u00e1zis\u201d \u00e9lm\u00e9ny\u00e9t, mindenk\u00e9pp \u00e9rdemes felvenni az \u00fatitervbe; k\u00fcl\u00f6n programk\u00e9nt a k\u00f6zeli Wadi el-Hitan paleontol\u00f3giai helysz\u00ednnel kombin\u00e1lva a t\u00e9rs\u00e9g igazi soksz\u00edn\u0171s\u00e9ge t\u00e1rul fel. <\/p>\n\n\n\n<p style=\"font-size:18px\">Ez a helysz\u00edn \u00e9kes p\u00e9ld\u00e1ja annak, milyen igazi \u00e9rdekes \u00e9lm\u00e9nyekkel gazdagodhatunk, ha van mersz\u00fcnk let\u00e9rni a t\u00f6megturizmus t\u00fals\u00e1gosan is kitaposott &#8220;\u00fatjair\u00f3l&#8221;, \u00e9s k\u00edv\u00e1ncsis\u00e1ggal telve r\u00e1l\u00e9p\u00fcnk az alternat\u00edv l\u00e1tnival\u00f3kat bemutat\u00f3, egyedi programokat bej\u00e1r\u00f3 &#8220;\u00f6sv\u00e9nyekre&#8221;&#8230;  <\/p>\n\n\n\n<p style=\"font-size:18px\">Az<strong> Egyptforever utaz\u00e1sok<\/strong> rendszeres programja a sivatagi jeept\u00fara a Fayoum o\u00e1zis-beli <strong>Wadi el-Rayan<\/strong> nemzeti parkban, valamint a <strong>B\u00e1ln\u00e1k v\u00f6lgye <\/strong>(Wadi el-Hitan) fossz\u00edliamez\u0151 megtekint\u00e9se. <\/p>\n\n\n\n<p><\/p>\n\n\n\n<p><strong><em>Egypt Forever &#8211; <\/em><\/strong><em>K\u00f3sa Ildik\u00f3 idegenvezet\u0151<\/em><\/p>\n\n\n\n<p><\/p>\n<div style='text-align:right' class='yasr-auto-insert-overall'><\/div><div style='text-align:right' class='yasr-auto-insert-visitor'><\/div>","protected":false},"excerpt":{"rendered":"<p>A Wadi el-Rayan igaz\u00e1n k\u00fcl\u00f6nleges \u00e9s soksz\u00edn\u0171 helysz\u00edn a Fayoum-o\u00e1zis k\u00f6zel\u00e9ben. A Wadi el-Rayan a nyugati sivatag perem\u00e9n, Al-Fayoum tartom\u00e1ny d\u00e9li r\u00e9sz\u00e9n tal\u00e1lhat\u00f3, nagyj\u00e1b\u00f3l 65\u2013100 km-re d\u00e9lnyugatra a Fayoum v\u00e1rost\u00f3l. A ter\u00fclet<a class=\"moretag\" href=\"https:\/\/www.egyptforever.hu\/ildiko\/?p=1955\">Tov\u00e1bbi inform\u00e1ci\u00f3\u2026<\/a><\/p>\n","protected":false},"author":1,"featured_media":15917,"comment_status":"closed","ping_status":"open","sticky":false,"template":"","format":"standard","meta":{"om_disable_all_campaigns":false,"_monsterinsights_skip_tracking":false,"_monsterinsights_sitenote_active":false,"_monsterinsights_sitenote_note":"","_monsterinsights_sitenote_category":0,"yasr_overall_rating":0,"yasr_post_is_review":"","yasr_auto_insert_disabled":"","yasr_review_type":"","footnotes":""},"categories":[401,142],"tags":[472,178,536,92,289,538,218,537],"class_list":["post-1955","post","type-post","status-publish","format-standard","has-post-thumbnail","hentry","category-sivatagok-es-oazisok-latnivaloi","category-termeszeti-latnivalok","tag-alternativ-regeszet","tag-egyiptom","tag-fayoum","tag-fayoum-oazis","tag-nemzeti-parkok","tag-sivatagi-latnivalok","tag-termeszeti-latnivalok","tag-wadi-el-rayan"],"aioseo_notices":[],"yasr_visitor_votes":{"stars_attributes":{"read_only":false,"span_bottom":false},"number_of_votes":0,"sum_votes":0},"_links":{"self":[{"href":"https:\/\/www.egyptforever.hu\/ildiko\/index.php?rest_route=\/wp\/v2\/posts\/1955","targetHints":{"allow":["GET"]}}],"collection":[{"href":"https:\/\/www.egyptforever.hu\/ildiko\/index.php?rest_route=\/wp\/v2\/posts"}],"about":[{"href":"https:\/\/www.egyptforever.hu\/ildiko\/index.php?rest_route=\/wp\/v2\/types\/post"}],"author":[{"embeddable":true,"href":"https:\/\/www.egyptforever.hu\/ildiko\/index.php?rest_route=\/wp\/v2\/users\/1"}],"replies":[{"embeddable":true,"href":"https:\/\/www.egyptforever.hu\/ildiko\/index.php?rest_route=%2Fwp%2Fv2%2Fcomments&post=1955"}],"version-history":[{"count":6,"href":"https:\/\/www.egyptforever.hu\/ildiko\/index.php?rest_route=\/wp\/v2\/posts\/1955\/revisions"}],"predecessor-version":[{"id":15933,"href":"https:\/\/www.egyptforever.hu\/ildiko\/index.php?rest_route=\/wp\/v2\/posts\/1955\/revisions\/15933"}],"wp:featuredmedia":[{"embeddable":true,"href":"https:\/\/www.egyptforever.hu\/ildiko\/index.php?rest_route=\/wp\/v2\/media\/15917"}],"wp:attachment":[{"href":"https:\/\/www.egyptforever.hu\/ildiko\/index.php?rest_route=%2Fwp%2Fv2%2Fmedia&parent=1955"}],"wp:term":[{"taxonomy":"category","embeddable":true,"href":"https:\/\/www.egyptforever.hu\/ildiko\/index.php?rest_route=%2Fwp%2Fv2%2Fcategories&post=1955"},{"taxonomy":"post_tag","embeddable":true,"href":"https:\/\/www.egyptforever.hu\/ildiko\/index.php?rest_route=%2Fwp%2Fv2%2Ftags&post=1955"}],"curies":[{"name":"wp","href":"https:\/\/api.w.org\/{rel}","templated":true}]}}