{"id":201,"date":"2024-04-04T21:27:00","date_gmt":"2024-04-04T19:27:00","guid":{"rendered":"https:\/\/www.egyptforever.hu\/ildiko\/?p=201"},"modified":"2024-07-01T13:55:51","modified_gmt":"2024-07-01T11:55:51","slug":"tutankhamon-sirja","status":"publish","type":"post","link":"https:\/\/www.egyptforever.hu\/ildiko\/?p=201","title":{"rendered":"Tutankhamon s\u00edrja"},"content":{"rendered":"\n<h2 class=\"wp-block-heading\" style=\"font-size:38px;line-height:1.4\"><em>&#8220;L\u00e1t valamit?&#8230;. Igen! Csod\u00e1s dolgokat&#8230;&#8221;<\/em><\/h2>\n\n\n\n<div class=\"wp-block-columns is-layout-flex wp-container-core-columns-is-layout-9d6595d7 wp-block-columns-is-layout-flex\">\n<div class=\"wp-block-column is-vertically-aligned-top is-layout-flow wp-block-column-is-layout-flow\">\n<p class=\"has-text-align-left\" style=\"font-size:18px\">A legt\u00f6bb egyiptomi f\u00e1ra\u00f3ra az\u00e9rt eml\u00e9keznek, mert nagyszer\u0171 h\u00f3d\u00edt\u00f3 katon\u00e1k voltak, vagy mert \u00f3ri\u00e1si templomokat \u00e9s s\u00edrokat \u00e9p\u00edtettek.&nbsp;<\/p>\n\n\n\n<p class=\"has-text-align-left\" style=\"font-size:18px\"><strong>Tutanhamon<\/strong>&nbsp;nem volt sem nagy katona, sem nagy \u00e9p\u00edt\u0151; azonban \u0151 a legismertebb a f\u00e1ra\u00f3k k\u00f6z\u00fcl. Senki sem gondolta volna,&nbsp;<strong>1922. november 4<\/strong>-e reggel\u00e9n, hogy milyen k\u00fcl\u00f6nleges nap lesz ez a nap, mind t\u00f6rt\u00e9nelmileg, mind r\u00e9g\u00e9szeti szem-pontb\u00f3l, mind kultur\u00e1lis \u00e9s m\u0171v\u00e9szeti szempontok szerint.  Ezen a napon t\u00f6rt\u00e9nt, hogy&nbsp;<strong>Howard Carter <\/strong>felfedezte&nbsp;<strong>Nebkheperur\u00e9<\/strong>nek (<strong>Tutankha-mon<\/strong>nak) Fels\u0151- \u00e9s Als\u00f3-Egyiptom kir\u00e1ly\u00e1nak csaknem \u00e9rintetlen s\u00edrj\u00e1t, a&nbsp;<strong>KV62<\/strong>-es s\u00edrt a Kir\u00e1lyok V\u00f6lgy\u00e9ben. Az egyiptol\u00f3gusok \u00e9s a megb\u0171v\u00f6lt k\u00f6zv\u00e9lem\u00e9ny most el\u0151sz\u00f6r szembes\u00fclt val\u00f3j\u00e1ban azzal, hogy az \u00f3kori Egyiptom kir\u00e1lyai milyen pomp\u00e1val vett\u00e9k k\u00f6r\u00fcl magukat, hogy milyen magas szinten \u00e1lltak a haszn\u00e1lati \u00e9s vall\u00e1si c\u00e9l\u00fa t\u00e1rgyak m\u0171v\u00e9szi kivitelez\u00e9se \u00e9s dekor\u00e1l\u00e1sa ebben a korban.<\/p>\n<\/div>\n\n\n\n<div class=\"wp-block-column is-layout-flow wp-block-column-is-layout-flow\">\n<p style=\"font-size:18px\"> A s\u00edrban&nbsp;<strong>5398<\/strong>&nbsp;t\u00e1rgyat tal\u00e1ltak, k\u00f6zt\u00fck csod\u00e1latos szobrokat, b\u00fatorokat, harci szekereket, szarkof\u00e1-gokat, tr\u00f3nusokat \u00e9s egy csod\u00e1latos aranymasz-kot, mely p\u00e1ratlan sz\u00e9ps\u00e9g\u0171. Ezek a megtal\u00e1lt t\u00e1rgyak sz\u00e1z \u00e9ve ejtik \u00e1mulatba a r\u00e9g\u00e9szeket, egyiptol\u00f3gusokat \u00e9s a turist\u00e1k milli\u00f3it. Annak ellen\u00e9re, hogy ez minden id\u0151k legnagyobb r\u00e9g\u00e9szeti felfedez\u00e9se, nem szabad elfelejtkezni arr\u00f3l a sajn\u00e1latos t\u00e9nyr\u0151l, hogy ez az \u00e9pen tal\u00e1lt s\u00edr csak egy \u201ekisebb\u201d f\u00e1ra\u00f3\u00e9 volt, aki egy gazdas\u00e1gilag rossz id\u0151szak ut\u00e1n uralkodott. \u00c9pp ez\u00e9rt szinte f\u00e9lelmetes a gondolat, hogy mi minden csod\u00e1latos dolog lehetett egy hossz\u00fa, sikeres uralkod\u00e1s ut\u00e1n elhunyt, tekint\u00e9lyes f\u00e1ra\u00f3 s\u00edrj\u00e1ban. Szerintem el sem tudjuk k\u00e9pzelni mennyi kinccsel temethett\u00e9k el a 18. dinasztia gazdags\u00e1g\u00e1t biztos\u00edt\u00f3 f\u00e1ra\u00f3it (Hatsepszut, III. Thotmesz, II. Amenhotep, IV. Thotmesz, III. Amenhotep)\u2026 Milyen szerencs\u00e9tlen helyzet, hogy ezeknek az uralkod\u00f3dnak a s\u00edrjait kifosztott\u00e1k m\u00e1r az \u00f3korban. <\/p>\n<\/div>\n<\/div>\n\n\n\n<div class=\"wp-block-columns is-layout-flex wp-container-core-columns-is-layout-9d6595d7 wp-block-columns-is-layout-flex\">\n<div class=\"wp-block-column is-layout-flow wp-block-column-is-layout-flow\">\n<figure class=\"wp-block-image size-full\"><img loading=\"lazy\" decoding=\"async\" width=\"632\" height=\"480\" src=\"https:\/\/www.egyptforever.hu\/ildiko\/wp-content\/uploads\/2023\/02\/312598527_563592975768984_5452692054575289379_n.jpg\" alt=\"\" class=\"wp-image-231\" srcset=\"https:\/\/www.egyptforever.hu\/ildiko\/wp-content\/uploads\/2023\/02\/312598527_563592975768984_5452692054575289379_n.jpg 632w, https:\/\/www.egyptforever.hu\/ildiko\/wp-content\/uploads\/2023\/02\/312598527_563592975768984_5452692054575289379_n-300x228.jpg 300w\" sizes=\"auto, (max-width: 632px) 100vw, 632px\" \/><figcaption class=\"wp-element-caption\">Tutankhamon megtal\u00e1lt kincsei<\/figcaption><\/figure>\n<\/div>\n\n\n\n<div class=\"wp-block-column is-layout-flow wp-block-column-is-layout-flow\">\n<figure class=\"wp-block-image size-full\"><img loading=\"lazy\" decoding=\"async\" width=\"960\" height=\"715\" src=\"https:\/\/www.egyptforever.hu\/ildiko\/wp-content\/uploads\/2023\/02\/312506587_563592649102350_6640164572790564669_n.jpg\" alt=\"\" class=\"wp-image-232\" srcset=\"https:\/\/www.egyptforever.hu\/ildiko\/wp-content\/uploads\/2023\/02\/312506587_563592649102350_6640164572790564669_n.jpg 960w, https:\/\/www.egyptforever.hu\/ildiko\/wp-content\/uploads\/2023\/02\/312506587_563592649102350_6640164572790564669_n-300x223.jpg 300w, https:\/\/www.egyptforever.hu\/ildiko\/wp-content\/uploads\/2023\/02\/312506587_563592649102350_6640164572790564669_n-768x572.jpg 768w\" sizes=\"auto, (max-width: 960px) 100vw, 960px\" \/><figcaption class=\"wp-element-caption\">Tutankhamon s\u00edrmell\u00e9klete<\/figcaption><\/figure>\n<\/div>\n<\/div>\n\n\n\n<div class=\"wp-block-columns is-layout-flex wp-container-core-columns-is-layout-9d6595d7 wp-block-columns-is-layout-flex\">\n<div class=\"wp-block-column is-layout-flow wp-block-column-is-layout-flow\">\n<figure class=\"wp-block-image size-full\"><img loading=\"lazy\" decoding=\"async\" width=\"500\" height=\"370\" src=\"https:\/\/www.egyptforever.hu\/ildiko\/wp-content\/uploads\/2023\/02\/tut1-1.jpg\" alt=\"\" class=\"wp-image-241\" srcset=\"https:\/\/www.egyptforever.hu\/ildiko\/wp-content\/uploads\/2023\/02\/tut1-1.jpg 500w, https:\/\/www.egyptforever.hu\/ildiko\/wp-content\/uploads\/2023\/02\/tut1-1-300x222.jpg 300w\" sizes=\"auto, (max-width: 500px) 100vw, 500px\" \/><\/figure>\n<\/div>\n\n\n\n<div class=\"wp-block-column is-layout-flow wp-block-column-is-layout-flow\">\n<figure class=\"wp-block-image size-full is-resized\"><img loading=\"lazy\" decoding=\"async\" src=\"https:\/\/www.egyptforever.hu\/ildiko\/wp-content\/uploads\/2023\/02\/tut5-1.jpg\" alt=\"\" class=\"wp-image-242\" width=\"347\" height=\"291\" srcset=\"https:\/\/www.egyptforever.hu\/ildiko\/wp-content\/uploads\/2023\/02\/tut5-1.jpg 500w, https:\/\/www.egyptforever.hu\/ildiko\/wp-content\/uploads\/2023\/02\/tut5-1-300x252.jpg 300w\" sizes=\"auto, (max-width: 347px) 100vw, 347px\" \/><\/figure>\n<\/div>\n<\/div>\n\n\n\n<div class=\"wp-block-columns is-layout-flex wp-container-core-columns-is-layout-9d6595d7 wp-block-columns-is-layout-flex\">\n<div class=\"wp-block-column is-layout-flow wp-block-column-is-layout-flow\">\n<p><strong>A KIR\u00c1LY: TUT-ANKH-AMUN<\/strong><\/p>\n\n\n\n<p><strong>Tutanhamon<\/strong>&nbsp;(i.e. 1335-1327) az &#8220;eretnek&#8221;&nbsp;<strong>Ehnaton<\/strong>&nbsp;f\u00e1ra\u00f3 fia volt. Anyai sz\u00e1rma-z\u00e1sa, valamint tr\u00f3nra l\u00e9p\u00e9s\u00e9nek k\u00f6r\u00fclm\u00e9nyei tov\u00e1bbra is vita t\u00e1rgy\u00e1t k\u00e9pezik. Az Amarna-kori kir\u00e1lyi csal\u00e1d egyes tagjain v\u00e9gzett DNS-vizsg\u00e1la-tok \u00e1ll\u00edt\u00f3lag azt mutatj\u00e1k, hogy Tutanhamon nem&nbsp;<strong>Nefertiti<\/strong>&nbsp;\u00e9s nem&nbsp;<strong>Kija<\/strong>&nbsp;fia volt (a k\u00e9t n\u0151r\u0151l gondolj\u00e1k, hogy Ehnaton feles\u00e9gei voltak), hanem egy m\u00e1sik n\u0151, aki rokons\u00e1gban \u00e1ll&nbsp;<strong>III. Amenhotep-<\/strong>pel, Ekhnaton apj\u00e1val, vagyis nagy val\u00f3sz\u00edn\u0171s\u00e9g szerint az eretnek f\u00e1ra\u00f3 l\u00e1nytestv\u00e9re lehetett. Ha ez a helyzet, akkor Tutankhamon egy v\u00e9rfert\u0151z\u0151 kapcsolat gy\u00fcm\u00f6lcse volt, ami megmagyar\u00e1zhatja legyeng\u00fclt fizikai \u00e1llapot\u00e1t. Ennek ellen\u00e9re \u00fagy t\u0171nik, hogy uralkod\u00f3i l\u00e9tjogosults\u00e1g\u00e1t nem k\u00e9rd\u0151jelezt\u00e9k meg kort\u00e1rsai.<\/p>\n\n\n\n<p>Az ifj\u00fa f\u00e1ra\u00f3&nbsp;<strong>Tutankhaten<\/strong>, \u201eAton \u00e9l\u0151 k\u00e9pe\u201d n\u00e9ven l\u00e9pett a tr\u00f3nra. Uralkod\u00e1sa 2. \u00e9v\u00e9ben le kellett mondania az amarnai \u201eeretneks\u00e9gr\u0151l\u201d, &nbsp;vagyis Aton-kultuszr\u00f3l \u00e9s feladata lett el\u0151seg\u00edteni annak felsz\u00e1mol\u00e1s\u00e1t, ahogy azt az \u00fagynevezett \u201erestau-r\u00e1ci\u00f3s sztel\u00e9\u201d-n le\u00edrta, melyet a karnaki templom-ban \u00e1ll\u00edtott fel. Ezut\u00e1n megv\u00e1ltoztatta a nev\u00e9t Tutankhamonra, \u201eAmun \u00e9l\u0151 k\u00e9pm\u00e1sa\u201d, \u00e9s vissza-t\u00e9rt Th\u00e9b\u00e1ba, \u00edgy elhagyta apja r\u00f6vid \u00e9let\u0171 f\u0151v\u00e1ros\u00e1t, Akhetatont. De mivel Tutanhamon ebben az id\u0151ben m\u00e9g gyerek volt, \u00fagy t\u0171nik, hogy n\u0151v\u00e9rei nem \u00e9rtettek egyet az apr\u00f3cska fi\u00fa uralkod\u00f3i jog\u00e1val, nevezetesen Merytaten \u00f6sszeesk\u00fcdt f\u00e9ltestv\u00e9re ellen, hogy ideiglenesen elszak\u00edtsa \u0151t a hatalomt\u00f3l, de nem j\u00e1rt sikerrel. Ehelyett az orsz\u00e1g korm\u00e1nyz\u00e1s\u00e1t h\u00e1rom f\u0151 szem\u00e9lyre b\u00edzt\u00e1k:&nbsp;<strong>Ay<\/strong>, az \u201eisteni atya\u201d, a r\u00e9gens <\/p>\n<\/div>\n\n\n\n<div class=\"wp-block-column is-layout-flow wp-block-column-is-layout-flow\">\n<p>k\u00f6zponti szerep\u00e9t j\u00e1tszotta;&nbsp;<strong>Maya<\/strong>, aki a kincst\u00e1r\u00e9rt volt felel\u0151s; \u00e9s&nbsp;<strong>Horemheb<\/strong>&nbsp;t\u00e1bornok, a hadsereg \u00e9l\u00e9n. Ezen illet\u00e9kes triumvir\u00e1tus dolgozott azon, hogy Egyiptom hatalm\u00e1t bel\u00fclr\u0151l \u00e9s k\u00edv\u00fclr\u0151l is helyre tudj\u00e1k \u00e1ll\u00edtani.<\/p>\n\n\n\n<p>Tutanhamonnak m\u00e9g fiatalon meghalt, k\u00f6r\u00fclbel\u00fcl 19 \u00e9vesen, i.e. 1352 k\u00f6r\u00fcl, an\u00e9lk\u00fcl, hogy \u00f6r\u00f6k\u00f6st hagyott volna. Er\u0151szakos hal\u00e1l\u00e1nak k\u00f6r\u00fclm\u00e9nyei m\u00e1ig rejt\u00e9ly maradt. A Tutanhamon m\u00fami\u00e1j\u00e1r\u00f3l v\u00e9gzett szkennel\u00e9s eredm\u00e9nye szerint nem igazolt a kor\u00e1bban hitt tompa eszk\u00f6zzel t\u00f6rt\u00e9n\u0151 meggyilkol\u00e1sa, ugyanis a kopony\u00e1j\u00e1n nyoma sincs \u00fct\u00e9snek. Ink\u00e1bb egy ny\u00edlt sebes l\u00e1bt\u00f6r\u00e9st k\u00f6vet\u0151 fert\u0151z\u00e9s miatti hal\u00e1l felt\u00e9telezhet\u0151 az \u00faj felv\u00e9telek alapj\u00e1n.<\/p>\n\n\n\n<p>Tutanhamon ut\u00f3dja, az \u201eisteni atya\u201d Ay m\u00e1r \u00f6reg volt, amikor viszont tr\u00f3nra l\u00e9pett. Ay volt az, aki a hagyom\u00e1nyoknak megfelel\u0151en megszervezte Tutanhamon temet\u00e9si szertart\u00e1s\u00e1t a Kir\u00e1lyok V\u00f6lgy\u00e9ben, \u00e9s egyed\u00fcl\u00e1ll\u00f3 m\u00f3don Ay neve szerepel saj\u00e1t ut\u00f3d\u00e1nak s\u00edrj\u00e1ban. Ay korai hal\u00e1lakor (mind\u00f6ssze 4 \u00e9vvel k\u00e9s\u0151bb) egy m\u00e1sik alak, akinek szint\u00e9n nem volt t\u00f6rv\u00e9nyes joga a tr\u00f3nra, Horemheb t\u00e1bornok, akinek Ayt kellett k\u00f6vetnie. Csak ezzel az \u00faj uralkod\u00e1ssal tekintik az Amarna-epiz\u00f3dot befejezettnek, \u00e9s Horemheb uralkod\u00e1s\u00e1nak \u00e9veit az utols\u00f3 \u201ejogos\u201d f\u00e1ra\u00f3t\u00f3l, III. Amenhotep-t\u00f3l kezdik sz\u00e1molni. A k\u00f6vetkez\u0151 nemzed\u00e9kek, k\u00fcl\u00f6n\u00f6sen a Ramesszida uralkod\u00f3k, megpr\u00f3b\u00e1lt\u00e1k elt\u00fcntetni az Amarna-korszak minden nyom\u00e1t, bele\u00e9rtve a III. Amenhotep \u00e9s Horemheb k\u00f6z\u00f6tti kir\u00e1lyok nev\u00e9nek t\u00f6rl\u00e9s\u00e9t a hivatalos list\u00e1kr\u00f3l<\/p>\n<\/div>\n<\/div>\n\n\n<div class=\"wp-block-image\">\n<figure class=\"aligncenter size-full\"><img loading=\"lazy\" decoding=\"async\" width=\"640\" height=\"485\" src=\"https:\/\/www.egyptforever.hu\/ildiko\/wp-content\/uploads\/2023\/02\/312885303_563592549102360_8212916790641175605_n.jpg\" alt=\"\" class=\"wp-image-235\" srcset=\"https:\/\/www.egyptforever.hu\/ildiko\/wp-content\/uploads\/2023\/02\/312885303_563592549102360_8212916790641175605_n.jpg 640w, https:\/\/www.egyptforever.hu\/ildiko\/wp-content\/uploads\/2023\/02\/312885303_563592549102360_8212916790641175605_n-300x227.jpg 300w\" sizes=\"auto, (max-width: 640px) 100vw, 640px\" \/><\/figure>\n<\/div>\n\n\n<div class=\"wp-block-columns is-layout-flex wp-container-core-columns-is-layout-9d6595d7 wp-block-columns-is-layout-flex\">\n<div class=\"wp-block-column is-layout-flow wp-block-column-is-layout-flow\">\n<figure class=\"wp-block-image size-full\"><img loading=\"lazy\" decoding=\"async\" width=\"640\" height=\"478\" src=\"https:\/\/www.egyptforever.hu\/ildiko\/wp-content\/uploads\/2023\/02\/312805240_563592939102321_4156242561302861473_n.jpg\" alt=\"\" class=\"wp-image-233\" srcset=\"https:\/\/www.egyptforever.hu\/ildiko\/wp-content\/uploads\/2023\/02\/312805240_563592939102321_4156242561302861473_n.jpg 640w, https:\/\/www.egyptforever.hu\/ildiko\/wp-content\/uploads\/2023\/02\/312805240_563592939102321_4156242561302861473_n-300x224.jpg 300w\" sizes=\"auto, (max-width: 640px) 100vw, 640px\" \/><\/figure>\n<\/div>\n\n\n\n<div class=\"wp-block-column is-layout-flow wp-block-column-is-layout-flow\">\n<figure class=\"wp-block-image size-full\"><img loading=\"lazy\" decoding=\"async\" width=\"960\" height=\"719\" src=\"https:\/\/www.egyptforever.hu\/ildiko\/wp-content\/uploads\/2023\/02\/313205977_563593025768979_938657234578547000_n.jpg\" alt=\"\" class=\"wp-image-234\" srcset=\"https:\/\/www.egyptforever.hu\/ildiko\/wp-content\/uploads\/2023\/02\/313205977_563593025768979_938657234578547000_n.jpg 960w, https:\/\/www.egyptforever.hu\/ildiko\/wp-content\/uploads\/2023\/02\/313205977_563593025768979_938657234578547000_n-300x225.jpg 300w, https:\/\/www.egyptforever.hu\/ildiko\/wp-content\/uploads\/2023\/02\/313205977_563593025768979_938657234578547000_n-768x575.jpg 768w\" sizes=\"auto, (max-width: 960px) 100vw, 960px\" \/><\/figure>\n<\/div>\n<\/div>\n\n\n\n<div class=\"wp-block-columns is-layout-flex wp-container-core-columns-is-layout-9d6595d7 wp-block-columns-is-layout-flex\">\n<div class=\"wp-block-column is-layout-flow wp-block-column-is-layout-flow\">\n<figure class=\"wp-block-image size-full is-resized\"><img loading=\"lazy\" decoding=\"async\" src=\"https:\/\/www.egyptforever.hu\/ildiko\/wp-content\/uploads\/2023\/02\/ay1-1.jpg\" alt=\"\" class=\"wp-image-206\" width=\"413\" height=\"258\" srcset=\"https:\/\/www.egyptforever.hu\/ildiko\/wp-content\/uploads\/2023\/02\/ay1-1.jpg 500w, https:\/\/www.egyptforever.hu\/ildiko\/wp-content\/uploads\/2023\/02\/ay1-1-300x188.jpg 300w\" sizes=\"auto, (max-width: 413px) 100vw, 413px\" \/><figcaption class=\"wp-element-caption\">Ay \u00e9s Horemheb<\/figcaption><\/figure>\n<\/div>\n\n\n\n<div class=\"wp-block-column is-layout-flow wp-block-column-is-layout-flow\">\n<figure class=\"wp-block-image size-full\"><img loading=\"lazy\" decoding=\"async\" width=\"500\" height=\"326\" src=\"https:\/\/www.egyptforever.hu\/ildiko\/wp-content\/uploads\/2023\/02\/tut2.jpg\" alt=\"\" class=\"wp-image-207\" srcset=\"https:\/\/www.egyptforever.hu\/ildiko\/wp-content\/uploads\/2023\/02\/tut2.jpg 500w, https:\/\/www.egyptforever.hu\/ildiko\/wp-content\/uploads\/2023\/02\/tut2-300x196.jpg 300w\" sizes=\"auto, (max-width: 500px) 100vw, 500px\" \/><figcaption class=\"wp-element-caption\">Tutankhamon arany halotti maszkja<\/figcaption><\/figure>\n<\/div>\n<\/div>\n\n\n\n<div class=\"wp-block-columns is-layout-flex wp-container-core-columns-is-layout-9d6595d7 wp-block-columns-is-layout-flex\">\n<div class=\"wp-block-column is-layout-flow wp-block-column-is-layout-flow\">\n<p><strong>KV62, TUT-ANKH-AMUN S\u00cdRJA<\/strong><\/p>\n\n\n\n<p>Tutanhamon s\u00edrja term\u00e9szetesen nem a m\u00e9rete vagy a gazdag d\u00edsz\u00edt\u00e9se miatt h\u00edres. A s\u00edr szer\u00e9ny m\u00e9reteit gyakran hangs\u00falyozz\u00e1k, \u00e9s ez \u00e9rthet\u0151 is: ez ugyanis a Kir\u00e1lyok V\u00f6lgy\u00e9ben tal\u00e1lhat\u00f3 \u00f6sszes kir\u00e1lys\u00edr k\u00f6z\u00fcl a legkisebb. Ez a s\u00edr sem k\u00f6veti a s\u00edrokra vonatkoz\u00f3 \u00e1ltal\u00e1nos \u00e9p\u00edt\u00e9si terveket. Val\u00f3j\u00e1ban \u00fagy v\u00e9lik, hogy ezt a s\u00edrt eredetileg egy magas rang\u00fa, nem kir\u00e1lyi szem\u00e9lyis\u00e9gnek, val\u00f3sz\u00edn\u0171leg Ay-nek sz\u00e1nt\u00e1k, \u00e9s a nagyon fiatal kir\u00e1ly v\u00e1ratlan hal\u00e1la ut\u00e1n k\u00e9sz\u00fclt el \u00e9s d\u00edsz\u00edtett\u00e9k fel, mert m\u00e1sk\u00fcl\u00f6nben nem lett volna id\u0151ben k\u00e9sz a fiatal f\u00e1ra\u00f3 temet\u00e9s\u00e9re. Tal\u00e1n az eredetileg Tutanhamonnak javasolt s\u00edr az volt, amelyet v\u00e9g\u00fcl csak n\u00e9gy \u00e9vvel k\u00e9s\u0151bb Ay sz\u00e1m\u00e1ra (KV 23) a v\u00f6lgy keleti \u00e1g\u00e1ban III. Amenhotep s\u00edrja mellett k\u00e9sz\u00edtettek el. &nbsp;\u00c9s ez biztosan nem v\u00e9letlen: legyen sz\u00f3 Tutanhamonr\u00f3l vagy Ayr\u00f3l, mindketten arra gondoltak, hogy meger\u0151s\u00edts\u00e9k saj\u00e1t legitim\u00e1ci\u00f3jukat, \u00e9s ezt \u00fagy tett\u00e9k, hogy saj\u00e1t s\u00edrjukat az \u201eeretneks\u00e9g\u201d id\u0151szak\u00e1t megel\u0151z\u0151 utols\u00f3 uralkod\u00f3 s\u00edrj\u00e1hoz k\u00f6zel helyezz\u00e9k el. Noha Tutanhamon s\u00edrja kicsi volt, \u00e9s st\u00edlus\u00e1ban k\u00fcl\u00f6nb\u00f6z\u00f6tt a t\u00f6bbit\u0151l, ennek ellen\u00e9re \u00fagy \u00edt\u00e9lt\u00e9k meg, hogy elegend\u0151 kanonikus krit\u00e9riumot \u00f6tv\u00f6z ahhoz, hogy \u2013 m\u00e9g jelent\u0151s tengelyv\u00e1lt\u00e1s mellett is \u2013 ritu\u00e1lis kir\u00e1lyi temetkez\u00e9sre lehessen haszn\u00e1lni. Tutanhamon s\u00edrja k\u00f6zvetlen\u00fcl a m\u00e9szk\u0151be v\u00e9sve, a v\u00f6lgy f\u0151 v\u00edzfoly\u00e1sa ment\u00e9n helyezkedik el.<\/p>\n<\/div>\n\n\n\n<div class=\"wp-block-column is-layout-flow wp-block-column-is-layout-flow\">\n<p>Egy 16 l\u00e9pcs\u0151b\u0151l \u00e1ll\u00f3 ereszked\u0151 j\u00e1rat egy r\u00f6vid, 7,60 m hossz\u00fa, nyugat fel\u00e9 igazod\u00f3 folyos\u00f3hoz vezet, ami k\u00f6zvetlen\u00fcl az el\u0151kamr\u00e1ba ny\u00edlik. Az eredeti l\u00e9pcs\u0151k k\u00f6z\u00fcl a legals\u00f3 hatot m\u00e9lyebbre v\u00e1gt\u00e1k, amikor sz\u00fcks\u00e9gesnek tal\u00e1lt\u00e1k a s\u00edrba val\u00f3 bej\u00e1ratot kib\u0151v\u00edteni, hogy a nagyobb temet\u00e9si b\u00fatorokat is be lehessen vinni a s\u00edrba. Ezt k\u00f6vet\u0151en a l\u00e9pcs\u0151ket k\u0151vel \u00e9s habarccsal helyre\u00e1ll\u00edtott\u00e1k, hogy vissza\u00e1ll\u00edtott\u00e1k az eredeti magass\u00e1gukba. A s\u00edrban a folyos\u00f3 falait megfelel\u0151en lesim\u00edtott\u00e1k, de nem alkalmaztak t\u00f6m\u00edt\u0151anyagot \u00e9s a v\u00e9g\u00e9t falazott vakolatt\u00f6rmel\u00e9kkel z\u00e1rt\u00e1k le, ami m\u00f6g\u00f6tt ott rejt\u0151z\u00f6tt az el\u0151szoba \u00e9s ott hevertek a s\u00edrba helyezett fontos b\u00fatorok. Abban az id\u0151ben minden \u00f3vint\u00e9zked\u00e9st meg kellett tenni a temet\u00e9s \u00e9s a kir\u00e1lys\u00edr biztos\u00edt\u00e1s\u00e1ra. Ennek ellen\u00e9re ez nem akad\u00e1lyozta meg Tutanhamon s\u00edrj\u00e1nak k\u00e9tszeri kirabl\u00e1s\u00e1t, nagyon r\u00f6viddel a temet\u00e9s ut\u00e1n. A bet\u00f6r\u00e9sek ellen\u00e9re a th\u00e9bai nekropoliszt abban az id\u0151ben val\u00f3s\u00e1gban j\u00f3l \u0151rizt\u00e9k, \u00e9s nem t\u00f6rt\u00e9nt tov\u00e1bbi behatol\u00e1s. K\u00e9s\u0151bb, mikor a 20. dinasztiabeli VI. Ramszesz s\u00edrj\u00e1t elkezdt\u00e9k kiv\u00e9sni, t\u00f6rt\u00e9nt egy sziklaoml\u00e1s, amely elk\u00e9peszt\u0151en befedte \u00e9s elrejtette Tutanhamon s\u00edrj\u00e1t; \u00e9s ezen a r\u00e9gi t\u00f6rmel\u00e9kes ter\u00fcleten \u00e9p\u00edtett\u00e9k fel a s\u00edrban dolgoz\u00f3 munk\u00e1sok kunyh\u00f3ikat, \u00e9s \u00edgy Tutankhamon s\u00edrja v\u00e9gk\u00e9pp a t\u00f6rmel\u00e9k al\u00e1 ker\u00fclt. A t\u00f6rmel\u00e9k pedig elrejtette a s\u00edr bej\u00e1rat\u00e1t eg\u00e9szen 1922-ig, mikor \u00fajra felfedezt\u00e9k az uralkod\u00f3<\/p>\n<\/div>\n<\/div>\n\n\n\n<div class=\"wp-block-columns is-layout-flex wp-container-core-columns-is-layout-9d6595d7 wp-block-columns-is-layout-flex\">\n<div class=\"wp-block-column is-layout-flow wp-block-column-is-layout-flow\">\n<figure class=\"wp-block-image size-full is-resized\"><img loading=\"lazy\" decoding=\"async\" src=\"https:\/\/www.egyptforever.hu\/ildiko\/wp-content\/uploads\/2023\/02\/tut8.jpg\" alt=\"\" class=\"wp-image-210\" width=\"402\" height=\"269\" srcset=\"https:\/\/www.egyptforever.hu\/ildiko\/wp-content\/uploads\/2023\/02\/tut8.jpg 350w, https:\/\/www.egyptforever.hu\/ildiko\/wp-content\/uploads\/2023\/02\/tut8-300x201.jpg 300w\" sizes=\"auto, (max-width: 402px) 100vw, 402px\" \/><figcaption class=\"wp-element-caption\">KV62 s\u00edr bej\u00e1rata a Kir\u00e1lyok V\u00f6lgy\u00e9ben<\/figcaption><\/figure>\n<\/div>\n\n\n\n<div class=\"wp-block-column is-vertically-aligned-top is-layout-flow wp-block-column-is-layout-flow\">\n<figure class=\"wp-block-image size-full\"><img loading=\"lazy\" decoding=\"async\" width=\"500\" height=\"336\" src=\"https:\/\/www.egyptforever.hu\/ildiko\/wp-content\/uploads\/2023\/02\/tut4.jpg\" alt=\"\" class=\"wp-image-211\" srcset=\"https:\/\/www.egyptforever.hu\/ildiko\/wp-content\/uploads\/2023\/02\/tut4.jpg 500w, https:\/\/www.egyptforever.hu\/ildiko\/wp-content\/uploads\/2023\/02\/tut4-300x202.jpg 300w\" sizes=\"auto, (max-width: 500px) 100vw, 500px\" \/><figcaption class=\"wp-element-caption\">Tutankhamon gr\u00e1nit szarkof\u00e1gja<\/figcaption><\/figure>\n<\/div>\n<\/div>\n\n\n\n<div class=\"wp-block-columns is-layout-flex wp-container-core-columns-is-layout-9d6595d7 wp-block-columns-is-layout-flex\">\n<div class=\"wp-block-column is-layout-flow wp-block-column-is-layout-flow\">\n<p>A S\u00cdR EL\u0150SZOB\u00c1JA<\/p>\n\n\n\n<p>Ez a t\u00e9glalap alak\u00fa szoba mer\u0151legesen, \u00e9szak-d\u00e9li tengelyen fekszik. Falait vakolt\u00e1k, de d\u00edsz\u00edt\u00e9sre nem ker\u00fclt sor. Nyugati fal\u00e1nak bal oldal\u00e1n egy ny\u00edl\u00e1s vezet a mell\u00e9k\u00e9p\u00fcletnek nevezett helyis\u00e9gbe, melynek padl\u00f3ja mintegy 1 m\u00e9terrel az el\u0151szoba szintje alatt van. Ez a mell\u00e9k\u00e9p\u00fclet sem volt d\u00edsz\u00edtve. Az \u00fajrafelfedez\u00e9s sor\u00e1n mindk\u00e9t kamra tele volt temetkez\u00e9si t\u00e1rgyakkal. Ezek els\u0151sorban, (b\u00e1r nem kiz\u00e1r\u00f3lagosan) az ifj\u00fa kir\u00e1lyhoz Tutankhamonhoz kapcsol\u00f3dnak, vagy annak nev\u00e9vel d\u00edsz\u00edtettek; a marad\u00e9k t\u00e1rgyak egy r\u00e9sze egy n\u0151i f\u00e1ra\u00f3 sz\u00e1m\u00e1ra k\u00e9sz\u00fclt.<\/p>\n\n\n\n<p>A s\u00edrban j\u00f3l l\u00e1that\u00f3 volt, hogy a t\u00e1rgyak kezdeti elrendez\u00e9s\u00e9t teljesen megzavart\u00e1k a rabl\u00f3k. A behatol\u00e1st k\u00f6vet\u0151en beavatkoz\u00f3 ellen\u0151r\u00f6k megpr\u00f3b\u00e1lt\u00e1k helyre\u00e1ll\u00edtani a rend l\u00e1tszat\u00e1t; de \u00fagy t\u0171nik, hogy a sz\u00edv\u00fck nem volt a feladatban. Csak tess\u00e9k-l\u00e1ss\u00e9k m\u00f3don l\u00e1tt\u00e1k el a feladatot, mert rendetlen\u00fcl rakosgatt\u00e1k vissza a t\u00e1rgyakat, \u00e9s a hosszabb darabokat a falaknak t\u00e1masztva hagyt\u00e1k. Carter a felt\u00e1r\u00e1st k\u00f6vet\u0151en azon t\u00f6prengett a h\u00e1nyaveti eredm\u00e9nyb\u0151l \u00edt\u00e9lve, hogy mi\u00e9rt tettek ilyen csak jelk\u00e9pesnek l\u00e1tsz\u00f3 er\u0151fesz\u00edt\u00e9seket, \u00fagy, hogy val\u00f3j\u00e1ban alig tettek t\u00e9nylegesen valamit.<\/p>\n\n\n\n<p>Az el\u0151szoba \u00e9szaki fal\u00e1n van egy ny\u00edl\u00e1s, amely a s\u00edrkamra fel\u00e9 vezet. Ezt a ny\u00edl\u00e1st kezdetben befalazt\u00e1k \u00e9s bevakolt\u00e1k, a vakolatra pedig l\u00e1tv\u00e1nyosan nagy nekropolisz pecs\u00e9tet ragasztottak. \u00c1m ezen a falon is \u00e1thatoltak a rabl\u00f3k, \u00e9s az ellen\u0151r\u00f6k ellen\u0151rz\u00e9se ut\u00e1n helyre\u00e1ll\u00edtott\u00e1k a falat \u00e9s a pecs\u00e9tet is. Ennek a ny\u00edl\u00e1snak a k\u00e9t oldal\u00e1n, a kir\u00e1ly h\u00edres \u00e1ll\u00f3szobrai \u00e1lltak feket\u00edtett f\u00e1b\u00f3l, aranyozott d\u00edsz\u00edt\u00e9sekkel. <\/p>\n\n\n\n<p>A S\u00cdMKAMARA<\/p>\n\n\n\n<p>A s\u00edrkamra az egyetlen olyan ter\u00fclet, melyet d\u00edsz\u00edtettek a s\u00edrban. Amikor felfedezt\u00e9k a s\u00edrt, ebben a kamr\u00e1ban a helyis\u00e9g nagy r\u00e9sz\u00e9t a kir\u00e1lyi szarkof\u00e1got k\u00f6r\u00fclvev\u0151 nagy f\u00e1b\u00f3l k\u00e9sz\u00fclt szent\u00e9lyek foglalt\u00e1k el (5 x 3,30 x 2,73 m), \u00edgy csak nagyon kev\u00e9s szabad hely maradt a falak mellett (75 cm). Ennek a t\u00e9rnek a padl\u00f3j\u00e1n m\u00e1gikus \u00e9rt\u00e9k\u0171 t\u00e1rgyakat helyeztek el. Ez a kamra is lejjebb van az el\u0151kamr\u00e1n\u00e1l, \u00e9s val\u00f3sz\u00edn\u0171, hogy eredetileg ki kellett b\u0151v\u00edteni, hogy a nagy arany szent\u00e9lyek befogad\u00e1s\u00e1ra alkalmas legyen.<\/p>\n\n\n\n<p>A s\u00edrkamra n\u00e9gy fal\u00e1t vakolattal bor\u00edtott\u00e1k, majd d\u00edsz\u00edtett\u00e9k. A mennyezet \u00fagy maradt, ahogy volt. Mind a n\u00e9gy fal tetej\u00e9n az \u00e9g hieroglifa jele fut \u00e1t, k\u00e9t v\u00e9g\u00e9n keskeny festett kell\u00e9kekkel. A d\u00edsz\u00edt\u0151 t\u00e9m\u00e1k egyszer\u0171ek, \u00e9rezhet\u0151, hogy milyen <\/p>\n<\/div>\n\n\n\n<div class=\"wp-block-column is-layout-flow wp-block-column-is-layout-flow\">\n<p><\/p>\n\n\n\n<p>siets\u00e9ggel &nbsp;kellett elk\u00e9sz\u00fclni\u00fck a s\u00edr d\u00edsz\u00edt\u00e9s\u00e9vel. Ezt a munk\u00e1t megnehez\u00edtette, hogy a fest\u0151knek helyhi\u00e1nyban kellett dolgozniuk. Szinte biztosnak t\u0171nik, hogy a vakol\u00e1sra \u00e9s m\u00e1zol\u00e1sra csak a kopors\u00f3 szent\u00e9lyeinek besz\u00e1ll\u00edt\u00e1sa ut\u00e1n ker\u00fclt sor. A sz\u0171k munkak\u00f6r\u00fclm\u00e9nyek \u00edgy nehez\u00edtett\u00e9k a munk\u00e1latokat. A munka elv\u00e9gz\u00e9s\u00e9nek m\u00f3dja megmagyar\u00e1zhatja az egyik t\u00e9nyt, mely a falak vizsg\u00e1latakor nyilv\u00e1nval\u00f3bb\u00e1 v\u00e1lik: a falon sz\u00e1mtalan barna folt van, amely t\u00f6bb\u00e9-kev\u00e9sb\u00e9 megcsonk\u00edtja az \u00f6sszes illusztr\u00e1ci\u00f3t, melyek gombafoltoknak t\u0171nnek. Carter azt hitte, hogy a gomb\u00e1kat vakolattal vagy fest\u00e9ssel hozt\u00e1k be, majd a gipszb\u0151l val\u00f3 kip\u00e1rolg\u00e1st k\u00f6vet\u0151en fell\u00e9p\u0151 p\u00e1ratartalom lehet\u0151v\u00e9 tette a n\u00f6veked\u00e9s\u00fcket. Egy 2011-ben v\u00e9gzett felm\u00e9r\u00e9s kimutatta, hogy a barna elsz\u00ednez\u0151d\u00e9s oka &nbsp;val\u00f3ban a gomb\u00e1k anyagcser\u00e9je vagy bakt\u00e9riumok \u00e1ltal termelt melanin pigment felhalmoz\u00f3d\u00e1sa. Egy\u00e9rtelm\u0171 fert\u0151z\u0151 \u00e1genst azonban nem azonos\u00edtottak. Mindazon\u00e1ltal ezek a leletek meger\u0151s\u00edtik, hogy a temetkez\u00e9si kamr\u00e1t sietve d\u00edsz\u00edtett\u00e9k ki, \u00e9s amikor a s\u00edrt lez\u00e1rt\u00e1k, a falakon l\u00e9v\u0151 vakolatok \u00e9s a k\u00e9pi r\u00e9teg m\u00e9g nedves volt. A nedves falakon pedig megjelent a gomb\u00e1s pen\u00e9szed\u00e9s\u2026 &nbsp;Amikor a falak teljesen kisz\u00e1radtak, a mikroorganizmusok elt\u0171ntek, \u00e9s a foltok megtelepedtek. A faldekor\u00e1ci\u00f3 figur\u00e1i nagy l\u00e9pt\u00e9kben vannak festve, \u00edgy dr\u00e1mai m\u00f3don cs\u00f6kkentve a lehets\u00e9ges jelenetek sz\u00e1m\u00e1t. A kir\u00e1lyt az istens\u00e9gek, valamint az Amduat (t\u00falvil\u00e1g) szimb\u00f3lumai el\u0151tt \u00e1br\u00e1zolj\u00e1k, melyek mindegyike s\u00e1rga-okker alapra van felfestve, hogy a h\u00e1tt\u00e9r ut\u00e1nozza az arany sz\u00edn\u00e9t. A szarkof\u00e1gkamr\u00e1t az \u00f3kori egyiptomiak &#8220;aranyszob\u00e1nak&#8221; is nevezt\u00e9k. A vakolatban mind a n\u00e9gy falon egy-egy kis f\u00fclk\u00e9t alak\u00edtottak ki a v\u00e9d\u0151figur\u00e1k elhelyez\u00e9s\u00e9re. A &nbsp;falakon l\u00e1tszik, hogy a fest\u0151k von\u00e1sai kapkod\u00f3ak, de pontosak. A karakterek ar\u00e1nya t\u00falzottan m\u00f3dos\u00edtottnak t\u0171nik, k\u00f6zel \u00e1ll az Amarna-st\u00edlushoz. Ez nem meglep\u0151, mivel a k\u00e9zm\u0171vesek, akik a s\u00edrban dolgoztak, val\u00f3sz\u00edn\u0171leg kor\u00e1bban Ehnaton sz\u00e1m\u00e1ra dolgoztak vagy az \u0151 idej\u00e9ben k\u00e9peztek ki \u0151ket. A mot\u00edvumok egy r\u00e9sze Tut kir\u00e1ly utols\u00f3 k\u00e9t &#8220;t\u00f6rv\u00e9nyes&#8221; el\u0151dj\u00e9nek, nagyapj\u00e1nak, III. Amenhotepnek \u00e9s d\u00e9dapj\u00e1nak, IV. Thotmesznek a s\u00edrj\u00e1ban tal\u00e1ltakra eml\u00e9keztetnek. A falak h\u00e1tt\u00e9rsz\u00edne ut\u00f3bbin\u00e1l s\u00e1rga-arany, el\u0151bbin\u00e9l k\u00e9kessz\u00fcrke. M\u00e1sr\u00e9szt a temet\u00e9si k\u00f6rmenet \u00e9s a \u201esz\u00e1jnyit\u00e1s\u201d szertart\u00e1s\u00e1nak \u00e1br\u00e1zol\u00e1sai d\u00edsz\u00edtik a s\u00edrt, melyek megl\u00e9te az\u00e9rt k\u00fcl\u00f6nleges, mert ilyen jelenetek eddig csak mag\u00e1nszem\u00e9lyek s\u00edrjaiban ker\u00fcltek el\u0151.<\/p>\n<\/div>\n<\/div>\n\n\n\n<div class=\"wp-block-columns is-layout-flex wp-container-core-columns-is-layout-9d6595d7 wp-block-columns-is-layout-flex\">\n<div class=\"wp-block-column is-layout-flow wp-block-column-is-layout-flow\">\n<figure class=\"wp-block-image size-full is-resized\"><img loading=\"lazy\" decoding=\"async\" src=\"https:\/\/www.egyptforever.hu\/ildiko\/wp-content\/uploads\/2023\/02\/tut7-1.jpg\" alt=\"\" class=\"wp-image-217\" width=\"255\" height=\"256\" srcset=\"https:\/\/www.egyptforever.hu\/ildiko\/wp-content\/uploads\/2023\/02\/tut7-1.jpg 348w, https:\/\/www.egyptforever.hu\/ildiko\/wp-content\/uploads\/2023\/02\/tut7-1-298x300.jpg 298w, https:\/\/www.egyptforever.hu\/ildiko\/wp-content\/uploads\/2023\/02\/tut7-1-150x150.jpg 150w\" sizes=\"auto, (max-width: 255px) 100vw, 255px\" \/><figcaption class=\"wp-element-caption\">Tutankhamon sz\u00e1jmegnyit\u00e1s cerem\u00f3ni\u00e1j\u00e1t ut\u00f3dja, Ay f\u00e1ra\u00f3 v\u00e9gzi<\/figcaption><\/figure>\n<\/div>\n\n\n\n<div class=\"wp-block-column is-layout-flow wp-block-column-is-layout-flow\">\n<figure class=\"wp-block-image size-full is-resized\"><img loading=\"lazy\" decoding=\"async\" src=\"https:\/\/www.egyptforever.hu\/ildiko\/wp-content\/uploads\/2023\/02\/tut9.jpg\" alt=\"\" class=\"wp-image-218\" width=\"256\" height=\"239\" srcset=\"https:\/\/www.egyptforever.hu\/ildiko\/wp-content\/uploads\/2023\/02\/tut9.jpg 500w, https:\/\/www.egyptforever.hu\/ildiko\/wp-content\/uploads\/2023\/02\/tut9-300x281.jpg 300w\" sizes=\"auto, (max-width: 256px) 100vw, 256px\" \/><figcaption class=\"wp-element-caption\">Tutankhamon holtan, \u00e9l\u0151k\u00e9nt, a ba l\u00e9lekkel<\/figcaption><\/figure>\n<\/div>\n\n\n\n<div class=\"wp-block-column is-layout-flow wp-block-column-is-layout-flow\">\n<figure class=\"wp-block-image size-full is-resized\"><img loading=\"lazy\" decoding=\"async\" src=\"https:\/\/www.egyptforever.hu\/ildiko\/wp-content\/uploads\/2023\/02\/tut12.jpg\" alt=\"\" class=\"wp-image-219\" width=\"254\" height=\"258\" srcset=\"https:\/\/www.egyptforever.hu\/ildiko\/wp-content\/uploads\/2023\/02\/tut12.jpg 344w, https:\/\/www.egyptforever.hu\/ildiko\/wp-content\/uploads\/2023\/02\/tut12-295x300.jpg 295w\" sizes=\"auto, (max-width: 254px) 100vw, 254px\" \/><figcaption class=\"wp-element-caption\">Tutankhamont a t\u00falvil\u00e1gon Anubisz \u00c9s Hathor a nyugat \u00farn\u0151je fogaja<\/figcaption><\/figure>\n<\/div>\n<\/div>\n\n\n\n<div class=\"wp-block-columns is-layout-flex wp-container-core-columns-is-layout-9d6595d7 wp-block-columns-is-layout-flex\">\n<div class=\"wp-block-column is-layout-flow wp-block-column-is-layout-flow\">\n<p>A Sz\u00e1jnyit\u00e1si cerem\u00f3ni\u00e1ja: itt az \u00faj f\u00e1ra\u00f3, Ay, v\u00e9gzi a szertart\u00e1st Tutanhamonon, akit a sz\u00f6vegben Az \u201eapjak\u00e9nt\u201d emlegetnek, holott Tutankahamon sokkal fiatalabb volt Ayn\u00e1l.&nbsp;Az \u00faj kir\u00e1lyt, Az-t, l\u00e1tv\u00e1nyosan megfiatal\u00edtott testben \u00e1br\u00e1zolj\u00e1k, termet\u00e9ben pedig valamivel kisebb, mint Tutanhamon. A jelenetben&nbsp;Ay papi p\u00e1rducb\u0151r k\u00f6penyt visel, \u00e9s a k\u00e9k koron\u00e1t (Khepresh) az ureusszal kieg\u00e9sz\u00edtve, l\u00e1b\u00e1n pedig feh\u00e9r szand\u00e1l van.&nbsp;\u00cdgy itt azt a szerepet t\u00f6lti be, melyet \u00e1ltal\u00e1ban egy elhunyt kir\u00e1ly legid\u0151sebb fi\u00e1nak tartanak fenn. Az uralkod\u00f3i ut\u00f3d, ezzel a ritu\u00e1l\u00e9 v\u00e9grehajt\u00e1s\u00e1val meger\u0151s\u00edti saj\u00e1t legitimit\u00e1s\u00e1t.&nbsp;Teh\u00e1t ez a jelenet nem m\u00e1s, mint az, hogy az id\u0151s udvaronc kinyilv\u00e1n\u00edtja &#8211; nagyon megk\u00e9rd\u0151jelezhet\u0151 &#8211; tr\u00f3nig\u00e9ny\u00e9t.<\/p>\n\n\n\n<p>A k\u00eds\u00e9r\u0151 sz\u00f6veg \u00edgy sz\u00f3l:&nbsp;<em>&#8220;A k\u00e9t orsz\u00e1g ura, a ritu\u00e1l\u00e9k ura, Fels\u0151- \u00e9s Als\u00f3-Egyiptom kir\u00e1lya Kheper-kheperu-re, R\u00e9 fia, Ay isteni atya, \u00f6r\u00f6kre felruh\u00e1zott \u00e9lettel \u00e9s \u00f6r\u00f6kk\u00e9 \u00e9l, mint R\u00e9.&#8221;<\/em><\/p>\n<\/div>\n\n\n\n<div class=\"wp-block-column is-layout-flow wp-block-column-is-layout-flow\">\n<p>Egy m\u00e1sik igen \u00e9rdekes jelenetben Tutanhamon Oziriszk\u00e9nt \u00e1br\u00e1zolt\u00e1k, atef koron\u00e1t visel aranyo-zott ureusszal, \u00e9s kezeiben tartja hatalm\u00e1nak jelk\u00e9peit az uralkod\u00f3i botot \u00e9s az ostort.&nbsp; Kiterjesztett szak\u00e1lla horgas hegy\u00e9vel jelzi, hogy megdics\u0151\u00fclt az elhunyt.&nbsp;Nyak\u00e1ban egy nagy gall\u00e9r van, amelyen az \u00fajj\u00e1sz\u00fclet\u00e9s jelek\u00e9nt egy szkarabeusz van felf\u00fcggesztve, amely a napkorongot g\u00f6rgeti maga el\u0151tt.<\/p>\n\n\n\n<p>Ay \u00e9s Tutankhamen k\u00f6z\u00f6tt egy kopors\u00f3 l\u00e1that\u00f3: ez tartalmazza a \u201eSz\u00e1jnyit\u00e1s\u201d szertart\u00e1s\u00e1hoz sz\u00fcks\u00e9ges t\u00e1rgyakat. A kis v\u00e1z\u00e1k t\u00f6mj\u00e9nk\u00f6tegeket tartalmaznak.&nbsp;A sz\u00f6veg \u00edgy sz\u00f3l:&nbsp;<em>\u201eA nagy isten, a k\u00e9t orsz\u00e1g ura, a koron\u00e1k ura, Fels\u0151- \u00e9s Als\u00f3-Egyiptom kir\u00e1lya, Nebkheperur\u00e9, R\u00e9 fia, Tutanhamon, a d\u00e9li heliopolisz mestere (vagyis Th\u00e9ba), \u00f6r\u00f6k \u00e9lettel felruh\u00e1zva.&#8221;<\/em><\/p>\n<\/div>\n<\/div>\n\n\n\n<div class=\"wp-block-columns is-layout-flex wp-container-core-columns-is-layout-9d6595d7 wp-block-columns-is-layout-flex\">\n<div class=\"wp-block-column is-layout-flow wp-block-column-is-layout-flow\">\n<figure class=\"wp-block-image size-full\"><img loading=\"lazy\" decoding=\"async\" width=\"500\" height=\"266\" src=\"https:\/\/www.egyptforever.hu\/ildiko\/wp-content\/uploads\/2023\/02\/tut6.jpg\" alt=\"\" class=\"wp-image-221\" srcset=\"https:\/\/www.egyptforever.hu\/ildiko\/wp-content\/uploads\/2023\/02\/tut6.jpg 500w, https:\/\/www.egyptforever.hu\/ildiko\/wp-content\/uploads\/2023\/02\/tut6-300x160.jpg 300w\" sizes=\"auto, (max-width: 500px) 100vw, 500px\" \/><figcaption class=\"wp-element-caption\">Tutankahom s\u00edrj\u00e1nak falfestm\u00e9nyei<\/figcaption><\/figure>\n<\/div>\n\n\n\n<div class=\"wp-block-column is-layout-flow wp-block-column-is-layout-flow\">\n<figure class=\"wp-block-image size-full is-resized\"><img loading=\"lazy\" decoding=\"async\" src=\"https:\/\/www.egyptforever.hu\/ildiko\/wp-content\/uploads\/2023\/02\/tut15-1.jpg\" alt=\"\" class=\"wp-image-222\" width=\"404\" height=\"212\" srcset=\"https:\/\/www.egyptforever.hu\/ildiko\/wp-content\/uploads\/2023\/02\/tut15-1.jpg 350w, https:\/\/www.egyptforever.hu\/ildiko\/wp-content\/uploads\/2023\/02\/tut15-1-300x158.jpg 300w\" sizes=\"auto, (max-width: 404px) 100vw, 404px\" \/><figcaption class=\"wp-element-caption\">A halotti menet<\/figcaption><\/figure>\n<\/div>\n<\/div>\n\n\n\n<div class=\"wp-block-columns is-layout-flex wp-container-core-columns-is-layout-9d6595d7 wp-block-columns-is-layout-flex\">\n<div class=\"wp-block-column is-layout-flow wp-block-column-is-layout-flow\">\n<p><strong>Tutankhamon<\/strong>&nbsp;s\u00edrja ugyan a legapr\u00f3bb a&nbsp;<strong>Kir\u00e1lyok V\u00f6lgy\u00e9<\/strong>ben, m\u00e9gsem n\u00e9lk\u00fcl\u00f6zi a m\u0171v\u00e9szi deko-r\u00e1ci\u00f3kat. Apr\u00f3cska d\u00edsz\u00edtett s\u00edrkamr\u00e1j\u00e1ban az \u00e1br\u00e1zol\u00e1s mutat n\u00e9mi amarna-hat\u00e1st, \u00e1m m\u00e9gis egyedi.<\/p>\n\n\n\n<p>El\u0151z\u0151leg a sz\u00e1jmegnyit\u00e1s jelenetet \u00e1br\u00e1zol\u00f3 k\u00e9p-sort n\u00e9zt\u00fck meg. De nem ez az egyetlen \u00e9rdekes mot\u00edvum.<\/p>\n\n\n\n<p>Egy igen szokatlan \u00e1br\u00e1zol\u00e1s l\u00e1that\u00f3 a s\u00edr dekor\u00e1ci\u00f3i k\u00f6z\u00f6tt. Ebben a jelenetben h\u00e1rom alakot l\u00e1tunk\u2026 az \u00e9rdekess\u00e9g az, hogy szimbo-likusan mindh\u00e1rom szem\u00e9ly Tutankhamon.\u00c9s ha kicsit r\u00e9szletesebben szeretn\u00e9nk foglalkozni ezzel az \u00e9rdekes festm\u00e9nnyel, akkor eml\u00edt\u00e9st kell tenn\u00fcnk az egyiptomiak l\u00e9lekelk\u00e9pzel\u00e9seir\u0151l is.<\/p>\n\n\n\n<p>Az egyiptomiak l\u00e9lekfelfog\u00e1sa alapjaiban elt\u00e9r a k\u00e9s\u0151bbi l\u00e9lekelk\u00e9pzel\u00e9sekt\u0151l. A testnek szerint\u00fck k\u00fcl\u00f6nb\u00f6z\u0151 szubsztanci\u00e1i vannak, melyeknek k\u00fcl\u00f6nb\u00f6z\u0151 viselked\u00e9s\u00fck, alakjuk, szerepk\u00f6r\u00fck van, \u00edgy nem jel\u00f6lhet\u0151k egy n\u00e9ven. A s\u00edrban l\u00e1that\u00f3 egyik igen \u00e9rdekes jelenetben l\u00e1thatjuk az uralkod\u00f3&nbsp;<em>k\u00e1<\/em>-j\u00e1. A&nbsp;<strong><em>k\u00e1 l\u00e9lek<\/em><\/strong>&nbsp;fogalma, gondolata nagyon \u00f6sszetett volt az \u00f3kori Egyiptomban. Az ember megsz\u00fcletik a&nbsp;<em>k\u00e1<\/em>-j\u00e1val (n\u00e9ha kett\u0151snek is nevezik), mely a szem\u00e9ly \u00e9letenergi\u00e1j\u00e1t alkotja. A<em>&nbsp;k\u00e1<\/em>&nbsp;az, ami k\u00fcl\u00f6nbs\u00e9get tesz \u00e9l\u0151 \u00e9s holt ember k\u00f6z\u00f6tt, a hal\u00e1l pedig akkor k\u00f6vetkezik be, amikor a&nbsp;<em>k\u00e1<\/em>&nbsp;elhagyta a testet. Az egyiptomiak azt is hitt\u00e9k, hogy a&nbsp;<em>k\u00e1<\/em>-t \u00e9tellel \u00e9s itallal lehet hosszabb id\u0151n kereszt\u00fcl fenntartani a hal\u00e1l ut\u00e1n is. Emiatt \u00e9tel- \u00e9s ital\u00e1ldozatokat mutattak be a halottaknak, ahogy <\/p>\n<\/div>\n\n\n\n<div class=\"wp-block-column is-layout-flow wp-block-column-is-layout-flow\">\n<p>Tutankhamon s\u00edrj\u00e1ban is voltak \u00e1ldozati \u00e9telek elhelyezve az uralkod\u00f3&nbsp;<em>k\u00e1<\/em>-j\u00e1nak t\u00e1pl\u00e1l\u00e1s\u00e1ra. A s\u00edrban, annak ellen\u00e9re, hogy kev\u00e9s a festett fel\u00fclet, term\u00e9szetesen nem hi\u00e1nyozhatnak a fontosabb istens\u00e9gek sem, hiszen nekik fontos szerep\u00fck van a t\u00falvil\u00e1gon az uralkod\u00f3 lelk\u00e9nek seg\u00edt\u00e9s\u00e9ben. <\/p>\n\n\n\n<p>Az egyik l\u00e1tv\u00e1nyosan sz\u00e9p jelenetben Tutankhamont l\u00e1thatjuk&nbsp;<strong>Nut istenn\u0151<\/strong>&nbsp;t\u00e1rsas\u00e1-g\u00e1ban. Nut \u00fcrv\u00f6zli az uralkod\u00f3t a t\u00falvil\u00e1gon. A jelenetn\u00e9l a felirat a k\u00f6vetkez\u0151: &nbsp;<em>&#8220;K\u00e9tf\u00f6ld Ura, Neb-kheperu-re, \u00f6r\u00f6k \u00e9lettel felruh\u00e1zva&#8221;<\/em>&nbsp;az \u00e9l\u0151k jelmez\u00e9ben. Ez az \u00e1br\u00e1zol\u00e1s az\u00e9rt \u00e9rdekes, mert az Amarna-st\u00edlust folytatja. Tutankhamont ki\u00e1ll\u00f3 kerekded hassal \u00e9s hossz\u00fa nyakkal \u00e1br\u00e1zolj\u00e1k. Tutanhamon magasan a cs\u00edp\u0151j\u00e9n nyugv\u00f3 \u00e1gy\u00e9kk\u00f6t\u0151t visel. Nyak\u00e1ban sz\u00e9les gall\u00e9rszer\u0171 nyak\u00e9ket visel, mely eg\u00e9szen a v\u00e1ll\u00e1ig \u00e9r, a fej\u00e9n pedig egy r\u00f6vid par\u00f3ka van, melyet aranyp\u00e1nt \u00f6vez, ureusszal. Egyik kez\u00e9ben botot tart, a m\u00e1sikban pedig bunk\u00f3t (kisebb buzog\u00e1nyt) az ankh-kereszttel, az \u00e9let jelk\u00e9p\u00e9vel egy\u00fctt. Az istenn\u0151 fogadja a f\u00e1ra\u00f3t, \u00e9s \u00e1tadja neki a v\u00edz hieroglifa jel\u00e9t, vagyis az \u00fcdv\u00f6zl\u00e9s jel\u00e9t. &nbsp;Nut v\u00e1llp\u00e1ntos, testhez\u00e1ll\u00f3 ruh\u00e1t visel, sz\u00e9les, v\u00f6r\u00f6s, hajt\u00e1sos v\u00e1szon\u00f6vvel, melynek a v\u00e9ge a t\u00e9rde al\u00e1 \u00e9r. Sz\u00e9les gall\u00e9rszer\u0171 nyak\u00e9ket visel \u00e9s kark\u00f6t\u0151k is d\u00edsz\u00edtik, par\u00f3k\u00e1j\u00e1t pedig feh\u00e9r gy\u00e1szszalag tartja a hely\u00e9n. A k\u00f6vetkez\u0151 sz\u00f6veg magyar\u00e1zza ezt a gy\u00e1szjelenetet: &#8220;Az \u00e9g \u00farn\u0151je, az istenek asszonya, \u00fcdv\u00f6zletli akit sz\u00fclt, eg\u00e9szs\u00e9get \u00e9s \u00e9ltet\u0151 leveg\u0151t ad a sz\u00e1m\u00e1ra. Vagyis a t\u00falvil\u00e1gon az istenn\u0151 biztos\u00edtja Tutankhamon lelk\u00e9nek t\u00fal\u00e9l\u00e9s\u00e9t.<\/p>\n<\/div>\n<\/div>\n\n\n\n<div class=\"wp-block-columns is-layout-flex wp-container-core-columns-is-layout-9d6595d7 wp-block-columns-is-layout-flex\">\n<div class=\"wp-block-column is-layout-flow wp-block-column-is-layout-flow\" style=\"flex-basis:25%\">\n<figure class=\"wp-block-image size-full\"><img loading=\"lazy\" decoding=\"async\" width=\"224\" height=\"350\" src=\"https:\/\/www.egyptforever.hu\/ildiko\/wp-content\/uploads\/2023\/02\/tut13.jpg\" alt=\"\" class=\"wp-image-224\" srcset=\"https:\/\/www.egyptforever.hu\/ildiko\/wp-content\/uploads\/2023\/02\/tut13.jpg 224w, https:\/\/www.egyptforever.hu\/ildiko\/wp-content\/uploads\/2023\/02\/tut13-192x300.jpg 192w\" sizes=\"auto, (max-width: 224px) 100vw, 224px\" \/><figcaption class=\"wp-element-caption\">\u00cdzisz istenn\u0151 \u00e9s egy\u00e9b istenn\u0151k<\/figcaption><\/figure>\n<\/div>\n\n\n\n<div class=\"wp-block-column is-layout-flow wp-block-column-is-layout-flow\" style=\"flex-basis:50%\">\n<figure class=\"wp-block-image size-full is-resized\"><img loading=\"lazy\" decoding=\"async\" src=\"https:\/\/www.egyptforever.hu\/ildiko\/wp-content\/uploads\/2023\/02\/tut14.jpg\" alt=\"\" class=\"wp-image-225\" width=\"382\" height=\"246\" srcset=\"https:\/\/www.egyptforever.hu\/ildiko\/wp-content\/uploads\/2023\/02\/tut14.jpg 350w, https:\/\/www.egyptforever.hu\/ildiko\/wp-content\/uploads\/2023\/02\/tut14-300x193.jpg 300w\" sizes=\"auto, (max-width: 382px) 100vw, 382px\" \/><figcaption class=\"wp-element-caption\">A napb\u00e1rka \u00e9s az \u00e9jszaka \u00f3r\u00e1i a napmajmocsk\u00e1kkal<\/figcaption><\/figure>\n<\/div>\n\n\n\n<div class=\"wp-block-column is-layout-flow wp-block-column-is-layout-flow\" style=\"flex-basis:25%\">\n<figure class=\"wp-block-image size-full\"><img loading=\"lazy\" decoding=\"async\" width=\"225\" height=\"350\" src=\"https:\/\/www.egyptforever.hu\/ildiko\/wp-content\/uploads\/2023\/02\/tut10-1.jpg\" alt=\"\" class=\"wp-image-226\" srcset=\"https:\/\/www.egyptforever.hu\/ildiko\/wp-content\/uploads\/2023\/02\/tut10-1.jpg 225w, https:\/\/www.egyptforever.hu\/ildiko\/wp-content\/uploads\/2023\/02\/tut10-1-193x300.jpg 193w\" sizes=\"auto, (max-width: 225px) 100vw, 225px\" \/><figcaption class=\"wp-element-caption\">Hathor \u00e9s Tutankhamon<\/figcaption><\/figure>\n<\/div>\n<\/div>\n\n\n\n<div class=\"wp-block-columns is-layout-flex wp-container-core-columns-is-layout-9d6595d7 wp-block-columns-is-layout-flex\">\n<div class=\"wp-block-column is-layout-flow wp-block-column-is-layout-flow\">\n<p>Egy m\u00e1sik jelenetben Tutankhamon a t\u00falvil\u00e1g ur\u00e1val<strong>&nbsp;Ozir\u00eds<\/strong>szel l\u00e1that\u00f3. Tutanhamon itt \u00e9l\u0151k\u00e9nt jelenik&nbsp;meg, hiszen az \u00e9l\u0151k jelmez\u00e9ben l\u00e1that\u00f3, nemes fejd\u00edszt viselve, de m\u00e9g nem az istenek horgas szak\u00e1ll\u00e1val. \u00c1tkarolja Ozirist,&nbsp;<em>\u201ea nyugat mester\u00e9t, a nagy isten&#8221;<\/em>-t , aki \u00f6r\u00f6mteljesen, bar\u00e1tian \u00fcdv\u00f6zli \u0151t, amint azt a lepelb\u0151l el\u0151bukkan\u00f3 k\u00e9t k\u00e9z jelzi. Megjegyzend\u0151, hogy a kir\u00e1ly k\u00e9t karja a Ka hieroglif\u00e1ra eml\u00e9keztet\u0151 k\u00e9pet alkot. Ozirisz ureusz n\u00e9lk\u00fcli koron\u00e1t hord, h\u00fasa z\u00f6ld: z\u00f6ld, mint a rothad\u00f3 holttest; de z\u00f6ld, mint az \u00e1rv\u00edz ut\u00e1n \u00fajj\u00e1sz\u00fcletett n\u00f6v\u00e9nyzet. Ozirisz k\u00e9t karja kiny\u00falik szorosan illeszked\u0151 lepelb\u0151l, hogy \u00fcdv\u00f6z\u00f6lje az uralkod\u00f3t.<\/p>\n\n\n\n<p>Egy \u00fajabb l\u00e1tv\u00e1nyosan sz\u00e9p jelentben az ifj\u00fa f\u00e1ra\u00f3t l\u00e1tjuk fontos istens\u00e9gek t\u00e1rsas\u00e1g\u00e1ban. Az els\u0151 alak, a jobb oldalon \u00e1ll\u00f3&nbsp;<strong>Hathor istenn\u0151<\/strong>,&nbsp;<em>&#8220;az \u00farn\u0151, aki a nyugati nekropolisz \u00e9l\u00e9n \u00e1ll&#8221;<\/em>, \u00edrja a k\u00e9p feletti&nbsp;ismertet\u0151. Az istenn\u0151 \u00fagy van fel\u00f6lt\u00f6zve, mint Nut istenn\u0151, csak a fejd\u00edsze k\u00fcl\u00f6nb\u00f6zteti meg. Fej\u00e9n a nyugat hieroglif\u00e1ja (vagyis itt, mint a Nyugat \u00farn\u0151je szerepel). Mindk\u00e9t kez\u00e9ben egy-egy ankh jelet tart, \u00e9s az egyiket a kir\u00e1ly orra fel\u00e9 ny\u00fajtja. Itt Tutanhamon az Amarna-korszakban divatos fejkend\u0151t visel. Passz\u00edvan, leeresztett karokkal \u00e1ll, szemben az istenn\u0151vel. Feh\u00e9r \u00e1gy\u00e9kk\u00f6t\u0151j\u00e9nek teteje k\u00f6r\u00fcl egy fekete ruhadarab van, amely h\u00e1tul felfel\u00e9 emelkedik, v\u00e9gei el\u00f6l tal\u00e1lkoznak, \u00e9s dombornyomott v\u00f6r\u00f6s \u00f6vet alkotnak. Arannyal szeg\u00e9lyezett sz\u00e9les fekete karszalagot is visel. A jelenetben a k\u00e9p bal oldal\u00e1n a sak\u00e1lfej\u0171 isten,&nbsp;<strong>Anubisz<\/strong>&nbsp;l\u00e1that\u00f3, akit a szint\u00e9n Amarna-st\u00edlusban \u00e1br\u00e1zoltak. \u0150 is egyik kez\u00e9ben ankhot tart, de a m\u00e1sik kez\u00e9t az ifj\u00fa kir\u00e1ly v\u00e1ll\u00e1ra teszi, mutatv\u00e1n bar\u00e1ti viszony\u00e1t \u00e9s v\u00e9delem\u00e9t. A k\u00eds\u00e9r\u0151sz\u00f6veg \u00fagy jel\u00f6li meg, mint&nbsp;<em>&#8220;Anubisz, a nyugat \u00e9l\u00e9n, a nagy isten, aki a balzsamoz\u00e1s ura&#8221;<\/em>.<\/p>\n<\/div>\n\n\n\n<div class=\"wp-block-column is-layout-flow wp-block-column-is-layout-flow\">\n<p>Anubisz m\u00f6g\u00f6tt&nbsp;<strong>\u00cdzisz istenn\u0151<\/strong>&nbsp;\u00e1ll, ugyan\u00fagy \u00f6lt\u00f6zve, mint Nut a szemk\u00f6zti \u00e9szaki falon; \u00e9s ak\u00e1rcsak Nut,&nbsp;\u00cdzisz is \u00fcdv\u00f6zl\u0151 gesztust tesz a f\u00e1ra\u00f3 fel\u00e9. A k\u00eds\u00e9r\u0151sz\u00f6veg is hasonl\u00f3, mint Nut istenn\u0151 mellett, ami \u00edgy hangzik:&nbsp;<em>&#8220;Az \u00e9g \u00farn\u0151je, aki \u00fcdv\u00f6zli azt, akit a vil\u00e1gra hozott, &nbsp;eg\u00e9szs\u00e9get \u00e9s \u00e9letet adva \u00f6r\u00f6kk\u00e9&#8221;<\/em>.&nbsp;\u00cdzisz istenn\u0151 ruh\u00e1zata is hasonlatos Nut \u00e9s Hathor istenn\u0151k viselet\u00e9hez. Feh\u00e9r ruh\u00e1t, sz\u00e9les nyak\u00e9ket visel v\u00f6r\u00f6s sz\u00edn\u0171 csavartmint\u00e1s hossz\u00fa \u00f6vvel, ami a t\u00e9rd\u00e9n\u00e9l is lejjebb v\u00e9gz\u0151dik. Ez az istenn\u0151 is gy\u00f6ny\u00f6r\u0171 par\u00f3k\u00e1j\u00e1n gy\u00e1szszalagot visel. Mindk\u00e9t kez\u00e9ben a v\u00edz hieroglif\u00e1j\u00e1t tartja, vagyis az \u00fcdv\u00f6z\u00fcl\u00e9s jeleit.&nbsp;&nbsp;Az istenn\u0151 m\u00f6g\u00f6tt h\u00e1rom guggol\u00f3 alakot l\u00e1thatunk. E h\u00e1rom isten teszi teljess\u00e9 a d\u00e9li fal k\u00e9peit. Mindegyiket&nbsp;<em>&#8220;Nagy isten, Duat Ura&#8221;<\/em>&nbsp;jel\u00f6l\u00e9ssel l\u00e1tt\u00e1k el, \u00e9s ez \u00edgy nem ad inform\u00e1ci\u00f3t a t\u00e9nyleges kil\u00e9t\u00fckr\u0151l, term\u00e9szet\u00fckr\u0151l \u00e9s funkci\u00f3jukr\u00f3l. Tal\u00e1n csak az alvil\u00e1g isteneit \u00f6sszess\u00e9g\u00e9ben akart\u00e1k \u00edgy szimbolikusan \u00e1br\u00e1zolni (eml\u00e9kezve arra is, hogy a h\u00e1rmas sz\u00e1m a pluralit\u00e1st jelzi). A h\u00e1rom \u00fcl\u0151 istens\u00e9g is feh\u00e9r ruh\u00e1t visel, sz\u00e9les gall\u00e9rral, \u00e9s minden l\u00e1that\u00f3&nbsp;az istens\u00e9gek felfele kunkorod\u00f3 \u00e1lszak\u00e1lla. A nyugati fal a s\u00edrkamr\u00e1nak a f\u0151 fala, \u00e9pp ez\u00e9rt fontos jelenetekkel d\u00edsz\u00edtett. Az&nbsp;<strong>Amduat k\u00f6nyve<\/strong>&nbsp;(az alvil\u00e1gi k\u00f6nyve) els\u0151 \u00f3r\u00e1j\u00e1nak \u00e1br\u00e1zol\u00e1sait l\u00e1thatjuk itt, nagyon r\u00f6vid sz\u00f6vegr\u00e9szletekkel kieg\u00e9sz\u00edtve. Ez az \u00f3ra az az id\u0151szak, amikor a nap lenyugv\u00e1sa ut\u00e1n m\u00e1r nem l\u00e1that\u00f3, de utols\u00f3 sugarai m\u00e9g adnak n\u00e9mi f\u00e9nyt: az egyiptomiak sz\u00e1m\u00e1ra ez volt a nap f\u00f6ldalatti utaz\u00e1s\u00e1nak el\u0151kamr\u00e1ja. <\/p>\n\n\n\n<p>Az Amduat k\u00f6nyve az egyik temetkez\u00e9si kompoz\u00edci\u00f3, melyet az \u00dajbirodalom teol\u00f3gus papjai dolgoztak ki, hogy le\u00edrj\u00e1k a nap utaz\u00e1s\u00e1t az \u00e9jszaka tizenk\u00e9t \u00f3r\u00e1j\u00e1ban,valamint a reggeli \u00fajj\u00e1sz\u00fclet\u00e9s\u00e9t.<\/p>\n<\/div>\n<\/div>\n\n\n\n<figure class=\"wp-block-image size-large\"><img loading=\"lazy\" decoding=\"async\" width=\"1024\" height=\"500\" src=\"https:\/\/www.egyptforever.hu\/ildiko\/wp-content\/uploads\/2023\/02\/Egipt_2020_51827270904-1-1024x500.jpg\" alt=\"\" class=\"wp-image-229\" srcset=\"https:\/\/www.egyptforever.hu\/ildiko\/wp-content\/uploads\/2023\/02\/Egipt_2020_51827270904-1-1024x500.jpg 1024w, https:\/\/www.egyptforever.hu\/ildiko\/wp-content\/uploads\/2023\/02\/Egipt_2020_51827270904-1-300x146.jpg 300w, https:\/\/www.egyptforever.hu\/ildiko\/wp-content\/uploads\/2023\/02\/Egipt_2020_51827270904-1-768x375.jpg 768w, https:\/\/www.egyptforever.hu\/ildiko\/wp-content\/uploads\/2023\/02\/Egipt_2020_51827270904-1-1536x750.jpg 1536w, https:\/\/www.egyptforever.hu\/ildiko\/wp-content\/uploads\/2023\/02\/Egipt_2020_51827270904-1.jpg 2048w\" sizes=\"auto, (max-width: 1024px) 100vw, 1024px\" \/><figcaption class=\"wp-element-caption\">Tutankhamon m\u00fami\u00e1ja<\/figcaption><\/figure>\n\n\n\n<div class=\"wp-block-columns is-layout-flex wp-container-core-columns-is-layout-9d6595d7 wp-block-columns-is-layout-flex\">\n<div class=\"wp-block-column is-layout-flow wp-block-column-is-layout-flow\">\n<p>Ez az utaz\u00e1s jelk\u00e9pezte a halott lelk\u00e9nek \u00fatj\u00e1t is, az \u00e1tkel\u00e9s\u00e9t a t\u00falvil\u00e1gon, majd a l\u00e9lek \u00fajj\u00e1sz\u00fclet\u00e9s\u00e9t. Ezt a elgondol\u00e1st, \u201ekompoz\u00edci\u00f3t\u201d sok\u00e1ig kiz\u00e1r\u00f3lag csak az uralkod\u00f3k lelki utaz\u00e1s\u00e1nak megjelen\u00edt\u00e9s\u00e9re haszn\u00e1lt\u00e1k. De a k\u00e9s\u0151bbiek sor\u00e1n ezt a kompoz\u00edci\u00f3t mag\u00e1nszem\u00e9lyek r\u00e9sz\u00e9re k\u00e9sz\u00fclt pap\u00edruszokon is haszn\u00e1lni kezdt\u00e9k. Term\u00e9szetesen az uralkod\u00f3k mindenben els\u0151bbs\u00e9get \u00e9lveztek, \u00edgy a t\u00falvil\u00e1gon is. M\u00edg a k\u00f6zn\u00e9pnek sz\u00e1mot kellett adni evil\u00e1gi tetteikr\u0151l, viselked\u00e9seikr\u0151l az istenek \u00edt\u00e9l\u0151sz\u00e9ke el\u0151tt a Kett\u0151s Igazs\u00e1g Csarnok\u00e1ban, addig az uralkod\u00f3k lelkei egyenesen Ozirisz el\u00e9 ker\u00fclnek. Az uralkod\u00f3k lelke csatlakozik&nbsp;<strong>R\u00e9<\/strong>hez a napb\u00e1rk\u00e1n \u00e9s r\u00e9szt vesz a nap utaz\u00e1s\u00e1n, \u00e9s seg\u00edti a napistent a t\u00falvil\u00e1gi harc\u00e1ban&nbsp;<strong>Ap\u00f3fisz<\/strong>&nbsp;ellen. A Napb\u00e1rk\u00e1ban<strong>&nbsp;Heper<\/strong>&nbsp;istens\u00e9g a felkel\u0151 Nap istene l\u00e1that\u00f3.&nbsp; A keleti fal fels\u0151 regisztere, amely egyed\u00fclik\u00e9nt d\u00edsz\u00edthet\u0151, a temet\u00e9si menetet \u00e1br\u00e1zolja, amely jelenet \u00e1ltal\u00e1ban csak mag\u00e1ns\u00edrokban tal\u00e1lhat\u00f3, \u00e9pp ez\u00e9rt \u00e9rdekes egy f\u00e1ra\u00f3 s\u00edrj\u00e1ban is l\u00e1tni ezt a jelenetet. Egy csoport f\u0151m\u00e9lt\u00f3s\u00e1g h\u00faz egy sz\u00e1nk\u00f3t, amelyen temetkez\u00e9si b\u00e1rka tal\u00e1lhat\u00f3, melyen a kir\u00e1ly holtteste fekszik, a f\u00fcz\u00e9rekkel d\u00edsz\u00edtett lombkorona alatt. Ez a tizenk\u00e9t (meg nem nevezett m\u00e9lt\u00f3s\u00e1g) mindegyik feh\u00e9r szand\u00e1lt visel, \u00e9s \u00f6t csoportba rendez\u0151dik. Az els\u0151 \u00f6t el\u0151kel\u0151b\u0151l \u00e1ll\u00f3 csoportot h\u00e1rom p\u00e1r k\u00f6veti, az utols\u00f3 ember pedig egyed\u00fcl \u00e1ll.<\/p>\n<\/div>\n\n\n\n<div class=\"wp-block-column is-layout-flow wp-block-column-is-layout-flow\">\n<p>Mindegyik alak feh\u00e9r, sz\u00e9les ujj\u00fa tunik\u00e1t visel, fej\u00e9n feh\u00e9r gy\u00e1szszalaggal \u00e1tk\u00f6t\u00f6tt fekete par\u00f3ka. Mindannyian teljesen egyform\u00e1n n\u00e9znek ki, kiv\u00e9ve k\u00e9t h\u00e1tul l\u00e9v\u0151 alakot. A k\u00e9t borotv\u00e1lt fej\u0171 figura szinte bizonyosan Fels\u0151- \u00e9s Als\u00f3-Egyiptom k\u00e9t vez\u00edre (Pentu \u00e9s Usermontu), tekintettel arra, hogy tunik\u00e1t viselnek erre a funkci\u00f3ra jellemz\u0151 v\u00e1llp\u00e1nttal, \u00e9s mindkett\u0151j\u00fck feje k\u00f6r\u00fcl feh\u00e9r gy\u00e1szszalag van. Az utols\u00f3 alak, aki egyed\u00fcl \u00e1ll \u00e9s a legk\u00f6zelebb \u00e1ll a m\u00fami\u00e1hoz, lehet Horemheb t\u00e1bornok, vagy Maya kancell\u00e1r, aki Ay ut\u00e1n a k\u00e9t legmagasabb rang\u00fa m\u00e9lt\u00f3s\u00e1g volt Tutankhamon idej\u00e9ben. A felvonul\u00e1s feletti sz\u00f6veg \u00edgy sz\u00f3l:&nbsp;<em>&#8220;Az udvaroncok \u00e9s a kir\u00e1ly h\u00e1z\u00e1nak magas rang\u00fa tisztvisel\u0151i, akik Ozirisz kir\u00e1ly\u00e1t, a K\u00e9t F\u00f6ld ur\u00e1t, Nebkheperur\u00e9t nyugatra k\u00eds\u00e9rik. A szavakat mondj\u00e1k: &#8220;\u00d3, Nebkheperur\u00e9, menj b\u00e9k\u00e9vel, \u00f3, a f\u00f6ld v\u00e9delmez\u0151je.&#8221;&nbsp;<\/em>Az elhunyt kir\u00e1ly m\u00fami\u00e1ja egy \u00e1gyon kiter\u00edtve l\u00e1that\u00f3, egy j\u00f3l l\u00e1that\u00f3an elhelyezett&nbsp;<strong>Heper<\/strong>&nbsp;(szkarabeusz) mellett, melyhez a k\u00f6vetkez\u0151 felirat tartozik:&nbsp;<em>&#8220;A t\u00f6k\u00e9letes isten, a k\u00e9t orsz\u00e1g ura, Nebkheperoure, \u00f6r\u00f6kk\u00e9 \u00e9s \u00f6r\u00f6kk\u00e9 \u00e9l .&#8221;<\/em>  A m\u00famia fej\u00e9n\u00e9l \u00e9s l\u00e1b\u00e1n\u00e1l&nbsp;<strong>Neftisz<\/strong>&nbsp;istenn\u0151, illetve h\u00faga,&nbsp;<strong>\u00cdzisz<\/strong>&nbsp;istenn\u0151k kis \u00e1br\u00e1zol\u00e1sa l\u00e1that\u00f3. A halotti b\u00e1rka elej\u00e9n, Neftisz m\u00f6g\u00f6tt a kir\u00e1ly szfinxk\u00e9nt vagy emberfej\u0171 oroszl\u00e1nk\u00e9nt l\u00e1that\u00f3 egy \u00e1llv\u00e1nyon. A halotti b\u00e1rka orr\u00e1ra pedig&nbsp;<strong>H\u00f3rusz<\/strong>&nbsp;isten gy\u00f3gy\u00edt\u00f3 szeme, vagyis az udzsat szem van festve.<\/p>\n<\/div>\n<\/div>\n\n\n\n<div class=\"wp-block-columns is-layout-flex wp-container-core-columns-is-layout-9d6595d7 wp-block-columns-is-layout-flex\">\n<div class=\"wp-block-column is-layout-flow wp-block-column-is-layout-flow\">\n<figure class=\"wp-block-image size-full is-resized\"><img loading=\"lazy\" decoding=\"async\" src=\"https:\/\/www.egyptforever.hu\/ildiko\/wp-content\/uploads\/2023\/02\/tut3.jpg\" alt=\"\" class=\"wp-image-237\" width=\"290\" height=\"192\" srcset=\"https:\/\/www.egyptforever.hu\/ildiko\/wp-content\/uploads\/2023\/02\/tut3.jpg 500w, https:\/\/www.egyptforever.hu\/ildiko\/wp-content\/uploads\/2023\/02\/tut3-300x199.jpg 300w\" sizes=\"auto, (max-width: 290px) 100vw, 290px\" \/><\/figure>\n<\/div>\n\n\n\n<div class=\"wp-block-column is-layout-flow wp-block-column-is-layout-flow\">\n<figure class=\"wp-block-image size-large\"><img loading=\"lazy\" decoding=\"async\" width=\"1024\" height=\"477\" src=\"https:\/\/www.egyptforever.hu\/ildiko\/wp-content\/uploads\/2023\/02\/Tumba_de_Tutankamon_Valle_de_las_Reyes_Luxor_Egipto_2022-04-03_DD_73-1024x477.jpg\" alt=\"\" class=\"wp-image-238\" srcset=\"https:\/\/www.egyptforever.hu\/ildiko\/wp-content\/uploads\/2023\/02\/Tumba_de_Tutankamon_Valle_de_las_Reyes_Luxor_Egipto_2022-04-03_DD_73-1024x477.jpg 1024w, https:\/\/www.egyptforever.hu\/ildiko\/wp-content\/uploads\/2023\/02\/Tumba_de_Tutankamon_Valle_de_las_Reyes_Luxor_Egipto_2022-04-03_DD_73-300x140.jpg 300w, https:\/\/www.egyptforever.hu\/ildiko\/wp-content\/uploads\/2023\/02\/Tumba_de_Tutankamon_Valle_de_las_Reyes_Luxor_Egipto_2022-04-03_DD_73-768x358.jpg 768w, https:\/\/www.egyptforever.hu\/ildiko\/wp-content\/uploads\/2023\/02\/Tumba_de_Tutankamon_Valle_de_las_Reyes_Luxor_Egipto_2022-04-03_DD_73-1536x716.jpg 1536w, https:\/\/www.egyptforever.hu\/ildiko\/wp-content\/uploads\/2023\/02\/Tumba_de_Tutankamon_Valle_de_las_Reyes_Luxor_Egipto_2022-04-03_DD_73-2048x954.jpg 2048w\" sizes=\"auto, (max-width: 1024px) 100vw, 1024px\" \/><\/figure>\n<\/div>\n<\/div>\n\n\n\n<h5 class=\"wp-block-heading\"><em>(Egypt Forever &#8211; K\u00f3sa Ildik\u00f3)<\/em><\/h5>\n\n\n\n<p><\/p>\n\n\n\n<figure class=\"wp-block-embed is-type-video is-provider-youtube wp-block-embed-youtube wp-embed-aspect-16-9 wp-has-aspect-ratio\"><div class=\"wp-block-embed__wrapper\">\n<iframe loading=\"lazy\" title=\"Tomb of Tutankhamon in 1922 @egyptforevertour\" width=\"604\" height=\"340\" src=\"https:\/\/www.youtube.com\/embed\/PbpFJZ7qfjQ?start=105&#038;feature=oembed\" frameborder=\"0\" allow=\"accelerometer; autoplay; clipboard-write; encrypted-media; gyroscope; picture-in-picture; web-share\" referrerpolicy=\"strict-origin-when-cross-origin\" allowfullscreen><\/iframe>\n<\/div><\/figure>\n<div style='text-align:right' class='yasr-auto-insert-overall'><\/div><div style='text-align:right' class='yasr-auto-insert-visitor'><\/div>","protected":false},"excerpt":{"rendered":"<p>Tutanhamon\u00a0nem volt sem nagy katona, sem nagy \u00e9p\u00edt\u0151; m\u00e9gis \u0151 a legismertebb f\u00e1ra\u00f3. Senki sem gondolta volna,\u00a01922. november 4-e reggel\u00e9n, hogy milyen k\u00fcl\u00f6nleges nap lesz az a nap, mind t\u00f6rt\u00e9nelmileg, mind r\u00e9g\u00e9szeti szempontb\u00f3l&#8230;<\/p>\n","protected":false},"author":1,"featured_media":210,"comment_status":"closed","ping_status":"open","sticky":false,"template":"","format":"standard","meta":{"om_disable_all_campaigns":false,"_monsterinsights_skip_tracking":false,"_monsterinsights_sitenote_active":false,"_monsterinsights_sitenote_note":"","_monsterinsights_sitenote_category":0,"yasr_overall_rating":0,"yasr_post_is_review":"","yasr_auto_insert_disabled":"","yasr_review_type":"","footnotes":""},"categories":[24,175,399,140],"tags":[106,96,66,48,103,130,54],"class_list":["post-201","post","type-post","status-publish","format-standard","has-post-thumbnail","hentry","category-egyiptom-tortenelme","category-kiralysirok-fotoi","category-luxor-es-kornyeke-latnivaloi","category-tortenelmi-latnivalok","tag-kiralyi-sirok","tag-kiralyok-volgye","tag-luxor","tag-okori-egyiptom","tag-thebai-nekropolis","tag-tutankhamon","tag-ujbirodalom"],"aioseo_notices":[],"yasr_visitor_votes":{"stars_attributes":{"read_only":false,"span_bottom":false},"number_of_votes":1,"sum_votes":5},"_links":{"self":[{"href":"https:\/\/www.egyptforever.hu\/ildiko\/index.php?rest_route=\/wp\/v2\/posts\/201","targetHints":{"allow":["GET"]}}],"collection":[{"href":"https:\/\/www.egyptforever.hu\/ildiko\/index.php?rest_route=\/wp\/v2\/posts"}],"about":[{"href":"https:\/\/www.egyptforever.hu\/ildiko\/index.php?rest_route=\/wp\/v2\/types\/post"}],"author":[{"embeddable":true,"href":"https:\/\/www.egyptforever.hu\/ildiko\/index.php?rest_route=\/wp\/v2\/users\/1"}],"replies":[{"embeddable":true,"href":"https:\/\/www.egyptforever.hu\/ildiko\/index.php?rest_route=%2Fwp%2Fv2%2Fcomments&post=201"}],"version-history":[{"count":5,"href":"https:\/\/www.egyptforever.hu\/ildiko\/index.php?rest_route=\/wp\/v2\/posts\/201\/revisions"}],"predecessor-version":[{"id":9131,"href":"https:\/\/www.egyptforever.hu\/ildiko\/index.php?rest_route=\/wp\/v2\/posts\/201\/revisions\/9131"}],"wp:featuredmedia":[{"embeddable":true,"href":"https:\/\/www.egyptforever.hu\/ildiko\/index.php?rest_route=\/wp\/v2\/media\/210"}],"wp:attachment":[{"href":"https:\/\/www.egyptforever.hu\/ildiko\/index.php?rest_route=%2Fwp%2Fv2%2Fmedia&parent=201"}],"wp:term":[{"taxonomy":"category","embeddable":true,"href":"https:\/\/www.egyptforever.hu\/ildiko\/index.php?rest_route=%2Fwp%2Fv2%2Fcategories&post=201"},{"taxonomy":"post_tag","embeddable":true,"href":"https:\/\/www.egyptforever.hu\/ildiko\/index.php?rest_route=%2Fwp%2Fv2%2Ftags&post=201"}],"curies":[{"name":"wp","href":"https:\/\/api.w.org\/{rel}","templated":true}]}}