{"id":7688,"date":"2023-11-06T21:16:53","date_gmt":"2023-11-06T20:16:53","guid":{"rendered":"https:\/\/www.egyptforever.hu\/ildiko\/?p=7688"},"modified":"2024-06-04T16:05:17","modified_gmt":"2024-06-04T14:05:17","slug":"az-abydos-i-templom-hieroglifainak-rejtelye","status":"publish","type":"post","link":"https:\/\/www.egyptforever.hu\/ildiko\/?p=7688","title":{"rendered":"Az abydos-i templom hieroglif\u00e1inak rejt\u00e9lye"},"content":{"rendered":"\n<p style=\"font-size:21px\">A Fels\u0151-Egyiptomban tal\u00e1lhat\u00f3 <strong>Abydos<\/strong> a legr\u00e9gebbi telep\u00fcl\u00e9sek egyike Egyiptomban, \u00e9s az orsz\u00e1g egyik legfontosabb r\u00e9g\u00e9szeti lel\u0151helye. A helysz\u00ednen igen sok fontos m\u0171eml\u00e9k tal\u00e1lhat\u00f3, \u00e9s m\u00e9g jelenleg is zajlanak \u00e1sat\u00e1sok, hiszen m\u00e9g nem t\u00e1rt\u00e1k fel a teljes ter\u00fcletet. A r\u00e9g\u00e9szeti helysz\u00edn ter\u00fclet\u00e9t az \u00f3korban <strong>Ozirisz isten<\/strong>nek, a t\u00falvil\u00e1g \u00e9s az alvil\u00e1g isten\u00e9nek szentelt\u00e9k. A templomkomplexum t\u00f6bb \u00e9p\u00edtm\u00e9nyb\u0151l \u00e1ll, k\u00f6zt\u00fck predinasztikus kir\u00e1lys\u00edrokb\u00f3l, <strong>I. Sz\u00e9thi<\/strong> \u00e9s <strong>II. Ramszesz<\/strong> templomaib\u00f3l, valamint titokzatos Osireionb\u00f3l. <\/p>\n\n\n\n<p style=\"font-size:21px\">A helyet el\u0151sz\u00f6r az predinasztikus id\u0151kben kezdt\u00e9k el haszn\u00e1lni hiszen ide temetkeztek Egyiptom els\u0151 uralkod\u00f3i. Majd a K\u00f6z\u00e9pbirodalom idej\u00e9n jelent\u0151s kultikus k\u00f6zpontt\u00e1 v\u00e1lt. <\/p>\n\n\n\n<p style=\"font-size:21px\">Az <strong>I. Sz\u00e9thi<\/strong> temploma, m\u00e1s n\u00e9ven Sz\u00e9thi-templom, az abydos-i templomkomplexum legnagyobb \u00e9s legleny\u0171g\u00f6z\u0151bb \u00e9p\u00fclete. Az \u00dajbirodalom idej\u00e9n \u00e9p\u00fclt, pontosabban I. Sz\u00e9thi uralkod\u00e1sa idej\u00e9n, aki i.e. 1290 \u00e9s 1279 k\u00f6z\u00f6tt uralkodott. A templomot Ozirisz istennek szentelt\u00e9k, \u00e9s bonyolult domborm\u0171veir\u0151l \u00e9s hieroglif\u00e1ir\u00f3l h\u00edres. A templomot istentiszteleti helynek tervezt\u00e9k, de I. Sz\u00e9thi  politikai propagand\u00e1j\u00e1nak k\u00f6z\u00e9t\u00e9tel\u00e9re is szolg\u00e1lt. A templom falain l\u00e1that\u00f3 domborm\u0171vek \u00e9s hieroglif\u00e1k a kir\u00e1ly sz\u00e1rmaz\u00e1s\u00e1r\u00f3l \u00e9s eredm\u00e9nyeir\u0151l mes\u00e9lnek. I. Sz\u00e9thi nagyszer\u0171 katonai vezet\u0151 volt, \u00e9s a templom falain istenek t\u00e1rsas\u00e1g\u00e1ban l\u00e1that\u00f3, bizony\u00edtv\u00e1n az istenekt\u0151l kapott jog\u00e1t az uralkod\u00e1sra. A templom folyos\u00f3j\u00e1n fi\u00e1val, II. Ramszeszszel l\u00e1that\u00f3, egy hossz\u00fa list\u00e1t bemutatva el\u0151deik, a nagy f\u00e1ra\u00f3k nev\u00e9vel.<\/p>\n\n\n\n<p style=\"font-size:21px\"><strong>Az Abydos-templom a titokzatos &#8220;helikopter-hieroglif\u00e1ir\u00f3l&#8221; is h\u00edres<\/strong>. Ezeket a hieroglif\u00e1kat az 1990-es \u00e9vekben fedezt\u00e9k fel, \u00e9s az\u00f3ta vit\u00e1k \u00e9s tal\u00e1lgat\u00e1sok forr\u00e1s\u00e1v\u00e1 v\u00e1ltak. Az els\u0151 Hiposztill Csarnok egyik keresztgerend\u00e1j\u00e1n l\u00e1that\u00f3 az elh\u00edres\u00fclt, \u00e9s els\u0151re d\u00f6bbenetes \u00e9s megmagyar\u00e1zhatatlan hieroglif\u00e1k: a <strong>helikopter, rep\u00fcl\u0151 <\/strong>\u00e9s a <strong>tank<\/strong>.<\/p>\n\n\n\n<div class=\"wp-block-columns is-layout-flex wp-container-core-columns-is-layout-9d6595d7 wp-block-columns-is-layout-flex\">\n<div class=\"wp-block-column is-layout-flow wp-block-column-is-layout-flow\">\n<figure class=\"wp-block-image size-large\"><img loading=\"lazy\" decoding=\"async\" width=\"1024\" height=\"614\" src=\"https:\/\/www.egyptforever.hu\/ildiko\/wp-content\/uploads\/2023\/11\/30858634654_3a3ea2feea_h-1024x614.jpg\" alt=\"\" class=\"wp-image-7689\" srcset=\"https:\/\/www.egyptforever.hu\/ildiko\/wp-content\/uploads\/2023\/11\/30858634654_3a3ea2feea_h-1024x614.jpg 1024w, https:\/\/www.egyptforever.hu\/ildiko\/wp-content\/uploads\/2023\/11\/30858634654_3a3ea2feea_h-300x180.jpg 300w, https:\/\/www.egyptforever.hu\/ildiko\/wp-content\/uploads\/2023\/11\/30858634654_3a3ea2feea_h-768x460.jpg 768w, https:\/\/www.egyptforever.hu\/ildiko\/wp-content\/uploads\/2023\/11\/30858634654_3a3ea2feea_h-1536x921.jpg 1536w, https:\/\/www.egyptforever.hu\/ildiko\/wp-content\/uploads\/2023\/11\/30858634654_3a3ea2feea_h.jpg 1600w\" sizes=\"auto, (max-width: 1024px) 100vw, 1024px\" \/><\/figure>\n<\/div>\n\n\n\n<div class=\"wp-block-column is-layout-flow wp-block-column-is-layout-flow\">\n<figure class=\"wp-block-image size-large\"><img loading=\"lazy\" decoding=\"async\" width=\"1024\" height=\"574\" src=\"https:\/\/www.egyptforever.hu\/ildiko\/wp-content\/uploads\/2023\/11\/94897824-1024x574.webp\" alt=\"\" class=\"wp-image-7690\" srcset=\"https:\/\/www.egyptforever.hu\/ildiko\/wp-content\/uploads\/2023\/11\/94897824-1024x574.webp 1024w, https:\/\/www.egyptforever.hu\/ildiko\/wp-content\/uploads\/2023\/11\/94897824-300x168.webp 300w, https:\/\/www.egyptforever.hu\/ildiko\/wp-content\/uploads\/2023\/11\/94897824-768x431.webp 768w, https:\/\/www.egyptforever.hu\/ildiko\/wp-content\/uploads\/2023\/11\/94897824.webp 1280w\" sizes=\"auto, (max-width: 1024px) 100vw, 1024px\" \/><\/figure>\n<\/div>\n<\/div>\n\n\n\n<p style=\"font-size:21px\">Fontos, hogy elv\u00e1lasszuk a val\u00f3s\u00e1got a rejt\u00e9lyt\u0151l, a rep\u00fcl\u0151t az UFO-t\u00f3l, a bulv\u00e1rlapi \u201epletyk\u00e1l\u00e1st\u201d a tudom\u00e1nyos kutat\u00e1st\u00f3l, hamis\u00edtv\u00e1nyt a bizony\u00edt\u00e9kt\u00f3l. Ennek f\u00e9ny\u00e9ben szeretn\u00e9m ler\u00e1ntani a leplet a paleoasztronautika egyik ismert, de m\u00e1ra m\u00e1r megc\u00e1folt \u201ebizony\u00edt\u00e9k\u00e1r\u00f3l\u201d.<\/p>\n\n\n\n<div class=\"wp-block-columns is-layout-flex wp-container-core-columns-is-layout-9d6595d7 wp-block-columns-is-layout-flex\">\n<div class=\"wp-block-column is-layout-flow wp-block-column-is-layout-flow\"><div class=\"wp-block-image\">\n<figure class=\"aligncenter size-large is-resized\"><img loading=\"lazy\" decoding=\"async\" width=\"1024\" height=\"683\" src=\"https:\/\/www.egyptforever.hu\/ildiko\/wp-content\/uploads\/2023\/11\/the-abydos-helicopter-in-abydos-temple-v0-wiopous932i81-1024x683.jpg\" alt=\"\" class=\"wp-image-7691\" style=\"aspect-ratio:1.499267935578331;width:1135px;height:auto\" srcset=\"https:\/\/www.egyptforever.hu\/ildiko\/wp-content\/uploads\/2023\/11\/the-abydos-helicopter-in-abydos-temple-v0-wiopous932i81-1024x683.jpg 1024w, https:\/\/www.egyptforever.hu\/ildiko\/wp-content\/uploads\/2023\/11\/the-abydos-helicopter-in-abydos-temple-v0-wiopous932i81-300x200.jpg 300w, https:\/\/www.egyptforever.hu\/ildiko\/wp-content\/uploads\/2023\/11\/the-abydos-helicopter-in-abydos-temple-v0-wiopous932i81-768x512.jpg 768w, https:\/\/www.egyptforever.hu\/ildiko\/wp-content\/uploads\/2023\/11\/the-abydos-helicopter-in-abydos-temple-v0-wiopous932i81-1536x1024.jpg 1536w, https:\/\/www.egyptforever.hu\/ildiko\/wp-content\/uploads\/2023\/11\/the-abydos-helicopter-in-abydos-temple-v0-wiopous932i81.jpg 1728w\" sizes=\"auto, (max-width: 1024px) 100vw, 1024px\" \/><\/figure>\n<\/div><\/div>\n<\/div>\n\n\n\n<div class=\"wp-block-columns is-layout-flex wp-container-core-columns-is-layout-9d6595d7 wp-block-columns-is-layout-flex\">\n<div class=\"wp-block-column is-layout-flow wp-block-column-is-layout-flow\">\n<figure class=\"wp-block-image size-full\"><img loading=\"lazy\" decoding=\"async\" width=\"300\" height=\"175\" src=\"https:\/\/www.egyptforever.hu\/ildiko\/wp-content\/uploads\/2023\/11\/aa1.png\" alt=\"\" class=\"wp-image-7692\"\/><\/figure>\n<\/div>\n\n\n\n<div class=\"wp-block-column is-layout-flow wp-block-column-is-layout-flow\">\n<figure class=\"wp-block-image size-full\"><img loading=\"lazy\" decoding=\"async\" width=\"300\" height=\"174\" src=\"https:\/\/www.egyptforever.hu\/ildiko\/wp-content\/uploads\/2023\/11\/aa2.png\" alt=\"\" class=\"wp-image-7693\"\/><\/figure>\n<\/div>\n\n\n\n<div class=\"wp-block-column is-layout-flow wp-block-column-is-layout-flow\">\n<figure class=\"wp-block-image size-full\"><img loading=\"lazy\" decoding=\"async\" width=\"300\" height=\"172\" src=\"https:\/\/www.egyptforever.hu\/ildiko\/wp-content\/uploads\/2023\/11\/aa3.png\" alt=\"\" class=\"wp-image-7694\"\/><\/figure>\n<\/div>\n<\/div>\n\n\n\n<p style=\"font-size:21px\">Ez lenne az, amit az \u00f3kori egyiptomiak i.e. 1290 k\u00f6r\u00fcl l\u00e1ttak ilyesmit? Valahogy a j\u00f6v\u0151b\u0151l kaptak inform\u00e1ci\u00f3t, vagy egy akkor a f\u00f6ldre l\u00e1togat\u00f3 idegen civiliz\u00e1ci\u00f3 eszk\u00f6zeit \u00f6r\u00f6k\u00edtett\u00e9k meg k\u00f6be v\u00e9sve? \u00dagy t\u0171nik, hogy a hieroglif\u00e1k modern j\u00e1rm\u0171veket \u00e1br\u00e1zolnak, k\u00f6zt\u00fck helikoptert, tengeralattj\u00e1r\u00f3t \u00e9s sug\u00e1rhajt\u00e1s\u00fa rep\u00fcl\u0151g\u00e9pet. Emiatt egyesek azt sugallj\u00e1k, hogy az \u00f3kori egyiptomiak hozz\u00e1f\u00e9rtek a fejlett technol\u00f3gi\u00e1hoz, amely az\u00f3ta elveszett.<\/p>\n\n\n\n<p style=\"font-size:21px\"><strong>Fejts\u00fck meg ezt a d\u00f6bbenetes rejt\u00e9lyt!<\/strong><\/p>\n\n\n\n<p style=\"font-size:21px\">\u00dagy tudjuk \u00e9s gondoljuk, hogy az \u00f3kori civiliz\u00e1ci\u00f3k mindegyike, k\u00f6zt\u00fck az egyiptomi is szemtan\u00faja \u00e9s r\u00e9szese volt olyan dolgoknak, amit nem tudtak megmagyar\u00e1zni. Olyan dolgoknak is, amelyeket mi sem ismer\u00fcnk m\u00e9g \u00e9s nem tudunk megmagyar\u00e1zni. Rengeteg m\u00e9g a rejt\u00e9ly\u2026 de ez a felirat m\u00e1r nem az.<\/p>\n\n\n\n<p><\/p>\n\n\n\n<p style=\"font-size:21px\"><strong>A magyar\u00e1zat:<\/strong><\/p>\n\n\n\n<p style=\"font-size:21px\">A legt\u00f6bb szak\u00e9rt\u0151 azonban \u00fagy v\u00e9li, hogy a helikopter-hieroglif\u00e1k egyszer\u0171en pareidolia esetei, ahol az emberi agy ismer\u0151s form\u00e1kat \u00e9s mint\u00e1kat \u00e9szlel v\u00e9letlenszer\u0171 t\u00e1rgyakban. A hieroglif\u00e1k val\u00f3j\u00e1ban t\u00f6bb k\u00fcl\u00f6nb\u00f6z\u0151 hieroglif szimb\u00f3lum kombin\u00e1ci\u00f3i, amelyek egy\u00fctt n\u00e9zve egyes megfigyel\u0151k sz\u00e1m\u00e1ra modern j\u00e1rm\u0171vekre eml\u00e9keztethetnek.<\/p>\n\n\n\n<p style=\"font-size:21px\">Az abydos-i templom v\u00e9sete k\u00e9t n\u00e9v egym\u00e1sra \u00edr\u00e1s\u00e1b\u00f3l j\u00f6tt l\u00e9tre. Az abydos-i templomot a XIX. dinasztia m\u00e1sodik uralkod\u00f3ja<strong> I. Sz\u00e9thi<\/strong> \u00e9p\u00edttette. Sz\u00e9thi 11 \u00e9vnyi uralkod\u00e1s ut\u00e1n, ~45 \u00e9ves kor\u00e1ban halt meg. Az abydos-i templomot saj\u00e1t eml\u00e9km\u0171v\u00e9nek sz\u00e1nta. \u0150t k\u00f6vette a tr\u00f3non fia, <strong>II. Ramszesz<\/strong>. Val\u00f3sz\u00edn\u0171leg I. Sz\u00e9thi m\u00e1r nem \u00e9lte meg a templom teljes befejez\u00e9s\u00e9t, hanem fia fejezte be a templom\u00e9p\u00edt\u00e9st.<\/p>\n\n\n\n<p style=\"font-size:21px\">A keresztgerend\u00e1n l\u00e1that\u00f3 felirat a templom \u00e9p\u00edt\u0151j\u00e9t nevezi meg\u2026 Az eredeti n\u00e9v felirat <strong>I. Sz\u00e9thi<\/strong> nev\u00e9t \u00e1br\u00e1zolta, amit k\u00e9s\u0151bb \u00e1tfaragtak \u00e9s<strong> II. Ramszesz<\/strong> neve ker\u00fclt a hely\u00e9re. A k\u00e9t n\u00e9v hieroglifjeleinek egym\u00e1sra helyez\u00e9se adja ki a furcs\u00e1n futurisztikus j\u00e1rm\u0171vek alakj\u00e1t.<\/p>\n\n\n\n<div class=\"wp-block-columns is-layout-flex wp-container-core-columns-is-layout-9d6595d7 wp-block-columns-is-layout-flex\">\n<div class=\"wp-block-column is-layout-flow wp-block-column-is-layout-flow\">\n<figure class=\"wp-block-image size-full is-resized\"><img loading=\"lazy\" decoding=\"async\" width=\"300\" height=\"140\" src=\"https:\/\/www.egyptforever.hu\/ildiko\/wp-content\/uploads\/2023\/11\/aa4.png\" alt=\"\" class=\"wp-image-7695\" style=\"aspect-ratio:2.142857142857143;width:506px;height:auto\"\/><\/figure>\n<\/div>\n\n\n\n<div class=\"wp-block-column is-layout-flow wp-block-column-is-layout-flow\">\n<figure class=\"wp-block-image size-full is-resized\"><img loading=\"lazy\" decoding=\"async\" width=\"300\" height=\"128\" src=\"https:\/\/www.egyptforever.hu\/ildiko\/wp-content\/uploads\/2023\/11\/aa5.jpg\" alt=\"\" class=\"wp-image-7696\" style=\"aspect-ratio:2.34375;width:551px;height:auto\"\/><\/figure>\n<\/div>\n<\/div>\n\n\n\n<div class=\"wp-block-columns is-layout-flex wp-container-core-columns-is-layout-9d6595d7 wp-block-columns-is-layout-flex\">\n<div class=\"wp-block-column is-layout-flow wp-block-column-is-layout-flow\">\n<figure class=\"wp-block-image size-full is-resized\"><img loading=\"lazy\" decoding=\"async\" width=\"280\" height=\"300\" src=\"https:\/\/www.egyptforever.hu\/ildiko\/wp-content\/uploads\/2023\/11\/aa9.jpg\" alt=\"\" class=\"wp-image-7697\" style=\"aspect-ratio:0.9333333333333333;width:562px;height:auto\"\/><\/figure>\n<\/div>\n\n\n\n<div class=\"wp-block-column is-layout-flow wp-block-column-is-layout-flow\">\n<figure class=\"wp-block-image size-full\"><img loading=\"lazy\" decoding=\"async\" width=\"728\" height=\"396\" src=\"https:\/\/www.egyptforever.hu\/ildiko\/wp-content\/uploads\/2023\/11\/Screen-Shot-2019-06-27-at-10.34.39-AM-728x396-1.jpg\" alt=\"\" class=\"wp-image-7698\" srcset=\"https:\/\/www.egyptforever.hu\/ildiko\/wp-content\/uploads\/2023\/11\/Screen-Shot-2019-06-27-at-10.34.39-AM-728x396-1.jpg 728w, https:\/\/www.egyptforever.hu\/ildiko\/wp-content\/uploads\/2023\/11\/Screen-Shot-2019-06-27-at-10.34.39-AM-728x396-1-300x163.jpg 300w\" sizes=\"auto, (max-width: 728px) 100vw, 728px\" \/><\/figure>\n<\/div>\n<\/div>\n\n\n\n<p style=\"font-size:21px\"><strong>\u00c9s mi mindebb\u0151l a tanuls\u00e1g?<\/strong><\/p>\n\n\n\n<p style=\"font-size:21px\">Fontos, hogy az ilyen \u00e9rtelmez\u00e9seket \u00f3vatosan k\u00f6zel\u00edts\u00fck meg, \u00e9s vegy\u00fck figyelembe az \u00f3kori egyiptomi szimbolizmus kontextus\u00e1t. A hieroglif\u00e1k \u00f6sszetett kommunik\u00e1ci\u00f3s rendszert jelentettek, gyakran ink\u00e1bb elvont eszm\u00e9ket \u00e9s fogalmakat k\u00e9pviseltek, mint sz\u00f3 szerinti \u00e1br\u00e1zol\u00e1sokat. Az Abydos-templomban tal\u00e1lt szimb\u00f3lumok val\u00f3sz\u00edn\u0171leg saj\u00e1tos vall\u00e1si vagy ritu\u00e1lis jelent\u00e9ssel b\u00edrtak, amelyek ma nem felt\u00e9tlen\u00fcl nyilv\u00e1nval\u00f3ak sz\u00e1munkra.<\/p>\n\n\n\n<p style=\"font-size:21px\">Mindazon\u00e1ltal ezeknek az \u00e9rdekes hieroglif\u00e1knak a jelenl\u00e9te eml\u00e9keztet\u0151\u00fcl szolg\u00e1l az \u00f3kori Egyiptom rejt\u00e9lyes term\u00e9szet\u00e9re, valamint arra, hogy a tud\u00f3sok \u00e9s a lelkesek sz\u00e1m\u00e1ra ez a maradand\u00f3 elb\u0171v\u00f6l\u00e9s.<\/p>\n<div style='text-align:right' class='yasr-auto-insert-overall'><\/div><div style='text-align:right' class='yasr-auto-insert-visitor'><\/div>","protected":false},"excerpt":{"rendered":"<p>Az abydos-i templom hieroglif\u00e1inak rejt\u00e9lye. A h\u00edres &#8220;tank-\u0171rhaj\u00f3-helikopter&#8221; \u00e1br\u00e1k megfejt\u00e9se.<\/p>\n","protected":false},"author":1,"featured_media":7699,"comment_status":"closed","ping_status":"open","sticky":false,"template":"","format":"standard","meta":{"om_disable_all_campaigns":false,"_monsterinsights_skip_tracking":false,"_monsterinsights_sitenote_active":false,"_monsterinsights_sitenote_note":"","_monsterinsights_sitenote_category":0,"yasr_overall_rating":0,"yasr_post_is_review":"","yasr_auto_insert_disabled":"","yasr_review_type":"","footnotes":""},"categories":[40,399,140],"tags":[75,335,129,48,336,54],"class_list":["post-7688","post","type-post","status-publish","format-standard","has-post-thumbnail","hentry","category-hirek-es-erdekessegek","category-luxor-es-kornyeke-latnivaloi","category-tortenelmi-latnivalok","tag-abydos","tag-i-szethi","tag-ii-ramszesz","tag-okori-egyiptom","tag-rejtelyek","tag-ujbirodalom"],"aioseo_notices":[],"yasr_visitor_votes":{"stars_attributes":{"read_only":false,"span_bottom":false},"number_of_votes":2,"sum_votes":10},"_links":{"self":[{"href":"https:\/\/www.egyptforever.hu\/ildiko\/index.php?rest_route=\/wp\/v2\/posts\/7688","targetHints":{"allow":["GET"]}}],"collection":[{"href":"https:\/\/www.egyptforever.hu\/ildiko\/index.php?rest_route=\/wp\/v2\/posts"}],"about":[{"href":"https:\/\/www.egyptforever.hu\/ildiko\/index.php?rest_route=\/wp\/v2\/types\/post"}],"author":[{"embeddable":true,"href":"https:\/\/www.egyptforever.hu\/ildiko\/index.php?rest_route=\/wp\/v2\/users\/1"}],"replies":[{"embeddable":true,"href":"https:\/\/www.egyptforever.hu\/ildiko\/index.php?rest_route=%2Fwp%2Fv2%2Fcomments&post=7688"}],"version-history":[{"count":3,"href":"https:\/\/www.egyptforever.hu\/ildiko\/index.php?rest_route=\/wp\/v2\/posts\/7688\/revisions"}],"predecessor-version":[{"id":10880,"href":"https:\/\/www.egyptforever.hu\/ildiko\/index.php?rest_route=\/wp\/v2\/posts\/7688\/revisions\/10880"}],"wp:featuredmedia":[{"embeddable":true,"href":"https:\/\/www.egyptforever.hu\/ildiko\/index.php?rest_route=\/wp\/v2\/media\/7699"}],"wp:attachment":[{"href":"https:\/\/www.egyptforever.hu\/ildiko\/index.php?rest_route=%2Fwp%2Fv2%2Fmedia&parent=7688"}],"wp:term":[{"taxonomy":"category","embeddable":true,"href":"https:\/\/www.egyptforever.hu\/ildiko\/index.php?rest_route=%2Fwp%2Fv2%2Fcategories&post=7688"},{"taxonomy":"post_tag","embeddable":true,"href":"https:\/\/www.egyptforever.hu\/ildiko\/index.php?rest_route=%2Fwp%2Fv2%2Ftags&post=7688"}],"curies":[{"name":"wp","href":"https:\/\/api.w.org\/{rel}","templated":true}]}}