{"id":8014,"date":"2024-01-02T14:25:10","date_gmt":"2024-01-02T13:25:10","guid":{"rendered":"https:\/\/www.egyptforever.hu\/ildiko\/?p=8014"},"modified":"2024-02-27T10:15:43","modified_gmt":"2024-02-27T09:15:43","slug":"nefertari","status":"publish","type":"post","link":"https:\/\/www.egyptforever.hu\/ildiko\/?p=8014","title":{"rendered":"Nefertari"},"content":{"rendered":"\n<div class=\"wp-block-columns is-layout-flex wp-container-core-columns-is-layout-9d6595d7 wp-block-columns-is-layout-flex\">\n<div class=\"wp-block-column is-layout-flow wp-block-column-is-layout-flow\" style=\"flex-basis:66.66%\">\n<p style=\"font-size:18px\">Keveset tudunk Nefertarir\u00f3l, Nagy Ramszesz els\u0151 f\u0151kir\u00e1lyn\u0151j\u00e9r\u0151l, de leny\u0171g\u00f6z\u0151 s\u00edrja \u00e9kes bizony\u00edt\u00e9ka annak, hogy f\u00e9rje milyen nagy tiszteletben tartotta \u0151t.<\/p>\n\n\n\n<p style=\"font-size:18px\">Nefertari, II. Ramszesz kir\u00e1lyi feles\u00e9ge egyed\u00fcl\u00e1ll\u00f3 helyet foglal el az \u00f3kori egyiptomi t\u00f6rt\u00e9nelem \u00e9vk\u00f6nyveiben. \u00c9lete \u00e9s \u00f6r\u00f6ks\u00e9ge mag\u00e1val ragad\u00f3 bepillant\u00e1st ny\u00fajt az \u00dajbirodalom id\u0151szak\u00e1nak \u00f6sszetett t\u00e1rsadalmi, politikai \u00e9s kultur\u00e1lis sz\u00f6vet\u00e9be.<\/p>\n\n\n\n<p style=\"font-size:18px\">Egyiptom egyik leghatalmasabb \u00e9s legh\u00edresebb f\u00e1ra\u00f3j\u00e1nak legf\u0151bb feles\u00e9gek\u00e9nt Nefertari alapvet\u0151 szerepet j\u00e1tszott a diplom\u00e1ciai kapcsolatok megszil\u00e1rd\u00edt\u00e1s\u00e1ban \u00e9s a kir\u00e1lys\u00e1g m\u0171v\u00e9szeti \u00e9s vall\u00e1si t\u00e1jk\u00e9p\u00e9nek kialak\u00edt\u00e1s\u00e1ban. Nefertari az \u00dajbirodalom korszak\u00e1nak 19. dinaszti\u00e1j\u00e1ban (ie 1292-1189) \u00e9lt, amikor az \u00f3kori Egyiptom hatalma \u00e9s vir\u00e1gz\u00e1sa cs\u00facs\u00e1n volt. Feles\u00e9g\u00fcl vette II. Ramszesz, az egyiptomi t\u00f6rt\u00e9nelem egyik leg\u00fcnnepeltebb \u00e9s leghatalmasabb f\u00e1ra\u00f3ja, aki leny\u0171g\u00f6z\u0151 66 \u00e9vig uralkodott, i.e. 1279 \u00e9s 1213 k\u00f6z\u00f6tt.<\/p>\n\n\n\n<p style=\"font-size:18px\"><\/p>\n<\/div>\n\n\n\n<div class=\"wp-block-column is-layout-flow wp-block-column-is-layout-flow\" style=\"flex-basis:33.33%\">\n<figure class=\"wp-block-image size-full\"><img loading=\"lazy\" decoding=\"async\" width=\"640\" height=\"942\" src=\"https:\/\/www.egyptforever.hu\/ildiko\/wp-content\/uploads\/2024\/01\/nefertari-tomb-wall.jpg\" alt=\"\" class=\"wp-image-8015\" srcset=\"https:\/\/www.egyptforever.hu\/ildiko\/wp-content\/uploads\/2024\/01\/nefertari-tomb-wall.jpg 640w, https:\/\/www.egyptforever.hu\/ildiko\/wp-content\/uploads\/2024\/01\/nefertari-tomb-wall-204x300.jpg 204w\" sizes=\"auto, (max-width: 640px) 100vw, 640px\" \/><\/figure>\n<\/div>\n<\/div>\n\n\n\n<div class=\"wp-block-columns is-layout-flex wp-container-core-columns-is-layout-9d6595d7 wp-block-columns-is-layout-flex\">\n<div class=\"wp-block-column is-layout-flow wp-block-column-is-layout-flow\">\n<p style=\"font-size:18px\">El\u0151deihez hasonl\u00f3an II. Ramszesznek is volt egy eg\u00e9sz h\u00e1reme, de csak egy feles\u00e9g viselhette a f\u0151kir\u00e1lyn\u0151i rangot. Mivel Ramszesz nagyon hosszan uralkodott, \u00edgy a f\u00e1ra\u00f3 feles\u00e9gei k\u00f6z\u00fcl sokan el\u0151bb haltak meg, mint az uralkod\u00f3, \u00e9s ez\u00e9rt v\u00e9g\u00fcl a 66 \u00e9v sor\u00e1n Ramszesznek nyolc f\u0151 feles\u00e9g volt. Az els\u0151 \u00e9s legkedvesebb k\u00f6z\u00fcl\u00fck Nefertari kir\u00e1lyn\u0151 volt. Ramszesz, akit egyiptomi nemesasszonynak tartottak, Kr.e. 1312-ben feles\u00e9g\u00fcl vette Nefertarit, \u00e9s hamarosan neki adta els\u0151 fi\u00e1t, Amenhirwenemefet \u2013 az els\u0151t a 11 gyermek k\u00f6z\u00fcl.<\/p>\n<\/div>\n<\/div>\n\n\n\n<div class=\"wp-block-columns is-layout-flex wp-container-core-columns-is-layout-9d6595d7 wp-block-columns-is-layout-flex\">\n<div class=\"wp-block-column is-layout-flow wp-block-column-is-layout-flow\" style=\"flex-basis:33.33%\">\n<figure class=\"wp-block-image size-large\"><img loading=\"lazy\" decoding=\"async\" width=\"639\" height=\"1024\" src=\"https:\/\/www.egyptforever.hu\/ildiko\/wp-content\/uploads\/2024\/01\/Nefertari1-639x1024.jpg\" alt=\"\" class=\"wp-image-8016\" srcset=\"https:\/\/www.egyptforever.hu\/ildiko\/wp-content\/uploads\/2024\/01\/Nefertari1-639x1024.jpg 639w, https:\/\/www.egyptforever.hu\/ildiko\/wp-content\/uploads\/2024\/01\/Nefertari1-187x300.jpg 187w, https:\/\/www.egyptforever.hu\/ildiko\/wp-content\/uploads\/2024\/01\/Nefertari1-768x1231.jpg 768w, https:\/\/www.egyptforever.hu\/ildiko\/wp-content\/uploads\/2024\/01\/Nefertari1-958x1536.jpg 958w, https:\/\/www.egyptforever.hu\/ildiko\/wp-content\/uploads\/2024\/01\/Nefertari1-1278x2048.jpg 1278w, https:\/\/www.egyptforever.hu\/ildiko\/wp-content\/uploads\/2024\/01\/Nefertari1-scaled.jpg 1597w\" sizes=\"auto, (max-width: 639px) 100vw, 639px\" \/><\/figure>\n<\/div>\n\n\n\n<div class=\"wp-block-column is-layout-flow wp-block-column-is-layout-flow\" style=\"flex-basis:66.66%\">\n<p style=\"font-size:18px\">B\u00e1r Ramszesz els\u0151sorban \u00f6nmag\u00e1ba volt szerelmes, amilyen \u00f6nim\u00e1d\u00f3 m\u00f3don helyezte saj\u00e1t mag\u00e1t el\u0151t\u00e9rbe \u00e9s isten\u00edttette mag\u00e1t az alattval\u00f3ival, ezzel egy\u00fctt Nefertari ir\u00e1nt is elk\u00f6telezett volt, \u00e9s hosszan \u00edrt szerelm\u00e9r\u0151l \u00e9s sz\u00e9ps\u00e9g\u00e9r\u0151l. Ezt azzal demonstr\u00e1lta, hogy csod\u00e1latos s\u00edreml\u00e9ket \u00e9p\u00edtett neki, amely a Kir\u00e1lyn\u0151k V\u00f6lgy\u00e9nek legszebbje.<\/p>\n\n\n\n<p style=\"font-size:18px\">Noha Nefertari pontos sz\u00e1rmaz\u00e1sa tov\u00e1bbra is bizonytalan, sz\u00e9les k\u00f6rben \u00fagy tartj\u00e1k, hogy nemesi sz\u00e1rmaz\u00e1s\u00fa volt, val\u00f3sz\u00edn\u0171leg a kir\u00e1lyi csal\u00e1d tagja vagy magas rang\u00fa nemess\u00e9g. Nefertari a Nagy Kir\u00e1lyi Feles\u00e9g megbecs\u00fclt c\u00edm\u00e9t viselte, \u00edgy \u0151 lett II. Ramszesz legf\u0151bb feles\u00e9ge.<\/p>\n\n\n\n<p style=\"font-size:18px\">Az \u00f3kori egyiptomi t\u00e1rsadalomban a h\u00e1zass\u00e1g nemcsak szem\u00e9lyes uni\u00f3 volt, hanem a politik\u00e1ban \u00e9s a diplom\u00e1ci\u00e1ban is d\u00f6nt\u0151 szerepet j\u00e1tszott. Azzal, hogy feles\u00e9g\u00fcl vette Nefertarit, II. Ramszesz meger\u0151s\u00edtette f\u00e1ra\u00f3i poz\u00edci\u00f3j\u00e1t, biztos\u00edtva a l\u00e1ny h\u0171s\u00e9g\u00e9t \u00e9s t\u00e1mogat\u00e1s\u00e1t a kir\u00e1lys\u00e1g ir\u00e1ny\u00edt\u00e1s\u00e1ban. <\/p>\n<\/div>\n<\/div>\n\n\n\n<div class=\"wp-block-columns is-layout-flex wp-container-core-columns-is-layout-9d6595d7 wp-block-columns-is-layout-flex\">\n<div class=\"wp-block-column is-layout-flow wp-block-column-is-layout-flow\">\n<p style=\"font-size:18px\">Nefertari legal\u00e1bb hat gyermeket sz\u00fclt II. Ramszesznek, k\u00f6zt\u00fck n\u00e9gy fi\u00fat (Amun-her-khepeshef, Pareherwenemef, Meryatum \u00e9s Meryre) \u00e9s k\u00e9t l\u00e1nyt (Meritamen \u00e9s Henuttawy). Ezek a gyerekek k\u00fcl\u00f6nb\u00f6z\u0151 fontos poz\u00edci\u00f3kat t\u00f6lt\u00f6ttek be az egyiptomi udvarban \u00e9s paps\u00e1gban, tov\u00e1bb er\u0151s\u00edtve a kir\u00e1lyi csal\u00e1d hatalm\u00e1t \u00e9s befoly\u00e1s\u00e1t. H\u00e1zass\u00e1guk sor\u00e1n Nefertari k\u00fcl\u00f6nleges st\u00e1tuszt \u00e9lvezett, amint azt sz\u00e1mos m\u0171v\u00e9szeti \u00e9s m\u0171eml\u00e9ki \u00e1br\u00e1zol\u00e1sa is bizony\u00edtja.<\/p>\n\n\n\n<p style=\"font-size:18px\">II. Ramszesz kir\u00e1lyi feles\u00e9gek\u00e9nt Nefertari jelent\u0151s felel\u0151ss\u00e9ggel \u00e9s befoly\u00e1ssal b\u00edrt az \u00f3kori egyiptomi t\u00e1rsadalomban. Szerepei politikai \u00e9s vall\u00e1si funkci\u00f3kat egyar\u00e1nt fel\u00f6leltek, amelyek az \u00f3kori Egyiptomban szorosan \u00f6sszefon\u00f3dtak. N\u00e9h\u00e1ny f\u0151 feladatai k\u00f6z\u00e9 tartozott: Fontos szerepet j\u00e1tszott Ramszesz saj\u00e1t politikai propagand\u00e1j\u00e1ban, k\u00fcl\u00f6n\u00f6sen a m\u0171alkot\u00e1sokban. Nefertari k\u00e9pe kiemelked\u0151en szerepelt Egyiptom k\u00fcl\u00f6nb\u00f6z\u0151 eml\u00e9km\u0171vein, szobrain \u00e9s festm\u00e9nyein.<\/p>\n<\/div>\n<\/div>\n\n\n\n<div class=\"wp-block-columns is-layout-flex wp-container-core-columns-is-layout-9d6595d7 wp-block-columns-is-layout-flex\">\n<div class=\"wp-block-column is-layout-flow wp-block-column-is-layout-flow\" style=\"flex-basis:66.66%\">\n<p style=\"font-size:18px\">A II. Ramszesz melletti \u00e1br\u00e1zol\u00e1sok nemcsak a f\u0151feles\u00e9g st\u00e1tusz\u00e1t demonstr\u00e1lt\u00e1k, hanem a f\u00e1ra\u00f3 helyzet\u00e9nek er\u0151s\u00edt\u00e9s\u00e9t is szolg\u00e1lt\u00e1k az\u00e1ltal, hogy hangs\u00falyozt\u00e1k a kir\u00e1lyi csal\u00e1d stabilit\u00e1s\u00e1t \u00e9s folytonoss\u00e1g\u00e1t.<\/p>\n\n\n\n<p style=\"font-size:18px\">Az \u00dajbirodalom id\u0151szak\u00e1ban Egyiptom politikai \u00e9s kultur\u00e1lis befoly\u00e1sa jelent\u0151sen b\u0151v\u00fclt, m\u0171v\u00e9szete \u00e9s \u00e9p\u00edt\u00e9szete vir\u00e1gzott. II. Ramszesz uralkod\u00e1sa alatt olyan kolossz\u00e1lis eml\u00e9km\u0171veket \u00e9p\u00edtettek, mint Abu Simbel \u00e9s a Ramszeum, \u00e9s a birodalom kiterjesztette hat\u00e1rait, megszil\u00e1rd\u00edtva az ellen\u0151rz\u00e9st N\u00fabia, K\u00e1na\u00e1n \u00e9s Sz\u00edria ter\u00fclet\u00e9n.<\/p>\n\n\n\n<p style=\"font-size:18px\">Felt\u00e9telez\u00e9sek szerint Nefertari <strong>i.e. 1250<\/strong> k\u00f6r\u00fcl hunyt el, b\u00e1r hal\u00e1l\u00e1nak pontos oka \u00e9s k\u00f6r\u00fclm\u00e9nyei ismeretlenek. A <strong>QV66<\/strong> n\u00e9ven ismert s\u00edrba temett\u00e9k el, amely Th\u00e9ba k\u00f6zel\u00e9ben tal\u00e1lhat\u00f3 a Kir\u00e1lyn\u0151k v\u00f6lgy\u00e9ben, amely ma a mai Luxor. Egyiptom egyik legszebb \u00e9s legjobban meg\u0151rz\u00f6tt s\u00edrjak\u00e9nt tartj\u00e1k sz\u00e1mon, amely felbecs\u00fclhetetlen \u00e9rt\u00e9k\u0171 betekint\u00e9st ny\u00fajt az \u00f3kori egyiptomi m\u0171v\u00e9szetbe, kult\u00far\u00e1ba \u00e9s vall\u00e1si hiedelmekbe.<\/p>\n<\/div>\n\n\n\n<div class=\"wp-block-column is-layout-flow wp-block-column-is-layout-flow\" style=\"flex-basis:33.33%\">\n<figure class=\"wp-block-image size-full\"><img loading=\"lazy\" decoding=\"async\" width=\"519\" height=\"833\" src=\"https:\/\/www.egyptforever.hu\/ildiko\/wp-content\/uploads\/2024\/01\/Nefertari-cover-1.jpeg\" alt=\"\" class=\"wp-image-8017\" srcset=\"https:\/\/www.egyptforever.hu\/ildiko\/wp-content\/uploads\/2024\/01\/Nefertari-cover-1.jpeg 519w, https:\/\/www.egyptforever.hu\/ildiko\/wp-content\/uploads\/2024\/01\/Nefertari-cover-1-187x300.jpeg 187w\" sizes=\"auto, (max-width: 519px) 100vw, 519px\" \/><\/figure>\n<\/div>\n<\/div>\n\n\n\n<div class=\"wp-block-columns is-layout-flex wp-container-core-columns-is-layout-9d6595d7 wp-block-columns-is-layout-flex\">\n<div class=\"wp-block-column is-layout-flow wp-block-column-is-layout-flow\">\n<p style=\"font-size:18px\">A s\u00edr kidolgozott d\u00edsz\u00edt\u00e9se \u00e9s nagy l\u00e9pt\u00e9ke t\u00fckr\u00f6zi Nefertari fontoss\u00e1g\u00e1t \u00e9lete sor\u00e1n, \u00e9s azt a nagy tiszteletet, amellyel II. Ramszesz tartotta. A s\u00edrban tal\u00e1lhat\u00f3 m\u0171alkot\u00e1sok az \u00f3kori egyiptomi t\u00f6rt\u00e9nelem egyik legszebb alkot\u00e1sai k\u00f6z\u00e9 tartoznak, amelyek bemutatj\u00e1k a II. Ramszesz uralkod\u00e1sa alatt dolgoz\u00f3 m\u0171v\u00e9szek \u00fcgyess\u00e9g\u00e9t \u00e9s kreativit\u00e1s\u00e1t.<\/p>\n\n\n\n<p style=\"font-size:18px\">B\u00e1r a s\u00edrt k\u00e9s\u0151bb kifosztott\u00e1k kincseit\u0151l, d\u00edsz\u00edt\u00e9se gy\u00f6ny\u00f6r\u0171 volt. A falakat bonyolult festm\u00e9nyek bor\u00edtott\u00e1k, sokf\u00e9le sz\u00ednt haszn\u00e1lva. A \u201edomborm\u0171ves farag\u00e1s\u201d is szerepelt benne, egy bonyolult folyamat, amelynek sor\u00e1n a mint\u00e1t \u00fagy faragj\u00e1k ki, hogy kil\u00f3gjon a fal fel\u00fclet\u00e9b\u0151l.<\/p>\n<\/div>\n<\/div>\n\n\n\n<div class=\"wp-block-columns is-layout-flex wp-container-core-columns-is-layout-9d6595d7 wp-block-columns-is-layout-flex\">\n<div class=\"wp-block-column is-layout-flow wp-block-column-is-layout-flow\" style=\"flex-basis:33.33%\">\n<figure class=\"wp-block-image size-large\"><img loading=\"lazy\" decoding=\"async\" width=\"684\" height=\"1024\" src=\"https:\/\/www.egyptforever.hu\/ildiko\/wp-content\/uploads\/2024\/01\/DP167142-1-684x1024.jpg\" alt=\"\" class=\"wp-image-8018\" srcset=\"https:\/\/www.egyptforever.hu\/ildiko\/wp-content\/uploads\/2024\/01\/DP167142-1-684x1024.jpg 684w, https:\/\/www.egyptforever.hu\/ildiko\/wp-content\/uploads\/2024\/01\/DP167142-1-200x300.jpg 200w, https:\/\/www.egyptforever.hu\/ildiko\/wp-content\/uploads\/2024\/01\/DP167142-1-768x1149.jpg 768w, https:\/\/www.egyptforever.hu\/ildiko\/wp-content\/uploads\/2024\/01\/DP167142-1-1026x1536.jpg 1026w, https:\/\/www.egyptforever.hu\/ildiko\/wp-content\/uploads\/2024\/01\/DP167142-1-1369x2048.jpg 1369w, https:\/\/www.egyptforever.hu\/ildiko\/wp-content\/uploads\/2024\/01\/DP167142-1-scaled.jpg 1711w\" sizes=\"auto, (max-width: 684px) 100vw, 684px\" \/><\/figure>\n<\/div>\n\n\n\n<div class=\"wp-block-column is-layout-flow wp-block-column-is-layout-flow\" style=\"flex-basis:66.66%\">\n<p style=\"font-size:18px\">Nefertari s\u00edrj\u00e1nak, el\u0151csarnok\u00e1ban az \u00e9szakkeleti jelenet azt mutatja, hogy Nefertarit \u00cdzisz istenn\u0151 mutatta be Khepri istennek. Nefertari, akit \u00cdzisz k\u00e9zen fogva vezet, hossz\u00fa \u00e9s f\u00e9lig \u00e1tl\u00e1tsz\u00f3 feh\u00e9r ruh\u00e1t visel, k\u00f6z\u00e9pen piros \u00f6vvel \u00e1tk\u00f6tve, \u00cdziszhez hasonl\u00f3an nincs szand\u00e1l a l\u00e1b\u00e1n. Nefertari hossz\u00fa fekete, h\u00e1romr\u00e9szes par\u00f3k\u00e1ja tetej\u00e9n az arany Nekhbet fejd\u00edszt visel egy kis napkorong \u00e1ll a tollak k\u00f6zep\u00e9n. \u00cdzisz a napkorongot a fej\u00e9n hordja az \u00edvelt teh\u00e9nszarvak k\u00f6z\u00f6tt, amelynek elej\u00e9r\u0151l egy uraeusz l\u00f3g. Ezt a fejd\u00edszt is Hathorhoz k\u00f6tik. Nyak\u00e1ban egy sz\u00e9les nyakl\u00e1nc van ellens\u00fallyal, mely a h\u00e1t\u00e1n l\u00f3g. Bal kez\u00e9ben egy jogart tart. A k\u00e9t szerepl\u0151t k\u00eds\u00e9r\u0151 sz\u00f6vegek azonos\u00edtj\u00e1k \u0151ket. \u00cdzisz el\u0151re sz\u00f3l\u00edtja Nefertarit, mondv\u00e1n: <em><strong>&#8220;Gyere, a kir\u00e1ly nagy feles\u00e9ge, Nefertari, Mut szerelme. Helyet k\u00e9sz\u00edtettem neked a nekropoliszban&#8221;<\/strong><\/em>.<\/p>\n\n\n\n<p style=\"font-size:18px\">Amikor Nefertari meghalt, a szok\u00e1s szerint bez\u00e1rt\u00e1k a s\u00edrj\u00e1ba. Nefertari s\u00edrj\u00e1nak falait gy\u00f6ny\u00f6r\u0171 festm\u00e9nyek d\u00edsz\u00edtik, amelyek \u00e9let\u00e9nek jeleneteit, vall\u00e1si sz\u00f6vegeket, valamint k\u00fcl\u00f6nf\u00e9le isteneket \u00e9s istenn\u0151ket \u00e1br\u00e1zolnak. <\/p>\n<\/div>\n<\/div>\n\n\n\n<div class=\"wp-block-columns is-layout-flex wp-container-core-columns-is-layout-9d6595d7 wp-block-columns-is-layout-flex\">\n<div class=\"wp-block-column is-layout-flow wp-block-column-is-layout-flow\">\n<p style=\"font-size:18px\">A legfigyelemrem\u00e9lt\u00f3bb k\u00e9pek k\u00f6z\u00e9 tartozik Nefertari, aki aj\u00e1nd\u00e9kokat k\u00edn\u00e1l az isteneknek, utaz\u00e1sa a t\u00falvil\u00e1gon, \u00e9s v\u00e9gs\u0151 egyes\u00fcl\u00e9se Ozirisz istennel. A festm\u00e9nyeken haszn\u00e1lt sz\u00ednek \u00e9l\u00e9nkek \u00e9s j\u00f3l meg\u0151rz\u00f6ttek maradnak, leny\u0171g\u00f6z\u0151 vizu\u00e1lis \u00e9lm\u00e9nyt ny\u00fajtva a l\u00e1togat\u00f3knak.<\/p>\n\n\n\n<p style=\"font-size:18px\">Ramszesz kedvenc feles\u00e9ge hal\u00e1la ut\u00e1n elrendelte, hogy \u00e9p\u00edtsenek k\u00e9t hatalmas templomot, amelyeket Abu Simbel szikl\u00e1ib\u00f3l faragtak ki N\u00fabi\u00e1ban, Th\u00e9b\u00e1t\u00f3l d\u00e9lre.<\/p>\n<\/div>\n<\/div>\n\n\n\n<div class=\"wp-block-columns is-layout-flex wp-container-core-columns-is-layout-9d6595d7 wp-block-columns-is-layout-flex\">\n<div class=\"wp-block-column is-layout-flow wp-block-column-is-layout-flow\"><div class=\"wp-block-image\">\n<figure class=\"aligncenter size-large is-resized\"><img loading=\"lazy\" decoding=\"async\" width=\"1024\" height=\"576\" src=\"https:\/\/www.egyptforever.hu\/ildiko\/wp-content\/uploads\/2024\/01\/01-Queen-Nefertari-Goddess-Isis-1-1024x576.jpg\" alt=\"\" class=\"wp-image-8019\" style=\"width:1209px;height:auto\" srcset=\"https:\/\/www.egyptforever.hu\/ildiko\/wp-content\/uploads\/2024\/01\/01-Queen-Nefertari-Goddess-Isis-1-1024x576.jpg 1024w, https:\/\/www.egyptforever.hu\/ildiko\/wp-content\/uploads\/2024\/01\/01-Queen-Nefertari-Goddess-Isis-1-300x169.jpg 300w, https:\/\/www.egyptforever.hu\/ildiko\/wp-content\/uploads\/2024\/01\/01-Queen-Nefertari-Goddess-Isis-1-768x432.jpg 768w, https:\/\/www.egyptforever.hu\/ildiko\/wp-content\/uploads\/2024\/01\/01-Queen-Nefertari-Goddess-Isis-1-1536x864.jpg 1536w, https:\/\/www.egyptforever.hu\/ildiko\/wp-content\/uploads\/2024\/01\/01-Queen-Nefertari-Goddess-Isis-1.jpg 1600w\" sizes=\"auto, (max-width: 1024px) 100vw, 1024px\" \/><\/figure>\n<\/div><\/div>\n<\/div>\n\n\n\n<div class=\"wp-block-columns is-layout-flex wp-container-core-columns-is-layout-9d6595d7 wp-block-columns-is-layout-flex\">\n<div class=\"wp-block-column is-layout-flow wp-block-column-is-layout-flow\"><div class=\"wp-block-image\">\n<figure class=\"aligncenter size-large is-resized\"><img loading=\"lazy\" decoding=\"async\" width=\"1024\" height=\"512\" src=\"https:\/\/www.egyptforever.hu\/ildiko\/wp-content\/uploads\/2024\/01\/Nefertari-Tomb-1.jpg.optimal-1-1024x512.jpg\" alt=\"\" class=\"wp-image-8021\" style=\"width:1212px;height:auto\" srcset=\"https:\/\/www.egyptforever.hu\/ildiko\/wp-content\/uploads\/2024\/01\/Nefertari-Tomb-1.jpg.optimal-1-1024x512.jpg 1024w, https:\/\/www.egyptforever.hu\/ildiko\/wp-content\/uploads\/2024\/01\/Nefertari-Tomb-1.jpg.optimal-1-300x150.jpg 300w, https:\/\/www.egyptforever.hu\/ildiko\/wp-content\/uploads\/2024\/01\/Nefertari-Tomb-1.jpg.optimal-1-768x384.jpg 768w, https:\/\/www.egyptforever.hu\/ildiko\/wp-content\/uploads\/2024\/01\/Nefertari-Tomb-1.jpg.optimal-1-1536x768.jpg 1536w, https:\/\/www.egyptforever.hu\/ildiko\/wp-content\/uploads\/2024\/01\/Nefertari-Tomb-1.jpg.optimal-1-1600x800.jpg 1600w, https:\/\/www.egyptforever.hu\/ildiko\/wp-content\/uploads\/2024\/01\/Nefertari-Tomb-1.jpg.optimal-1.jpg 2000w\" sizes=\"auto, (max-width: 1024px) 100vw, 1024px\" \/><\/figure>\n<\/div><\/div>\n<\/div>\n\n\n\n<div class=\"wp-block-columns is-layout-flex wp-container-core-columns-is-layout-9d6595d7 wp-block-columns-is-layout-flex\">\n<div class=\"wp-block-column is-layout-flow wp-block-column-is-layout-flow\" style=\"flex-basis:33.33%\">\n<figure class=\"wp-block-image size-large\"><img loading=\"lazy\" decoding=\"async\" width=\"768\" height=\"1024\" src=\"https:\/\/www.egyptforever.hu\/ildiko\/wp-content\/uploads\/2024\/01\/Facade_Detail_Temple_of_Hathor_and_Nefertari_Abu_Simbel_AG_EGY_48016649331-768x1024.jpg\" alt=\"\" class=\"wp-image-8022\" srcset=\"https:\/\/www.egyptforever.hu\/ildiko\/wp-content\/uploads\/2024\/01\/Facade_Detail_Temple_of_Hathor_and_Nefertari_Abu_Simbel_AG_EGY_48016649331-768x1024.jpg 768w, https:\/\/www.egyptforever.hu\/ildiko\/wp-content\/uploads\/2024\/01\/Facade_Detail_Temple_of_Hathor_and_Nefertari_Abu_Simbel_AG_EGY_48016649331-225x300.jpg 225w, https:\/\/www.egyptforever.hu\/ildiko\/wp-content\/uploads\/2024\/01\/Facade_Detail_Temple_of_Hathor_and_Nefertari_Abu_Simbel_AG_EGY_48016649331-1152x1536.jpg 1152w, https:\/\/www.egyptforever.hu\/ildiko\/wp-content\/uploads\/2024\/01\/Facade_Detail_Temple_of_Hathor_and_Nefertari_Abu_Simbel_AG_EGY_48016649331-1536x2048.jpg 1536w, https:\/\/www.egyptforever.hu\/ildiko\/wp-content\/uploads\/2024\/01\/Facade_Detail_Temple_of_Hathor_and_Nefertari_Abu_Simbel_AG_EGY_48016649331-scaled.jpg 1920w\" sizes=\"auto, (max-width: 768px) 100vw, 768px\" \/><\/figure>\n<\/div>\n\n\n\n<div class=\"wp-block-column is-layout-flow wp-block-column-is-layout-flow\" style=\"flex-basis:66.66%\">\n<p style=\"font-size:18px\">A k\u00e9t templom k\u00f6z\u00fcl a nagyobbat mag\u00e1nak Ramszesznek; a kisebb templomot pedig Nefertari sz\u00e1m\u00e1ra \u00e9p\u00edtett\u00e9k. A templom homlokzat\u00e1n k\u00e9t hatalmas Nefertari faragv\u00e1ny l\u00e1that\u00f3. Mindazon\u00e1ltal, hogy eml\u00e9keztessen embereit, ki volt a val\u00f3j\u00e1ban a \u201ef\u0151n\u00f6k\u201d, ennek a templomnak a homlokzat\u00e1n is val\u00f3j\u00e1ban a n\u00e9gy Ramszeszr\u0151l k\u00e9sz\u00fclt faragv\u00e1ny a domin\u00e1ns. Volt egy felirat is, amely szerint II. Ramszesz fizetett a templom\u00e9rt &#8220;Nefertari f\u0151kir\u00e1lyn\u0151\u00e9rt&#8230; aki\u00e9rt s\u00fct a nap&#8221;.<\/p>\n\n\n\n<p style=\"font-size:18px\">A templomoknak m\u00e1s c\u00e9lja is volt: \u00f3ri\u00e1si propagandadarabot alkottak. Az egyiptomi birodalom legd\u00e9libb pontj\u00e1n tal\u00e1lhat\u00f3k, \u00e9s a f\u00e1ra\u00f3 hatalm\u00e1t a helyieknek \u00e9s a l\u00e1togat\u00f3knak egyar\u00e1nt bemutatt\u00e1k.<\/p>\n\n\n\n<p style=\"font-size:19px\"><\/p>\n<\/div>\n<\/div>\n\n\n\n<div class=\"wp-block-columns is-layout-flex wp-container-core-columns-is-layout-9d6595d7 wp-block-columns-is-layout-flex\">\n<div class=\"wp-block-column is-layout-flow wp-block-column-is-layout-flow\">\n<p style=\"font-size:18px\">Az Abu Simbelben tal\u00e1lhat\u00f3 Hathor templom kiv\u00e1l\u00f3 p\u00e9ld\u00e1ja Nefertari kiemelked\u0151 szerep\u00e9nek az \u00f3kori egyiptomi m\u0171v\u00e9szetben \u00e9s \u00e9p\u00edt\u00e9szetben. Nefertari kulcsszerepet j\u00e1tszott a vall\u00e1si szertart\u00e1sokban \u00e9s ritu\u00e1l\u00e9kban is, amelyeket gyakran \u00fagy \u00e1br\u00e1zoltak, mint amikor aj\u00e1nd\u00e9kokat aj\u00e1nl fel az isteneknek, vagy r\u00e9szt vesz vall\u00e1si k\u00f6rmenetekben. A kir\u00e1lyi udvar kulcsfigur\u00e1jak\u00e9nt a vall\u00e1si \u00e9letben val\u00f3 r\u00e9szv\u00e9tele seg\u00edtett meger\u0151s\u00edteni a f\u00e1ra\u00f3 uralm\u00e1nak isteni term\u00e9szet\u00e9t, \u00e9s fenntartani a k\u00e9nyes egyens\u00falyt a f\u00f6ldi \u00e9s a szellemi szf\u00e9ra k\u00f6z\u00f6tt. Egyiptom politikai \u00fcgyeiben bet\u00f6lt\u00f6tt jelent\u0151s\u00e9g\u00e9t a fennmaradt diplom\u00e1ciai levelez\u00e9s egy\u00e9rtelm\u0171en mutatja. <\/p>\n<\/div>\n<\/div>\n\n\n\n<div class=\"wp-block-columns is-layout-flex wp-container-core-columns-is-layout-9d6595d7 wp-block-columns-is-layout-flex\">\n<div class=\"wp-block-column is-layout-flow wp-block-column-is-layout-flow\"><div class=\"wp-block-image\">\n<figure class=\"aligncenter size-full is-resized\"><img loading=\"lazy\" decoding=\"async\" width=\"1024\" height=\"682\" src=\"https:\/\/www.egyptforever.hu\/ildiko\/wp-content\/uploads\/2024\/01\/low-angle-view-of-nefertari-s-temple-of-hathor-against-clear-sky-1024x682-1.jpg\" alt=\"\" class=\"wp-image-8023\" style=\"width:1210px;height:auto\" srcset=\"https:\/\/www.egyptforever.hu\/ildiko\/wp-content\/uploads\/2024\/01\/low-angle-view-of-nefertari-s-temple-of-hathor-against-clear-sky-1024x682-1.jpg 1024w, https:\/\/www.egyptforever.hu\/ildiko\/wp-content\/uploads\/2024\/01\/low-angle-view-of-nefertari-s-temple-of-hathor-against-clear-sky-1024x682-1-300x200.jpg 300w, https:\/\/www.egyptforever.hu\/ildiko\/wp-content\/uploads\/2024\/01\/low-angle-view-of-nefertari-s-temple-of-hathor-against-clear-sky-1024x682-1-768x512.jpg 768w\" sizes=\"auto, (max-width: 1024px) 100vw, 1024px\" \/><\/figure>\n<\/div><\/div>\n<\/div>\n\n\n\n<div class=\"wp-block-columns is-layout-flex wp-container-core-columns-is-layout-9d6595d7 wp-block-columns-is-layout-flex\">\n<div class=\"wp-block-column is-layout-flow wp-block-column-is-layout-flow\" style=\"flex-basis:66.66%\">\n<p style=\"font-size:18px\">A sz\u00e9ps\u00e9g\u00e9r\u0151l h\u00edres ma Nefertari kir\u00e1lyn\u0151 val\u00f3sz\u00edn\u0171leg magasan k\u00e9pzett volt. S\u00edrja egyik fal\u00e1n Nefertari Thoth isten, a tud\u00e1s \u00e9s az \u00edr\u00e1s istene el\u0151tt \u00e1ll a Halottak k\u00f6nyve 94. fejezet\u00e9nek matric\u00e1j\u00e1ban. Ez a teljes eg\u00e9sz\u00e9ben lejegyzett var\u00e1zslat arra szolg\u00e1l, hogy szerezzenek egy irodak\u00e9szletet (vizes ed\u00e9nyt \u00e9s \u00edr\u00e1nyi palett\u00e1t) Thotht\u00f3l, \u201ea papirusztekercs \u0151rz\u0151j\u00e9t\u0151l\u201d. Ha Thoth, az \u00edr\u00e1s mestere el\u0151tt \u00edrnokk\u00e9nt azonos\u00edtja mag\u00e1t, arra utal, hogy Nefertari \u00edr\u00e1stud\u00f3 lehetett.<\/p>\n\n\n\n<p style=\"font-size:18px\">Magasan k\u00e9pzett \u00e9s befoly\u00e1sos szem\u00e9lyis\u00e9gk\u00e9nt Nefertari rendszeresen kommunik\u00e1lt a r\u00e9gi\u00f3 t\u00f6bbi kir\u00e1lyi csal\u00e1dj\u00e1val. P\u00e9ld\u00e1ul Puduhepa hettita kir\u00e1lyn\u0151vel folytatott levelez\u00e9se j\u00f3l dokument\u00e1lt, bemutatva a diplom\u00e1ciai kapcsolatok fenntart\u00e1s\u00e1ban \u00e9s a k\u00e9t kir\u00e1lys\u00e1g k\u00f6z\u00f6tti b\u00e9ke el\u0151mozd\u00edt\u00e1s\u00e1ban bet\u00f6lt\u00f6tt szerep\u00e9t. V\u00e9g\u00fcl II. Ramszesz nagy kir\u00e1lyi feles\u00e9gek\u00e9nt Nefertari d\u00f6nt\u0151 t\u00e1mogat\u00e1st ny\u00fajtott f\u00e9rj\u00e9nek a hatalmas egyiptomi birodalom ir\u00e1ny\u00edt\u00e1s\u00e1ban. Ez mag\u00e1ban foglalta a f\u00e1ra\u00f3nak politikai k\u00e9rd\u00e9sekben val\u00f3 tan\u00e1csad\u00e1s\u00e1t, a kir\u00e1lyi h\u00e1ztart\u00e1s fenntart\u00e1s\u00e1nak seg\u00edt\u00e9s\u00e9t, valamint a kir\u00e1lys\u00e1g stabilit\u00e1s\u00e1nak \u00e9s j\u00f3l\u00e9t\u00e9nek el\u0151mozd\u00edt\u00e1s\u00e1t.<\/p>\n\n\n\n<p style=\"font-size:19px\"><\/p>\n<\/div>\n\n\n\n<div class=\"wp-block-column is-layout-flow wp-block-column-is-layout-flow\" style=\"flex-basis:33.33%\">\n<figure class=\"wp-block-image size-large\"><img loading=\"lazy\" decoding=\"async\" width=\"681\" height=\"1024\" src=\"https:\/\/www.egyptforever.hu\/ildiko\/wp-content\/uploads\/2024\/01\/61676414-colossus-of-the-small-temple-of-nefertari-abu-simbel-egypt-681x1024.jpg\" alt=\"\" class=\"wp-image-8024\" srcset=\"https:\/\/www.egyptforever.hu\/ildiko\/wp-content\/uploads\/2024\/01\/61676414-colossus-of-the-small-temple-of-nefertari-abu-simbel-egypt-681x1024.jpg 681w, https:\/\/www.egyptforever.hu\/ildiko\/wp-content\/uploads\/2024\/01\/61676414-colossus-of-the-small-temple-of-nefertari-abu-simbel-egypt-200x300.jpg 200w, https:\/\/www.egyptforever.hu\/ildiko\/wp-content\/uploads\/2024\/01\/61676414-colossus-of-the-small-temple-of-nefertari-abu-simbel-egypt-768x1154.jpg 768w, https:\/\/www.egyptforever.hu\/ildiko\/wp-content\/uploads\/2024\/01\/61676414-colossus-of-the-small-temple-of-nefertari-abu-simbel-egypt.jpg 865w\" sizes=\"auto, (max-width: 681px) 100vw, 681px\" \/><\/figure>\n<\/div>\n<\/div>\n\n\n\n<div class=\"wp-block-columns is-layout-flex wp-container-core-columns-is-layout-9d6595d7 wp-block-columns-is-layout-flex\">\n<div class=\"wp-block-column is-layout-flow wp-block-column-is-layout-flow\">\n<p style=\"font-size:18px\">Nefertari temploma Abu Simbelben egy figyelemre m\u00e9lt\u00f3 eml\u00e9km\u0171, amelyet II. Ramszesz \u00e9p\u00edtett nagy kir\u00e1lyi feles\u00e9ge tisztelet\u00e9re. A nagyobb Abu Simbel templomegy\u00fcttes r\u00e9sze, amely D\u00e9l-Egyiptomban, a szud\u00e1ni hat\u00e1r k\u00f6zel\u00e9ben tal\u00e1lhat\u00f3. A komplexum k\u00e9t hatalmas szikl\u00e1ba v\u00e1jt templomb\u00f3l \u00e1ll \u2013 a Nagy Templomb\u00f3l, amelyet mag\u00e1nak II. Ramszesznek szenteltek, \u00e9s a Kis Templomb\u00f3l, amelyet Hathor templom\u00e1nak is neveznek, \u00e9s Nefertarinak szentelt\u00e9k.<\/p>\n<\/div>\n<\/div>\n\n\n\n<div class=\"wp-block-columns is-layout-flex wp-container-core-columns-is-layout-9d6595d7 wp-block-columns-is-layout-flex\">\n<div class=\"wp-block-column is-layout-flow wp-block-column-is-layout-flow\" style=\"flex-basis:33.33%\">\n<figure class=\"wp-block-image size-full\"><img loading=\"lazy\" decoding=\"async\" width=\"300\" height=\"450\" src=\"https:\/\/www.egyptforever.hu\/ildiko\/wp-content\/uploads\/2024\/01\/nefertari1.webp\" alt=\"\" class=\"wp-image-8025\" srcset=\"https:\/\/www.egyptforever.hu\/ildiko\/wp-content\/uploads\/2024\/01\/nefertari1.webp 300w, https:\/\/www.egyptforever.hu\/ildiko\/wp-content\/uploads\/2024\/01\/nefertari1-200x300.webp 200w\" sizes=\"auto, (max-width: 300px) 100vw, 300px\" \/><\/figure>\n<\/div>\n\n\n\n<div class=\"wp-block-column is-layout-flow wp-block-column-is-layout-flow\" style=\"flex-basis:66.66%\">\n<p style=\"font-size:18px\">A Hathor templomot Nefertari \u00e9s Hathor istenn\u0151 tisztelet\u00e9re \u00e9p\u00edtett\u00e9k, akit az anyas\u00e1ggal, a szerelemmel \u00e9s az \u00f6r\u00f6mmel hoztak \u00f6sszef\u00fcgg\u00e9sbe, \u00e9s kiv\u00e9teles p\u00e9lda a kir\u00e1lyn\u0151 tisztelet\u00e9re egy istens\u00e9g mellett, hangs\u00falyozva Nefertari kiemelked\u0151 szerep\u00e9t \u00e9s fontoss\u00e1g\u00e1t \u00e9lete sor\u00e1n. <\/p>\n\n\n\n<p style=\"font-size:18px\">Nefertari templom\u00e1nak homlokzat\u00e1n hat kolossz\u00e1lis szobor l\u00e1that\u00f3 \u2013 n\u00e9gy II. Ramszesz, kett\u0151 pedig Nefertarit \u00e1br\u00e1zolja. Mindegyik szobor k\u00f6r\u00fclbel\u00fcl 33 l\u00e1b (10 m\u00e9ter) magas. \u00c9rdemes megjegyezni, hogy Nefertari szobrai azonos m\u00e9ret\u0171ek II. Ramszesz szobraival, ami szokatlan az \u00f3kori egyiptomi m\u0171v\u00e9szetben, \u00e9s kiemeli Nefertari k\u00fcl\u00f6nleges st\u00e1tusz\u00e1t. <\/p>\n\n\n\n<p style=\"font-size:19px\"><\/p>\n<\/div>\n<\/div>\n\n\n\n<div class=\"wp-block-columns is-layout-flex wp-container-core-columns-is-layout-9d6595d7 wp-block-columns-is-layout-flex\">\n<div class=\"wp-block-column is-layout-flow wp-block-column-is-layout-flow\">\n<p style=\"font-size:18px\">A templom belseje egy f\u0151teremb\u0151l \u00e9s egy szent\u00e9lyb\u0151l \u00e1ll. A falakat gy\u00f6ny\u00f6r\u0171en faragott domborm\u0171vek \u00e9s feliratok d\u00edsz\u00edtik, amelyek Nefertari \u00e9s II. Ramszesz jeleneteit \u00e1br\u00e1zolj\u00e1k, akik felaj\u00e1nl\u00e1sokat tesznek az isteneknek. A szent\u00e9lyben h\u00e1rom szobor tal\u00e1lhat\u00f3, amelyek Hathort, Nefertarit \u00e9s II. Ramszesz \u00e1br\u00e1zolj\u00e1k, tov\u00e1bb hangs\u00falyozva a kir\u00e1lyn\u0151 \u00e9s az isteni kapcsolat kapcsolat\u00e1t.<\/p>\n<\/div>\n<\/div>\n\n\n\n<div class=\"wp-block-columns is-layout-flex wp-container-core-columns-is-layout-9d6595d7 wp-block-columns-is-layout-flex\">\n<div class=\"wp-block-column is-layout-flow wp-block-column-is-layout-flow\" style=\"flex-basis:66.66%\">\n<p style=\"font-size:18px\">Nefertari Abu Szimbeli templom\u00e1nak \u00e9p\u00edt\u00e9se nemcsak II. Ramszesz nagy kir\u00e1lyi feles\u00e9ge ir\u00e1nti elk\u00f6telezetts\u00e9g\u00e9t bizony\u00edtja, hanem betekint\u00e9st ny\u00fajt a n\u0151k szerep\u00e9be \u00e9s jelent\u0151s\u00e9g\u00e9be az \u00f3kori egyiptomi t\u00e1rsadalomban.<\/p>\n\n\n\n<p style=\"font-size:18px\">A m\u00e9rf\u00f6ldeken kereszt\u00fcl l\u00e1that\u00f3 Ramszesz \u00e9s Nefertari templomai \u00e9s hatalmas szobrai csod\u00e1lkoz\u00e1ssal \u00e9s \u00e1h\u00edtattal t\u00f6lt\u00f6tt\u00e9k el az utaz\u00f3kat \u2013 \u00e9ppen az a reakci\u00f3, amire Ramszesz v\u00e1gyott, \u00e9s m\u00e9lt\u00f3 tisztelg\u00e9s a hatalmas f\u00e1ra\u00f3 \u00e9s szeretett feles\u00e9ge, Nefertari el\u0151tt.<\/p>\n\n\n\n<p style=\"font-size:18px\"><\/p>\n<\/div>\n\n\n\n<div class=\"wp-block-column is-layout-flow wp-block-column-is-layout-flow\" style=\"flex-basis:33.33%\">\n<figure class=\"wp-block-image size-large\"><img loading=\"lazy\" decoding=\"async\" width=\"959\" height=\"1024\" src=\"https:\/\/www.egyptforever.hu\/ildiko\/wp-content\/uploads\/2024\/01\/Nefertariworship1-959x1024.jpg\" alt=\"\" class=\"wp-image-8026\" srcset=\"https:\/\/www.egyptforever.hu\/ildiko\/wp-content\/uploads\/2024\/01\/Nefertariworship1-959x1024.jpg 959w, https:\/\/www.egyptforever.hu\/ildiko\/wp-content\/uploads\/2024\/01\/Nefertariworship1-281x300.jpg 281w, https:\/\/www.egyptforever.hu\/ildiko\/wp-content\/uploads\/2024\/01\/Nefertariworship1-768x820.jpg 768w, https:\/\/www.egyptforever.hu\/ildiko\/wp-content\/uploads\/2024\/01\/Nefertariworship1-1439x1536.jpg 1439w, https:\/\/www.egyptforever.hu\/ildiko\/wp-content\/uploads\/2024\/01\/Nefertariworship1-1918x2048.jpg 1918w\" sizes=\"auto, (max-width: 959px) 100vw, 959px\" \/><\/figure>\n<\/div>\n<\/div>\n\n\n\n<div class=\"wp-block-columns is-layout-flex wp-container-core-columns-is-layout-9d6595d7 wp-block-columns-is-layout-flex\">\n<div class=\"wp-block-column is-layout-flow wp-block-column-is-layout-flow\">\n<div class=\"wp-block-columns is-layout-flex wp-container-core-columns-is-layout-9d6595d7 wp-block-columns-is-layout-flex\">\n<div class=\"wp-block-column is-layout-flow wp-block-column-is-layout-flow\">\n<p style=\"font-size:18px\">Nefertari s\u00edrj\u00e1t Ernesto Schiaparelli olasz r\u00e9g\u00e9sz fedezte fel 1904-ben. Felt\u00e1r\u00e1sakor azt tal\u00e1lt\u00e1k, hogy t\u00f6bbnyire h\u00e1bor\u00edtatlan, ami lehet\u0151v\u00e9 tette tartalm\u00e1nak \u00e9s szerkezet\u00e9nek r\u00e9szletes vizsg\u00e1lat\u00e1t. A s\u00edr fontoss\u00e1ga \u00e9s s\u00e9r\u00fcl\u00e9keny \u00e1llapota miatt k\u00fcl\u00f6nf\u00e9le \u00e1llagmeg\u00f3v\u00e1si er\u0151fesz\u00edt\u00e9sek t\u00f6rt\u00e9ntek meg\u0151rz\u00e9se \u00e9rdek\u00e9ben. Ma a s\u00edrhoz val\u00f3 hozz\u00e1f\u00e9r\u00e9s korl\u00e1tozott, \u00e9s kl\u00edmaszab\u00e1lyoz\u00e1si int\u00e9zked\u00e9seket vezettek be a p\u00e1ratartalom \u00e9s a h\u0151m\u00e9rs\u00e9klet-ingadoz\u00e1sok okozta k\u00e1rok minimaliz\u00e1l\u00e1sa \u00e9rdek\u00e9ben.<\/p>\n<\/div>\n<\/div>\n<\/div>\n<\/div>\n\n\n\n<p><em>2024. janu\u00e1r 2. <\/em>&#8211; <em>K\u00f3sa Ildk\u00f3 (Egypt Forever)<\/em><\/p>\n<div style='text-align:right' class='yasr-auto-insert-overall'><\/div><div style='text-align:right' class='yasr-auto-insert-visitor'><\/div>","protected":false},"excerpt":{"rendered":"<p>Keveset tudunk Nefertarir\u00f3l, Nagy Ramszesz els\u0151 f\u0151kir\u00e1lyn\u0151j\u00e9r\u0151l, de leny\u0171g\u00f6z\u0151 s\u00edrja \u00e9kes bizony\u00edt\u00e9ka annak, hogy f\u00e9rje milyen nagy tiszteletben tartotta \u0151t. Nefertari, II. Ramszesz kir\u00e1lyi feles\u00e9ge egyed\u00fcl\u00e1ll\u00f3 helyet foglal el az \u00f3kori egyiptomi<a class=\"moretag\" href=\"https:\/\/www.egyptforever.hu\/ildiko\/?p=8014\">Tov\u00e1bbi inform\u00e1ci\u00f3\u2026<\/a><\/p>\n","protected":false},"author":1,"featured_media":8027,"comment_status":"closed","ping_status":"open","sticky":false,"template":"","format":"standard","meta":{"om_disable_all_campaigns":false,"_monsterinsights_skip_tracking":false,"_monsterinsights_sitenote_active":false,"_monsterinsights_sitenote_note":"","_monsterinsights_sitenote_category":0,"yasr_overall_rating":0,"yasr_post_is_review":"","yasr_auto_insert_disabled":"","yasr_review_type":"","footnotes":""},"categories":[36,24],"tags":[68,129,339,66,220,48,103,54],"class_list":["post-8014","post","type-post","status-publish","format-standard","has-post-thumbnail","hentry","category-egyiptom-muveszete","category-egyiptom-tortenelme","tag-abu-szimbel","tag-ii-ramszesz","tag-kiralynok","tag-luxor","tag-nefertari","tag-okori-egyiptom","tag-thebai-nekropolis","tag-ujbirodalom"],"aioseo_notices":[],"yasr_visitor_votes":{"stars_attributes":{"read_only":false,"span_bottom":false},"number_of_votes":2,"sum_votes":10},"_links":{"self":[{"href":"https:\/\/www.egyptforever.hu\/ildiko\/index.php?rest_route=\/wp\/v2\/posts\/8014","targetHints":{"allow":["GET"]}}],"collection":[{"href":"https:\/\/www.egyptforever.hu\/ildiko\/index.php?rest_route=\/wp\/v2\/posts"}],"about":[{"href":"https:\/\/www.egyptforever.hu\/ildiko\/index.php?rest_route=\/wp\/v2\/types\/post"}],"author":[{"embeddable":true,"href":"https:\/\/www.egyptforever.hu\/ildiko\/index.php?rest_route=\/wp\/v2\/users\/1"}],"replies":[{"embeddable":true,"href":"https:\/\/www.egyptforever.hu\/ildiko\/index.php?rest_route=%2Fwp%2Fv2%2Fcomments&post=8014"}],"version-history":[{"count":5,"href":"https:\/\/www.egyptforever.hu\/ildiko\/index.php?rest_route=\/wp\/v2\/posts\/8014\/revisions"}],"predecessor-version":[{"id":9087,"href":"https:\/\/www.egyptforever.hu\/ildiko\/index.php?rest_route=\/wp\/v2\/posts\/8014\/revisions\/9087"}],"wp:featuredmedia":[{"embeddable":true,"href":"https:\/\/www.egyptforever.hu\/ildiko\/index.php?rest_route=\/wp\/v2\/media\/8027"}],"wp:attachment":[{"href":"https:\/\/www.egyptforever.hu\/ildiko\/index.php?rest_route=%2Fwp%2Fv2%2Fmedia&parent=8014"}],"wp:term":[{"taxonomy":"category","embeddable":true,"href":"https:\/\/www.egyptforever.hu\/ildiko\/index.php?rest_route=%2Fwp%2Fv2%2Fcategories&post=8014"},{"taxonomy":"post_tag","embeddable":true,"href":"https:\/\/www.egyptforever.hu\/ildiko\/index.php?rest_route=%2Fwp%2Fv2%2Ftags&post=8014"}],"curies":[{"name":"wp","href":"https:\/\/api.w.org\/{rel}","templated":true}]}}