{"id":8868,"date":"2024-02-17T16:52:27","date_gmt":"2024-02-17T15:52:27","guid":{"rendered":"https:\/\/www.egyptforever.hu\/ildiko\/?p=8868"},"modified":"2024-06-04T15:03:58","modified_gmt":"2024-06-04T13:03:58","slug":"wadi-es-sebua-temploma","status":"publish","type":"post","link":"https:\/\/www.egyptforever.hu\/ildiko\/?p=8868","title":{"rendered":"Wadi es-Sebua temploma"},"content":{"rendered":"\n<div class=\"wp-block-columns is-layout-flex wp-container-core-columns-is-layout-9d6595d7 wp-block-columns-is-layout-flex\">\n<div class=\"wp-block-column is-layout-flow wp-block-column-is-layout-flow\">\n<figure class=\"wp-block-image size-full\"><img loading=\"lazy\" decoding=\"async\" width=\"960\" height=\"720\" src=\"https:\/\/www.egyptforever.hu\/ildiko\/wp-content\/uploads\/2024\/02\/10177318_537048866430809_2696924827260206361_n.jpg\" alt=\"\" class=\"wp-image-8869\" srcset=\"https:\/\/www.egyptforever.hu\/ildiko\/wp-content\/uploads\/2024\/02\/10177318_537048866430809_2696924827260206361_n.jpg 960w, https:\/\/www.egyptforever.hu\/ildiko\/wp-content\/uploads\/2024\/02\/10177318_537048866430809_2696924827260206361_n-300x225.jpg 300w, https:\/\/www.egyptforever.hu\/ildiko\/wp-content\/uploads\/2024\/02\/10177318_537048866430809_2696924827260206361_n-768x576.jpg 768w\" sizes=\"auto, (max-width: 960px) 100vw, 960px\" \/><\/figure>\n<\/div>\n\n\n\n<div class=\"wp-block-column is-layout-flow wp-block-column-is-layout-flow\">\n<figure class=\"wp-block-image size-full\"><img loading=\"lazy\" decoding=\"async\" width=\"960\" height=\"720\" src=\"https:\/\/www.egyptforever.hu\/ildiko\/wp-content\/uploads\/2024\/02\/1012967_537049046430791_5587274676163901068_n.jpg\" alt=\"\" class=\"wp-image-8870\" srcset=\"https:\/\/www.egyptforever.hu\/ildiko\/wp-content\/uploads\/2024\/02\/1012967_537049046430791_5587274676163901068_n.jpg 960w, https:\/\/www.egyptforever.hu\/ildiko\/wp-content\/uploads\/2024\/02\/1012967_537049046430791_5587274676163901068_n-300x225.jpg 300w, https:\/\/www.egyptforever.hu\/ildiko\/wp-content\/uploads\/2024\/02\/1012967_537049046430791_5587274676163901068_n-768x576.jpg 768w\" sizes=\"auto, (max-width: 960px) 100vw, 960px\" \/><\/figure>\n<\/div>\n<\/div>\n\n\n\n<div class=\"wp-block-columns is-layout-flex wp-container-core-columns-is-layout-9d6595d7 wp-block-columns-is-layout-flex\">\n<div class=\"wp-block-column is-layout-flow wp-block-column-is-layout-flow\">\n<p style=\"font-size:21px\">1961 \u00e9s 1965 k\u00f6z\u00f6tt Asszu\u00e1nt\u00f3l d\u00e9lre sz\u00e1mos szent\u00e9lyt megmentettek a  Nasszer-t\u00f3 \u00e1rad\u00e1s\u00e1t\u00f3l \u00e9s \u00e1ll\u00edtott\u00e1k fel \u00faj \u00e9s biztons\u00e1gos helyen. Ilyen Wadi es-Sebua-i templomegy\u00fcttes, melyet uralkod\u00f3i parancsra Szetau, N\u00fabia alkir\u00e1lya \u00e9p\u00edtettett. Ramszesz Amon temploma k\u00f6zvetlen\u00fcl a foly\u00f3parton \u00e9p\u00fclt, \u00edgy rakpartk\u00e9nt vagy haj\u00f3k pihen\u0151helyek\u00e9nt haszn\u00e1lt\u00e1k. A helyi arabok, az els\u0151 templom bej\u00e1rat\u00e1t szeg\u00e9lyez\u0151 szfinxek k\u0151szobrai miatt, \u201eWadi es-Sebua\u201d-nak vagy az Oroszl\u00e1nok V\u00f6lgy\u00e9nek keresztelt\u00e9k el a helyet. <\/p>\n\n\n\n<p style=\"font-size:21px\">A templom h\u00e1rom k\u00fcl\u00f6n\u00e1ll\u00f3 r\u00e9szb\u0151l \u00e1llt: k\u00e9t nyitott udvarb\u00f3l, amiket szfinxekkel d\u00edsz\u00edtettek, egy nagy bels\u0151 udvarb\u00f3l oziriszoszlopokkal \u00e9s a szikl\u00e1ba v\u00e1jt templomb\u00f3l. Ez a templom teh\u00e1t \u201er\u00e9szben szabadon \u00e1ll\u00f3, r\u00e9szben szikl\u00e1ba v\u00e1jt\u201d. A templomnak egykor h\u00e1rom oszlopa volt. Az els\u0151 kett\u0151 azonban gyeng\u00e9bb min\u0151s\u00e9g\u0171 n\u00edlusi iszapt\u00e9gl\u00e1b\u00f3l k\u00e9sz\u00fclt, \u00e9s az\u00f3ta \u00f6sszeomlott. Csak a k\u0151kapu \u00e1tj\u00e1r\u00f3ja maradt fenn rajtuk. Az els\u0151 torony t\u00faloldal\u00e1n megjelenik az els\u0151 udvar k\u00e9t emberfej\u0171 szfinxszel, a f\u00e1ra\u00f3 k\u00e9t szobra k\u00eds\u00e9ret\u00e9ben, amik eredetileg a folyos\u00f3 k\u00e9t oldal\u00e1n \u00e1lltak. Csak II. Ramszesz bal oldali szobra maradt itt, m\u00edg a m\u00e1sik szobor most a sivatagban fekszik. \u00a0A m\u00e1sodik p\u00fclonon t\u00fal egy m\u00e1sodik udvar jelenik meg n\u00e9gy s\u00f3lyomfej\u0171 szfinxszel, melyek H\u00f3ruszt jelk\u00e9pezik. Az alapjukon egy felirat \u00e1ll: Ramszesz: <em>\u201eSed-\u00fcnnepek ura, mint Ptah apja\u201d<\/em> \u2013 ez a f\u00e1ra\u00f3 hossz\u00fa \u00e9let\u00e9nek v\u00e1gy\u00e1ra utal, ami m\u00e1r a m\u00e1sodik ajt\u00f3 maradv\u00e1nyain is megfogalmaz\u00f3dott: <em>\u201eRams\u00e8s-Meryamun, Sed-fesztiv\u00e1lok ura, mint Ptah.&#8221;<\/em> K\u00f6zvetlen\u00fcl a harmadik ter\u00fcletre val\u00f3 bel\u00e9p\u00e9s el\u0151tt II. Ramszesz n\u00e9gy kolossz\u00e1lis szobra t\u0171nik fel, melyek k\u00f6z\u00fcl ma m\u00e1r csak egy szobor \u00e1ll. A falat hagyom\u00e1nyos egyiptomi st\u00edlus d\u00edsz\u00edti, mikor a f\u00e1ra\u00f3 les\u00fajt ellens\u00e9geire, \u00e9s felaj\u00e1nl\u00e1sokat tesz az isteneknek, bele\u00e9rtve \u00f6nmag\u00e1t is.<\/p>\n\n\n\n<div class=\"wp-block-columns is-layout-flex wp-container-core-columns-is-layout-9d6595d7 wp-block-columns-is-layout-flex\">\n<div class=\"wp-block-column is-layout-flow wp-block-column-is-layout-flow\">\n<figure class=\"wp-block-image size-full\"><img loading=\"lazy\" decoding=\"async\" width=\"800\" height=\"533\" src=\"https:\/\/www.egyptforever.hu\/ildiko\/wp-content\/uploads\/2024\/02\/10801639_537056999763329_1310348375945556801_n.jpg\" alt=\"\" class=\"wp-image-8871\" srcset=\"https:\/\/www.egyptforever.hu\/ildiko\/wp-content\/uploads\/2024\/02\/10801639_537056999763329_1310348375945556801_n.jpg 800w, https:\/\/www.egyptforever.hu\/ildiko\/wp-content\/uploads\/2024\/02\/10801639_537056999763329_1310348375945556801_n-300x200.jpg 300w, https:\/\/www.egyptforever.hu\/ildiko\/wp-content\/uploads\/2024\/02\/10801639_537056999763329_1310348375945556801_n-768x512.jpg 768w\" sizes=\"auto, (max-width: 800px) 100vw, 800px\" \/><\/figure>\n<\/div>\n\n\n\n<div class=\"wp-block-column is-layout-flow wp-block-column-is-layout-flow\">\n<figure class=\"wp-block-image size-full\"><img loading=\"lazy\" decoding=\"async\" width=\"800\" height=\"533\" src=\"https:\/\/www.egyptforever.hu\/ildiko\/wp-content\/uploads\/2024\/02\/1888736_537056796430016_8669597601255682584_n.jpg\" alt=\"\" class=\"wp-image-8872\" srcset=\"https:\/\/www.egyptforever.hu\/ildiko\/wp-content\/uploads\/2024\/02\/1888736_537056796430016_8669597601255682584_n.jpg 800w, https:\/\/www.egyptforever.hu\/ildiko\/wp-content\/uploads\/2024\/02\/1888736_537056796430016_8669597601255682584_n-300x200.jpg 300w, https:\/\/www.egyptforever.hu\/ildiko\/wp-content\/uploads\/2024\/02\/1888736_537056796430016_8669597601255682584_n-768x512.jpg 768w\" sizes=\"auto, (max-width: 800px) 100vw, 800px\" \/><\/figure>\n<\/div>\n<\/div>\n<\/div>\n<\/div>\n\n\n\n<div class=\"wp-block-columns is-layout-flex wp-container-core-columns-is-layout-9d6595d7 wp-block-columns-is-layout-flex\">\n<div class=\"wp-block-column is-layout-flow wp-block-column-is-layout-flow\">\n<p style=\"font-size:21px\">A m\u00e1sodik udvarb\u00f3l l\u00e9pcs\u0151 vezet a magasabbra helyezett bej\u00e1rati p\u00fclonhoz, ami ut\u00e1n k\u00f6vetkezik egy nagy udvar. Szokatlan a szikl\u00e1ba v\u00e1gott pill\u00e9res csarnok fel\u00e9p\u00edt\u00e9se, amit 12 tart\u00f3elem t\u00f6lt ki. A k\u00f6vetkez\u0151 keresztcsarnokb\u00f3l az \u00fat  az el\u0151szoba k\u00e9t oldals\u00f3 helyis\u00e9gbe, k\u00e9t oldalk\u00e1poln\u00e1ba \u00e9s a szent\u00e9lybe ny\u00edlik&#8221;. B\u00e1r a szent\u00e9ly f\u00fclk\u00e9iben l\u00e9v\u0151 szobrok megsemmis\u00fcltek, k\u00e9ts\u00e9gtelen\u00fcl Amon-R\u00e9t, Re-Harakhtit \u00e9s mag\u00e1t II. Ramszeszt \u00e1br\u00e1zolt\u00e1k. A Wadi es-Sebua-i nagyobb templom meglehet\u0151sen durva n\u00fabiai st\u00edlusban \u00e9p\u00fclt, mely st\u00edlus II. Ramszesz n\u00e9h\u00e1ny nagyobb \u00e9p\u00fclet\u00e9t jellemezte.<\/p>\n\n\n\n<div class=\"wp-block-columns is-layout-flex wp-container-core-columns-is-layout-9d6595d7 wp-block-columns-is-layout-flex\">\n<div class=\"wp-block-column is-layout-flow wp-block-column-is-layout-flow\">\n<figure class=\"wp-block-image size-full\"><img loading=\"lazy\" decoding=\"async\" width=\"720\" height=\"960\" src=\"https:\/\/www.egyptforever.hu\/ildiko\/wp-content\/uploads\/2024\/02\/10802075_537049006430795_1160186228264949591_n.jpg\" alt=\"\" class=\"wp-image-8873\" srcset=\"https:\/\/www.egyptforever.hu\/ildiko\/wp-content\/uploads\/2024\/02\/10802075_537049006430795_1160186228264949591_n.jpg 720w, https:\/\/www.egyptforever.hu\/ildiko\/wp-content\/uploads\/2024\/02\/10802075_537049006430795_1160186228264949591_n-225x300.jpg 225w\" sizes=\"auto, (max-width: 720px) 100vw, 720px\" \/><\/figure>\n<\/div>\n\n\n\n<div class=\"wp-block-column is-layout-flow wp-block-column-is-layout-flow\">\n<figure class=\"wp-block-image size-full\"><img loading=\"lazy\" decoding=\"async\" width=\"720\" height=\"960\" src=\"https:\/\/www.egyptforever.hu\/ildiko\/wp-content\/uploads\/2024\/02\/1912514_537048916430804_8099953153801048000_n.jpg\" alt=\"\" class=\"wp-image-8874\" srcset=\"https:\/\/www.egyptforever.hu\/ildiko\/wp-content\/uploads\/2024\/02\/1912514_537048916430804_8099953153801048000_n.jpg 720w, https:\/\/www.egyptforever.hu\/ildiko\/wp-content\/uploads\/2024\/02\/1912514_537048916430804_8099953153801048000_n-225x300.jpg 225w\" sizes=\"auto, (max-width: 720px) 100vw, 720px\" \/><\/figure>\n<\/div>\n<\/div>\n\n\n\n<p style=\"font-size:21px\">Az  5. sz\u00e1zadban a templomot kereszt\u00e9ny templomm\u00e1 alak\u00edtott\u00e1k \u00e1t. A templom n\u00e9h\u00e1ny domborm\u0171v\u00e9t vakolatr\u00e9teg bor\u00edtotta, ahol festett istenk\u00e9peket k\u00e9sz\u00edtettek. Ez a r\u00e9teg seg\u00edtett meg\u0151rizni az ut\u00f3kor sz\u00e1m\u00e1ra az eredeti domborm\u0171veket. Erre a a legjobb p\u00e9ld\u00e1k Ramszesz templom\u00e1nak szent\u00e9ly\u00e9ben \u00e9s a hozz\u00e1 kapcsol\u00f3d\u00f3 k\u00e1poln\u00e1kban tal\u00e1lhat\u00f3k, ahol a sz\u00ednes jelenetek Ramszesz, Amun-R\u00e9 \u00e9s R\u00e9-Horakhty szent cs\u00f3nakjait im\u00e1dj\u00e1k. Van egy \u00e9rdekes jelenet a Wadi es-Sebua templom k\u00f6zponti f\u00fclk\u00e9j\u00e9ben is, ahol Amun \u00e9s R\u00e9-Horakhty k\u00e9t szobr\u00e1t l\u00e1thatjuk, melyek II. Ramszesz mellett \u00e1lltak, k\u00e9s\u0151bbi kereszt\u00e9ny h\u00edvek let\u00f6rt\u00e9k, \u00e9s hely\u00fckre Szent P\u00e9ter k\u00e9p\u00e9t helyezt\u00e9k. Amikor elt\u00e1vol\u00edtott\u00e1k a gipszbevonatot a faragott domborm\u0171vekr\u0151l, egy bizarr k\u00e9p jelenik meg, amint II. Ramszesz vir\u00e1gokat aj\u00e1nl Amon helyette Szent P\u00e9ternek.<\/p>\n<\/div>\n<\/div>\n\n\n\n<div class=\"wp-block-columns is-layout-flex wp-container-core-columns-is-layout-9d6595d7 wp-block-columns-is-layout-flex\">\n<div class=\"wp-block-column is-layout-flow wp-block-column-is-layout-flow\">\n<figure class=\"wp-block-image size-full\"><img loading=\"lazy\" decoding=\"async\" width=\"960\" height=\"720\" src=\"https:\/\/www.egyptforever.hu\/ildiko\/wp-content\/uploads\/2024\/02\/33675274_1210623045740051_8721545304916099072_n.jpg\" alt=\"\" class=\"wp-image-8875\" srcset=\"https:\/\/www.egyptforever.hu\/ildiko\/wp-content\/uploads\/2024\/02\/33675274_1210623045740051_8721545304916099072_n.jpg 960w, https:\/\/www.egyptforever.hu\/ildiko\/wp-content\/uploads\/2024\/02\/33675274_1210623045740051_8721545304916099072_n-300x225.jpg 300w, https:\/\/www.egyptforever.hu\/ildiko\/wp-content\/uploads\/2024\/02\/33675274_1210623045740051_8721545304916099072_n-768x576.jpg 768w\" sizes=\"auto, (max-width: 960px) 100vw, 960px\" \/><\/figure>\n<\/div>\n\n\n\n<div class=\"wp-block-column is-layout-flow wp-block-column-is-layout-flow\">\n<figure class=\"wp-block-image size-full\"><img loading=\"lazy\" decoding=\"async\" width=\"960\" height=\"720\" src=\"https:\/\/www.egyptforever.hu\/ildiko\/wp-content\/uploads\/2024\/02\/33609377_1210623079073381_3067530243406299136_n.jpg\" alt=\"\" class=\"wp-image-8876\" srcset=\"https:\/\/www.egyptforever.hu\/ildiko\/wp-content\/uploads\/2024\/02\/33609377_1210623079073381_3067530243406299136_n.jpg 960w, https:\/\/www.egyptforever.hu\/ildiko\/wp-content\/uploads\/2024\/02\/33609377_1210623079073381_3067530243406299136_n-300x225.jpg 300w, https:\/\/www.egyptforever.hu\/ildiko\/wp-content\/uploads\/2024\/02\/33609377_1210623079073381_3067530243406299136_n-768x576.jpg 768w\" sizes=\"auto, (max-width: 960px) 100vw, 960px\" \/><\/figure>\n<\/div>\n<\/div>\n\n\n\n<div class=\"wp-block-columns is-layout-flex wp-container-core-columns-is-layout-9d6595d7 wp-block-columns-is-layout-flex\">\n<div class=\"wp-block-column is-layout-flow wp-block-column-is-layout-flow\"><div class=\"wp-block-image\">\n<figure class=\"aligncenter size-full is-resized\"><img loading=\"lazy\" decoding=\"async\" width=\"800\" height=\"533\" src=\"https:\/\/www.egyptforever.hu\/ildiko\/wp-content\/uploads\/2024\/02\/10628385_545307078938321_1641418068688355629_n.jpg\" alt=\"\" class=\"wp-image-8877\" style=\"width:1181px;height:auto\" srcset=\"https:\/\/www.egyptforever.hu\/ildiko\/wp-content\/uploads\/2024\/02\/10628385_545307078938321_1641418068688355629_n.jpg 800w, https:\/\/www.egyptforever.hu\/ildiko\/wp-content\/uploads\/2024\/02\/10628385_545307078938321_1641418068688355629_n-300x200.jpg 300w, https:\/\/www.egyptforever.hu\/ildiko\/wp-content\/uploads\/2024\/02\/10628385_545307078938321_1641418068688355629_n-768x512.jpg 768w\" sizes=\"auto, (max-width: 800px) 100vw, 800px\" \/><\/figure>\n<\/div><\/div>\n<\/div>\n\n\n\n<div class=\"wp-block-columns is-layout-flex wp-container-core-columns-is-layout-9d6595d7 wp-block-columns-is-layout-flex\">\n<div class=\"wp-block-column is-layout-flow wp-block-column-is-layout-flow\">\n<figure class=\"wp-block-image size-full\"><img loading=\"lazy\" decoding=\"async\" width=\"800\" height=\"533\" src=\"https:\/\/www.egyptforever.hu\/ildiko\/wp-content\/uploads\/2024\/02\/10430846_545307082271654_8409445732997862363_n.jpg\" alt=\"\" class=\"wp-image-8878\" srcset=\"https:\/\/www.egyptforever.hu\/ildiko\/wp-content\/uploads\/2024\/02\/10430846_545307082271654_8409445732997862363_n.jpg 800w, https:\/\/www.egyptforever.hu\/ildiko\/wp-content\/uploads\/2024\/02\/10430846_545307082271654_8409445732997862363_n-300x200.jpg 300w, https:\/\/www.egyptforever.hu\/ildiko\/wp-content\/uploads\/2024\/02\/10430846_545307082271654_8409445732997862363_n-768x512.jpg 768w\" sizes=\"auto, (max-width: 800px) 100vw, 800px\" \/><\/figure>\n<\/div>\n\n\n\n<div class=\"wp-block-column is-layout-flow wp-block-column-is-layout-flow\">\n<figure class=\"wp-block-image size-full\"><img loading=\"lazy\" decoding=\"async\" width=\"800\" height=\"533\" src=\"https:\/\/www.egyptforever.hu\/ildiko\/wp-content\/uploads\/2024\/02\/1475876_545307075604988_5511944603164634396_n.jpg\" alt=\"\" class=\"wp-image-8879\" srcset=\"https:\/\/www.egyptforever.hu\/ildiko\/wp-content\/uploads\/2024\/02\/1475876_545307075604988_5511944603164634396_n.jpg 800w, https:\/\/www.egyptforever.hu\/ildiko\/wp-content\/uploads\/2024\/02\/1475876_545307075604988_5511944603164634396_n-300x200.jpg 300w, https:\/\/www.egyptforever.hu\/ildiko\/wp-content\/uploads\/2024\/02\/1475876_545307075604988_5511944603164634396_n-768x512.jpg 768w\" sizes=\"auto, (max-width: 800px) 100vw, 800px\" \/><\/figure>\n<\/div>\n<\/div>\n\n\n\n<div class=\"wp-block-columns is-layout-flex wp-container-core-columns-is-layout-9d6595d7 wp-block-columns-is-layout-flex\">\n<div class=\"wp-block-column is-layout-flow wp-block-column-is-layout-flow\">\n<p style=\"font-size:21px\">Az asszu\u00e1ni Nagy G\u00e1t \u00e9p\u00edt\u00e9se el\u0151tti id\u0151kben az \u00e9venk\u00e9nti \u00e1rad\u00e1s idej\u00e9n az emelked\u0151 v\u00edzszint a m\u00e9lyebben fekv\u0151 udvarokat el\u00e1rasztotta, eg\u00e9szen II. Ramszesz szfinxszobr\u00e1ig, \u00e9s a templom mint egy k\u0151sziget, emelkedett a v\u00edzt\u00fck\u00f6r f\u00f6l\u00e9. Az els\u0151 udvarban \u00e1llnak az uralkod\u00f3 homokk\u0151b\u0151l k\u00e9sz\u00fclt szfinxszobrai, alapk\u00f6veiken a kir\u00e1lyi c\u00edmeket felsorolva. Az uralkod\u00f3i szfinxek nemezkend\u0151t, kett\u0151s koron\u00e1t \u00e9s \u00e1lszak\u00e1llt viselnek. Ezt a klasszikus oroszl\u00e1n test-ember fej szfinxt\u00edpust a m\u00e1sodik udvarban egy ritka v\u00e1ltozat v\u00e1ltja fel, ahol az oroszl\u00e1n testeken s\u00f3lyomfejek l\u00e1that\u00f3k, mutatva az uralkod\u00f3 \u00e9s maga a templom a napistenhez, R\u00e9- Haraktyhoz f\u0171z\u0151d\u0151 kapcsolat\u00e1t.<\/p>\n<\/div>\n<\/div>\n\n\n\n<div class=\"wp-block-columns is-layout-flex wp-container-core-columns-is-layout-9d6595d7 wp-block-columns-is-layout-flex\">\n<div class=\"wp-block-column is-layout-flow wp-block-column-is-layout-flow\">\n<figure class=\"wp-block-image size-full\"><img loading=\"lazy\" decoding=\"async\" width=\"720\" height=\"960\" src=\"https:\/\/www.egyptforever.hu\/ildiko\/wp-content\/uploads\/2024\/02\/10377444_537056919763337_8556573131761775321_n.jpg\" alt=\"\" class=\"wp-image-8880\" srcset=\"https:\/\/www.egyptforever.hu\/ildiko\/wp-content\/uploads\/2024\/02\/10377444_537056919763337_8556573131761775321_n.jpg 720w, https:\/\/www.egyptforever.hu\/ildiko\/wp-content\/uploads\/2024\/02\/10377444_537056919763337_8556573131761775321_n-225x300.jpg 225w\" sizes=\"auto, (max-width: 720px) 100vw, 720px\" \/><\/figure>\n<\/div>\n\n\n\n<div class=\"wp-block-column is-layout-flow wp-block-column-is-layout-flow\">\n<figure class=\"wp-block-image size-full\"><img loading=\"lazy\" decoding=\"async\" width=\"720\" height=\"960\" src=\"https:\/\/www.egyptforever.hu\/ildiko\/wp-content\/uploads\/2024\/02\/10806451_537048923097470_838953947842254665_n.jpg\" alt=\"\" class=\"wp-image-8881\" srcset=\"https:\/\/www.egyptforever.hu\/ildiko\/wp-content\/uploads\/2024\/02\/10806451_537048923097470_838953947842254665_n.jpg 720w, https:\/\/www.egyptforever.hu\/ildiko\/wp-content\/uploads\/2024\/02\/10806451_537048923097470_838953947842254665_n-225x300.jpg 225w\" sizes=\"auto, (max-width: 720px) 100vw, 720px\" \/><\/figure>\n<\/div>\n<\/div>\n\n\n\n<div class=\"wp-block-columns is-layout-flex wp-container-core-columns-is-layout-9d6595d7 wp-block-columns-is-layout-flex\">\n<div class=\"wp-block-column is-layout-flow wp-block-column-is-layout-flow\"><div class=\"wp-block-image\">\n<figure class=\"aligncenter size-full is-resized\"><img loading=\"lazy\" decoding=\"async\" width=\"960\" height=\"720\" src=\"https:\/\/www.egyptforever.hu\/ildiko\/wp-content\/uploads\/2024\/02\/10407096_537056873096675_1013540259547110778_n.jpg\" alt=\"\" class=\"wp-image-8882\" style=\"width:1152px;height:auto\" srcset=\"https:\/\/www.egyptforever.hu\/ildiko\/wp-content\/uploads\/2024\/02\/10407096_537056873096675_1013540259547110778_n.jpg 960w, https:\/\/www.egyptforever.hu\/ildiko\/wp-content\/uploads\/2024\/02\/10407096_537056873096675_1013540259547110778_n-300x225.jpg 300w, https:\/\/www.egyptforever.hu\/ildiko\/wp-content\/uploads\/2024\/02\/10407096_537056873096675_1013540259547110778_n-768x576.jpg 768w\" sizes=\"auto, (max-width: 960px) 100vw, 960px\" \/><\/figure>\n<\/div><\/div>\n<\/div>\n\n\n\n<div class=\"wp-block-columns is-layout-flex wp-container-core-columns-is-layout-9d6595d7 wp-block-columns-is-layout-flex\">\n<div class=\"wp-block-column is-layout-flow wp-block-column-is-layout-flow\">\n<figure class=\"wp-block-image size-full\"><img loading=\"lazy\" decoding=\"async\" width=\"960\" height=\"720\" src=\"https:\/\/www.egyptforever.hu\/ildiko\/wp-content\/uploads\/2024\/02\/10675800_537049029764126_8275543922519372224_n.jpg\" alt=\"\" class=\"wp-image-8883\" srcset=\"https:\/\/www.egyptforever.hu\/ildiko\/wp-content\/uploads\/2024\/02\/10675800_537049029764126_8275543922519372224_n.jpg 960w, https:\/\/www.egyptforever.hu\/ildiko\/wp-content\/uploads\/2024\/02\/10675800_537049029764126_8275543922519372224_n-300x225.jpg 300w, https:\/\/www.egyptforever.hu\/ildiko\/wp-content\/uploads\/2024\/02\/10675800_537049029764126_8275543922519372224_n-768x576.jpg 768w\" sizes=\"auto, (max-width: 960px) 100vw, 960px\" \/><\/figure>\n<\/div>\n\n\n\n<div class=\"wp-block-column is-layout-flow wp-block-column-is-layout-flow\">\n<figure class=\"wp-block-image size-full\"><img loading=\"lazy\" decoding=\"async\" width=\"800\" height=\"533\" src=\"https:\/\/www.egyptforever.hu\/ildiko\/wp-content\/uploads\/2024\/02\/10806410_537056813096681_3296135393532435327_n.jpg\" alt=\"\" class=\"wp-image-8884\" srcset=\"https:\/\/www.egyptforever.hu\/ildiko\/wp-content\/uploads\/2024\/02\/10806410_537056813096681_3296135393532435327_n.jpg 800w, https:\/\/www.egyptforever.hu\/ildiko\/wp-content\/uploads\/2024\/02\/10806410_537056813096681_3296135393532435327_n-300x200.jpg 300w, https:\/\/www.egyptforever.hu\/ildiko\/wp-content\/uploads\/2024\/02\/10806410_537056813096681_3296135393532435327_n-768x512.jpg 768w\" sizes=\"auto, (max-width: 800px) 100vw, 800px\" \/><\/figure>\n<\/div>\n<\/div>\n\n\n\n<div class=\"wp-block-columns is-layout-flex wp-container-core-columns-is-layout-9d6595d7 wp-block-columns-is-layout-flex\">\n<div class=\"wp-block-column is-layout-flow wp-block-column-is-layout-flow\">\n<p style=\"font-size:21px\">Az \u00dajbirodalom kor\u00e1t\u00f3l kezdve a templomok p\u00fclonjai el\u0151tt monument\u00e1lis nagyszobr\u00e1szat szab\u00e1lyai szerint csak k\u00e9t szobort\u00edpust, az uralkod\u00f3 \u00fcl\u0151 vagy \u00e1ll\u00f3 szobrait helyezt\u00e9k ide. A kev\u00e9s k\u00edv\u00e9tel, ahol nem ezt tett\u00e9k, mind a ramesszida-id\u0151szakban k\u00e9sz\u00fclt. Ilyen a Wadi es-Sebua templom is. A p\u00fclonok el\u0151tt az uralkod\u00f3 9 m\u00e9tern\u00e9l magasabb r\u00fadtart\u00f3 szobrai \u00e1lltak, melyek k\u00f6z\u00fcl az egyik m\u00e9g a p\u00fclon el\u0151tt \u00e1ll, a m\u00e1sik szobor pedig a sivatag homokj\u00e1ban fekszik a templom k\u00f6zel\u00e9ben. Ez a kir\u00e1lyszobort\u00edpus III. Amenhotep idej\u00e9n honosodott meg, majd a XIX. \u00e9s XX. dinaszti\u00e1k idej\u00e9n nagy kedvelts\u00e9gnek \u00f6rvendtek. Az uralkod\u00f3t egyik karj\u00e1ban (alkalmasint mindkett\u0151ben) istenr\u00faddal \u00e1br\u00e1zolt\u00e1k, mely rudat az istens\u00e9g feje koron\u00e1z meg. Wadi es-Sebua templom\u00e1ban \u00f6sszesen n\u00e9gy ilyen Ramszesz szobor \u00e1llt, melyekb\u0151l kett\u0151 R\u00e9-Harakthy s\u00f3lyomfej\u00e9t, kett\u0151 pedig Amon-r\u00e9 kosfej\u00e9t viselte, hiszen \u0151k voltak a templom f\u0151 istens\u00e9gei.<\/p>\n\n\n\n<p style=\"font-size:21px\">Amikor a Wadi es-Sebua templomokat \u00e1rv\u00edz fenyegette az Asszu\u00e1ni-g\u00e1t projekt \u00e9p\u00edt\u00e9se miatt, a templomot 1964-ben az Egyiptomi R\u00e9gis\u00e9g\u00fcgyi Szolg\u00e1lat amerikai t\u00e1mogat\u00e1s\u00e1val lebontott\u00e1k, \u00e9s  \u00faj helyre k\u00f6lt\u00f6ztett\u00e9k. Mind\u00f6ssze 4 km-re nyugatra eredeti hely\u00e9t\u0151l \u00e9p\u00edtett\u00e9k fel \u00fajra II. Ramszesz sz\u00e9ps\u00e9ges templom\u00e1t.<\/p>\n\n\n\n<p style=\"font-size:21px\">A Dakka-templomot \u00e9s a Maharraqa-templomot is \u00e1thelyezt\u00e9k \u00e9s \u00fajj\u00e1\u00e9p\u00edtett\u00e9k az \u00faj Wadi es-Sebua templomkomplexum ter\u00fclet\u00e9n.<\/p>\n<\/div>\n<\/div>\n\n\n\n<p><em>2024.02.17. &#8211; K\u00f3sa Ildik\u00f3  &#8211; Egypt Forever<\/em><\/p>\n<div style='text-align:right' class='yasr-auto-insert-overall'><\/div><div style='text-align:right' class='yasr-auto-insert-visitor'><\/div>","protected":false},"excerpt":{"rendered":"<p>1961 \u00e9s 1965 k\u00f6z\u00f6tt Asszu\u00e1nt\u00f3l d\u00e9lre sz\u00e1mos szent\u00e9lyt megmentettek a Nasszer-t\u00f3 \u00e1rad\u00e1s\u00e1t\u00f3l \u00e9s \u00e1ll\u00edtott\u00e1k fel \u00faj \u00e9s biztons\u00e1gos helyen. Ilyen Wadi es-Sebua-i templomegy\u00fcttes, melyet uralkod\u00f3i parancsra Szetau, N\u00fabia alkir\u00e1lya \u00e9p\u00edtettett. Ramszesz Amon<a class=\"moretag\" href=\"https:\/\/www.egyptforever.hu\/ildiko\/?p=8868\">Tov\u00e1bbi inform\u00e1ci\u00f3\u2026<\/a><\/p>\n","protected":false},"author":1,"featured_media":8885,"comment_status":"closed","ping_status":"open","sticky":false,"template":"","format":"standard","meta":{"om_disable_all_campaigns":false,"_monsterinsights_skip_tracking":false,"_monsterinsights_sitenote_active":false,"_monsterinsights_sitenote_note":"","_monsterinsights_sitenote_category":0,"yasr_overall_rating":0,"yasr_post_is_review":"","yasr_auto_insert_disabled":"","yasr_review_type":"","footnotes":""},"categories":[400,140],"tags":[129,214,48,54,355,356,354],"class_list":["post-8868","post","type-post","status-publish","format-standard","has-post-thumbnail","hentry","category-asszuan-es-kornyeke-latnivaloi","category-tortenelmi-latnivalok","tag-ii-ramszesz","tag-nubiai-templomok","tag-okori-egyiptom","tag-ujbirodalom","tag-wadi-el-sebua","tag-wadi-es-sebua","tag-xix-dinasztia"],"aioseo_notices":[],"yasr_visitor_votes":{"stars_attributes":{"read_only":false,"span_bottom":false},"number_of_votes":2,"sum_votes":10},"_links":{"self":[{"href":"https:\/\/www.egyptforever.hu\/ildiko\/index.php?rest_route=\/wp\/v2\/posts\/8868","targetHints":{"allow":["GET"]}}],"collection":[{"href":"https:\/\/www.egyptforever.hu\/ildiko\/index.php?rest_route=\/wp\/v2\/posts"}],"about":[{"href":"https:\/\/www.egyptforever.hu\/ildiko\/index.php?rest_route=\/wp\/v2\/types\/post"}],"author":[{"embeddable":true,"href":"https:\/\/www.egyptforever.hu\/ildiko\/index.php?rest_route=\/wp\/v2\/users\/1"}],"replies":[{"embeddable":true,"href":"https:\/\/www.egyptforever.hu\/ildiko\/index.php?rest_route=%2Fwp%2Fv2%2Fcomments&post=8868"}],"version-history":[{"count":1,"href":"https:\/\/www.egyptforever.hu\/ildiko\/index.php?rest_route=\/wp\/v2\/posts\/8868\/revisions"}],"predecessor-version":[{"id":8886,"href":"https:\/\/www.egyptforever.hu\/ildiko\/index.php?rest_route=\/wp\/v2\/posts\/8868\/revisions\/8886"}],"wp:featuredmedia":[{"embeddable":true,"href":"https:\/\/www.egyptforever.hu\/ildiko\/index.php?rest_route=\/wp\/v2\/media\/8885"}],"wp:attachment":[{"href":"https:\/\/www.egyptforever.hu\/ildiko\/index.php?rest_route=%2Fwp%2Fv2%2Fmedia&parent=8868"}],"wp:term":[{"taxonomy":"category","embeddable":true,"href":"https:\/\/www.egyptforever.hu\/ildiko\/index.php?rest_route=%2Fwp%2Fv2%2Fcategories&post=8868"},{"taxonomy":"post_tag","embeddable":true,"href":"https:\/\/www.egyptforever.hu\/ildiko\/index.php?rest_route=%2Fwp%2Fv2%2Ftags&post=8868"}],"curies":[{"name":"wp","href":"https:\/\/api.w.org\/{rel}","templated":true}]}}