{"id":980,"date":"2023-02-21T23:09:07","date_gmt":"2023-02-21T22:09:07","guid":{"rendered":"https:\/\/www.egyptforever.hu\/ildiko\/?p=980"},"modified":"2023-05-02T12:54:51","modified_gmt":"2023-05-02T10:54:51","slug":"archaikus-kor","status":"publish","type":"post","link":"https:\/\/www.egyptforever.hu\/ildiko\/?p=980","title":{"rendered":"Archaikus kor"},"content":{"rendered":"\n<figure class=\"wp-block-gallery has-nested-images columns-default is-cropped wp-block-gallery-1 is-layout-flex wp-block-gallery-is-layout-flex\">\n<figure class=\"wp-block-image size-large\"><img loading=\"lazy\" decoding=\"async\" width=\"1024\" height=\"741\" data-id=\"981\" src=\"https:\/\/www.egyptforever.hu\/ildiko\/wp-content\/uploads\/2023\/02\/18422914_989323594536665_9049038847494001898_o.jpg\" alt=\"\" class=\"wp-image-981\" srcset=\"https:\/\/www.egyptforever.hu\/ildiko\/wp-content\/uploads\/2023\/02\/18422914_989323594536665_9049038847494001898_o.jpg 1024w, https:\/\/www.egyptforever.hu\/ildiko\/wp-content\/uploads\/2023\/02\/18422914_989323594536665_9049038847494001898_o-300x217.jpg 300w, https:\/\/www.egyptforever.hu\/ildiko\/wp-content\/uploads\/2023\/02\/18422914_989323594536665_9049038847494001898_o-768x556.jpg 768w\" sizes=\"auto, (max-width: 1024px) 100vw, 1024px\" \/><\/figure>\n<\/figure>\n\n\n\n<p class=\"has-medium-font-size\"><strong>Predinasztikus kor i. e. 3300-2920<\/strong><\/p>\n\n\n\n<p class=\"has-medium-font-size\">A N\u00edlus-v\u00f6lgy n\u00e9pess\u00e9ge k\u00e9t f\u0151 k\u00f6zpontba t\u00f6m\u00f6r\u00fclt: \u00e9szakon (Als\u00f3-Egyiptom) a Delt\u00e1ba, d\u00e9len pedig (Fels\u0151-Egyiptom) Hierak\u00f3npoliszba. Ezek az els\u0151 v\u00e1roskezdem\u00e9nyek t\u00e1rsadalmi szervezetts\u00e9get ig\u00e9nyeltek, ez\u00e9rt sz\u00fcks\u00e9gess\u00e9 v\u00e1lt a k\u00f6zponti hatalom, melyet a kir\u00e1ly testes\u00edtett meg. N\u00e9h\u00e1ny uralkod\u00f3 bizony\u00edtottan Hierak\u00f3npolisz*ban \u00e1ll\u00edtotta fel sz\u00e9khely\u00e9t, \u00edgy p\u00e9ld\u00e1ul a Skorpi\u00f3 kir\u00e1ly* \u00e9s Narmer f\u00e1ra\u00f3*. Narmer, a predinasztikus kor utols\u00f3 uralkod\u00f3ja megh\u00f3d\u00edtotta Als\u00f3-Egyiptomot, \u00e9s egyes\u00edtette a k\u00e9t orsz\u00e1gr\u00e9szt.<\/p>\n\n\n\n<p class=\"has-medium-font-size\"><strong>Protodinasztikus kor i. e. 2920-2650<\/strong><\/p>\n\n\n\n<p class=\"has-medium-font-size\">Narmer-paletta elk\u00e9sz\u00edt\u00e9se. Fels\u0151-Egyiptom elfoglalta az Als\u00f3t; Narmer f\u00e1ra\u00f3t H\u00f3rusz-Aha kir\u00e1ly k\u00f6vette a tr\u00f3non, aki val\u00f3sz\u00edn\u0171leg azonos a g\u00f6r\u00f6g sz\u00f6vegekben eml\u00edtett M\u00e9n\u00e9sszel. M\u00e9n\u00e9sz megalap\u00edtotta az I. dinaszti\u00e1t, \u00e9s had\u00e1szati, k\u00f6zigazgat\u00e1si &#8211; \u00e9s tal\u00e1n vall\u00e1sos jelleg\u0171 &#8211; meggondol\u00e1sok alapj\u00e1n az orsz\u00e1g els\u0151 f\u0151v\u00e1rost, Memphiszt Als\u00f3-Egyiptom \u00e9s Fels\u0151-Egyiptom hat\u00e1rter\u00fclet\u00e9n, feltehet\u0151en az\u00e9rt, hogy a Delta vid\u00e9k\u00e9t, amely laz\u00e1bban f\u00fcgg\u00f6tt \u00f6ssze a bels\u0151 ter\u00fcletekkel, ellen\u0151rizhesse, \u00e9s ellen\u0151rizhesse a k\u00e9t orsz\u00e1gr\u00e9szt.<\/p>\n\n\n\n<p class=\"has-medium-font-size\">Az els\u0151 k\u00e9t dinasztia uralkod\u00f3it Thisz (vagy Thinisz) vid\u00e9k\u00e9r\u0151l sz\u00e1rmaztak. Az uralkod\u00f3kat az ab\u00fcdoszi kir\u00e1lyi nekropoliszban temett\u00e9k el. Az \u00e1llam bels\u0151dleges megszil\u00e1rdul\u00e1sa, az els\u0151 h\u00f3d\u00edt\u00e1sok; az \u00f6nt\u00f6z\u0151berendez\u00e9sek karbantart\u00e1s\u00e1t \u00e9s ki\u00e9p\u00edt\u00e9s\u00e9t \u00e1llamilag megszervezik. Megjelennek a hieroglif \u00edr\u00e1sok, k\u00e9s\u0151bb a hieratikus \u00edr\u00e1sok. Megkezd\u0151dnek az arany- \u00e9s rabszolgaszerz\u0151 hadj\u00e1ratok; a n\u00edlusi kereskedelmi haj\u00f3z\u00e1s fejl\u0151d\u00e9se. Magas sz\u00ednvonal\u00fa a f\u00e9mver\u0151-\u00e9s ker\u00e1miam\u0171v\u00e9szet, az uralkod\u00f3k \u00e9s hatalmass\u00e1gok pomp\u00e1s s\u00edreml\u00e9kei. <\/p>\n\n\n\n<figure class=\"wp-block-gallery has-nested-images columns-default is-cropped wp-block-gallery-2 is-layout-flex wp-block-gallery-is-layout-flex\">\n<figure class=\"wp-block-image size-large\"><img loading=\"lazy\" decoding=\"async\" width=\"963\" height=\"678\" data-id=\"982\" src=\"https:\/\/www.egyptforever.hu\/ildiko\/wp-content\/uploads\/2023\/02\/34415291_1215669645235391_4516417729632141312_n.jpg\" alt=\"\" class=\"wp-image-982\" srcset=\"https:\/\/www.egyptforever.hu\/ildiko\/wp-content\/uploads\/2023\/02\/34415291_1215669645235391_4516417729632141312_n.jpg 963w, https:\/\/www.egyptforever.hu\/ildiko\/wp-content\/uploads\/2023\/02\/34415291_1215669645235391_4516417729632141312_n-300x211.jpg 300w, https:\/\/www.egyptforever.hu\/ildiko\/wp-content\/uploads\/2023\/02\/34415291_1215669645235391_4516417729632141312_n-768x541.jpg 768w\" sizes=\"auto, (max-width: 963px) 100vw, 963px\" \/><\/figure>\n<\/figure>\n\n\n\n<p class=\"has-medium-font-size\">M\u00e9n\u00e9sz sem tudta v\u00e9grehajtani m\u0171v\u00e9t v\u00e9ront\u00e1s n\u00e9lk\u00fcl. A papi fejedelem, a f\u00e1ra\u00f3 hatalma korl\u00e1tlan volt a vall\u00e1sos \u00e9s a politikai \u00e9letben egyar\u00e1nt, s ez csak a 3. dinasztia v\u00e9g\u00e9n, Dzs\u00f3szer uralkod\u00e1sa ut\u00e1n bomlott fel nagy jelent\u0151s\u00e9g\u0171 vall\u00e1si reform v\u00e9grehajt\u00e1sa k\u00f6vetkezt\u00e9ben. Dzsoszer piramisa Szakkar\u00e1ban m\u00e9g l\u00e9pcs\u0151s volt, de Sznofru\u00e9 Dahsurban m\u00e1r fejlettebb, t\u00f6rtpiramis volt. A legszebb \u00e9s egyben legnagyobb piramisok Giz\u00e1ban \u00e9p\u00fcltek A k\u00f6zponti hatalom l\u00e9trej\u00f6tte ellen\u00e9re megmaradt az orsz\u00e1g kett\u0151ss\u00e9ge: a f\u00e1ra\u00f3 k\u00e9tfajta koron\u00e1t viselt, a d\u00e9liek\u00e9t \u00e9s az \u00e9szakiak\u00e9t, k\u00fcl\u00f6n temett\u00e9k el Als\u00f3- \u00e9s Fels\u0151-Egyiptomban, val\u00f3di \u00e9s \u00e1ls\u00edrba. A korszaknak m\u00e9g nem alakulhatott ki egys\u00e9ges \u00e9p\u00edt\u00e9szeti arcuk A k\u00fcl\u00f6nb\u00f6z\u0151 lak\u00f3h\u00e1zt\u00edpusok, a toj\u00e1sdad \u00e9s a n\u00e9gysz\u00f6g\u0171 alaprajz valamint a nyeregtet\u0151s form\u00e1k h\u00edven t\u00fckr\u00f6zt\u00e9k a korai id\u0151k etnikai politikai bonyolults\u00e1g\u00e1t. Egyed\u00fcl a telep\u00fcl\u00e9sforma hosszan elny\u00fal\u00f3 alakja sejtette a tov\u00e1bbi fejl\u0151d\u00e9s \u00fati\u00e9t. Merimde-Beni-Salama: telep\u00fcl\u00e9s. Maadi, Abu Roash: lak\u00f3t\u00e1jak.<\/p>\n\n\n\n<p class=\"has-medium-font-size\">Az egyiptomi \u00e9p\u00edt\u00e9szet els\u0151 nagy korszaka jellegben egys\u00e9ges k\u00e9pet mutatott az 1-3. dinaszti\u00e1k idej\u00e9n. Tartalm\u00e1ban \u00e9s form\u00e1j\u00e1ban h\u00edven t\u00fckr\u00f6zte az egyes\u00fcl\u00e9s id\u0151szak\u00e1t: er\u0151d\u00f6k, meger\u0151s\u00edtett palot\u00e1k jelentett\u00e9k a tipikus \u00e9p\u00edt\u00e9szeti feladatokat. Az er\u0151d\u00f6k szolg\u00e1ltak p\u00e9ldak\u00e9p\u00fcl a s\u00edr\u00e9p\u00edt\u00e9szet sz\u00e1m\u00e1ra d\u00e9len is, \u00e9szakon is, mag\u00e1nak a f\u0151v\u00e1rosnak, Memphisznek is &#8211; s\u00edrv\u00e1ros form\u00e1j\u00e1ban &#8211; meg\u00e9p\u00fclt a megfelel\u0151je. A t\u00e9rszervez\u00e9s &#8211; az udvarh\u00e1z -, a r\u00e9szletk\u00e9pz\u00e9si saj\u00e1ts\u00e1gok a falis\u00e1vos homlokzat &#8211; feltehet\u0151en el\u00e9-\u00e1zsiai eredete mellett kibontakozott a jellegzetes egyiptomi \u00e9p\u00edt\u00e9sm\u00f3d: a faragott k\u0151vel val\u00f3 \u00e9p\u00edtkez\u00e9si szok\u00e1s. El-Kab: er\u0151d\u00edtett telep\u00fcl\u00e9s. Ab\u00fcdosz, Saqqara, Negade: archaikus kir\u00e1lys\u00edrok. A masztaba, a k\u00e1polna jellegzetes \u00e9p\u00edt\u00e9szeti form\u00e1ja.<\/p>\n\n\n\n<p class=\"has-medium-font-size\">Memphisz: az els\u0151 f\u0151v\u00e1ros. Szakkara Dzs\u00f3szer s\u00edrker\u00fclete. Er\u0151s volt az arisztokr\u00e1cia. Bevezett\u00e9k a Nomosz-rendszert (Nomarchosz = ker\u00fcleti korm\u00e1nyz\u00f3). Az istenkir\u00e1ly\u00e9, f\u00e1ra\u00f3\u00e9 (per-aa: nagy h\u00e1z) volt minden f\u00f6ld. Az arisztokr\u00e1cia al\u00e1rendelt volt. Fokozatosan gazdagodtak a nomarchoszok (gazdas\u00e1gilag \u00e9s katonailag), \u00edgy f\u00fcggetlen\u00edtett\u00e9k magukat a k\u00f6zponti hatalomt\u00f3l. <\/p>\n\n\n\n<p class=\"has-medium-font-size\"><strong>I. dinasztia<\/strong><\/p>\n\n\n\n<p class=\"has-medium-font-size\">ie. 2920-2770<\/p>\n\n\n\n<p class=\"has-medium-font-size\">F\u0151bb uralkod\u00f3k: Aha (?) (= M\u00e9n\u00e9sz, a dinasztia megalap\u00edt\u00f3ja), Dzser Dzset (K\u00edgy\u00f3 kir\u00e1ly), Ka, Dzser, Vadzsi, Vedimev, \u00e9s meg h\u00e1rom, ismeretlen nev\u0171 kir\u00e1ly<\/p>\n\n\n\n<p class=\"has-medium-font-size\"><strong>II. dinasztia<\/strong><\/p>\n\n\n\n<p class=\"has-medium-font-size\">ie. 2770-2650<\/p>\n\n\n\n<p class=\"has-medium-font-size\">F\u0151bb uralkod\u00f3k: Hotepszehem (a dinasztia megalap\u00edt\u00f3ja), Raneb, Hatepszekhemui, Peribszen, Kaszekhem(ui) \u00e9s n\u00e9gy kev\u00e9sb\u00e9 ismert kir\u00e1ly<\/p>\n<div style='text-align:right' class='yasr-auto-insert-overall'><\/div><div style='text-align:right' class='yasr-auto-insert-visitor'><\/div>","protected":false},"excerpt":{"rendered":"<p>Predinasztikus kor i. e. 3300-2920 A N\u00edlus-v\u00f6lgy n\u00e9pess\u00e9ge k\u00e9t f\u0151 k\u00f6zpontba t\u00f6m\u00f6r\u00fclt: \u00e9szakon (Als\u00f3-Egyiptom) a Delt\u00e1ba, d\u00e9len pedig (Fels\u0151-Egyiptom) Hierak\u00f3npoliszba. Ezek az els\u0151 v\u00e1roskezdem\u00e9nyek t\u00e1rsadalmi szervezetts\u00e9get ig\u00e9nyeltek, ez\u00e9rt sz\u00fcks\u00e9gess\u00e9 v\u00e1lt a k\u00f6zponti<a class=\"moretag\" href=\"https:\/\/www.egyptforever.hu\/ildiko\/?p=980\">Tov\u00e1bbi inform\u00e1ci\u00f3\u2026<\/a><\/p>\n","protected":false},"author":1,"featured_media":983,"comment_status":"closed","ping_status":"open","sticky":false,"template":"","format":"standard","meta":{"om_disable_all_campaigns":false,"_monsterinsights_skip_tracking":false,"_monsterinsights_sitenote_active":false,"_monsterinsights_sitenote_note":"","_monsterinsights_sitenote_category":0,"yasr_overall_rating":0,"yasr_post_is_review":"","yasr_auto_insert_disabled":"","yasr_review_type":"","footnotes":""},"categories":[24],"tags":[181,48,49],"class_list":["post-980","post","type-post","status-publish","format-standard","has-post-thumbnail","hentry","category-egyiptom-tortenelme","tag-archaikus-kor","tag-okori-egyiptom","tag-predinasztikus-kor"],"aioseo_notices":[],"yasr_visitor_votes":{"stars_attributes":{"read_only":false,"span_bottom":false},"number_of_votes":1,"sum_votes":5},"_links":{"self":[{"href":"https:\/\/www.egyptforever.hu\/ildiko\/index.php?rest_route=\/wp\/v2\/posts\/980","targetHints":{"allow":["GET"]}}],"collection":[{"href":"https:\/\/www.egyptforever.hu\/ildiko\/index.php?rest_route=\/wp\/v2\/posts"}],"about":[{"href":"https:\/\/www.egyptforever.hu\/ildiko\/index.php?rest_route=\/wp\/v2\/types\/post"}],"author":[{"embeddable":true,"href":"https:\/\/www.egyptforever.hu\/ildiko\/index.php?rest_route=\/wp\/v2\/users\/1"}],"replies":[{"embeddable":true,"href":"https:\/\/www.egyptforever.hu\/ildiko\/index.php?rest_route=%2Fwp%2Fv2%2Fcomments&post=980"}],"version-history":[{"count":1,"href":"https:\/\/www.egyptforever.hu\/ildiko\/index.php?rest_route=\/wp\/v2\/posts\/980\/revisions"}],"predecessor-version":[{"id":984,"href":"https:\/\/www.egyptforever.hu\/ildiko\/index.php?rest_route=\/wp\/v2\/posts\/980\/revisions\/984"}],"wp:featuredmedia":[{"embeddable":true,"href":"https:\/\/www.egyptforever.hu\/ildiko\/index.php?rest_route=\/wp\/v2\/media\/983"}],"wp:attachment":[{"href":"https:\/\/www.egyptforever.hu\/ildiko\/index.php?rest_route=%2Fwp%2Fv2%2Fmedia&parent=980"}],"wp:term":[{"taxonomy":"category","embeddable":true,"href":"https:\/\/www.egyptforever.hu\/ildiko\/index.php?rest_route=%2Fwp%2Fv2%2Fcategories&post=980"},{"taxonomy":"post_tag","embeddable":true,"href":"https:\/\/www.egyptforever.hu\/ildiko\/index.php?rest_route=%2Fwp%2Fv2%2Ftags&post=980"}],"curies":[{"name":"wp","href":"https:\/\/api.w.org\/{rel}","templated":true}]}}